{"id":14688,"date":"2020-09-11T19:05:55","date_gmt":"2020-09-11T22:05:55","guid":{"rendered":"https:\/\/maiobaotv.com.br\/?p=14688"},"modified":"2020-09-11T19:05:55","modified_gmt":"2020-09-11T22:05:55","slug":"video-fred-campos-promete-valorizacao-de-profissionais-da-educacao-de-paco-do-lumiar","status":"publish","type":"post","link":"https:\/\/maranhaotv.com.br\/index.php\/2020\/09\/11\/video-fred-campos-promete-valorizacao-de-profissionais-da-educacao-de-paco-do-lumiar\/","title":{"rendered":"V\u00eddeo: Fred Campos promete valoriza\u00e7\u00e3o de profissionais da Educa\u00e7\u00e3o de Pa\u00e7o do Lumiar"},"content":{"rendered":"<p>O pr\u00e9-candidato a prefeito de Pa\u00e7o do Lumiar, o empres\u00e1rio Fred Campos, destacou nesta sexta-feira (11) junto com o pr\u00e9-candidato a vice Tiago do IESF uma breve descri\u00e7\u00e3o de a\u00e7\u00f5es que promover\u00e1 de imediato, a valoriza\u00e7\u00e3o dos profissionais da Educa\u00e7\u00e3o de Pa\u00e7o do Lumiar.<\/p>\n<p>Fred n\u00e3o fala de todas as medidas que est\u00e3o inclusas em seu plano de governo e que ainda ir\u00e1 ser apresentado na campanha que est\u00e1 por vir, mas destacou alguns casos que ao longo dos anos s\u00e3o pautas de reclama\u00e7\u00f5es da categoria.<\/p>\n<blockquote><p>&#8220;O que nos deixa bastante chateado \u00e9 saber da discrep\u00e2ncia salarial que existe, professores da educa\u00e7\u00e3o infantil recebendo 20% a menos que os demais professores, isso tem que ser equiparado, al\u00e9m de ter a imediata necessidade de implantar as progress\u00f5es. N\u00e3o adianta hoje um professor estudar, se capacitar, fazer p\u00f3s gradua\u00e7\u00f5es, se isso n\u00e3o \u00e9 aproveitado, isso a gente tem que implantar imediatamente. Ent\u00e3o professores da rede municipal, servidores p\u00fablicos do munic\u00edpio, tenham a absoluta certeza, que faltam pouco mais de 60 dias pra a gente come\u00e7ar a construir um novo cap\u00edtulo na hist\u00f3ria dessa cidade, onde cada uma das pessoas v\u00e3o ter orgulho de viver e de trabalhar nessa cidade.&#8221; Disse Fred Campos por meio de suas redes sociais.<\/p><\/blockquote>\n<div class=\"jetpack-video-wrapper\"><iframe loading=\"lazy\" title=\"Fred Campos promete valorizar professor\" width=\"800\" height=\"450\" src=\"https:\/\/www.youtube.com\/embed\/ah5i9JpVArE?feature=oembed\" frameborder=\"0\" allow=\"accelerometer; autoplay; clipboard-write; encrypted-media; gyroscope; picture-in-picture; web-share\" referrerpolicy=\"strict-origin-when-cross-origin\" allowfullscreen><\/iframe><\/div>\n","protected":false},"excerpt":{"rendered":"<p>O pr\u00e9-candidato a prefeito de Pa\u00e7o do Lumiar, o empres\u00e1rio Fred Campos, destacou nesta sexta-feira (11) junto com o pr\u00e9-candidato<\/p>\n","protected":false},"author":2,"featured_media":14690,"comment_status":"open","ping_status":"open","sticky":false,"template":"","format":"standard","meta":{"colormag_page_container_layout":"default_layout","colormag_page_sidebar_layout":"default_layout","_jetpack_memberships_contains_paid_content":false,"footnotes":""},"categories":[2,6],"tags":[43,97],"class_list":["post-14688","post","type-post","status-publish","format-standard","has-post-thumbnail","hentry","category-noticias","category-politica","tag-fred-campos","tag-tiago-carneiro"],"magazineBlocksPostFeaturedMedia":{"thumbnail":false,"medium":false,"medium_large":false,"large":false,"1536x1536":false,"2048x2048":false,"colormag-highlighted-post":false,"colormag-featured-post-medium":false,"colormag-featured-post-small":false,"colormag-featured-image":false,"colormag-default-news":false,"colormag-featured-image-large":false},"magazineBlocksPostAuthor":{"name":"maranhaotv","avatar":"https:\/\/secure.gravatar.com\/avatar\/8fadbca458d4cb68b1dd399ae9a40618d747bb1af65ac9fad21c89220a143eb4?s=96&d=mm&r=g"},"magazineBlocksPostCommentsNumber":"0","magazineBlocksPostExcerpt":"O pr\u00e9-candidato a prefeito de Pa\u00e7o do Lumiar, o empres\u00e1rio Fred Campos, destacou nesta sexta-feira (11) junto com o pr\u00e9-candidato","magazineBlocksPostCategories":["not\u00edcias","pol\u00edtica"],"magazineBlocksPostViewCount":164,"magazineBlocksPostReadTime":2,"magazine_blocks_featured_image_url":{"full":false,"medium":false,"thumbnail":false},"magazine_blocks_author":{"display_name":"maranhaotv","author_link":"https:\/\/maranhaotv.com.br\/index.php\/author\/maranhaotv\/"},"magazine_blocks_comment":2,"magazine_blocks_author_image":"https:\/\/secure.gravatar.com\/avatar\/8fadbca458d4cb68b1dd399ae9a40618d747bb1af65ac9fad21c89220a143eb4?s=96&d=mm&r=g","magazine_blocks_category":"<a href=\"#\" class=\"category-link category-link-2\">not\u00edcias<\/a> <a href=\"#\" class=\"category-link category-link-6\">pol\u00edtica<\/a>","yoast_head":"<!-- This site is optimized with the Yoast SEO plugin v27.4 - https:\/\/yoast.com\/product\/yoast-seo-wordpress\/ -->\n<title>V\u00eddeo: Fred Campos promete valoriza\u00e7\u00e3o de profissionais da Educa\u00e7\u00e3o de Pa\u00e7o do Lumiar - NOT\u00cdCIAS EM TEMPO REAL<\/title>\n<meta name=\"robots\" content=\"index, follow, max-snippet:-1, max-image-preview:large, max-video-preview:-1\" \/>\n<link rel=\"canonical\" href=\"https:\/\/maranhaotv.com.br\/index.php\/2020\/09\/11\/video-fred-campos-promete-valorizacao-de-profissionais-da-educacao-de-paco-do-lumiar\/\" \/>\n<meta property=\"og:locale\" content=\"pt_BR\" \/>\n<meta property=\"og:type\" content=\"article\" \/>\n<meta property=\"og:title\" content=\"V\u00eddeo: Fred Campos promete valoriza\u00e7\u00e3o de profissionais da Educa\u00e7\u00e3o de Pa\u00e7o do Lumiar - NOT\u00cdCIAS EM TEMPO REAL\" \/>\n<meta property=\"og:description\" content=\"O pr\u00e9-candidato a prefeito de Pa\u00e7o do Lumiar, o empres\u00e1rio Fred Campos, destacou nesta sexta-feira (11) junto com o pr\u00e9-candidato\" \/>\n<meta property=\"og:url\" content=\"https:\/\/maranhaotv.com.br\/index.php\/2020\/09\/11\/video-fred-campos-promete-valorizacao-de-profissionais-da-educacao-de-paco-do-lumiar\/\" \/>\n<meta property=\"og:site_name\" content=\"NOT\u00cdCIAS EM TEMPO REAL\" \/>\n<meta property=\"article:publisher\" content=\"https:\/\/www.facebook.com\/maiobaotv\" \/>\n<meta property=\"article:published_time\" content=\"2020-09-11T22:05:55+00:00\" \/>\n<meta name=\"author\" content=\"maranhaotv\" \/>\n<meta name=\"twitter:card\" content=\"summary_large_image\" \/>\n<meta name=\"twitter:creator\" content=\"@sitemaranhaotv\" \/>\n<meta name=\"twitter:site\" content=\"@sitemaranhaotv\" \/>\n<meta name=\"twitter:label1\" content=\"Escrito por\" \/>\n\t<meta name=\"twitter:data1\" content=\"maranhaotv\" \/>\n\t<meta name=\"twitter:label2\" content=\"Est. tempo de leitura\" \/>\n\t<meta name=\"twitter:data2\" content=\"1 minuto\" \/>\n<script type=\"application\/ld+json\" class=\"yoast-schema-graph\">{\"@context\":\"https:\\\/\\\/schema.org\",\"@graph\":[{\"@type\":\"Article\",\"@id\":\"https:\\\/\\\/maranhaotv.com.br\\\/index.php\\\/2020\\\/09\\\/11\\\/video-fred-campos-promete-valorizacao-de-profissionais-da-educacao-de-paco-do-lumiar\\\/#article\",\"isPartOf\":{\"@id\":\"https:\\\/\\\/maranhaotv.com.br\\\/index.php\\\/2020\\\/09\\\/11\\\/video-fred-campos-promete-valorizacao-de-profissionais-da-educacao-de-paco-do-lumiar\\\/\"},\"author\":{\"name\":\"maranhaotv\",\"@id\":\"https:\\\/\\\/maranhaotv.com.br\\\/#\\\/schema\\\/person\\\/3d54238e86b20bb5c89ab2fdb8f8829a\"},\"headline\":\"V\u00eddeo: Fred Campos promete valoriza\u00e7\u00e3o de profissionais da Educa\u00e7\u00e3o de Pa\u00e7o do Lumiar\",\"datePublished\":\"2020-09-11T22:05:55+00:00\",\"mainEntityOfPage\":{\"@id\":\"https:\\\/\\\/maranhaotv.com.br\\\/index.php\\\/2020\\\/09\\\/11\\\/video-fred-campos-promete-valorizacao-de-profissionais-da-educacao-de-paco-do-lumiar\\\/\"},\"wordCount\":252,\"commentCount\":0,\"publisher\":{\"@id\":\"https:\\\/\\\/maranhaotv.com.br\\\/#organization\"},\"image\":{\"@id\":\"https:\\\/\\\/maranhaotv.com.br\\\/index.php\\\/2020\\\/09\\\/11\\\/video-fred-campos-promete-valorizacao-de-profissionais-da-educacao-de-paco-do-lumiar\\\/#primaryimage\"},\"thumbnailUrl\":\"\",\"keywords\":[\"Fred Campos\",\"Tiago Carneiro\"],\"articleSection\":[\"not\u00edcias\",\"pol\u00edtica\"],\"inLanguage\":\"pt-BR\",\"potentialAction\":[{\"@type\":\"CommentAction\",\"name\":\"Comment\",\"target\":[\"https:\\\/\\\/maranhaotv.com.br\\\/index.php\\\/2020\\\/09\\\/11\\\/video-fred-campos-promete-valorizacao-de-profissionais-da-educacao-de-paco-do-lumiar\\\/#respond\"]}]},{\"@type\":\"WebPage\",\"@id\":\"https:\\\/\\\/maranhaotv.com.br\\\/index.php\\\/2020\\\/09\\\/11\\\/video-fred-campos-promete-valorizacao-de-profissionais-da-educacao-de-paco-do-lumiar\\\/\",\"url\":\"https:\\\/\\\/maranhaotv.com.br\\\/index.php\\\/2020\\\/09\\\/11\\\/video-fred-campos-promete-valorizacao-de-profissionais-da-educacao-de-paco-do-lumiar\\\/\",\"name\":\"V\u00eddeo: Fred Campos promete valoriza\u00e7\u00e3o de profissionais da Educa\u00e7\u00e3o de Pa\u00e7o do Lumiar - NOT\u00cdCIAS EM TEMPO REAL\",\"isPartOf\":{\"@id\":\"https:\\\/\\\/maranhaotv.com.br\\\/#website\"},\"primaryImageOfPage\":{\"@id\":\"https:\\\/\\\/maranhaotv.com.br\\\/index.php\\\/2020\\\/09\\\/11\\\/video-fred-campos-promete-valorizacao-de-profissionais-da-educacao-de-paco-do-lumiar\\\/#primaryimage\"},\"image\":{\"@id\":\"https:\\\/\\\/maranhaotv.com.br\\\/index.php\\\/2020\\\/09\\\/11\\\/video-fred-campos-promete-valorizacao-de-profissionais-da-educacao-de-paco-do-lumiar\\\/#primaryimage\"},\"thumbnailUrl\":\"\",\"datePublished\":\"2020-09-11T22:05:55+00:00\",\"breadcrumb\":{\"@id\":\"https:\\\/\\\/maranhaotv.com.br\\\/index.php\\\/2020\\\/09\\\/11\\\/video-fred-campos-promete-valorizacao-de-profissionais-da-educacao-de-paco-do-lumiar\\\/#breadcrumb\"},\"inLanguage\":\"pt-BR\",\"potentialAction\":[{\"@type\":\"ReadAction\",\"target\":[\"https:\\\/\\\/maranhaotv.com.br\\\/index.php\\\/2020\\\/09\\\/11\\\/video-fred-campos-promete-valorizacao-de-profissionais-da-educacao-de-paco-do-lumiar\\\/\"]}]},{\"@type\":\"ImageObject\",\"inLanguage\":\"pt-BR\",\"@id\":\"https:\\\/\\\/maranhaotv.com.br\\\/index.php\\\/2020\\\/09\\\/11\\\/video-fred-campos-promete-valorizacao-de-profissionais-da-educacao-de-paco-do-lumiar\\\/#primaryimage\",\"url\":\"\",\"contentUrl\":\"\"},{\"@type\":\"BreadcrumbList\",\"@id\":\"https:\\\/\\\/maranhaotv.com.br\\\/index.php\\\/2020\\\/09\\\/11\\\/video-fred-campos-promete-valorizacao-de-profissionais-da-educacao-de-paco-do-lumiar\\\/#breadcrumb\",\"itemListElement\":[{\"@type\":\"ListItem\",\"position\":1,\"name\":\"In\u00edcio\",\"item\":\"https:\\\/\\\/maranhaotv.com.br\\\/\"},{\"@type\":\"ListItem\",\"position\":2,\"name\":\"V\u00eddeo: Fred Campos promete valoriza\u00e7\u00e3o de profissionais da Educa\u00e7\u00e3o de Pa\u00e7o do Lumiar\"}]},{\"@type\":\"WebSite\",\"@id\":\"https:\\\/\\\/maranhaotv.com.br\\\/#website\",\"url\":\"https:\\\/\\\/maranhaotv.com.br\\\/\",\"name\":\"Maranh\u00e3oTV\",\"description\":\"\",\"publisher\":{\"@id\":\"https:\\\/\\\/maranhaotv.com.br\\\/#organization\"},\"potentialAction\":[{\"@type\":\"SearchAction\",\"target\":{\"@type\":\"EntryPoint\",\"urlTemplate\":\"https:\\\/\\\/maranhaotv.com.br\\\/?s={search_term_string}\"},\"query-input\":{\"@type\":\"PropertyValueSpecification\",\"valueRequired\":true,\"valueName\":\"search_term_string\"}}],\"inLanguage\":\"pt-BR\"},{\"@type\":\"Organization\",\"@id\":\"https:\\\/\\\/maranhaotv.com.br\\\/#organization\",\"name\":\"Portal de Not\u00edcias\",\"url\":\"https:\\\/\\\/maranhaotv.com.br\\\/\",\"logo\":{\"@type\":\"ImageObject\",\"inLanguage\":\"pt-BR\",\"@id\":\"https:\\\/\\\/maranhaotv.com.br\\\/#\\\/schema\\\/logo\\\/image\\\/\",\"url\":\"https:\\\/\\\/maranhaotv.com.br\\\/wp-content\\\/uploads\\\/2024\\\/05\\\/cropped-cropped-avatar-1.png\",\"contentUrl\":\"https:\\\/\\\/maranhaotv.com.br\\\/wp-content\\\/uploads\\\/2024\\\/05\\\/cropped-cropped-avatar-1.png\",\"width\":792,\"height\":428,\"caption\":\"Portal de Not\u00edcias\"},\"image\":{\"@id\":\"https:\\\/\\\/maranhaotv.com.br\\\/#\\\/schema\\\/logo\\\/image\\\/\"},\"sameAs\":[\"https:\\\/\\\/www.facebook.com\\\/maiobaotv\",\"https:\\\/\\\/x.com\\\/sitemaranhaotv\",\"https:\\\/\\\/www.instagram.com\\\/maranhao.tv\",\"https:\\\/\\\/www.threads.net\\\/@maranhao.tv\"]},{\"@type\":\"Person\",\"@id\":\"https:\\\/\\\/maranhaotv.com.br\\\/#\\\/schema\\\/person\\\/3d54238e86b20bb5c89ab2fdb8f8829a\",\"name\":\"maranhaotv\",\"image\":{\"@type\":\"ImageObject\",\"inLanguage\":\"pt-BR\",\"@id\":\"https:\\\/\\\/secure.gravatar.com\\\/avatar\\\/8fadbca458d4cb68b1dd399ae9a40618d747bb1af65ac9fad21c89220a143eb4?s=96&d=mm&r=g\",\"url\":\"https:\\\/\\\/secure.gravatar.com\\\/avatar\\\/8fadbca458d4cb68b1dd399ae9a40618d747bb1af65ac9fad21c89220a143eb4?s=96&d=mm&r=g\",\"contentUrl\":\"https:\\\/\\\/secure.gravatar.com\\\/avatar\\\/8fadbca458d4cb68b1dd399ae9a40618d747bb1af65ac9fad21c89220a143eb4?s=96&d=mm&r=g\",\"caption\":\"maranhaotv\"},\"sameAs\":[\"https:\\\/\\\/maranhaotv.com.br\\\/\"],\"url\":\"https:\\\/\\\/maranhaotv.com.br\\\/index.php\\\/author\\\/maranhaotv\\\/\"}]}<\/script>\n<!-- \/ Yoast SEO plugin. -->","yoast_head_json":{"title":"V\u00eddeo: Fred Campos promete valoriza\u00e7\u00e3o de profissionais da Educa\u00e7\u00e3o de Pa\u00e7o do Lumiar - NOT\u00cdCIAS EM TEMPO REAL","robots":{"index":"index","follow":"follow","max-snippet":"max-snippet:-1","max-image-preview":"max-image-preview:large","max-video-preview":"max-video-preview:-1"},"canonical":"https:\/\/maranhaotv.com.br\/index.php\/2020\/09\/11\/video-fred-campos-promete-valorizacao-de-profissionais-da-educacao-de-paco-do-lumiar\/","og_locale":"pt_BR","og_type":"article","og_title":"V\u00eddeo: Fred Campos promete valoriza\u00e7\u00e3o de profissionais da Educa\u00e7\u00e3o de Pa\u00e7o do Lumiar - NOT\u00cdCIAS EM TEMPO REAL","og_description":"O pr\u00e9-candidato a prefeito de Pa\u00e7o do Lumiar, o empres\u00e1rio Fred Campos, destacou nesta sexta-feira (11) junto com o pr\u00e9-candidato","og_url":"https:\/\/maranhaotv.com.br\/index.php\/2020\/09\/11\/video-fred-campos-promete-valorizacao-de-profissionais-da-educacao-de-paco-do-lumiar\/","og_site_name":"NOT\u00cdCIAS EM TEMPO REAL","article_publisher":"https:\/\/www.facebook.com\/maiobaotv","article_published_time":"2020-09-11T22:05:55+00:00","author":"maranhaotv","twitter_card":"summary_large_image","twitter_creator":"@sitemaranhaotv","twitter_site":"@sitemaranhaotv","twitter_misc":{"Escrito por":"maranhaotv","Est. tempo de leitura":"1 minuto"},"schema":{"@context":"https:\/\/schema.org","@graph":[{"@type":"Article","@id":"https:\/\/maranhaotv.com.br\/index.php\/2020\/09\/11\/video-fred-campos-promete-valorizacao-de-profissionais-da-educacao-de-paco-do-lumiar\/#article","isPartOf":{"@id":"https:\/\/maranhaotv.com.br\/index.php\/2020\/09\/11\/video-fred-campos-promete-valorizacao-de-profissionais-da-educacao-de-paco-do-lumiar\/"},"author":{"name":"maranhaotv","@id":"https:\/\/maranhaotv.com.br\/#\/schema\/person\/3d54238e86b20bb5c89ab2fdb8f8829a"},"headline":"V\u00eddeo: Fred Campos promete valoriza\u00e7\u00e3o de profissionais da Educa\u00e7\u00e3o de Pa\u00e7o do Lumiar","datePublished":"2020-09-11T22:05:55+00:00","mainEntityOfPage":{"@id":"https:\/\/maranhaotv.com.br\/index.php\/2020\/09\/11\/video-fred-campos-promete-valorizacao-de-profissionais-da-educacao-de-paco-do-lumiar\/"},"wordCount":252,"commentCount":0,"publisher":{"@id":"https:\/\/maranhaotv.com.br\/#organization"},"image":{"@id":"https:\/\/maranhaotv.com.br\/index.php\/2020\/09\/11\/video-fred-campos-promete-valorizacao-de-profissionais-da-educacao-de-paco-do-lumiar\/#primaryimage"},"thumbnailUrl":"","keywords":["Fred Campos","Tiago Carneiro"],"articleSection":["not\u00edcias","pol\u00edtica"],"inLanguage":"pt-BR","potentialAction":[{"@type":"CommentAction","name":"Comment","target":["https:\/\/maranhaotv.com.br\/index.php\/2020\/09\/11\/video-fred-campos-promete-valorizacao-de-profissionais-da-educacao-de-paco-do-lumiar\/#respond"]}]},{"@type":"WebPage","@id":"https:\/\/maranhaotv.com.br\/index.php\/2020\/09\/11\/video-fred-campos-promete-valorizacao-de-profissionais-da-educacao-de-paco-do-lumiar\/","url":"https:\/\/maranhaotv.com.br\/index.php\/2020\/09\/11\/video-fred-campos-promete-valorizacao-de-profissionais-da-educacao-de-paco-do-lumiar\/","name":"V\u00eddeo: Fred Campos promete valoriza\u00e7\u00e3o de profissionais da Educa\u00e7\u00e3o de Pa\u00e7o do Lumiar - NOT\u00cdCIAS EM TEMPO REAL","isPartOf":{"@id":"https:\/\/maranhaotv.com.br\/#website"},"primaryImageOfPage":{"@id":"https:\/\/maranhaotv.com.br\/index.php\/2020\/09\/11\/video-fred-campos-promete-valorizacao-de-profissionais-da-educacao-de-paco-do-lumiar\/#primaryimage"},"image":{"@id":"https:\/\/maranhaotv.com.br\/index.php\/2020\/09\/11\/video-fred-campos-promete-valorizacao-de-profissionais-da-educacao-de-paco-do-lumiar\/#primaryimage"},"thumbnailUrl":"","datePublished":"2020-09-11T22:05:55+00:00","breadcrumb":{"@id":"https:\/\/maranhaotv.com.br\/index.php\/2020\/09\/11\/video-fred-campos-promete-valorizacao-de-profissionais-da-educacao-de-paco-do-lumiar\/#breadcrumb"},"inLanguage":"pt-BR","potentialAction":[{"@type":"ReadAction","target":["https:\/\/maranhaotv.com.br\/index.php\/2020\/09\/11\/video-fred-campos-promete-valorizacao-de-profissionais-da-educacao-de-paco-do-lumiar\/"]}]},{"@type":"ImageObject","inLanguage":"pt-BR","@id":"https:\/\/maranhaotv.com.br\/index.php\/2020\/09\/11\/video-fred-campos-promete-valorizacao-de-profissionais-da-educacao-de-paco-do-lumiar\/#primaryimage","url":"","contentUrl":""},{"@type":"BreadcrumbList","@id":"https:\/\/maranhaotv.com.br\/index.php\/2020\/09\/11\/video-fred-campos-promete-valorizacao-de-profissionais-da-educacao-de-paco-do-lumiar\/#breadcrumb","itemListElement":[{"@type":"ListItem","position":1,"name":"In\u00edcio","item":"https:\/\/maranhaotv.com.br\/"},{"@type":"ListItem","position":2,"name":"V\u00eddeo: Fred Campos promete valoriza\u00e7\u00e3o de profissionais da Educa\u00e7\u00e3o de Pa\u00e7o do Lumiar"}]},{"@type":"WebSite","@id":"https:\/\/maranhaotv.com.br\/#website","url":"https:\/\/maranhaotv.com.br\/","name":"Maranh\u00e3oTV","description":"","publisher":{"@id":"https:\/\/maranhaotv.com.br\/#organization"},"potentialAction":[{"@type":"SearchAction","target":{"@type":"EntryPoint","urlTemplate":"https:\/\/maranhaotv.com.br\/?s={search_term_string}"},"query-input":{"@type":"PropertyValueSpecification","valueRequired":true,"valueName":"search_term_string"}}],"inLanguage":"pt-BR"},{"@type":"Organization","@id":"https:\/\/maranhaotv.com.br\/#organization","name":"Portal de Not\u00edcias","url":"https:\/\/maranhaotv.com.br\/","logo":{"@type":"ImageObject","inLanguage":"pt-BR","@id":"https:\/\/maranhaotv.com.br\/#\/schema\/logo\/image\/","url":"https:\/\/maranhaotv.com.br\/wp-content\/uploads\/2024\/05\/cropped-cropped-avatar-1.png","contentUrl":"https:\/\/maranhaotv.com.br\/wp-content\/uploads\/2024\/05\/cropped-cropped-avatar-1.png","width":792,"height":428,"caption":"Portal de Not\u00edcias"},"image":{"@id":"https:\/\/maranhaotv.com.br\/#\/schema\/logo\/image\/"},"sameAs":["https:\/\/www.facebook.com\/maiobaotv","https:\/\/x.com\/sitemaranhaotv","https:\/\/www.instagram.com\/maranhao.tv","https:\/\/www.threads.net\/@maranhao.tv"]},{"@type":"Person","@id":"https:\/\/maranhaotv.com.br\/#\/schema\/person\/3d54238e86b20bb5c89ab2fdb8f8829a","name":"maranhaotv","image":{"@type":"ImageObject","inLanguage":"pt-BR","@id":"https:\/\/secure.gravatar.com\/avatar\/8fadbca458d4cb68b1dd399ae9a40618d747bb1af65ac9fad21c89220a143eb4?s=96&d=mm&r=g","url":"https:\/\/secure.gravatar.com\/avatar\/8fadbca458d4cb68b1dd399ae9a40618d747bb1af65ac9fad21c89220a143eb4?s=96&d=mm&r=g","contentUrl":"https:\/\/secure.gravatar.com\/avatar\/8fadbca458d4cb68b1dd399ae9a40618d747bb1af65ac9fad21c89220a143eb4?s=96&d=mm&r=g","caption":"maranhaotv"},"sameAs":["https:\/\/maranhaotv.com.br\/"],"url":"https:\/\/maranhaotv.com.br\/index.php\/author\/maranhaotv\/"}]}},"jetpack_featured_media_url":"","jetpack_sharing_enabled":true,"_links":{"self":[{"href":"https:\/\/maranhaotv.com.br\/index.php\/wp-json\/wp\/v2\/posts\/14688","targetHints":{"allow":["GET"]}}],"collection":[{"href":"https:\/\/maranhaotv.com.br\/index.php\/wp-json\/wp\/v2\/posts"}],"about":[{"href":"https:\/\/maranhaotv.com.br\/index.php\/wp-json\/wp\/v2\/types\/post"}],"author":[{"embeddable":true,"href":"https:\/\/maranhaotv.com.br\/index.php\/wp-json\/wp\/v2\/users\/2"}],"replies":[{"embeddable":true,"href":"https:\/\/maranhaotv.com.br\/index.php\/wp-json\/wp\/v2\/comments?post=14688"}],"version-history":[{"count":0,"href":"https:\/\/maranhaotv.com.br\/index.php\/wp-json\/wp\/v2\/posts\/14688\/revisions"}],"wp:featuredmedia":[{"embeddable":true,"href":"https:\/\/maranhaotv.com.br\/index.php\/wp-json\/"}],"wp:attachment":[{"href":"https:\/\/maranhaotv.com.br\/index.php\/wp-json\/wp\/v2\/media?parent=14688"}],"wp:term":[{"taxonomy":"category","embeddable":true,"href":"https:\/\/maranhaotv.com.br\/index.php\/wp-json\/wp\/v2\/categories?post=14688"},{"taxonomy":"post_tag","embeddable":true,"href":"https:\/\/maranhaotv.com.br\/index.php\/wp-json\/wp\/v2\/tags?post=14688"}],"curies":[{"name":"wp","href":"https:\/\/api.w.org\/{rel}","templated":true}]}}