{"id":14700,"date":"2020-09-12T11:13:05","date_gmt":"2020-09-12T14:13:05","guid":{"rendered":"https:\/\/maiobaotv.com.br\/?p=14700"},"modified":"2020-09-12T11:13:05","modified_gmt":"2020-09-12T14:13:05","slug":"stf-determina-que-bolsonaro-deponha-presencialmente-sobre-interferencia-na-pf","status":"publish","type":"post","link":"https:\/\/maranhaotv.com.br\/index.php\/2020\/09\/12\/stf-determina-que-bolsonaro-deponha-presencialmente-sobre-interferencia-na-pf\/","title":{"rendered":"STF determina que Bolsonaro deponha presencialmente sobre interfer\u00eancia na PF"},"content":{"rendered":"<h5>O presidente Jair Bolsonaro ter\u00e1 que depor presencialmente por suposta interfer\u00eancia na Pol\u00edcia Federal<\/h5>\n<p>O ministro Celso de Mello, do STF (Supremo Tribunal Federal) negou pedido do presidente Jair Bolsonaro para prestar depoimento por escrito em inqu\u00e9rito no qual \u00e9 investigado por suposta interfer\u00eancia na Pol\u00edcia Federal.<\/p>\n<p>A decis\u00e3o (\u00edntegra \u2013 692KB) ficou pronta em 18 de agosto, quando o ministro, inesperadamente, sofreu interna\u00e7\u00e3o hospitalar e posterior cirurgia. De licen\u00e7a m\u00e9dica, com base na Lei Org\u00e2nica da Magistratura, assinou o ato nesta 6\u00aa feira (11.set.2020).<\/p>\n<p>No documento, o decano afirma que o depoimento por escrito s\u00f3 \u00e9 permitido aos chefes dos Tre\u0302s Poderes da Repu\u0301blica que figurem como testemunhas ou vi\u0301timas. Em caso de condi\u00e7\u00e3o de investigados ou r\u00e9us, devem depor presencialmente.<\/p>\n<p>\u201cO senhor Presidente da Rep\u00fablica, por ostentar a condi\u00e7\u00e3o de investigado, n\u00e3o disp\u00f5e de qualquer das prerrogativas (pr\u00f3prias e exclusivas de quem apenas figure como testemunha ou v\u00edtima) a que se refere o art. 221, \u201ccaput\u201d e \u00a7 1\u00ba, do CPP, a significar que a inquiri\u00e7\u00e3o do Chefe de Estado, no caso ora em exame, dever\u00e1 observar o procedimento normal de interrogat\u00f3rio  respeitando-se, desse modo, tanto o comparecimento pessoal quanto a necess\u00e1ria rela\u00e7\u00e3o de direta imediatidade com a autoridade competente (a Pol\u00edcia Federal, na esp\u00e9cie), conferindo-se, assim, efetividade ao princ\u00edpio da oralidade, sem preju\u00edzo da possibilidade de o senhor S\u00e9rgio Fernando Moro, querendo, por interm\u00e9dio de seus Advogados, exercer o direito de participar do ato de interrogat\u00f3rio do Presidente da Rep\u00fablica e de dirigir-lhe perguntas\u201d, diz a decis\u00e3o.<\/p>\n<p>Em condi\u00e7\u00e3o de investigado, o presidente pode se reservar ao direito de permanecer em sil\u00eancio. O dia e local para o depoimento n\u00e3o foram determinados pelo ministro. Devem ser definidos pela Pol\u00edcia Federal.<\/p>\n<p>O inqu\u00e9rito, aberto em 27 de abril, tem como base declara\u00e7\u00f5es feitas pelo ex-ministro da Justi\u00e7a Sergio Moro, em 22 de abril, quando deixou o cargo no Executivo. A PF pediu ao Supremo mais 30 dias para concluir a apura\u00e7\u00e3o do caso.<\/p>\n<p>Segundo o ex-ministro, a inten\u00e7\u00e3o fica demonstrada em declara\u00e7\u00f5es do presidente na reuni\u00e3o ministerial de 22 de abril.<\/p>\n<p>Na decis\u00e3o, Celso de Mello permitiu ainda que a defesa de Sergio Moro possa acompanhar o interrogat\u00f3rio e fazer perguntas ao presidente<\/p>\n<p>Em nota, Rodrigo S\u00e1nchez Rios, advogado de Sergio Moro, disse que a decis\u00e3o \u201cassegura igualdade de condi\u00e7\u00f5es entre as partes\u201d.<\/p>\n<p>\u201cA decis\u00e3o do ministro Celso de Mello determinando a oitiva presencial do Presidente da Rep\u00fablica na condi\u00e7\u00e3o de investigado no \u00e2mbito do Inqu\u00e9rito 4831 assegura igualdade de condi\u00e7\u00f5es entre as partes, uma vez que o ex-ministro Sergio Moro tamb\u00e9m foi ouvido presencialmente logo no in\u00edcio da investiga\u00e7\u00e3o. A isonomia de tratamento \u00e9 exig\u00eancia constitucional inarred\u00e1vel\u201d, diz a nota.<\/p>\n<p>A Advocacia Geral da Uni\u00e3o, que faz a defesa do presidente, informou que s\u00f3 se manifestar\u00e1 no processo. O Planalto disse que n\u00e3o comentar\u00e1 a decis\u00e3o.<\/p>\n<p>O INQU\u00c9RITO<\/p>\n<p>Ao deixar o minist\u00e9rio da Justi\u00e7a, Moro acusou indiretamente o presidente de ter cometido crimes de responsabilidade e de falsidade ideol\u00f3gica.<\/p>\n<p>\u201cO presidente me disse mais de uma vez, expressamente, que queria ter uma pessoa do contato pessoal dele, que ele pudesse ligar, que ele pudesse colher informa\u00e7\u00f5es, que ele pudesse colher relat\u00f3rios de intelig\u00eancia, seja o diretor, seja superintendente\u2026 E, realmente, n\u00e3o \u00e9 o papel da Pol\u00edcia Federal prestar esse tipo de informa\u00e7\u00e3o\u201d, disse Moro, no Pal\u00e1cio da Justi\u00e7a, em pronunciamento a respeito de sua demiss\u00e3o.<\/p>\n<p>Em pronunciamento no Planalto em 24 de abril, Bolsonaro recha\u00e7ou as acusa\u00e7\u00f5es de Moro e afirmou que nunca interferiu em qualquer investiga\u00e7\u00e3o da PF, mas disse que procurou saber, \u201cquase implorando\u201d, sobre casos como o da facada que sofreu durante a campanha eleitoral de 2018.<\/p>\n<p>\u201cN\u00e3o s\u00e3o verdadeiras as insinua\u00e7\u00f5es de que eu desejaria saber sobre investiga\u00e7\u00f5es em andamento\u201d, declarou.<\/p>\n<p>Com base nas acusa\u00e7\u00f5es, em 27 de abril, o ministro Celso de Mello atendeu pedido do procurador-geral da Rep\u00fablica, Augusto Aras, para abrir inqu\u00e9rito e apurar as declara\u00e7\u00f5es de Moro.<\/p>\n<p>Na peti\u00e7\u00e3o, Aras apontou a poss\u00edvel ocorr\u00eancia dos crimes de falsidade ideol\u00f3gica, coa\u00e7\u00e3o no curso do processo, advocacia administrativa, prevarica\u00e7\u00e3o, obstru\u00e7\u00e3o de Justi\u00e7a, corrup\u00e7\u00e3o passiva, denuncia\u00e7\u00e3o caluniosa e crime contra a honra.<\/p>\n<p>Com a abertura das investiga\u00e7\u00f5es, o decano do Supremo deu prazo de 60 dias para a PF concluir as dilig\u00eancias. O ex-juiz da Lava Jato foi ouvido em 2 de maio.<\/p>\n<p>Em 2 de junho, em parecer no caso, Augusto Aras manifestou-se a favor da tomada de depoimento do presidente Jair Bolsonaro nas investiga\u00e7\u00f5es sobre suposta interfer\u00eancia indevida do chefe do Executivo na Pol\u00edcia Federal.<\/p>\n<p>Ap\u00f3s pedido da PF, Celso de Mello prorrogou as investiga\u00e7\u00f5es por mais 30 dias em 8 de junho. Agora, 1 novo pedido de extens\u00e3o do prazo deve ser analisado.<\/p>\n<p>A investiga\u00e7\u00e3o est\u00e1 a cargo da delegada Christiane Correa Machado, chefe do Sinq (Servi\u00e7o de Inqu\u00e9ritos Especiais). Ela trabalha em conjunto com os delegados Igor Rom\u00e1rio de Paula e M\u00e1rcio Adriano Anselmo. Os 3 trabalharam na Lava Jato e t\u00eam boas rela\u00e7\u00f5es com Moro.<\/p>\n","protected":false},"excerpt":{"rendered":"<p>O presidente Jair Bolsonaro ter\u00e1 que depor presencialmente por suposta interfer\u00eancia na Pol\u00edcia Federal O ministro Celso de Mello, do<\/p>\n","protected":false},"author":2,"featured_media":14699,"comment_status":"open","ping_status":"open","sticky":false,"template":"","format":"standard","meta":{"colormag_page_container_layout":"default_layout","colormag_page_sidebar_layout":"default_layout","_jetpack_memberships_contains_paid_content":false,"footnotes":""},"categories":[2],"tags":[],"class_list":["post-14700","post","type-post","status-publish","format-standard","has-post-thumbnail","hentry","category-noticias"],"magazineBlocksPostFeaturedMedia":{"thumbnail":false,"medium":false,"medium_large":false,"large":false,"1536x1536":false,"2048x2048":false,"colormag-highlighted-post":false,"colormag-featured-post-medium":false,"colormag-featured-post-small":false,"colormag-featured-image":false,"colormag-default-news":false,"colormag-featured-image-large":false},"magazineBlocksPostAuthor":{"name":"maranhaotv","avatar":"https:\/\/secure.gravatar.com\/avatar\/8fadbca458d4cb68b1dd399ae9a40618d747bb1af65ac9fad21c89220a143eb4?s=96&d=mm&r=g"},"magazineBlocksPostCommentsNumber":"0","magazineBlocksPostExcerpt":"O presidente Jair Bolsonaro ter\u00e1 que depor presencialmente por suposta interfer\u00eancia na Pol\u00edcia Federal O ministro Celso de Mello, do","magazineBlocksPostCategories":["not\u00edcias"],"magazineBlocksPostViewCount":148,"magazineBlocksPostReadTime":5,"magazine_blocks_featured_image_url":{"full":false,"medium":false,"thumbnail":false},"magazine_blocks_author":{"display_name":"maranhaotv","author_link":"https:\/\/maranhaotv.com.br\/index.php\/author\/maranhaotv\/"},"magazine_blocks_comment":0,"magazine_blocks_author_image":"https:\/\/secure.gravatar.com\/avatar\/8fadbca458d4cb68b1dd399ae9a40618d747bb1af65ac9fad21c89220a143eb4?s=96&d=mm&r=g","magazine_blocks_category":"<a href=\"#\" class=\"category-link category-link-2\">not\u00edcias<\/a>","yoast_head":"<!-- This site is optimized with the Yoast SEO plugin v27.4 - https:\/\/yoast.com\/product\/yoast-seo-wordpress\/ -->\n<title>STF determina que Bolsonaro deponha presencialmente sobre interfer\u00eancia na PF - NOT\u00cdCIAS EM TEMPO REAL<\/title>\n<meta name=\"robots\" content=\"index, follow, max-snippet:-1, max-image-preview:large, max-video-preview:-1\" \/>\n<link rel=\"canonical\" href=\"https:\/\/maranhaotv.com.br\/index.php\/2020\/09\/12\/stf-determina-que-bolsonaro-deponha-presencialmente-sobre-interferencia-na-pf\/\" \/>\n<meta property=\"og:locale\" content=\"pt_BR\" \/>\n<meta property=\"og:type\" content=\"article\" \/>\n<meta property=\"og:title\" content=\"STF determina que Bolsonaro deponha presencialmente sobre interfer\u00eancia na PF - NOT\u00cdCIAS EM TEMPO REAL\" \/>\n<meta property=\"og:description\" content=\"O presidente Jair Bolsonaro ter\u00e1 que depor presencialmente por suposta interfer\u00eancia na Pol\u00edcia Federal O ministro Celso de Mello, do\" \/>\n<meta property=\"og:url\" content=\"https:\/\/maranhaotv.com.br\/index.php\/2020\/09\/12\/stf-determina-que-bolsonaro-deponha-presencialmente-sobre-interferencia-na-pf\/\" \/>\n<meta property=\"og:site_name\" content=\"NOT\u00cdCIAS EM TEMPO REAL\" \/>\n<meta property=\"article:publisher\" content=\"https:\/\/www.facebook.com\/maiobaotv\" \/>\n<meta property=\"article:published_time\" content=\"2020-09-12T14:13:05+00:00\" \/>\n<meta name=\"author\" content=\"maranhaotv\" \/>\n<meta name=\"twitter:card\" content=\"summary_large_image\" \/>\n<meta name=\"twitter:creator\" content=\"@sitemaranhaotv\" \/>\n<meta name=\"twitter:site\" content=\"@sitemaranhaotv\" \/>\n<meta name=\"twitter:label1\" content=\"Escrito por\" \/>\n\t<meta name=\"twitter:data1\" content=\"maranhaotv\" \/>\n\t<meta name=\"twitter:label2\" content=\"Est. tempo de leitura\" \/>\n\t<meta name=\"twitter:data2\" content=\"5 minutos\" \/>\n<script type=\"application\/ld+json\" class=\"yoast-schema-graph\">{\"@context\":\"https:\\\/\\\/schema.org\",\"@graph\":[{\"@type\":\"Article\",\"@id\":\"https:\\\/\\\/maranhaotv.com.br\\\/index.php\\\/2020\\\/09\\\/12\\\/stf-determina-que-bolsonaro-deponha-presencialmente-sobre-interferencia-na-pf\\\/#article\",\"isPartOf\":{\"@id\":\"https:\\\/\\\/maranhaotv.com.br\\\/index.php\\\/2020\\\/09\\\/12\\\/stf-determina-que-bolsonaro-deponha-presencialmente-sobre-interferencia-na-pf\\\/\"},\"author\":{\"name\":\"maranhaotv\",\"@id\":\"https:\\\/\\\/maranhaotv.com.br\\\/#\\\/schema\\\/person\\\/3d54238e86b20bb5c89ab2fdb8f8829a\"},\"headline\":\"STF determina que Bolsonaro deponha presencialmente sobre interfer\u00eancia na PF\",\"datePublished\":\"2020-09-12T14:13:05+00:00\",\"mainEntityOfPage\":{\"@id\":\"https:\\\/\\\/maranhaotv.com.br\\\/index.php\\\/2020\\\/09\\\/12\\\/stf-determina-que-bolsonaro-deponha-presencialmente-sobre-interferencia-na-pf\\\/\"},\"wordCount\":916,\"commentCount\":0,\"publisher\":{\"@id\":\"https:\\\/\\\/maranhaotv.com.br\\\/#organization\"},\"image\":{\"@id\":\"https:\\\/\\\/maranhaotv.com.br\\\/index.php\\\/2020\\\/09\\\/12\\\/stf-determina-que-bolsonaro-deponha-presencialmente-sobre-interferencia-na-pf\\\/#primaryimage\"},\"thumbnailUrl\":\"\",\"articleSection\":[\"not\u00edcias\"],\"inLanguage\":\"pt-BR\",\"potentialAction\":[{\"@type\":\"CommentAction\",\"name\":\"Comment\",\"target\":[\"https:\\\/\\\/maranhaotv.com.br\\\/index.php\\\/2020\\\/09\\\/12\\\/stf-determina-que-bolsonaro-deponha-presencialmente-sobre-interferencia-na-pf\\\/#respond\"]}]},{\"@type\":\"WebPage\",\"@id\":\"https:\\\/\\\/maranhaotv.com.br\\\/index.php\\\/2020\\\/09\\\/12\\\/stf-determina-que-bolsonaro-deponha-presencialmente-sobre-interferencia-na-pf\\\/\",\"url\":\"https:\\\/\\\/maranhaotv.com.br\\\/index.php\\\/2020\\\/09\\\/12\\\/stf-determina-que-bolsonaro-deponha-presencialmente-sobre-interferencia-na-pf\\\/\",\"name\":\"STF determina que Bolsonaro deponha presencialmente sobre interfer\u00eancia na PF - NOT\u00cdCIAS EM TEMPO REAL\",\"isPartOf\":{\"@id\":\"https:\\\/\\\/maranhaotv.com.br\\\/#website\"},\"primaryImageOfPage\":{\"@id\":\"https:\\\/\\\/maranhaotv.com.br\\\/index.php\\\/2020\\\/09\\\/12\\\/stf-determina-que-bolsonaro-deponha-presencialmente-sobre-interferencia-na-pf\\\/#primaryimage\"},\"image\":{\"@id\":\"https:\\\/\\\/maranhaotv.com.br\\\/index.php\\\/2020\\\/09\\\/12\\\/stf-determina-que-bolsonaro-deponha-presencialmente-sobre-interferencia-na-pf\\\/#primaryimage\"},\"thumbnailUrl\":\"\",\"datePublished\":\"2020-09-12T14:13:05+00:00\",\"breadcrumb\":{\"@id\":\"https:\\\/\\\/maranhaotv.com.br\\\/index.php\\\/2020\\\/09\\\/12\\\/stf-determina-que-bolsonaro-deponha-presencialmente-sobre-interferencia-na-pf\\\/#breadcrumb\"},\"inLanguage\":\"pt-BR\",\"potentialAction\":[{\"@type\":\"ReadAction\",\"target\":[\"https:\\\/\\\/maranhaotv.com.br\\\/index.php\\\/2020\\\/09\\\/12\\\/stf-determina-que-bolsonaro-deponha-presencialmente-sobre-interferencia-na-pf\\\/\"]}]},{\"@type\":\"ImageObject\",\"inLanguage\":\"pt-BR\",\"@id\":\"https:\\\/\\\/maranhaotv.com.br\\\/index.php\\\/2020\\\/09\\\/12\\\/stf-determina-que-bolsonaro-deponha-presencialmente-sobre-interferencia-na-pf\\\/#primaryimage\",\"url\":\"\",\"contentUrl\":\"\"},{\"@type\":\"BreadcrumbList\",\"@id\":\"https:\\\/\\\/maranhaotv.com.br\\\/index.php\\\/2020\\\/09\\\/12\\\/stf-determina-que-bolsonaro-deponha-presencialmente-sobre-interferencia-na-pf\\\/#breadcrumb\",\"itemListElement\":[{\"@type\":\"ListItem\",\"position\":1,\"name\":\"In\u00edcio\",\"item\":\"https:\\\/\\\/maranhaotv.com.br\\\/\"},{\"@type\":\"ListItem\",\"position\":2,\"name\":\"STF determina que Bolsonaro deponha presencialmente sobre interfer\u00eancia na PF\"}]},{\"@type\":\"WebSite\",\"@id\":\"https:\\\/\\\/maranhaotv.com.br\\\/#website\",\"url\":\"https:\\\/\\\/maranhaotv.com.br\\\/\",\"name\":\"Maranh\u00e3oTV\",\"description\":\"\",\"publisher\":{\"@id\":\"https:\\\/\\\/maranhaotv.com.br\\\/#organization\"},\"potentialAction\":[{\"@type\":\"SearchAction\",\"target\":{\"@type\":\"EntryPoint\",\"urlTemplate\":\"https:\\\/\\\/maranhaotv.com.br\\\/?s={search_term_string}\"},\"query-input\":{\"@type\":\"PropertyValueSpecification\",\"valueRequired\":true,\"valueName\":\"search_term_string\"}}],\"inLanguage\":\"pt-BR\"},{\"@type\":\"Organization\",\"@id\":\"https:\\\/\\\/maranhaotv.com.br\\\/#organization\",\"name\":\"Portal de Not\u00edcias\",\"url\":\"https:\\\/\\\/maranhaotv.com.br\\\/\",\"logo\":{\"@type\":\"ImageObject\",\"inLanguage\":\"pt-BR\",\"@id\":\"https:\\\/\\\/maranhaotv.com.br\\\/#\\\/schema\\\/logo\\\/image\\\/\",\"url\":\"https:\\\/\\\/maranhaotv.com.br\\\/wp-content\\\/uploads\\\/2024\\\/05\\\/cropped-cropped-avatar-1.png\",\"contentUrl\":\"https:\\\/\\\/maranhaotv.com.br\\\/wp-content\\\/uploads\\\/2024\\\/05\\\/cropped-cropped-avatar-1.png\",\"width\":792,\"height\":428,\"caption\":\"Portal de Not\u00edcias\"},\"image\":{\"@id\":\"https:\\\/\\\/maranhaotv.com.br\\\/#\\\/schema\\\/logo\\\/image\\\/\"},\"sameAs\":[\"https:\\\/\\\/www.facebook.com\\\/maiobaotv\",\"https:\\\/\\\/x.com\\\/sitemaranhaotv\",\"https:\\\/\\\/www.instagram.com\\\/maranhao.tv\",\"https:\\\/\\\/www.threads.net\\\/@maranhao.tv\"]},{\"@type\":\"Person\",\"@id\":\"https:\\\/\\\/maranhaotv.com.br\\\/#\\\/schema\\\/person\\\/3d54238e86b20bb5c89ab2fdb8f8829a\",\"name\":\"maranhaotv\",\"image\":{\"@type\":\"ImageObject\",\"inLanguage\":\"pt-BR\",\"@id\":\"https:\\\/\\\/secure.gravatar.com\\\/avatar\\\/8fadbca458d4cb68b1dd399ae9a40618d747bb1af65ac9fad21c89220a143eb4?s=96&d=mm&r=g\",\"url\":\"https:\\\/\\\/secure.gravatar.com\\\/avatar\\\/8fadbca458d4cb68b1dd399ae9a40618d747bb1af65ac9fad21c89220a143eb4?s=96&d=mm&r=g\",\"contentUrl\":\"https:\\\/\\\/secure.gravatar.com\\\/avatar\\\/8fadbca458d4cb68b1dd399ae9a40618d747bb1af65ac9fad21c89220a143eb4?s=96&d=mm&r=g\",\"caption\":\"maranhaotv\"},\"sameAs\":[\"https:\\\/\\\/maranhaotv.com.br\\\/\"],\"url\":\"https:\\\/\\\/maranhaotv.com.br\\\/index.php\\\/author\\\/maranhaotv\\\/\"}]}<\/script>\n<!-- \/ Yoast SEO plugin. -->","yoast_head_json":{"title":"STF determina que Bolsonaro deponha presencialmente sobre interfer\u00eancia na PF - NOT\u00cdCIAS EM TEMPO REAL","robots":{"index":"index","follow":"follow","max-snippet":"max-snippet:-1","max-image-preview":"max-image-preview:large","max-video-preview":"max-video-preview:-1"},"canonical":"https:\/\/maranhaotv.com.br\/index.php\/2020\/09\/12\/stf-determina-que-bolsonaro-deponha-presencialmente-sobre-interferencia-na-pf\/","og_locale":"pt_BR","og_type":"article","og_title":"STF determina que Bolsonaro deponha presencialmente sobre interfer\u00eancia na PF - NOT\u00cdCIAS EM TEMPO REAL","og_description":"O presidente Jair Bolsonaro ter\u00e1 que depor presencialmente por suposta interfer\u00eancia na Pol\u00edcia Federal O ministro Celso de Mello, do","og_url":"https:\/\/maranhaotv.com.br\/index.php\/2020\/09\/12\/stf-determina-que-bolsonaro-deponha-presencialmente-sobre-interferencia-na-pf\/","og_site_name":"NOT\u00cdCIAS EM TEMPO REAL","article_publisher":"https:\/\/www.facebook.com\/maiobaotv","article_published_time":"2020-09-12T14:13:05+00:00","author":"maranhaotv","twitter_card":"summary_large_image","twitter_creator":"@sitemaranhaotv","twitter_site":"@sitemaranhaotv","twitter_misc":{"Escrito por":"maranhaotv","Est. tempo de leitura":"5 minutos"},"schema":{"@context":"https:\/\/schema.org","@graph":[{"@type":"Article","@id":"https:\/\/maranhaotv.com.br\/index.php\/2020\/09\/12\/stf-determina-que-bolsonaro-deponha-presencialmente-sobre-interferencia-na-pf\/#article","isPartOf":{"@id":"https:\/\/maranhaotv.com.br\/index.php\/2020\/09\/12\/stf-determina-que-bolsonaro-deponha-presencialmente-sobre-interferencia-na-pf\/"},"author":{"name":"maranhaotv","@id":"https:\/\/maranhaotv.com.br\/#\/schema\/person\/3d54238e86b20bb5c89ab2fdb8f8829a"},"headline":"STF determina que Bolsonaro deponha presencialmente sobre interfer\u00eancia na PF","datePublished":"2020-09-12T14:13:05+00:00","mainEntityOfPage":{"@id":"https:\/\/maranhaotv.com.br\/index.php\/2020\/09\/12\/stf-determina-que-bolsonaro-deponha-presencialmente-sobre-interferencia-na-pf\/"},"wordCount":916,"commentCount":0,"publisher":{"@id":"https:\/\/maranhaotv.com.br\/#organization"},"image":{"@id":"https:\/\/maranhaotv.com.br\/index.php\/2020\/09\/12\/stf-determina-que-bolsonaro-deponha-presencialmente-sobre-interferencia-na-pf\/#primaryimage"},"thumbnailUrl":"","articleSection":["not\u00edcias"],"inLanguage":"pt-BR","potentialAction":[{"@type":"CommentAction","name":"Comment","target":["https:\/\/maranhaotv.com.br\/index.php\/2020\/09\/12\/stf-determina-que-bolsonaro-deponha-presencialmente-sobre-interferencia-na-pf\/#respond"]}]},{"@type":"WebPage","@id":"https:\/\/maranhaotv.com.br\/index.php\/2020\/09\/12\/stf-determina-que-bolsonaro-deponha-presencialmente-sobre-interferencia-na-pf\/","url":"https:\/\/maranhaotv.com.br\/index.php\/2020\/09\/12\/stf-determina-que-bolsonaro-deponha-presencialmente-sobre-interferencia-na-pf\/","name":"STF determina que Bolsonaro deponha presencialmente sobre interfer\u00eancia na PF - NOT\u00cdCIAS EM TEMPO REAL","isPartOf":{"@id":"https:\/\/maranhaotv.com.br\/#website"},"primaryImageOfPage":{"@id":"https:\/\/maranhaotv.com.br\/index.php\/2020\/09\/12\/stf-determina-que-bolsonaro-deponha-presencialmente-sobre-interferencia-na-pf\/#primaryimage"},"image":{"@id":"https:\/\/maranhaotv.com.br\/index.php\/2020\/09\/12\/stf-determina-que-bolsonaro-deponha-presencialmente-sobre-interferencia-na-pf\/#primaryimage"},"thumbnailUrl":"","datePublished":"2020-09-12T14:13:05+00:00","breadcrumb":{"@id":"https:\/\/maranhaotv.com.br\/index.php\/2020\/09\/12\/stf-determina-que-bolsonaro-deponha-presencialmente-sobre-interferencia-na-pf\/#breadcrumb"},"inLanguage":"pt-BR","potentialAction":[{"@type":"ReadAction","target":["https:\/\/maranhaotv.com.br\/index.php\/2020\/09\/12\/stf-determina-que-bolsonaro-deponha-presencialmente-sobre-interferencia-na-pf\/"]}]},{"@type":"ImageObject","inLanguage":"pt-BR","@id":"https:\/\/maranhaotv.com.br\/index.php\/2020\/09\/12\/stf-determina-que-bolsonaro-deponha-presencialmente-sobre-interferencia-na-pf\/#primaryimage","url":"","contentUrl":""},{"@type":"BreadcrumbList","@id":"https:\/\/maranhaotv.com.br\/index.php\/2020\/09\/12\/stf-determina-que-bolsonaro-deponha-presencialmente-sobre-interferencia-na-pf\/#breadcrumb","itemListElement":[{"@type":"ListItem","position":1,"name":"In\u00edcio","item":"https:\/\/maranhaotv.com.br\/"},{"@type":"ListItem","position":2,"name":"STF determina que Bolsonaro deponha presencialmente sobre interfer\u00eancia na PF"}]},{"@type":"WebSite","@id":"https:\/\/maranhaotv.com.br\/#website","url":"https:\/\/maranhaotv.com.br\/","name":"Maranh\u00e3oTV","description":"","publisher":{"@id":"https:\/\/maranhaotv.com.br\/#organization"},"potentialAction":[{"@type":"SearchAction","target":{"@type":"EntryPoint","urlTemplate":"https:\/\/maranhaotv.com.br\/?s={search_term_string}"},"query-input":{"@type":"PropertyValueSpecification","valueRequired":true,"valueName":"search_term_string"}}],"inLanguage":"pt-BR"},{"@type":"Organization","@id":"https:\/\/maranhaotv.com.br\/#organization","name":"Portal de Not\u00edcias","url":"https:\/\/maranhaotv.com.br\/","logo":{"@type":"ImageObject","inLanguage":"pt-BR","@id":"https:\/\/maranhaotv.com.br\/#\/schema\/logo\/image\/","url":"https:\/\/maranhaotv.com.br\/wp-content\/uploads\/2024\/05\/cropped-cropped-avatar-1.png","contentUrl":"https:\/\/maranhaotv.com.br\/wp-content\/uploads\/2024\/05\/cropped-cropped-avatar-1.png","width":792,"height":428,"caption":"Portal de Not\u00edcias"},"image":{"@id":"https:\/\/maranhaotv.com.br\/#\/schema\/logo\/image\/"},"sameAs":["https:\/\/www.facebook.com\/maiobaotv","https:\/\/x.com\/sitemaranhaotv","https:\/\/www.instagram.com\/maranhao.tv","https:\/\/www.threads.net\/@maranhao.tv"]},{"@type":"Person","@id":"https:\/\/maranhaotv.com.br\/#\/schema\/person\/3d54238e86b20bb5c89ab2fdb8f8829a","name":"maranhaotv","image":{"@type":"ImageObject","inLanguage":"pt-BR","@id":"https:\/\/secure.gravatar.com\/avatar\/8fadbca458d4cb68b1dd399ae9a40618d747bb1af65ac9fad21c89220a143eb4?s=96&d=mm&r=g","url":"https:\/\/secure.gravatar.com\/avatar\/8fadbca458d4cb68b1dd399ae9a40618d747bb1af65ac9fad21c89220a143eb4?s=96&d=mm&r=g","contentUrl":"https:\/\/secure.gravatar.com\/avatar\/8fadbca458d4cb68b1dd399ae9a40618d747bb1af65ac9fad21c89220a143eb4?s=96&d=mm&r=g","caption":"maranhaotv"},"sameAs":["https:\/\/maranhaotv.com.br\/"],"url":"https:\/\/maranhaotv.com.br\/index.php\/author\/maranhaotv\/"}]}},"jetpack_featured_media_url":"","jetpack_sharing_enabled":true,"_links":{"self":[{"href":"https:\/\/maranhaotv.com.br\/index.php\/wp-json\/wp\/v2\/posts\/14700","targetHints":{"allow":["GET"]}}],"collection":[{"href":"https:\/\/maranhaotv.com.br\/index.php\/wp-json\/wp\/v2\/posts"}],"about":[{"href":"https:\/\/maranhaotv.com.br\/index.php\/wp-json\/wp\/v2\/types\/post"}],"author":[{"embeddable":true,"href":"https:\/\/maranhaotv.com.br\/index.php\/wp-json\/wp\/v2\/users\/2"}],"replies":[{"embeddable":true,"href":"https:\/\/maranhaotv.com.br\/index.php\/wp-json\/wp\/v2\/comments?post=14700"}],"version-history":[{"count":0,"href":"https:\/\/maranhaotv.com.br\/index.php\/wp-json\/wp\/v2\/posts\/14700\/revisions"}],"wp:featuredmedia":[{"embeddable":true,"href":"https:\/\/maranhaotv.com.br\/index.php\/wp-json\/"}],"wp:attachment":[{"href":"https:\/\/maranhaotv.com.br\/index.php\/wp-json\/wp\/v2\/media?parent=14700"}],"wp:term":[{"taxonomy":"category","embeddable":true,"href":"https:\/\/maranhaotv.com.br\/index.php\/wp-json\/wp\/v2\/categories?post=14700"},{"taxonomy":"post_tag","embeddable":true,"href":"https:\/\/maranhaotv.com.br\/index.php\/wp-json\/wp\/v2\/tags?post=14700"}],"curies":[{"name":"wp","href":"https:\/\/api.w.org\/{rel}","templated":true}]}}