{"id":14742,"date":"2020-09-14T04:18:59","date_gmt":"2020-09-14T07:18:59","guid":{"rendered":"https:\/\/maiobaotv.com.br\/?p=14742"},"modified":"2020-09-14T04:18:59","modified_gmt":"2020-09-14T07:18:59","slug":"magrado-barros-mostra-forca-em-convencao-e-segue-como-favorito-para-reeleicao","status":"publish","type":"post","link":"https:\/\/maranhaotv.com.br\/index.php\/2020\/09\/14\/magrado-barros-mostra-forca-em-convencao-e-segue-como-favorito-para-reeleicao\/","title":{"rendered":"Magrado Barros mostra for\u00e7a em conven\u00e7\u00e3o e segue como favorito para reelei\u00e7\u00e3o"},"content":{"rendered":"<p>Numa tarde que ficar\u00e1 marcada na hist\u00f3ria pol\u00edtica de Viana, Magrado Barros, mostrou toda sua articula\u00e7\u00e3o e for\u00e7a politica no munic\u00edpio, justificando o percentual de votos da elei\u00e7\u00e3o passada.<\/p>\n<p>Levando uma multid\u00e3o que acredita no seu projeto de reelei\u00e7\u00e3o, o Gin\u00e1sio Poliesportivo, foi tomado por uma energia contagiante dos militantes e apoiadores.<\/p>\n<p>Magrado que ter\u00e1 ao seu lado, al\u00e9m do DEM, os partidos Republicanos, PDT, PSC, Solidariedade, PT, Democracia Crist\u00e3 e Cidadania.<\/p>\n<p>Militantes pr\u00f3 Magrado caminharam da Pra\u00e7a da B\u00edblia at\u00e9 o Gin\u00e1sio carregando bandeiras realizando uma grande festa democr\u00e1tica, as ruas ficaram completamente tomada pela popula\u00e7\u00e3o que compareceu em peso a conven\u00e7\u00e3o.<\/p>\n<p>Com a presen\u00e7a do Deputado e Chefe da Casa Civil, Marcelo Tavares, frisou:<\/p>\n<p>Estou feliz em estar aqui com o prefeito de Viana e futuro prefeito de Viana. Sou muito grato a essa cidade. N\u00f3s temos aqui o melhor candidato para a prefeitura de Viana. N\u00e3o foi f\u00e1cil ser prefeito ou Governador n\u00f3s \u00faltimos 4 anos, quando o Brasil entrou em uma recess\u00e3o econ\u00f4mica, e quando est\u00e1vamos tentando levantar a cabe\u00e7a, veio a Pandemia. Num momento em que o pa\u00eds vive rumos dif\u00edceis o Magrado t\u00e1 trabalhando, t\u00e1 fazendo obras e n\u00f3s precisamos decidir o futuro dos Vianenses nos pr\u00f3ximos 4 anos e se ele for eleito novamente ele s\u00f3 tem um chefe, que \u00e9 o povo de Viana.<br \/>\nMarcelo certamente usou a frase para se referir ao advers\u00e1rio que \u00e9 aliado de Josimar do Maranh\u00e3ozinho.<\/p>\n<blockquote><p>Tavares finalizou: aqui est\u00e3o os amigos e aliados do Governador Fl\u00e1vio Dino. Os aliados de verdade est\u00e3o aqui neste palanque. E eu tenho propriedade para falar isso, pois sou Secret\u00e1rio de Estado amigo e aliado de Fl\u00e1vio.<\/p><\/blockquote>\n<p>Magrado iniciou sua fala fazendo um resumo de suas a\u00e7\u00f5es, na educa\u00e7\u00e3o, sa\u00fade, ressaltou que a conven\u00e7\u00e3o estava sendo realizada num gin\u00e1sio recuperado pela gest\u00e3o Magrado Barros.<\/p>\n<p>Magrado refor\u00e7ou que a parceria era com Fl\u00e1vio Dino, com Carlos Brand\u00e3o, com Marcelo Tavares e disse que o Governador assegurou novos recursos para a gest\u00e3o.<\/p>\n<p>Magrado que por diversas vezes se emocionou na conven\u00e7\u00e3o, disse que nunca abaixou a cabe\u00e7a, e que sabia que o povo vianense n\u00e3o iria entregar Viana para &#8220;gerentes&#8221; pois Viana era de todos!<\/p>\n<p>Ao final, Magrado chamou a m\u00e3e e disse que se pudesse ter outra oportunidade de nascer, escolheria novamente nascer do ventre da m\u00e3e, Dona Seb\u00e1.<\/p>\n<p>Ao todo, seguir\u00e3o em campanha com Magrado 46 pr\u00e9 candidatos a vereadores, o vice de Democrata deve ser anunciado at\u00e9 a ter\u00e7a- feira.<\/p>\n<p>Veja as imagens:<\/p>\n<p><img loading=\"lazy\" decoding=\"async\" class=\"wp-image-14741 alignnone size-full\" src=\"https:\/\/maiobaotv.com.br\/wp-content\/uploads\/2020\/09\/img-20200914-wa0067404286457673429637.jpg\" width=\"1280\" height=\"853\"><\/p>\n<p><img loading=\"lazy\" decoding=\"async\" class=\"wp-image-14744 alignnone size-full\" src=\"https:\/\/maiobaotv.com.br\/wp-content\/uploads\/2020\/09\/img-20200914-wa00488690555282597342329.jpg\" width=\"1280\" height=\"853\"><\/p>\n<p><img loading=\"lazy\" decoding=\"async\" class=\"wp-image-14746 alignnone size-full\" src=\"https:\/\/maiobaotv.com.br\/wp-content\/uploads\/2020\/09\/img-20200914-wa00478751147638670839687.jpg\" width=\"1280\" height=\"853\"><\/p>\n<p><img loading=\"lazy\" decoding=\"async\" class=\"wp-image-14748 alignnone size-full\" src=\"https:\/\/maiobaotv.com.br\/wp-content\/uploads\/2020\/09\/img-20200914-wa00422614045004773877300.jpg\" width=\"1280\" height=\"853\"><\/p>\n<p><img loading=\"lazy\" decoding=\"async\" class=\"wp-image-14750 alignnone size-full\" src=\"https:\/\/maiobaotv.com.br\/wp-content\/uploads\/2020\/09\/img-20200914-wa00418765032562503896493.jpg\" width=\"1280\" height=\"853\"><\/p>\n<p><img loading=\"lazy\" decoding=\"async\" class=\"wp-image-14752 alignnone size-full\" src=\"https:\/\/maiobaotv.com.br\/wp-content\/uploads\/2020\/09\/img-20200914-wa00372878382049748855455.jpg\" width=\"1280\" height=\"853\"><\/p>\n<p><img loading=\"lazy\" decoding=\"async\" class=\"wp-image-14754 alignnone size-full\" src=\"https:\/\/maiobaotv.com.br\/wp-content\/uploads\/2020\/09\/img-20200914-wa00298446320468080044183.jpg\" width=\"853\" height=\"1280\"><\/p>\n<p><img loading=\"lazy\" decoding=\"async\" class=\"wp-image-14756 alignnone size-full\" src=\"https:\/\/maiobaotv.com.br\/wp-content\/uploads\/2020\/09\/img-20200914-wa00206521234321720768549.jpg\" width=\"1280\" height=\"853\"><\/p>\n<p><img loading=\"lazy\" decoding=\"async\" class=\"wp-image-14758 alignnone size-full\" src=\"https:\/\/maiobaotv.com.br\/wp-content\/uploads\/2020\/09\/img-20200913-wa07167985548671022737596.jpg\" width=\"1280\" height=\"853\"><\/p>\n<p><img loading=\"lazy\" decoding=\"async\" class=\"wp-image-14760 alignnone size-full\" src=\"https:\/\/maiobaotv.com.br\/wp-content\/uploads\/2020\/09\/img-20200913-wa06998545299006592525388.jpg\" width=\"1280\" height=\"853\"><\/p>\n<p><img loading=\"lazy\" decoding=\"async\" class=\"wp-image-14762 alignnone size-full\" src=\"https:\/\/maiobaotv.com.br\/wp-content\/uploads\/2020\/09\/img-20200913-wa06925085344647604997669.jpg\" width=\"1280\" height=\"853\"><\/p>\n<p><img loading=\"lazy\" decoding=\"async\" class=\"wp-image-14764 alignnone size-full\" src=\"https:\/\/maiobaotv.com.br\/wp-content\/uploads\/2020\/09\/img-20200913-wa06966887756688304989567.jpg\" width=\"1280\" height=\"853\"><\/p>\n<p>Fotos: Z\u00e9 Ferreira<\/p>\n","protected":false},"excerpt":{"rendered":"<p>Numa tarde que ficar\u00e1 marcada na hist\u00f3ria pol\u00edtica de Viana, Magrado Barros, mostrou toda sua articula\u00e7\u00e3o e for\u00e7a politica no<\/p>\n","protected":false},"author":2,"featured_media":14766,"comment_status":"open","ping_status":"open","sticky":false,"template":"","format":"standard","meta":{"colormag_page_container_layout":"default_layout","colormag_page_sidebar_layout":"default_layout","_jetpack_memberships_contains_paid_content":false,"footnotes":""},"categories":[2,6],"tags":[17,5],"class_list":["post-14742","post","type-post","status-publish","format-standard","has-post-thumbnail","hentry","category-noticias","category-politica","tag-magrado-barros","tag-viana"],"magazineBlocksPostFeaturedMedia":{"thumbnail":false,"medium":false,"medium_large":false,"large":false,"1536x1536":false,"2048x2048":false,"colormag-highlighted-post":false,"colormag-featured-post-medium":false,"colormag-featured-post-small":false,"colormag-featured-image":false,"colormag-default-news":false,"colormag-featured-image-large":false},"magazineBlocksPostAuthor":{"name":"maranhaotv","avatar":"https:\/\/secure.gravatar.com\/avatar\/8fadbca458d4cb68b1dd399ae9a40618d747bb1af65ac9fad21c89220a143eb4?s=96&d=mm&r=g"},"magazineBlocksPostCommentsNumber":"0","magazineBlocksPostExcerpt":"Numa tarde que ficar\u00e1 marcada na hist\u00f3ria pol\u00edtica de Viana, Magrado Barros, mostrou toda sua articula\u00e7\u00e3o e for\u00e7a politica no","magazineBlocksPostCategories":["not\u00edcias","pol\u00edtica"],"magazineBlocksPostViewCount":224,"magazineBlocksPostReadTime":3,"magazine_blocks_featured_image_url":{"full":false,"medium":false,"thumbnail":false},"magazine_blocks_author":{"display_name":"maranhaotv","author_link":"https:\/\/maranhaotv.com.br\/index.php\/author\/maranhaotv\/"},"magazine_blocks_comment":2,"magazine_blocks_author_image":"https:\/\/secure.gravatar.com\/avatar\/8fadbca458d4cb68b1dd399ae9a40618d747bb1af65ac9fad21c89220a143eb4?s=96&d=mm&r=g","magazine_blocks_category":"<a href=\"#\" class=\"category-link category-link-2\">not\u00edcias<\/a> <a href=\"#\" class=\"category-link category-link-6\">pol\u00edtica<\/a>","yoast_head":"<!-- This site is optimized with the Yoast SEO plugin v27.4 - https:\/\/yoast.com\/product\/yoast-seo-wordpress\/ -->\n<title>Magrado Barros mostra for\u00e7a em conven\u00e7\u00e3o e segue como favorito para reelei\u00e7\u00e3o - NOT\u00cdCIAS EM TEMPO REAL<\/title>\n<meta name=\"robots\" content=\"index, follow, max-snippet:-1, max-image-preview:large, max-video-preview:-1\" \/>\n<link rel=\"canonical\" href=\"https:\/\/maranhaotv.com.br\/index.php\/2020\/09\/14\/magrado-barros-mostra-forca-em-convencao-e-segue-como-favorito-para-reeleicao\/\" \/>\n<meta property=\"og:locale\" content=\"pt_BR\" \/>\n<meta property=\"og:type\" content=\"article\" \/>\n<meta property=\"og:title\" content=\"Magrado Barros mostra for\u00e7a em conven\u00e7\u00e3o e segue como favorito para reelei\u00e7\u00e3o - NOT\u00cdCIAS EM TEMPO REAL\" \/>\n<meta property=\"og:description\" content=\"Numa tarde que ficar\u00e1 marcada na hist\u00f3ria pol\u00edtica de Viana, Magrado Barros, mostrou toda sua articula\u00e7\u00e3o e for\u00e7a politica no\" \/>\n<meta property=\"og:url\" content=\"https:\/\/maranhaotv.com.br\/index.php\/2020\/09\/14\/magrado-barros-mostra-forca-em-convencao-e-segue-como-favorito-para-reeleicao\/\" \/>\n<meta property=\"og:site_name\" content=\"NOT\u00cdCIAS EM TEMPO REAL\" \/>\n<meta property=\"article:publisher\" content=\"https:\/\/www.facebook.com\/maiobaotv\" \/>\n<meta property=\"article:published_time\" content=\"2020-09-14T07:18:59+00:00\" \/>\n<meta name=\"author\" content=\"maranhaotv\" \/>\n<meta name=\"twitter:card\" content=\"summary_large_image\" \/>\n<meta name=\"twitter:creator\" content=\"@sitemaranhaotv\" \/>\n<meta name=\"twitter:site\" content=\"@sitemaranhaotv\" \/>\n<meta name=\"twitter:label1\" content=\"Escrito por\" \/>\n\t<meta name=\"twitter:data1\" content=\"maranhaotv\" \/>\n\t<meta name=\"twitter:label2\" content=\"Est. tempo de leitura\" \/>\n\t<meta name=\"twitter:data2\" content=\"2 minutos\" \/>\n<script type=\"application\/ld+json\" class=\"yoast-schema-graph\">{\"@context\":\"https:\\\/\\\/schema.org\",\"@graph\":[{\"@type\":\"Article\",\"@id\":\"https:\\\/\\\/maranhaotv.com.br\\\/index.php\\\/2020\\\/09\\\/14\\\/magrado-barros-mostra-forca-em-convencao-e-segue-como-favorito-para-reeleicao\\\/#article\",\"isPartOf\":{\"@id\":\"https:\\\/\\\/maranhaotv.com.br\\\/index.php\\\/2020\\\/09\\\/14\\\/magrado-barros-mostra-forca-em-convencao-e-segue-como-favorito-para-reeleicao\\\/\"},\"author\":{\"name\":\"maranhaotv\",\"@id\":\"https:\\\/\\\/maranhaotv.com.br\\\/#\\\/schema\\\/person\\\/3d54238e86b20bb5c89ab2fdb8f8829a\"},\"headline\":\"Magrado Barros mostra for\u00e7a em conven\u00e7\u00e3o e segue como favorito para reelei\u00e7\u00e3o\",\"datePublished\":\"2020-09-14T07:18:59+00:00\",\"mainEntityOfPage\":{\"@id\":\"https:\\\/\\\/maranhaotv.com.br\\\/index.php\\\/2020\\\/09\\\/14\\\/magrado-barros-mostra-forca-em-convencao-e-segue-como-favorito-para-reeleicao\\\/\"},\"wordCount\":479,\"commentCount\":0,\"publisher\":{\"@id\":\"https:\\\/\\\/maranhaotv.com.br\\\/#organization\"},\"image\":{\"@id\":\"https:\\\/\\\/maranhaotv.com.br\\\/index.php\\\/2020\\\/09\\\/14\\\/magrado-barros-mostra-forca-em-convencao-e-segue-como-favorito-para-reeleicao\\\/#primaryimage\"},\"thumbnailUrl\":\"\",\"keywords\":[\"Magrado Barros\",\"Viana\"],\"articleSection\":[\"not\u00edcias\",\"pol\u00edtica\"],\"inLanguage\":\"pt-BR\",\"potentialAction\":[{\"@type\":\"CommentAction\",\"name\":\"Comment\",\"target\":[\"https:\\\/\\\/maranhaotv.com.br\\\/index.php\\\/2020\\\/09\\\/14\\\/magrado-barros-mostra-forca-em-convencao-e-segue-como-favorito-para-reeleicao\\\/#respond\"]}]},{\"@type\":\"WebPage\",\"@id\":\"https:\\\/\\\/maranhaotv.com.br\\\/index.php\\\/2020\\\/09\\\/14\\\/magrado-barros-mostra-forca-em-convencao-e-segue-como-favorito-para-reeleicao\\\/\",\"url\":\"https:\\\/\\\/maranhaotv.com.br\\\/index.php\\\/2020\\\/09\\\/14\\\/magrado-barros-mostra-forca-em-convencao-e-segue-como-favorito-para-reeleicao\\\/\",\"name\":\"Magrado Barros mostra for\u00e7a em conven\u00e7\u00e3o e segue como favorito para reelei\u00e7\u00e3o - NOT\u00cdCIAS EM TEMPO REAL\",\"isPartOf\":{\"@id\":\"https:\\\/\\\/maranhaotv.com.br\\\/#website\"},\"primaryImageOfPage\":{\"@id\":\"https:\\\/\\\/maranhaotv.com.br\\\/index.php\\\/2020\\\/09\\\/14\\\/magrado-barros-mostra-forca-em-convencao-e-segue-como-favorito-para-reeleicao\\\/#primaryimage\"},\"image\":{\"@id\":\"https:\\\/\\\/maranhaotv.com.br\\\/index.php\\\/2020\\\/09\\\/14\\\/magrado-barros-mostra-forca-em-convencao-e-segue-como-favorito-para-reeleicao\\\/#primaryimage\"},\"thumbnailUrl\":\"\",\"datePublished\":\"2020-09-14T07:18:59+00:00\",\"breadcrumb\":{\"@id\":\"https:\\\/\\\/maranhaotv.com.br\\\/index.php\\\/2020\\\/09\\\/14\\\/magrado-barros-mostra-forca-em-convencao-e-segue-como-favorito-para-reeleicao\\\/#breadcrumb\"},\"inLanguage\":\"pt-BR\",\"potentialAction\":[{\"@type\":\"ReadAction\",\"target\":[\"https:\\\/\\\/maranhaotv.com.br\\\/index.php\\\/2020\\\/09\\\/14\\\/magrado-barros-mostra-forca-em-convencao-e-segue-como-favorito-para-reeleicao\\\/\"]}]},{\"@type\":\"ImageObject\",\"inLanguage\":\"pt-BR\",\"@id\":\"https:\\\/\\\/maranhaotv.com.br\\\/index.php\\\/2020\\\/09\\\/14\\\/magrado-barros-mostra-forca-em-convencao-e-segue-como-favorito-para-reeleicao\\\/#primaryimage\",\"url\":\"\",\"contentUrl\":\"\"},{\"@type\":\"BreadcrumbList\",\"@id\":\"https:\\\/\\\/maranhaotv.com.br\\\/index.php\\\/2020\\\/09\\\/14\\\/magrado-barros-mostra-forca-em-convencao-e-segue-como-favorito-para-reeleicao\\\/#breadcrumb\",\"itemListElement\":[{\"@type\":\"ListItem\",\"position\":1,\"name\":\"In\u00edcio\",\"item\":\"https:\\\/\\\/maranhaotv.com.br\\\/\"},{\"@type\":\"ListItem\",\"position\":2,\"name\":\"Magrado Barros mostra for\u00e7a em conven\u00e7\u00e3o e segue como favorito para reelei\u00e7\u00e3o\"}]},{\"@type\":\"WebSite\",\"@id\":\"https:\\\/\\\/maranhaotv.com.br\\\/#website\",\"url\":\"https:\\\/\\\/maranhaotv.com.br\\\/\",\"name\":\"Maranh\u00e3oTV\",\"description\":\"\",\"publisher\":{\"@id\":\"https:\\\/\\\/maranhaotv.com.br\\\/#organization\"},\"potentialAction\":[{\"@type\":\"SearchAction\",\"target\":{\"@type\":\"EntryPoint\",\"urlTemplate\":\"https:\\\/\\\/maranhaotv.com.br\\\/?s={search_term_string}\"},\"query-input\":{\"@type\":\"PropertyValueSpecification\",\"valueRequired\":true,\"valueName\":\"search_term_string\"}}],\"inLanguage\":\"pt-BR\"},{\"@type\":\"Organization\",\"@id\":\"https:\\\/\\\/maranhaotv.com.br\\\/#organization\",\"name\":\"Portal de Not\u00edcias\",\"url\":\"https:\\\/\\\/maranhaotv.com.br\\\/\",\"logo\":{\"@type\":\"ImageObject\",\"inLanguage\":\"pt-BR\",\"@id\":\"https:\\\/\\\/maranhaotv.com.br\\\/#\\\/schema\\\/logo\\\/image\\\/\",\"url\":\"https:\\\/\\\/maranhaotv.com.br\\\/wp-content\\\/uploads\\\/2024\\\/05\\\/cropped-cropped-avatar-1.png\",\"contentUrl\":\"https:\\\/\\\/maranhaotv.com.br\\\/wp-content\\\/uploads\\\/2024\\\/05\\\/cropped-cropped-avatar-1.png\",\"width\":792,\"height\":428,\"caption\":\"Portal de Not\u00edcias\"},\"image\":{\"@id\":\"https:\\\/\\\/maranhaotv.com.br\\\/#\\\/schema\\\/logo\\\/image\\\/\"},\"sameAs\":[\"https:\\\/\\\/www.facebook.com\\\/maiobaotv\",\"https:\\\/\\\/x.com\\\/sitemaranhaotv\",\"https:\\\/\\\/www.instagram.com\\\/maranhao.tv\",\"https:\\\/\\\/www.threads.net\\\/@maranhao.tv\"]},{\"@type\":\"Person\",\"@id\":\"https:\\\/\\\/maranhaotv.com.br\\\/#\\\/schema\\\/person\\\/3d54238e86b20bb5c89ab2fdb8f8829a\",\"name\":\"maranhaotv\",\"image\":{\"@type\":\"ImageObject\",\"inLanguage\":\"pt-BR\",\"@id\":\"https:\\\/\\\/secure.gravatar.com\\\/avatar\\\/8fadbca458d4cb68b1dd399ae9a40618d747bb1af65ac9fad21c89220a143eb4?s=96&d=mm&r=g\",\"url\":\"https:\\\/\\\/secure.gravatar.com\\\/avatar\\\/8fadbca458d4cb68b1dd399ae9a40618d747bb1af65ac9fad21c89220a143eb4?s=96&d=mm&r=g\",\"contentUrl\":\"https:\\\/\\\/secure.gravatar.com\\\/avatar\\\/8fadbca458d4cb68b1dd399ae9a40618d747bb1af65ac9fad21c89220a143eb4?s=96&d=mm&r=g\",\"caption\":\"maranhaotv\"},\"sameAs\":[\"https:\\\/\\\/maranhaotv.com.br\\\/\"],\"url\":\"https:\\\/\\\/maranhaotv.com.br\\\/index.php\\\/author\\\/maranhaotv\\\/\"}]}<\/script>\n<!-- \/ Yoast SEO plugin. -->","yoast_head_json":{"title":"Magrado Barros mostra for\u00e7a em conven\u00e7\u00e3o e segue como favorito para reelei\u00e7\u00e3o - NOT\u00cdCIAS EM TEMPO REAL","robots":{"index":"index","follow":"follow","max-snippet":"max-snippet:-1","max-image-preview":"max-image-preview:large","max-video-preview":"max-video-preview:-1"},"canonical":"https:\/\/maranhaotv.com.br\/index.php\/2020\/09\/14\/magrado-barros-mostra-forca-em-convencao-e-segue-como-favorito-para-reeleicao\/","og_locale":"pt_BR","og_type":"article","og_title":"Magrado Barros mostra for\u00e7a em conven\u00e7\u00e3o e segue como favorito para reelei\u00e7\u00e3o - NOT\u00cdCIAS EM TEMPO REAL","og_description":"Numa tarde que ficar\u00e1 marcada na hist\u00f3ria pol\u00edtica de Viana, Magrado Barros, mostrou toda sua articula\u00e7\u00e3o e for\u00e7a politica no","og_url":"https:\/\/maranhaotv.com.br\/index.php\/2020\/09\/14\/magrado-barros-mostra-forca-em-convencao-e-segue-como-favorito-para-reeleicao\/","og_site_name":"NOT\u00cdCIAS EM TEMPO REAL","article_publisher":"https:\/\/www.facebook.com\/maiobaotv","article_published_time":"2020-09-14T07:18:59+00:00","author":"maranhaotv","twitter_card":"summary_large_image","twitter_creator":"@sitemaranhaotv","twitter_site":"@sitemaranhaotv","twitter_misc":{"Escrito por":"maranhaotv","Est. tempo de leitura":"2 minutos"},"schema":{"@context":"https:\/\/schema.org","@graph":[{"@type":"Article","@id":"https:\/\/maranhaotv.com.br\/index.php\/2020\/09\/14\/magrado-barros-mostra-forca-em-convencao-e-segue-como-favorito-para-reeleicao\/#article","isPartOf":{"@id":"https:\/\/maranhaotv.com.br\/index.php\/2020\/09\/14\/magrado-barros-mostra-forca-em-convencao-e-segue-como-favorito-para-reeleicao\/"},"author":{"name":"maranhaotv","@id":"https:\/\/maranhaotv.com.br\/#\/schema\/person\/3d54238e86b20bb5c89ab2fdb8f8829a"},"headline":"Magrado Barros mostra for\u00e7a em conven\u00e7\u00e3o e segue como favorito para reelei\u00e7\u00e3o","datePublished":"2020-09-14T07:18:59+00:00","mainEntityOfPage":{"@id":"https:\/\/maranhaotv.com.br\/index.php\/2020\/09\/14\/magrado-barros-mostra-forca-em-convencao-e-segue-como-favorito-para-reeleicao\/"},"wordCount":479,"commentCount":0,"publisher":{"@id":"https:\/\/maranhaotv.com.br\/#organization"},"image":{"@id":"https:\/\/maranhaotv.com.br\/index.php\/2020\/09\/14\/magrado-barros-mostra-forca-em-convencao-e-segue-como-favorito-para-reeleicao\/#primaryimage"},"thumbnailUrl":"","keywords":["Magrado Barros","Viana"],"articleSection":["not\u00edcias","pol\u00edtica"],"inLanguage":"pt-BR","potentialAction":[{"@type":"CommentAction","name":"Comment","target":["https:\/\/maranhaotv.com.br\/index.php\/2020\/09\/14\/magrado-barros-mostra-forca-em-convencao-e-segue-como-favorito-para-reeleicao\/#respond"]}]},{"@type":"WebPage","@id":"https:\/\/maranhaotv.com.br\/index.php\/2020\/09\/14\/magrado-barros-mostra-forca-em-convencao-e-segue-como-favorito-para-reeleicao\/","url":"https:\/\/maranhaotv.com.br\/index.php\/2020\/09\/14\/magrado-barros-mostra-forca-em-convencao-e-segue-como-favorito-para-reeleicao\/","name":"Magrado Barros mostra for\u00e7a em conven\u00e7\u00e3o e segue como favorito para reelei\u00e7\u00e3o - NOT\u00cdCIAS EM TEMPO REAL","isPartOf":{"@id":"https:\/\/maranhaotv.com.br\/#website"},"primaryImageOfPage":{"@id":"https:\/\/maranhaotv.com.br\/index.php\/2020\/09\/14\/magrado-barros-mostra-forca-em-convencao-e-segue-como-favorito-para-reeleicao\/#primaryimage"},"image":{"@id":"https:\/\/maranhaotv.com.br\/index.php\/2020\/09\/14\/magrado-barros-mostra-forca-em-convencao-e-segue-como-favorito-para-reeleicao\/#primaryimage"},"thumbnailUrl":"","datePublished":"2020-09-14T07:18:59+00:00","breadcrumb":{"@id":"https:\/\/maranhaotv.com.br\/index.php\/2020\/09\/14\/magrado-barros-mostra-forca-em-convencao-e-segue-como-favorito-para-reeleicao\/#breadcrumb"},"inLanguage":"pt-BR","potentialAction":[{"@type":"ReadAction","target":["https:\/\/maranhaotv.com.br\/index.php\/2020\/09\/14\/magrado-barros-mostra-forca-em-convencao-e-segue-como-favorito-para-reeleicao\/"]}]},{"@type":"ImageObject","inLanguage":"pt-BR","@id":"https:\/\/maranhaotv.com.br\/index.php\/2020\/09\/14\/magrado-barros-mostra-forca-em-convencao-e-segue-como-favorito-para-reeleicao\/#primaryimage","url":"","contentUrl":""},{"@type":"BreadcrumbList","@id":"https:\/\/maranhaotv.com.br\/index.php\/2020\/09\/14\/magrado-barros-mostra-forca-em-convencao-e-segue-como-favorito-para-reeleicao\/#breadcrumb","itemListElement":[{"@type":"ListItem","position":1,"name":"In\u00edcio","item":"https:\/\/maranhaotv.com.br\/"},{"@type":"ListItem","position":2,"name":"Magrado Barros mostra for\u00e7a em conven\u00e7\u00e3o e segue como favorito para reelei\u00e7\u00e3o"}]},{"@type":"WebSite","@id":"https:\/\/maranhaotv.com.br\/#website","url":"https:\/\/maranhaotv.com.br\/","name":"Maranh\u00e3oTV","description":"","publisher":{"@id":"https:\/\/maranhaotv.com.br\/#organization"},"potentialAction":[{"@type":"SearchAction","target":{"@type":"EntryPoint","urlTemplate":"https:\/\/maranhaotv.com.br\/?s={search_term_string}"},"query-input":{"@type":"PropertyValueSpecification","valueRequired":true,"valueName":"search_term_string"}}],"inLanguage":"pt-BR"},{"@type":"Organization","@id":"https:\/\/maranhaotv.com.br\/#organization","name":"Portal de Not\u00edcias","url":"https:\/\/maranhaotv.com.br\/","logo":{"@type":"ImageObject","inLanguage":"pt-BR","@id":"https:\/\/maranhaotv.com.br\/#\/schema\/logo\/image\/","url":"https:\/\/maranhaotv.com.br\/wp-content\/uploads\/2024\/05\/cropped-cropped-avatar-1.png","contentUrl":"https:\/\/maranhaotv.com.br\/wp-content\/uploads\/2024\/05\/cropped-cropped-avatar-1.png","width":792,"height":428,"caption":"Portal de Not\u00edcias"},"image":{"@id":"https:\/\/maranhaotv.com.br\/#\/schema\/logo\/image\/"},"sameAs":["https:\/\/www.facebook.com\/maiobaotv","https:\/\/x.com\/sitemaranhaotv","https:\/\/www.instagram.com\/maranhao.tv","https:\/\/www.threads.net\/@maranhao.tv"]},{"@type":"Person","@id":"https:\/\/maranhaotv.com.br\/#\/schema\/person\/3d54238e86b20bb5c89ab2fdb8f8829a","name":"maranhaotv","image":{"@type":"ImageObject","inLanguage":"pt-BR","@id":"https:\/\/secure.gravatar.com\/avatar\/8fadbca458d4cb68b1dd399ae9a40618d747bb1af65ac9fad21c89220a143eb4?s=96&d=mm&r=g","url":"https:\/\/secure.gravatar.com\/avatar\/8fadbca458d4cb68b1dd399ae9a40618d747bb1af65ac9fad21c89220a143eb4?s=96&d=mm&r=g","contentUrl":"https:\/\/secure.gravatar.com\/avatar\/8fadbca458d4cb68b1dd399ae9a40618d747bb1af65ac9fad21c89220a143eb4?s=96&d=mm&r=g","caption":"maranhaotv"},"sameAs":["https:\/\/maranhaotv.com.br\/"],"url":"https:\/\/maranhaotv.com.br\/index.php\/author\/maranhaotv\/"}]}},"jetpack_featured_media_url":"","jetpack_sharing_enabled":true,"_links":{"self":[{"href":"https:\/\/maranhaotv.com.br\/index.php\/wp-json\/wp\/v2\/posts\/14742","targetHints":{"allow":["GET"]}}],"collection":[{"href":"https:\/\/maranhaotv.com.br\/index.php\/wp-json\/wp\/v2\/posts"}],"about":[{"href":"https:\/\/maranhaotv.com.br\/index.php\/wp-json\/wp\/v2\/types\/post"}],"author":[{"embeddable":true,"href":"https:\/\/maranhaotv.com.br\/index.php\/wp-json\/wp\/v2\/users\/2"}],"replies":[{"embeddable":true,"href":"https:\/\/maranhaotv.com.br\/index.php\/wp-json\/wp\/v2\/comments?post=14742"}],"version-history":[{"count":0,"href":"https:\/\/maranhaotv.com.br\/index.php\/wp-json\/wp\/v2\/posts\/14742\/revisions"}],"wp:featuredmedia":[{"embeddable":true,"href":"https:\/\/maranhaotv.com.br\/index.php\/wp-json\/"}],"wp:attachment":[{"href":"https:\/\/maranhaotv.com.br\/index.php\/wp-json\/wp\/v2\/media?parent=14742"}],"wp:term":[{"taxonomy":"category","embeddable":true,"href":"https:\/\/maranhaotv.com.br\/index.php\/wp-json\/wp\/v2\/categories?post=14742"},{"taxonomy":"post_tag","embeddable":true,"href":"https:\/\/maranhaotv.com.br\/index.php\/wp-json\/wp\/v2\/tags?post=14742"}],"curies":[{"name":"wp","href":"https:\/\/api.w.org\/{rel}","templated":true}]}}