{"id":14770,"date":"2020-09-14T17:59:59","date_gmt":"2020-09-14T20:59:59","guid":{"rendered":"https:\/\/maiobaotv.com.br\/?p=14770"},"modified":"2020-09-14T17:59:59","modified_gmt":"2020-09-14T20:59:59","slug":"sem-nocao-inaldo-pereira-troca-nome-da-prefeita-de-paco-em-plena-convencao","status":"publish","type":"post","link":"https:\/\/maranhaotv.com.br\/index.php\/2020\/09\/14\/sem-nocao-inaldo-pereira-troca-nome-da-prefeita-de-paco-em-plena-convencao\/","title":{"rendered":"Sem no\u00e7\u00e3o: Inaldo Pereira troca nome da prefeita de Pa\u00e7o do  Lumiar em plena conven\u00e7\u00e3o"},"content":{"rendered":"<h5>Em discurso sem sentido, Inaldo chamou Irlahi que \u00e9 prefeita de Ros\u00e1rio de prefeita de Pa\u00e7o do Lumiar<\/h5>\n<h5><\/h5>\n<p>Uma cena hil\u00e1ria marcou a conven\u00e7\u00e3o dos partidos da base para a reelei\u00e7\u00e3o da prefeita Paula da Pindoba (PCdoB). O candidato a vice na chapa da prefeita mostrou que \u00e9 completamente despreparado ou que n\u00e3o conhece a pr\u00f3pria companheira ao confundi-la com a prefeita de Ros\u00e1rio, o fato deixou a prefeita Paula visivelmente irritada.<\/p>\n<p>O evento n\u00e3o foi prestigiado pela classe pol\u00edtica estadual, o que mostra a evidente falta de habilidade pol\u00edtica do grupo da prefeita interina.<\/p>\n<p>Veja o v\u00eddeo:<\/p>\n<div style=\"width: 640px;\" class=\"wp-video\"><video class=\"size-full\" id=\"video-14770-1\" width=\"640\" height=\"360\" preload=\"metadata\" controls=\"controls\"><source type=\"video\/mp4\" src=\"https:\/\/maiobaotv.com.br\/wp-content\/uploads\/2020\/09\/VID-20200914-WA0214.mp4?_=1\" \/><a href=\"https:\/\/maiobaotv.com.br\/wp-content\/uploads\/2020\/09\/VID-20200914-WA0214.mp4\">https:\/\/maiobaotv.com.br\/wp-content\/uploads\/2020\/09\/VID-20200914-WA0214.mp4<\/a><\/video><\/div>\n","protected":false},"excerpt":{"rendered":"<p>Em discurso sem sentido, Inaldo chamou Irlahi que \u00e9 prefeita de Ros\u00e1rio de prefeita de Pa\u00e7o do Lumiar Uma cena<\/p>\n","protected":false},"author":2,"featured_media":14774,"comment_status":"open","ping_status":"open","sticky":false,"template":"","format":"standard","meta":{"colormag_page_container_layout":"default_layout","colormag_page_sidebar_layout":"default_layout","_jetpack_memberships_contains_paid_content":false,"footnotes":""},"categories":[2,6],"tags":[236,116],"class_list":["post-14770","post","type-post","status-publish","format-standard","has-post-thumbnail","hentry","category-noticias","category-politica","tag-inaldo-pereira","tag-paula-da-pindoba"],"magazineBlocksPostFeaturedMedia":{"thumbnail":false,"medium":false,"medium_large":false,"large":false,"1536x1536":false,"2048x2048":false,"colormag-highlighted-post":false,"colormag-featured-post-medium":false,"colormag-featured-post-small":false,"colormag-featured-image":false,"colormag-default-news":false,"colormag-featured-image-large":false},"magazineBlocksPostAuthor":{"name":"maranhaotv","avatar":"https:\/\/secure.gravatar.com\/avatar\/8fadbca458d4cb68b1dd399ae9a40618d747bb1af65ac9fad21c89220a143eb4?s=96&d=mm&r=g"},"magazineBlocksPostCommentsNumber":"0","magazineBlocksPostExcerpt":"Em discurso sem sentido, Inaldo chamou Irlahi que \u00e9 prefeita de Ros\u00e1rio de prefeita de Pa\u00e7o do Lumiar Uma cena","magazineBlocksPostCategories":["not\u00edcias","pol\u00edtica"],"magazineBlocksPostViewCount":187,"magazineBlocksPostReadTime":1,"magazine_blocks_featured_image_url":{"full":false,"medium":false,"thumbnail":false},"magazine_blocks_author":{"display_name":"maranhaotv","author_link":"https:\/\/maranhaotv.com.br\/index.php\/author\/maranhaotv\/"},"magazine_blocks_comment":0,"magazine_blocks_author_image":"https:\/\/secure.gravatar.com\/avatar\/8fadbca458d4cb68b1dd399ae9a40618d747bb1af65ac9fad21c89220a143eb4?s=96&d=mm&r=g","magazine_blocks_category":"<a href=\"#\" class=\"category-link category-link-2\">not\u00edcias<\/a> <a href=\"#\" class=\"category-link category-link-6\">pol\u00edtica<\/a>","yoast_head":"<!-- This site is optimized with the Yoast SEO plugin v27.4 - https:\/\/yoast.com\/product\/yoast-seo-wordpress\/ -->\n<title>Sem no\u00e7\u00e3o: Inaldo Pereira troca nome da prefeita de Pa\u00e7o do Lumiar em plena conven\u00e7\u00e3o - NOT\u00cdCIAS EM TEMPO REAL<\/title>\n<meta name=\"robots\" content=\"index, follow, max-snippet:-1, max-image-preview:large, max-video-preview:-1\" \/>\n<link rel=\"canonical\" href=\"https:\/\/maranhaotv.com.br\/index.php\/2020\/09\/14\/sem-nocao-inaldo-pereira-troca-nome-da-prefeita-de-paco-em-plena-convencao\/\" \/>\n<meta property=\"og:locale\" content=\"pt_BR\" \/>\n<meta property=\"og:type\" content=\"article\" \/>\n<meta property=\"og:title\" content=\"Sem no\u00e7\u00e3o: Inaldo Pereira troca nome da prefeita de Pa\u00e7o do Lumiar em plena conven\u00e7\u00e3o - NOT\u00cdCIAS EM TEMPO REAL\" \/>\n<meta property=\"og:description\" content=\"Em discurso sem sentido, Inaldo chamou Irlahi que \u00e9 prefeita de Ros\u00e1rio de prefeita de Pa\u00e7o do Lumiar Uma cena\" \/>\n<meta property=\"og:url\" content=\"https:\/\/maranhaotv.com.br\/index.php\/2020\/09\/14\/sem-nocao-inaldo-pereira-troca-nome-da-prefeita-de-paco-em-plena-convencao\/\" \/>\n<meta property=\"og:site_name\" content=\"NOT\u00cdCIAS EM TEMPO REAL\" \/>\n<meta property=\"article:publisher\" content=\"https:\/\/www.facebook.com\/maiobaotv\" \/>\n<meta property=\"article:published_time\" content=\"2020-09-14T20:59:59+00:00\" \/>\n<meta name=\"author\" content=\"maranhaotv\" \/>\n<meta name=\"twitter:card\" content=\"summary_large_image\" \/>\n<meta name=\"twitter:creator\" content=\"@sitemaranhaotv\" \/>\n<meta name=\"twitter:site\" content=\"@sitemaranhaotv\" \/>\n<meta name=\"twitter:label1\" content=\"Escrito por\" \/>\n\t<meta name=\"twitter:data1\" content=\"maranhaotv\" \/>\n\t<meta name=\"twitter:label2\" content=\"Est. tempo de leitura\" \/>\n\t<meta name=\"twitter:data2\" content=\"1 minuto\" \/>\n<script type=\"application\/ld+json\" class=\"yoast-schema-graph\">{\"@context\":\"https:\\\/\\\/schema.org\",\"@graph\":[{\"@type\":\"Article\",\"@id\":\"https:\\\/\\\/maranhaotv.com.br\\\/index.php\\\/2020\\\/09\\\/14\\\/sem-nocao-inaldo-pereira-troca-nome-da-prefeita-de-paco-em-plena-convencao\\\/#article\",\"isPartOf\":{\"@id\":\"https:\\\/\\\/maranhaotv.com.br\\\/index.php\\\/2020\\\/09\\\/14\\\/sem-nocao-inaldo-pereira-troca-nome-da-prefeita-de-paco-em-plena-convencao\\\/\"},\"author\":{\"name\":\"maranhaotv\",\"@id\":\"https:\\\/\\\/maranhaotv.com.br\\\/#\\\/schema\\\/person\\\/3d54238e86b20bb5c89ab2fdb8f8829a\"},\"headline\":\"Sem no\u00e7\u00e3o: Inaldo Pereira troca nome da prefeita de Pa\u00e7o do Lumiar em plena conven\u00e7\u00e3o\",\"datePublished\":\"2020-09-14T20:59:59+00:00\",\"mainEntityOfPage\":{\"@id\":\"https:\\\/\\\/maranhaotv.com.br\\\/index.php\\\/2020\\\/09\\\/14\\\/sem-nocao-inaldo-pereira-troca-nome-da-prefeita-de-paco-em-plena-convencao\\\/\"},\"wordCount\":148,\"commentCount\":0,\"publisher\":{\"@id\":\"https:\\\/\\\/maranhaotv.com.br\\\/#organization\"},\"image\":{\"@id\":\"https:\\\/\\\/maranhaotv.com.br\\\/index.php\\\/2020\\\/09\\\/14\\\/sem-nocao-inaldo-pereira-troca-nome-da-prefeita-de-paco-em-plena-convencao\\\/#primaryimage\"},\"thumbnailUrl\":\"\",\"keywords\":[\"Inaldo Pereira\",\"Paula da Pindoba\"],\"articleSection\":[\"not\u00edcias\",\"pol\u00edtica\"],\"inLanguage\":\"pt-BR\",\"potentialAction\":[{\"@type\":\"CommentAction\",\"name\":\"Comment\",\"target\":[\"https:\\\/\\\/maranhaotv.com.br\\\/index.php\\\/2020\\\/09\\\/14\\\/sem-nocao-inaldo-pereira-troca-nome-da-prefeita-de-paco-em-plena-convencao\\\/#respond\"]}]},{\"@type\":\"WebPage\",\"@id\":\"https:\\\/\\\/maranhaotv.com.br\\\/index.php\\\/2020\\\/09\\\/14\\\/sem-nocao-inaldo-pereira-troca-nome-da-prefeita-de-paco-em-plena-convencao\\\/\",\"url\":\"https:\\\/\\\/maranhaotv.com.br\\\/index.php\\\/2020\\\/09\\\/14\\\/sem-nocao-inaldo-pereira-troca-nome-da-prefeita-de-paco-em-plena-convencao\\\/\",\"name\":\"Sem no\u00e7\u00e3o: Inaldo Pereira troca nome da prefeita de Pa\u00e7o do Lumiar em plena conven\u00e7\u00e3o - NOT\u00cdCIAS EM TEMPO REAL\",\"isPartOf\":{\"@id\":\"https:\\\/\\\/maranhaotv.com.br\\\/#website\"},\"primaryImageOfPage\":{\"@id\":\"https:\\\/\\\/maranhaotv.com.br\\\/index.php\\\/2020\\\/09\\\/14\\\/sem-nocao-inaldo-pereira-troca-nome-da-prefeita-de-paco-em-plena-convencao\\\/#primaryimage\"},\"image\":{\"@id\":\"https:\\\/\\\/maranhaotv.com.br\\\/index.php\\\/2020\\\/09\\\/14\\\/sem-nocao-inaldo-pereira-troca-nome-da-prefeita-de-paco-em-plena-convencao\\\/#primaryimage\"},\"thumbnailUrl\":\"\",\"datePublished\":\"2020-09-14T20:59:59+00:00\",\"breadcrumb\":{\"@id\":\"https:\\\/\\\/maranhaotv.com.br\\\/index.php\\\/2020\\\/09\\\/14\\\/sem-nocao-inaldo-pereira-troca-nome-da-prefeita-de-paco-em-plena-convencao\\\/#breadcrumb\"},\"inLanguage\":\"pt-BR\",\"potentialAction\":[{\"@type\":\"ReadAction\",\"target\":[\"https:\\\/\\\/maranhaotv.com.br\\\/index.php\\\/2020\\\/09\\\/14\\\/sem-nocao-inaldo-pereira-troca-nome-da-prefeita-de-paco-em-plena-convencao\\\/\"]}]},{\"@type\":\"ImageObject\",\"inLanguage\":\"pt-BR\",\"@id\":\"https:\\\/\\\/maranhaotv.com.br\\\/index.php\\\/2020\\\/09\\\/14\\\/sem-nocao-inaldo-pereira-troca-nome-da-prefeita-de-paco-em-plena-convencao\\\/#primaryimage\",\"url\":\"\",\"contentUrl\":\"\"},{\"@type\":\"BreadcrumbList\",\"@id\":\"https:\\\/\\\/maranhaotv.com.br\\\/index.php\\\/2020\\\/09\\\/14\\\/sem-nocao-inaldo-pereira-troca-nome-da-prefeita-de-paco-em-plena-convencao\\\/#breadcrumb\",\"itemListElement\":[{\"@type\":\"ListItem\",\"position\":1,\"name\":\"In\u00edcio\",\"item\":\"https:\\\/\\\/maranhaotv.com.br\\\/\"},{\"@type\":\"ListItem\",\"position\":2,\"name\":\"Sem no\u00e7\u00e3o: Inaldo Pereira troca nome da prefeita de Pa\u00e7o do Lumiar em plena conven\u00e7\u00e3o\"}]},{\"@type\":\"WebSite\",\"@id\":\"https:\\\/\\\/maranhaotv.com.br\\\/#website\",\"url\":\"https:\\\/\\\/maranhaotv.com.br\\\/\",\"name\":\"Maranh\u00e3oTV\",\"description\":\"\",\"publisher\":{\"@id\":\"https:\\\/\\\/maranhaotv.com.br\\\/#organization\"},\"potentialAction\":[{\"@type\":\"SearchAction\",\"target\":{\"@type\":\"EntryPoint\",\"urlTemplate\":\"https:\\\/\\\/maranhaotv.com.br\\\/?s={search_term_string}\"},\"query-input\":{\"@type\":\"PropertyValueSpecification\",\"valueRequired\":true,\"valueName\":\"search_term_string\"}}],\"inLanguage\":\"pt-BR\"},{\"@type\":\"Organization\",\"@id\":\"https:\\\/\\\/maranhaotv.com.br\\\/#organization\",\"name\":\"Portal de Not\u00edcias\",\"url\":\"https:\\\/\\\/maranhaotv.com.br\\\/\",\"logo\":{\"@type\":\"ImageObject\",\"inLanguage\":\"pt-BR\",\"@id\":\"https:\\\/\\\/maranhaotv.com.br\\\/#\\\/schema\\\/logo\\\/image\\\/\",\"url\":\"https:\\\/\\\/maranhaotv.com.br\\\/wp-content\\\/uploads\\\/2024\\\/05\\\/cropped-cropped-avatar-1.png\",\"contentUrl\":\"https:\\\/\\\/maranhaotv.com.br\\\/wp-content\\\/uploads\\\/2024\\\/05\\\/cropped-cropped-avatar-1.png\",\"width\":792,\"height\":428,\"caption\":\"Portal de Not\u00edcias\"},\"image\":{\"@id\":\"https:\\\/\\\/maranhaotv.com.br\\\/#\\\/schema\\\/logo\\\/image\\\/\"},\"sameAs\":[\"https:\\\/\\\/www.facebook.com\\\/maiobaotv\",\"https:\\\/\\\/x.com\\\/sitemaranhaotv\",\"https:\\\/\\\/www.instagram.com\\\/maranhao.tv\",\"https:\\\/\\\/www.threads.net\\\/@maranhao.tv\"]},{\"@type\":\"Person\",\"@id\":\"https:\\\/\\\/maranhaotv.com.br\\\/#\\\/schema\\\/person\\\/3d54238e86b20bb5c89ab2fdb8f8829a\",\"name\":\"maranhaotv\",\"image\":{\"@type\":\"ImageObject\",\"inLanguage\":\"pt-BR\",\"@id\":\"https:\\\/\\\/secure.gravatar.com\\\/avatar\\\/8fadbca458d4cb68b1dd399ae9a40618d747bb1af65ac9fad21c89220a143eb4?s=96&d=mm&r=g\",\"url\":\"https:\\\/\\\/secure.gravatar.com\\\/avatar\\\/8fadbca458d4cb68b1dd399ae9a40618d747bb1af65ac9fad21c89220a143eb4?s=96&d=mm&r=g\",\"contentUrl\":\"https:\\\/\\\/secure.gravatar.com\\\/avatar\\\/8fadbca458d4cb68b1dd399ae9a40618d747bb1af65ac9fad21c89220a143eb4?s=96&d=mm&r=g\",\"caption\":\"maranhaotv\"},\"sameAs\":[\"https:\\\/\\\/maranhaotv.com.br\\\/\"],\"url\":\"https:\\\/\\\/maranhaotv.com.br\\\/index.php\\\/author\\\/maranhaotv\\\/\"}]}<\/script>\n<!-- \/ Yoast SEO plugin. -->","yoast_head_json":{"title":"Sem no\u00e7\u00e3o: Inaldo Pereira troca nome da prefeita de Pa\u00e7o do Lumiar em plena conven\u00e7\u00e3o - NOT\u00cdCIAS EM TEMPO REAL","robots":{"index":"index","follow":"follow","max-snippet":"max-snippet:-1","max-image-preview":"max-image-preview:large","max-video-preview":"max-video-preview:-1"},"canonical":"https:\/\/maranhaotv.com.br\/index.php\/2020\/09\/14\/sem-nocao-inaldo-pereira-troca-nome-da-prefeita-de-paco-em-plena-convencao\/","og_locale":"pt_BR","og_type":"article","og_title":"Sem no\u00e7\u00e3o: Inaldo Pereira troca nome da prefeita de Pa\u00e7o do Lumiar em plena conven\u00e7\u00e3o - NOT\u00cdCIAS EM TEMPO REAL","og_description":"Em discurso sem sentido, Inaldo chamou Irlahi que \u00e9 prefeita de Ros\u00e1rio de prefeita de Pa\u00e7o do Lumiar Uma cena","og_url":"https:\/\/maranhaotv.com.br\/index.php\/2020\/09\/14\/sem-nocao-inaldo-pereira-troca-nome-da-prefeita-de-paco-em-plena-convencao\/","og_site_name":"NOT\u00cdCIAS EM TEMPO REAL","article_publisher":"https:\/\/www.facebook.com\/maiobaotv","article_published_time":"2020-09-14T20:59:59+00:00","author":"maranhaotv","twitter_card":"summary_large_image","twitter_creator":"@sitemaranhaotv","twitter_site":"@sitemaranhaotv","twitter_misc":{"Escrito por":"maranhaotv","Est. tempo de leitura":"1 minuto"},"schema":{"@context":"https:\/\/schema.org","@graph":[{"@type":"Article","@id":"https:\/\/maranhaotv.com.br\/index.php\/2020\/09\/14\/sem-nocao-inaldo-pereira-troca-nome-da-prefeita-de-paco-em-plena-convencao\/#article","isPartOf":{"@id":"https:\/\/maranhaotv.com.br\/index.php\/2020\/09\/14\/sem-nocao-inaldo-pereira-troca-nome-da-prefeita-de-paco-em-plena-convencao\/"},"author":{"name":"maranhaotv","@id":"https:\/\/maranhaotv.com.br\/#\/schema\/person\/3d54238e86b20bb5c89ab2fdb8f8829a"},"headline":"Sem no\u00e7\u00e3o: Inaldo Pereira troca nome da prefeita de Pa\u00e7o do Lumiar em plena conven\u00e7\u00e3o","datePublished":"2020-09-14T20:59:59+00:00","mainEntityOfPage":{"@id":"https:\/\/maranhaotv.com.br\/index.php\/2020\/09\/14\/sem-nocao-inaldo-pereira-troca-nome-da-prefeita-de-paco-em-plena-convencao\/"},"wordCount":148,"commentCount":0,"publisher":{"@id":"https:\/\/maranhaotv.com.br\/#organization"},"image":{"@id":"https:\/\/maranhaotv.com.br\/index.php\/2020\/09\/14\/sem-nocao-inaldo-pereira-troca-nome-da-prefeita-de-paco-em-plena-convencao\/#primaryimage"},"thumbnailUrl":"","keywords":["Inaldo Pereira","Paula da Pindoba"],"articleSection":["not\u00edcias","pol\u00edtica"],"inLanguage":"pt-BR","potentialAction":[{"@type":"CommentAction","name":"Comment","target":["https:\/\/maranhaotv.com.br\/index.php\/2020\/09\/14\/sem-nocao-inaldo-pereira-troca-nome-da-prefeita-de-paco-em-plena-convencao\/#respond"]}]},{"@type":"WebPage","@id":"https:\/\/maranhaotv.com.br\/index.php\/2020\/09\/14\/sem-nocao-inaldo-pereira-troca-nome-da-prefeita-de-paco-em-plena-convencao\/","url":"https:\/\/maranhaotv.com.br\/index.php\/2020\/09\/14\/sem-nocao-inaldo-pereira-troca-nome-da-prefeita-de-paco-em-plena-convencao\/","name":"Sem no\u00e7\u00e3o: Inaldo Pereira troca nome da prefeita de Pa\u00e7o do Lumiar em plena conven\u00e7\u00e3o - NOT\u00cdCIAS EM TEMPO REAL","isPartOf":{"@id":"https:\/\/maranhaotv.com.br\/#website"},"primaryImageOfPage":{"@id":"https:\/\/maranhaotv.com.br\/index.php\/2020\/09\/14\/sem-nocao-inaldo-pereira-troca-nome-da-prefeita-de-paco-em-plena-convencao\/#primaryimage"},"image":{"@id":"https:\/\/maranhaotv.com.br\/index.php\/2020\/09\/14\/sem-nocao-inaldo-pereira-troca-nome-da-prefeita-de-paco-em-plena-convencao\/#primaryimage"},"thumbnailUrl":"","datePublished":"2020-09-14T20:59:59+00:00","breadcrumb":{"@id":"https:\/\/maranhaotv.com.br\/index.php\/2020\/09\/14\/sem-nocao-inaldo-pereira-troca-nome-da-prefeita-de-paco-em-plena-convencao\/#breadcrumb"},"inLanguage":"pt-BR","potentialAction":[{"@type":"ReadAction","target":["https:\/\/maranhaotv.com.br\/index.php\/2020\/09\/14\/sem-nocao-inaldo-pereira-troca-nome-da-prefeita-de-paco-em-plena-convencao\/"]}]},{"@type":"ImageObject","inLanguage":"pt-BR","@id":"https:\/\/maranhaotv.com.br\/index.php\/2020\/09\/14\/sem-nocao-inaldo-pereira-troca-nome-da-prefeita-de-paco-em-plena-convencao\/#primaryimage","url":"","contentUrl":""},{"@type":"BreadcrumbList","@id":"https:\/\/maranhaotv.com.br\/index.php\/2020\/09\/14\/sem-nocao-inaldo-pereira-troca-nome-da-prefeita-de-paco-em-plena-convencao\/#breadcrumb","itemListElement":[{"@type":"ListItem","position":1,"name":"In\u00edcio","item":"https:\/\/maranhaotv.com.br\/"},{"@type":"ListItem","position":2,"name":"Sem no\u00e7\u00e3o: Inaldo Pereira troca nome da prefeita de Pa\u00e7o do Lumiar em plena conven\u00e7\u00e3o"}]},{"@type":"WebSite","@id":"https:\/\/maranhaotv.com.br\/#website","url":"https:\/\/maranhaotv.com.br\/","name":"Maranh\u00e3oTV","description":"","publisher":{"@id":"https:\/\/maranhaotv.com.br\/#organization"},"potentialAction":[{"@type":"SearchAction","target":{"@type":"EntryPoint","urlTemplate":"https:\/\/maranhaotv.com.br\/?s={search_term_string}"},"query-input":{"@type":"PropertyValueSpecification","valueRequired":true,"valueName":"search_term_string"}}],"inLanguage":"pt-BR"},{"@type":"Organization","@id":"https:\/\/maranhaotv.com.br\/#organization","name":"Portal de Not\u00edcias","url":"https:\/\/maranhaotv.com.br\/","logo":{"@type":"ImageObject","inLanguage":"pt-BR","@id":"https:\/\/maranhaotv.com.br\/#\/schema\/logo\/image\/","url":"https:\/\/maranhaotv.com.br\/wp-content\/uploads\/2024\/05\/cropped-cropped-avatar-1.png","contentUrl":"https:\/\/maranhaotv.com.br\/wp-content\/uploads\/2024\/05\/cropped-cropped-avatar-1.png","width":792,"height":428,"caption":"Portal de Not\u00edcias"},"image":{"@id":"https:\/\/maranhaotv.com.br\/#\/schema\/logo\/image\/"},"sameAs":["https:\/\/www.facebook.com\/maiobaotv","https:\/\/x.com\/sitemaranhaotv","https:\/\/www.instagram.com\/maranhao.tv","https:\/\/www.threads.net\/@maranhao.tv"]},{"@type":"Person","@id":"https:\/\/maranhaotv.com.br\/#\/schema\/person\/3d54238e86b20bb5c89ab2fdb8f8829a","name":"maranhaotv","image":{"@type":"ImageObject","inLanguage":"pt-BR","@id":"https:\/\/secure.gravatar.com\/avatar\/8fadbca458d4cb68b1dd399ae9a40618d747bb1af65ac9fad21c89220a143eb4?s=96&d=mm&r=g","url":"https:\/\/secure.gravatar.com\/avatar\/8fadbca458d4cb68b1dd399ae9a40618d747bb1af65ac9fad21c89220a143eb4?s=96&d=mm&r=g","contentUrl":"https:\/\/secure.gravatar.com\/avatar\/8fadbca458d4cb68b1dd399ae9a40618d747bb1af65ac9fad21c89220a143eb4?s=96&d=mm&r=g","caption":"maranhaotv"},"sameAs":["https:\/\/maranhaotv.com.br\/"],"url":"https:\/\/maranhaotv.com.br\/index.php\/author\/maranhaotv\/"}]}},"jetpack_featured_media_url":"","jetpack_sharing_enabled":true,"_links":{"self":[{"href":"https:\/\/maranhaotv.com.br\/index.php\/wp-json\/wp\/v2\/posts\/14770","targetHints":{"allow":["GET"]}}],"collection":[{"href":"https:\/\/maranhaotv.com.br\/index.php\/wp-json\/wp\/v2\/posts"}],"about":[{"href":"https:\/\/maranhaotv.com.br\/index.php\/wp-json\/wp\/v2\/types\/post"}],"author":[{"embeddable":true,"href":"https:\/\/maranhaotv.com.br\/index.php\/wp-json\/wp\/v2\/users\/2"}],"replies":[{"embeddable":true,"href":"https:\/\/maranhaotv.com.br\/index.php\/wp-json\/wp\/v2\/comments?post=14770"}],"version-history":[{"count":0,"href":"https:\/\/maranhaotv.com.br\/index.php\/wp-json\/wp\/v2\/posts\/14770\/revisions"}],"wp:featuredmedia":[{"embeddable":true,"href":"https:\/\/maranhaotv.com.br\/index.php\/wp-json\/"}],"wp:attachment":[{"href":"https:\/\/maranhaotv.com.br\/index.php\/wp-json\/wp\/v2\/media?parent=14770"}],"wp:term":[{"taxonomy":"category","embeddable":true,"href":"https:\/\/maranhaotv.com.br\/index.php\/wp-json\/wp\/v2\/categories?post=14770"},{"taxonomy":"post_tag","embeddable":true,"href":"https:\/\/maranhaotv.com.br\/index.php\/wp-json\/wp\/v2\/tags?post=14770"}],"curies":[{"name":"wp","href":"https:\/\/api.w.org\/{rel}","templated":true}]}}