{"id":14825,"date":"2020-09-15T17:01:21","date_gmt":"2020-09-15T20:01:21","guid":{"rendered":"https:\/\/maiobaotv.com.br\/?p=14825"},"modified":"2020-09-15T17:01:21","modified_gmt":"2020-09-15T20:01:21","slug":"cururupu-psb-homologa-candidatura-de-aldo-lopes-a-prefeito","status":"publish","type":"post","link":"https:\/\/maranhaotv.com.br\/index.php\/2020\/09\/15\/cururupu-psb-homologa-candidatura-de-aldo-lopes-a-prefeito\/","title":{"rendered":"Cururupu: PSB homologa candidatura de Aldo Lopes a prefeito"},"content":{"rendered":"<p style=\"box-sizing:inherit; margin-top:0px; margin-bottom:3rem; font-family:var(--secondary-font); font-size:16px; line-height:1.7; color:rgb(73,78,81); font-style:normal; font-variant-ligatures:normal; font-variant-caps:normal; font-weight:400; letter-spacing:normal; orphans:2text-indent:0px; text-transform:none; white-space:normal; widows:2; word-spacing:0px; -webkit-text-stroke-width:0px; background-color:rgb(255,255,255); text-decoration-style:initial; text-decoration-color:initial; text-align:left;\">Foi em clima de muita festa que aconteceu durante todo o domingo (13), a Conven\u00e7\u00e3o do Partido Socialista Brasileira (PSB), na cidade de Cururupu. O evento confirmou a candidatura de Aldo Lopes para prefeito e Gustavo Pestana para vice. Uma multid\u00e3o de pessoas estiveram no local da conven\u00e7\u00e3o para prestigiar o evento. Como forma de evitar qualquer risco de dissemina\u00e7\u00e3o da Covid 19, e seguindo todas as recomenda\u00e7\u00f5es das autoridades, os protocolos sanit\u00e1rios foram rigorosamente respeitados, barreira sanit\u00e1ria, com profissionais da sa\u00fade foi instalada no acesso ao evento.<\/p>\n<p style=\"box-sizing:inherit; margin-top:0px; margin-bottom:3rem; font-family:var(--secondary-font); font-size:16px; line-height:1.7; color:rgb(73,78,81); font-style:normal; font-variant-ligatures:normal; font-variant-caps:normal; font-weight:400; letter-spacing:normal; orphans:2text-indent:0px; text-transform:none; white-space:normal; widows:2; word-spacing:0px; -webkit-text-stroke-width:0px; background-color:rgb(255,255,255); text-decoration-style:initial; text-decoration-color:initial; text-align:left;\">A coliga\u00e7\u00e3o recebeu o nome de \u201cPra frente Cururupu\u201d, encabe\u00e7ada pelo PSB e PDT, a chapa conta ainda com mais quatro partidos, s\u00e3o eles: PP, PTB, PMN e PSOL. Al\u00e9m dos nomes de Aldo Lopes e Gustavo Pestana, a conven\u00e7\u00e3o confirmou os nomes de 55 candidatos a vereadores divididos entre os seis partidos que formam a chapa da disputa proporcional em Cururupu.<\/p>\n<p style=\"box-sizing:inherit; margin-top:0px; margin-bottom:3rem; font-family:var(--secondary-font); font-size:16px; line-height:1.7; color:rgb(73,78,81); font-style:normal; font-variant-ligatures:normal; font-variant-caps:normal; font-weight:400; letter-spacing:normal; orphans:2text-indent:0px; text-transform:none; white-space:normal; widows:2; word-spacing:0px; -webkit-text-stroke-width:0px; background-color:rgb(255,255,255); text-decoration-style:initial; text-decoration-color:initial; text-align:left;\"><img loading=\"lazy\" decoding=\"async\" class=\"alignnone wp-image-22201\" src=\"https:\/\/icururupu.com.br\/wp-content\/uploads\/2020\/09\/amigos-400x267.jpeg\" alt=\"\" width=\"822\" height=\"549\" srcset=\"https:\/\/icururupu.com.br\/wp-content\/uploads\/2020\/09\/amigos-400x267.jpeg 400w, https:\/\/icururupu.com.br\/wp-content\/uploads\/2020\/09\/amigos-768x512.jpeg 768w, https:\/\/icururupu.com.br\/wp-content\/uploads\/2020\/09\/amigos-750x500.jpeg 750w, https:\/\/icururupu.com.br\/wp-content\/uploads\/2020\/09\/amigos-1140x760.jpeg 1140w, https:\/\/icururupu.com.br\/wp-content\/uploads\/2020\/09\/amigos.jpeg 1280w\" sizes=\"auto, (max-width: 822px) 100vw, 822px\" style=\"box-sizing: inherit; vertical-align: middle; border: 0px; height: auto; max-width: 100%;\"><\/p>\n<p style=\"box-sizing:inherit; margin-top:0px; margin-bottom:3rem; font-family:var(--secondary-font); font-size:16px; line-height:1.7; color:rgb(73,78,81); font-style:normal; font-variant-ligatures:normal; font-variant-caps:normal; font-weight:400; letter-spacing:normal; orphans:2text-indent:0px; text-transform:none; white-space:normal; widows:2; word-spacing:0px; -webkit-text-stroke-width:0px; background-color:rgb(255,255,255); text-decoration-style:initial; text-decoration-color:initial; text-align:left;\">O vento foi iniciado com a fala do Dr. Francisco Coelho, um dos advogados da coliga\u00e7\u00e3o, o qual explicou para o p\u00fablico presente a elegibilidade de Aldo Lopes, e afirmou que n\u00e3o existe qualquer impedimento ou risco que possa inviabilizar a candidatura de Aldo Lopes, uma vez que todos os direitos do candidato, seja ele pol\u00edtico ou civil est\u00e1 garantidos, inclusive as certid\u00f5es nos \u00f3rg\u00e3os de fiscaliza\u00e7\u00e3o comprovam isso, garantiu o advogado.<\/p>\n<p style=\"box-sizing:inherit; margin-top:0px; margin-bottom:3rem; font-family:var(--secondary-font); font-size:16px; line-height:1.7; color:rgb(73,78,81); font-style:normal; font-variant-ligatures:normal; font-variant-caps:normal; font-weight:400; letter-spacing:normal; orphans:2text-indent:0px; text-transform:none; white-space:normal; widows:2; word-spacing:0px; -webkit-text-stroke-width:0px; background-color:rgb(255,255,255); text-decoration-style:initial; text-decoration-color:initial; text-align:left;\">Cururupu teve um domingo at\u00edpico, durante todo o dia a cidade esteve em um intenso movimento de pessoas vindo de todos os cantos do munic\u00edpio, tudo para garantir um lugar na primeira conven\u00e7\u00e3o para as elei\u00e7\u00f5es de 2020 realizada no munic\u00edpio. Aldo Lopes e Gustavo Pestana receberam in\u00fameras demonstra\u00e7\u00f5es de apoio ao projeto pol\u00edtico, vindo de diversos setores da sociedade e da pol\u00edtica estadual, como por exemplo, do deputado estadual e Chefe da Casa Civil do governo do Maranh\u00e3o, Marcelo Tavares, do deputado federal Bira do Pindar\u00e9, do deputado estadual Glalbert Cutrim e M\u00e1rcio Honaiser, que al\u00e9m de deputado estadual, \u00e9 Secret\u00e1rio de Estado de Desenvolvimento Social.<\/p>\n<p style=\"box-sizing:inherit; margin-top:0px; margin-bottom:3rem; font-family:var(--secondary-font); font-size:16px; line-height:1.7; color:rgb(73,78,81); font-style:normal; font-variant-ligatures:normal; font-variant-caps:normal; font-weight:400; letter-spacing:normal; orphans:2text-indent:0px; text-transform:none; white-space:normal; widows:2; word-spacing:0px; -webkit-text-stroke-width:0px; background-color:rgb(255,255,255); text-decoration-style:initial; text-decoration-color:initial; text-align:left;\">Aldo Lopes apresentou sua trajet\u00f3ria familiar e pol\u00edtica e destacou o que considera um dos grandes desafios para os pr\u00f3ximos anos: a gera\u00e7\u00e3o de emprego e renda.<\/p>\n<p style=\"box-sizing:inherit; margin-top:0px; margin-bottom:3rem; font-family:var(--secondary-font); font-size:16px; line-height:1.7; color:rgb(73,78,81); font-style:normal; font-variant-ligatures:normal; font-variant-caps:normal; font-weight:400; letter-spacing:normal; orphans:2text-indent:0px; text-transform:none; white-space:normal; widows:2; word-spacing:0px; -webkit-text-stroke-width:0px; background-color:rgb(255,255,255); text-decoration-style:initial; text-decoration-color:initial; text-align:left;\">\u201cEu me candidato \u00e0 prefeito de Cururupu para trabalhar por esta cidade e para que o povo possa construir seus sonhos. Com f\u00e9 em Deus vamos implementar importantes avan\u00e7os para nossa cidade e com muita luta vamos juntos \u00e0 vit\u00f3ria\u201d, disse Aldo Lopes para uma multid\u00e3o que lotou a Associa\u00e7\u00e3o Atl\u00e9tica Banco do Brasil (AABB).<\/p>\n<p style=\"box-sizing:inherit; margin-top:0px; margin-bottom:3rem; font-family:var(--secondary-font); font-size:16px; line-height:1.7; color:rgb(73,78,81); font-style:normal; font-variant-ligatures:normal; font-variant-caps:normal; font-weight:400; letter-spacing:normal; orphans:2text-indent:0px; text-transform:none; white-space:normal; widows:2; word-spacing:0px; -webkit-text-stroke-width:0px; background-color:rgb(255,255,255); text-decoration-style:initial; text-decoration-color:initial; text-align:left;\"><img loading=\"lazy\" decoding=\"async\" class=\"alignnone wp-image-22202\" src=\"https:\/\/icururupu.com.br\/wp-content\/uploads\/2020\/09\/aerea-400x400.jpeg\" alt=\"\" width=\"821\" height=\"821\" srcset=\"https:\/\/icururupu.com.br\/wp-content\/uploads\/2020\/09\/aerea-400x400.jpeg 400w, https:\/\/icururupu.com.br\/wp-content\/uploads\/2020\/09\/aerea-700x700.jpeg 700w, https:\/\/icururupu.com.br\/wp-content\/uploads\/2020\/09\/aerea-90x90.jpeg 90w, https:\/\/icururupu.com.br\/wp-content\/uploads\/2020\/09\/aerea-75x75.jpeg 75w, https:\/\/icururupu.com.br\/wp-content\/uploads\/2020\/09\/aerea.jpeg 720w\" sizes=\"auto, (max-width: 821px) 100vw, 821px\" style=\"box-sizing: inherit; vertical-align: middle; border: 0px; height: auto; max-width: 100%;\"><\/p>\n<p style=\"box-sizing:inherit; margin-top:0px; margin-bottom:3rem; font-family:var(--secondary-font); font-size:16px; line-height:1.7; color:rgb(73,78,81); font-style:normal; font-variant-ligatures:normal; font-variant-caps:normal; font-weight:400; letter-spacing:normal; orphans:2text-indent:0px; text-transform:none; white-space:normal; widows:2; word-spacing:0px; -webkit-text-stroke-width:0px; background-color:rgb(255,255,255); text-decoration-style:initial; text-decoration-color:initial; text-align:left;\">Lopes aproveitou o momento para agradecer a import\u00e2ncia do apoio que vem recebendo dos mais diversos setores da sociedade cururupuense.<\/p>\n<p style=\"box-sizing:inherit; margin-top:0px; margin-bottom:3rem; font-family:var(--secondary-font); font-size:16px; line-height:1.7; color:rgb(73,78,81); font-style:normal; font-variant-ligatures:normal; font-variant-caps:normal; font-weight:400; letter-spacing:normal; orphans:2text-indent:0px; text-transform:none; white-space:normal; widows:2; word-spacing:0px; -webkit-text-stroke-width:0px; background-color:rgb(255,255,255); text-decoration-style:initial; text-decoration-color:initial; text-align:left;\">Aldo Lopes destacou a import\u00e2ncia da uni\u00e3o dos mais diversos partidos e pol\u00edticos locais, bem como dos cidad\u00e3os cururupuenses em geral \u201ca uni\u00e3o que temos aqui, a esperan\u00e7a que vejo no olhar de cada cidad\u00e3o da minha querida cidade, as ades\u00f5es que vem acontecendo diariamente, inclusive nos \u00faltimos dias, como por exemplo do vice-prefeito Ribamar Santos \u201cMaraj\u00e1\u201d, do ex-secret\u00e1rio municipal de sa\u00fade da atual gest\u00e3o, Guglielmo Marconi Oliveira, bem como do tamb\u00e9m ex-secret\u00e1rio municipal de Cultura Francio J\u00e2nio s\u00e3o muito importante para este desafio que estamos nos lan\u00e7ando e, principalmente, para me apoiar na gest\u00e3o de Cururupu, que se Deus quiser, vamos iniciar em janeiro do pr\u00f3ximo ano\u201d, ressaltou.<\/p>\n<p style=\"box-sizing:inherit; margin-top:0px; margin-bottom:3rem; font-family:var(--secondary-font); font-size:16px; line-height:1.7; color:rgb(73,78,81); font-style:normal; font-variant-ligatures:normal; font-variant-caps:normal; font-weight:400; letter-spacing:normal; orphans:2text-indent:0px; text-transform:none; white-space:normal; widows:2; word-spacing:0px; -webkit-text-stroke-width:0px; background-color:rgb(255,255,255); text-decoration-style:initial; text-decoration-color:initial; text-align:left;\">Para finalizar, Aldo agradeceu a cada participantes, em especial aos novos candidatos a vereador, bem como aqueles que est\u00e3o em busca da reelei\u00e7\u00e3o. Lopes afirmou ainda que, sem d\u00favida alguma, a conven\u00e7\u00e3o se consolidou como o maior evento democr\u00e1tico da hist\u00f3ria pol\u00edtica do munic\u00edpio, e que isso s\u00f3 foi poss\u00edvel, devido a participa\u00e7\u00e3o massiva da popula\u00e7\u00e3o e da uni\u00e3o das mais diversas for\u00e7as pol\u00edticas do munic\u00edpio, todas com o mesmo objetivo de buscar o desenvolvimento para a popula\u00e7\u00e3o.<\/p>\n<p style=\"box-sizing:inherit; margin-top:0px; margin-bottom:3rem; font-family:var(--secondary-font); font-size:16px; line-height:1.7; color:rgb(73,78,81); font-style:normal; font-variant-ligatures:normal; font-variant-caps:normal; font-weight:400; letter-spacing:normal; orphans:2text-indent:0px; text-transform:none; white-space:normal; widows:2; word-spacing:0px; -webkit-text-stroke-width:0px; background-color:rgb(255,255,255); text-decoration-style:initial; text-decoration-color:initial; text-align:left;\">Quem tamb\u00e9m se pronunciou foi o candidato a vice Gustavo Pestana (PDT), em sua fala o filho do ex-prefeito Z\u00e9 Francisco, fez quest\u00e3o de agradecer cada participantes, e garantiu que como filho de Cururupu, lutar\u00e1 ao lado de Aldo Lopes para o desenvolvimento para todos.<\/p>\n<p style=\"box-sizing:inherit; margin-top:0px; margin-bottom:3rem; font-family:var(--secondary-font); font-size:16px; line-height:1.7; color:rgb(73,78,81); font-style:normal; font-variant-ligatures:normal; font-variant-caps:normal; font-weight:400; letter-spacing:normal; orphans:2text-indent:0px; text-transform:none; white-space:normal; widows:2; word-spacing:0px; -webkit-text-stroke-width:0px; background-color:rgb(255,255,255); text-decoration-style:initial; text-decoration-color:initial; text-align:left;\">Segundo Gustavo, o arco de alian\u00e7a entre ele e Aldo Lopes decorre de longas conviv\u00eancias e confian\u00e7as, come\u00e7ou a ser constru\u00edda mais fortemente a alguns anos, com um novo modelo de gest\u00e3o que fez os dois se unirem em busca de um caminho seguro de desenvolvimento. \u201cCom muito equil\u00edbrio, transpar\u00eancia e seguran\u00e7a, vamos voltar a ter obras para vistoriar, tirar projetos do papel e a cuidar da nossa gente, objetivos muito maiores do que o calend\u00e1rio eleitoral, que \u00e9 protocolar\u201d, ponderou Gustavo.<\/p>\n<p style=\"box-sizing:inherit; margin-top:0px; margin-bottom:3rem; font-family:var(--secondary-font); font-size:16px; line-height:1.7; color:rgb(73,78,81); font-style:normal; font-variant-ligatures:normal; font-variant-caps:normal; font-weight:400; letter-spacing:normal; orphans:2text-indent:0px; text-transform:none; white-space:normal; widows:2; word-spacing:0px; -webkit-text-stroke-width:0px; background-color:rgb(255,255,255); text-decoration-style:initial; text-decoration-color:initial; text-align:left;\">\u201c\u00c9 com grande satisfa\u00e7\u00e3o que estamos aqui para apoiar Aldo Lopes, que uma vez eleito vai marcar Cururupu com um novo tempo na gest\u00e3o municipal e colocar a casa em ordem. Ent\u00e3o, olhar para o futuro \u00e9 antes de mais nada avan\u00e7ar, esse \u00e9 o lema de nossa coliga\u00e7\u00e3o. Por isso, com muita seguran\u00e7a e firmeza, n\u00f3s estaremos aqui para fortalecer este projeto, temos a for\u00e7a da juventude, e a experi\u00eancias de nossos companheiros mais velhos para fazer a melhor gest\u00e3o que esse munic\u00edpio j\u00e1 viu, n\u00e3o basta ter vontade, \u00e9 necess\u00e1rio capacidade pol\u00edtica para fazer a mudan\u00e7a, e \u00e9 por isso que eu estou aqui, para ajudar em tudo que for poss\u00edvel\u201d, finalizou o candidato a vice, Gustavo Pestana.<\/p>\n<p style=\"box-sizing:inherit; margin-top:0px; margin-bottom:3rem; font-family:var(--secondary-font); font-size:16px; line-height:1.7; color:rgb(73,78,81); font-style:normal; font-variant-ligatures:normal; font-variant-caps:normal; font-weight:400; letter-spacing:normal; orphans:2text-indent:0px; text-transform:none; white-space:normal; widows:2; word-spacing:0px; -webkit-text-stroke-width:0px; background-color:rgb(255,255,255); text-decoration-style:initial; text-decoration-color:initial; text-align:left;\">A conven\u00e7\u00e3o tamb\u00e9m abriu espa\u00e7o para que diversos seguimentos da sociedade pudesse se pronunciar, entre esses seguimentos estavam os das religi\u00f5es, da Cultura, do movimento LGBTQI+ e das comunidades Quilombolas.<\/p>\n<p style=\"box-sizing:inherit; margin-top:0px; margin-bottom:3rem; font-family:var(--secondary-font); font-size:16px; line-height:1.7; color:rgb(73,78,81); font-style:normal; font-variant-ligatures:normal; font-variant-caps:normal; font-weight:400; letter-spacing:normal; orphans:2text-indent:0px; text-transform:none; white-space:normal; widows:2; word-spacing:0px; -webkit-text-stroke-width:0px; background-color:rgb(255,255,255); text-decoration-style:initial; text-decoration-color:initial; text-align:left;\"><img loading=\"lazy\" decoding=\"async\" class=\"alignnone wp-image-22200\" src=\"https:\/\/icururupu.com.br\/wp-content\/uploads\/2020\/09\/pra-frente-400x267.jpeg\" alt=\"\" width=\"821\" height=\"548\" srcset=\"https:\/\/icururupu.com.br\/wp-content\/uploads\/2020\/09\/pra-frente-400x267.jpeg 400w, https:\/\/icururupu.com.br\/wp-content\/uploads\/2020\/09\/pra-frente-700x466.jpeg 700w, https:\/\/icururupu.com.br\/wp-content\/uploads\/2020\/09\/pra-frente-768x512.jpeg 768w, https:\/\/icururupu.com.br\/wp-content\/uploads\/2020\/09\/pra-frente-750x500.jpeg 750w, https:\/\/icururupu.com.br\/wp-content\/uploads\/2020\/09\/pra-frente-1140x760.jpeg 1140w, https:\/\/icururupu.com.br\/wp-content\/uploads\/2020\/09\/pra-frente.jpeg 1280w\" sizes=\"auto, (max-width: 821px) 100vw, 821px\" style=\"box-sizing: inherit; vertical-align: middle; border: 0px; height: auto; max-width: 100%;\"><\/p>\n<p style=\"box-sizing:inherit; margin-top:0px; margin-bottom:3rem; font-family:var(--secondary-font); font-size:16px; line-height:1.7; color:rgb(73,78,81); font-style:normal; font-variant-ligatures:normal; font-variant-caps:normal; font-weight:400; letter-spacing:normal; orphans:2text-indent:0px; text-transform:none; white-space:normal; widows:2; word-spacing:0px; -webkit-text-stroke-width:0px; background-color:rgb(255,255,255); text-decoration-style:initial; text-decoration-color:initial; text-align:left;\">Ap\u00f3s a conven\u00e7\u00e3o, os apoiadores de Aldo Lopes tomaram conta das principais ruas da cidade em uma grande carreata, por onde passavam eram saldados por centenas de pessoas.<\/p>\n<p class=\"western\" style=\"box-sizing:inherit; margin-top:0px; margin-bottom:3rem; font-family:var(--secondary-font); font-size:16px; line-height:1.7; color:rgb(73,78,81); font-style:normal; font-variant-ligatures:normal; font-variant-caps:normal; font-weight:400; letter-spacing:normal; orphans:2text-indent:0px; text-transform:none; white-space:normal; widows:2; word-spacing:0px; -webkit-text-stroke-width:0px; background-color:rgb(255,255,255); text-decoration-style:initial; text-decoration-color:initial; text-align:left;\">Pelo calend\u00e1rio eleitoral, os partidos t\u00eam at\u00e9 a pr\u00f3xima quinta-feira, dia 16 de setembro para definir as nominatas. At\u00e9 o momento, apenas o PSB j\u00e1 realizou conven\u00e7\u00e3o e est\u00e1 com suas candidaturas definidas.<\/p>\n","protected":false},"excerpt":{"rendered":"<p>Foi em clima de muita festa que aconteceu durante todo o domingo (13), a Conven\u00e7\u00e3o do Partido Socialista Brasileira (PSB),<\/p>\n","protected":false},"author":2,"featured_media":14824,"comment_status":"open","ping_status":"open","sticky":false,"template":"","format":"standard","meta":{"colormag_page_container_layout":"default_layout","colormag_page_sidebar_layout":"default_layout","_jetpack_memberships_contains_paid_content":false,"footnotes":""},"categories":[2],"tags":[212,213],"class_list":["post-14825","post","type-post","status-publish","format-standard","has-post-thumbnail","hentry","category-noticias","tag-aldo-lopes","tag-cururupu"],"magazineBlocksPostFeaturedMedia":{"thumbnail":false,"medium":false,"medium_large":false,"large":false,"1536x1536":false,"2048x2048":false,"colormag-highlighted-post":false,"colormag-featured-post-medium":false,"colormag-featured-post-small":false,"colormag-featured-image":false,"colormag-default-news":false,"colormag-featured-image-large":false},"magazineBlocksPostAuthor":{"name":"maranhaotv","avatar":"https:\/\/secure.gravatar.com\/avatar\/8fadbca458d4cb68b1dd399ae9a40618d747bb1af65ac9fad21c89220a143eb4?s=96&d=mm&r=g"},"magazineBlocksPostCommentsNumber":"0","magazineBlocksPostExcerpt":"Foi em clima de muita festa que aconteceu durante todo o domingo (13), a Conven\u00e7\u00e3o do Partido Socialista Brasileira (PSB),","magazineBlocksPostCategories":["not\u00edcias"],"magazineBlocksPostViewCount":204,"magazineBlocksPostReadTime":6,"magazine_blocks_featured_image_url":{"full":false,"medium":false,"thumbnail":false},"magazine_blocks_author":{"display_name":"maranhaotv","author_link":"https:\/\/maranhaotv.com.br\/index.php\/author\/maranhaotv\/"},"magazine_blocks_comment":0,"magazine_blocks_author_image":"https:\/\/secure.gravatar.com\/avatar\/8fadbca458d4cb68b1dd399ae9a40618d747bb1af65ac9fad21c89220a143eb4?s=96&d=mm&r=g","magazine_blocks_category":"<a href=\"#\" class=\"category-link category-link-2\">not\u00edcias<\/a>","yoast_head":"<!-- This site is optimized with the Yoast SEO plugin v27.4 - https:\/\/yoast.com\/product\/yoast-seo-wordpress\/ -->\n<title>Cururupu: PSB homologa candidatura de Aldo Lopes a prefeito - NOT\u00cdCIAS EM TEMPO REAL<\/title>\n<meta name=\"robots\" content=\"index, follow, max-snippet:-1, max-image-preview:large, max-video-preview:-1\" \/>\n<link rel=\"canonical\" href=\"https:\/\/maranhaotv.com.br\/index.php\/2020\/09\/15\/cururupu-psb-homologa-candidatura-de-aldo-lopes-a-prefeito\/\" \/>\n<meta property=\"og:locale\" content=\"pt_BR\" \/>\n<meta property=\"og:type\" content=\"article\" \/>\n<meta property=\"og:title\" content=\"Cururupu: PSB homologa candidatura de Aldo Lopes a prefeito - NOT\u00cdCIAS EM TEMPO REAL\" \/>\n<meta property=\"og:description\" content=\"Foi em clima de muita festa que aconteceu durante todo o domingo (13), a Conven\u00e7\u00e3o do Partido Socialista Brasileira (PSB),\" \/>\n<meta property=\"og:url\" content=\"https:\/\/maranhaotv.com.br\/index.php\/2020\/09\/15\/cururupu-psb-homologa-candidatura-de-aldo-lopes-a-prefeito\/\" \/>\n<meta property=\"og:site_name\" content=\"NOT\u00cdCIAS EM TEMPO REAL\" \/>\n<meta property=\"article:publisher\" content=\"https:\/\/www.facebook.com\/maiobaotv\" \/>\n<meta property=\"article:published_time\" content=\"2020-09-15T20:01:21+00:00\" \/>\n<meta name=\"author\" content=\"maranhaotv\" \/>\n<meta name=\"twitter:card\" content=\"summary_large_image\" \/>\n<meta name=\"twitter:creator\" content=\"@sitemaranhaotv\" \/>\n<meta name=\"twitter:site\" content=\"@sitemaranhaotv\" \/>\n<meta name=\"twitter:label1\" content=\"Escrito por\" \/>\n\t<meta name=\"twitter:data1\" content=\"maranhaotv\" \/>\n\t<meta name=\"twitter:label2\" content=\"Est. tempo de leitura\" \/>\n\t<meta name=\"twitter:data2\" content=\"5 minutos\" \/>\n<script type=\"application\/ld+json\" class=\"yoast-schema-graph\">{\"@context\":\"https:\\\/\\\/schema.org\",\"@graph\":[{\"@type\":\"Article\",\"@id\":\"https:\\\/\\\/maranhaotv.com.br\\\/index.php\\\/2020\\\/09\\\/15\\\/cururupu-psb-homologa-candidatura-de-aldo-lopes-a-prefeito\\\/#article\",\"isPartOf\":{\"@id\":\"https:\\\/\\\/maranhaotv.com.br\\\/index.php\\\/2020\\\/09\\\/15\\\/cururupu-psb-homologa-candidatura-de-aldo-lopes-a-prefeito\\\/\"},\"author\":{\"name\":\"maranhaotv\",\"@id\":\"https:\\\/\\\/maranhaotv.com.br\\\/#\\\/schema\\\/person\\\/3d54238e86b20bb5c89ab2fdb8f8829a\"},\"headline\":\"Cururupu: PSB homologa candidatura de Aldo Lopes a prefeito\",\"datePublished\":\"2020-09-15T20:01:21+00:00\",\"mainEntityOfPage\":{\"@id\":\"https:\\\/\\\/maranhaotv.com.br\\\/index.php\\\/2020\\\/09\\\/15\\\/cururupu-psb-homologa-candidatura-de-aldo-lopes-a-prefeito\\\/\"},\"wordCount\":1066,\"commentCount\":0,\"publisher\":{\"@id\":\"https:\\\/\\\/maranhaotv.com.br\\\/#organization\"},\"image\":{\"@id\":\"https:\\\/\\\/maranhaotv.com.br\\\/index.php\\\/2020\\\/09\\\/15\\\/cururupu-psb-homologa-candidatura-de-aldo-lopes-a-prefeito\\\/#primaryimage\"},\"thumbnailUrl\":\"\",\"keywords\":[\"Aldo Lopes\",\"Cururupu\"],\"articleSection\":[\"not\u00edcias\"],\"inLanguage\":\"pt-BR\",\"potentialAction\":[{\"@type\":\"CommentAction\",\"name\":\"Comment\",\"target\":[\"https:\\\/\\\/maranhaotv.com.br\\\/index.php\\\/2020\\\/09\\\/15\\\/cururupu-psb-homologa-candidatura-de-aldo-lopes-a-prefeito\\\/#respond\"]}]},{\"@type\":\"WebPage\",\"@id\":\"https:\\\/\\\/maranhaotv.com.br\\\/index.php\\\/2020\\\/09\\\/15\\\/cururupu-psb-homologa-candidatura-de-aldo-lopes-a-prefeito\\\/\",\"url\":\"https:\\\/\\\/maranhaotv.com.br\\\/index.php\\\/2020\\\/09\\\/15\\\/cururupu-psb-homologa-candidatura-de-aldo-lopes-a-prefeito\\\/\",\"name\":\"Cururupu: PSB homologa candidatura de Aldo Lopes a prefeito - NOT\u00cdCIAS EM TEMPO REAL\",\"isPartOf\":{\"@id\":\"https:\\\/\\\/maranhaotv.com.br\\\/#website\"},\"primaryImageOfPage\":{\"@id\":\"https:\\\/\\\/maranhaotv.com.br\\\/index.php\\\/2020\\\/09\\\/15\\\/cururupu-psb-homologa-candidatura-de-aldo-lopes-a-prefeito\\\/#primaryimage\"},\"image\":{\"@id\":\"https:\\\/\\\/maranhaotv.com.br\\\/index.php\\\/2020\\\/09\\\/15\\\/cururupu-psb-homologa-candidatura-de-aldo-lopes-a-prefeito\\\/#primaryimage\"},\"thumbnailUrl\":\"\",\"datePublished\":\"2020-09-15T20:01:21+00:00\",\"breadcrumb\":{\"@id\":\"https:\\\/\\\/maranhaotv.com.br\\\/index.php\\\/2020\\\/09\\\/15\\\/cururupu-psb-homologa-candidatura-de-aldo-lopes-a-prefeito\\\/#breadcrumb\"},\"inLanguage\":\"pt-BR\",\"potentialAction\":[{\"@type\":\"ReadAction\",\"target\":[\"https:\\\/\\\/maranhaotv.com.br\\\/index.php\\\/2020\\\/09\\\/15\\\/cururupu-psb-homologa-candidatura-de-aldo-lopes-a-prefeito\\\/\"]}]},{\"@type\":\"ImageObject\",\"inLanguage\":\"pt-BR\",\"@id\":\"https:\\\/\\\/maranhaotv.com.br\\\/index.php\\\/2020\\\/09\\\/15\\\/cururupu-psb-homologa-candidatura-de-aldo-lopes-a-prefeito\\\/#primaryimage\",\"url\":\"\",\"contentUrl\":\"\"},{\"@type\":\"BreadcrumbList\",\"@id\":\"https:\\\/\\\/maranhaotv.com.br\\\/index.php\\\/2020\\\/09\\\/15\\\/cururupu-psb-homologa-candidatura-de-aldo-lopes-a-prefeito\\\/#breadcrumb\",\"itemListElement\":[{\"@type\":\"ListItem\",\"position\":1,\"name\":\"In\u00edcio\",\"item\":\"https:\\\/\\\/maranhaotv.com.br\\\/\"},{\"@type\":\"ListItem\",\"position\":2,\"name\":\"Cururupu: PSB homologa candidatura de Aldo Lopes a prefeito\"}]},{\"@type\":\"WebSite\",\"@id\":\"https:\\\/\\\/maranhaotv.com.br\\\/#website\",\"url\":\"https:\\\/\\\/maranhaotv.com.br\\\/\",\"name\":\"Maranh\u00e3oTV\",\"description\":\"\",\"publisher\":{\"@id\":\"https:\\\/\\\/maranhaotv.com.br\\\/#organization\"},\"potentialAction\":[{\"@type\":\"SearchAction\",\"target\":{\"@type\":\"EntryPoint\",\"urlTemplate\":\"https:\\\/\\\/maranhaotv.com.br\\\/?s={search_term_string}\"},\"query-input\":{\"@type\":\"PropertyValueSpecification\",\"valueRequired\":true,\"valueName\":\"search_term_string\"}}],\"inLanguage\":\"pt-BR\"},{\"@type\":\"Organization\",\"@id\":\"https:\\\/\\\/maranhaotv.com.br\\\/#organization\",\"name\":\"Portal de Not\u00edcias\",\"url\":\"https:\\\/\\\/maranhaotv.com.br\\\/\",\"logo\":{\"@type\":\"ImageObject\",\"inLanguage\":\"pt-BR\",\"@id\":\"https:\\\/\\\/maranhaotv.com.br\\\/#\\\/schema\\\/logo\\\/image\\\/\",\"url\":\"https:\\\/\\\/maranhaotv.com.br\\\/wp-content\\\/uploads\\\/2024\\\/05\\\/cropped-cropped-avatar-1.png\",\"contentUrl\":\"https:\\\/\\\/maranhaotv.com.br\\\/wp-content\\\/uploads\\\/2024\\\/05\\\/cropped-cropped-avatar-1.png\",\"width\":792,\"height\":428,\"caption\":\"Portal de Not\u00edcias\"},\"image\":{\"@id\":\"https:\\\/\\\/maranhaotv.com.br\\\/#\\\/schema\\\/logo\\\/image\\\/\"},\"sameAs\":[\"https:\\\/\\\/www.facebook.com\\\/maiobaotv\",\"https:\\\/\\\/x.com\\\/sitemaranhaotv\",\"https:\\\/\\\/www.instagram.com\\\/maranhao.tv\",\"https:\\\/\\\/www.threads.net\\\/@maranhao.tv\"]},{\"@type\":\"Person\",\"@id\":\"https:\\\/\\\/maranhaotv.com.br\\\/#\\\/schema\\\/person\\\/3d54238e86b20bb5c89ab2fdb8f8829a\",\"name\":\"maranhaotv\",\"image\":{\"@type\":\"ImageObject\",\"inLanguage\":\"pt-BR\",\"@id\":\"https:\\\/\\\/secure.gravatar.com\\\/avatar\\\/8fadbca458d4cb68b1dd399ae9a40618d747bb1af65ac9fad21c89220a143eb4?s=96&d=mm&r=g\",\"url\":\"https:\\\/\\\/secure.gravatar.com\\\/avatar\\\/8fadbca458d4cb68b1dd399ae9a40618d747bb1af65ac9fad21c89220a143eb4?s=96&d=mm&r=g\",\"contentUrl\":\"https:\\\/\\\/secure.gravatar.com\\\/avatar\\\/8fadbca458d4cb68b1dd399ae9a40618d747bb1af65ac9fad21c89220a143eb4?s=96&d=mm&r=g\",\"caption\":\"maranhaotv\"},\"sameAs\":[\"https:\\\/\\\/maranhaotv.com.br\\\/\"],\"url\":\"https:\\\/\\\/maranhaotv.com.br\\\/index.php\\\/author\\\/maranhaotv\\\/\"}]}<\/script>\n<!-- \/ Yoast SEO plugin. -->","yoast_head_json":{"title":"Cururupu: PSB homologa candidatura de Aldo Lopes a prefeito - NOT\u00cdCIAS EM TEMPO REAL","robots":{"index":"index","follow":"follow","max-snippet":"max-snippet:-1","max-image-preview":"max-image-preview:large","max-video-preview":"max-video-preview:-1"},"canonical":"https:\/\/maranhaotv.com.br\/index.php\/2020\/09\/15\/cururupu-psb-homologa-candidatura-de-aldo-lopes-a-prefeito\/","og_locale":"pt_BR","og_type":"article","og_title":"Cururupu: PSB homologa candidatura de Aldo Lopes a prefeito - NOT\u00cdCIAS EM TEMPO REAL","og_description":"Foi em clima de muita festa que aconteceu durante todo o domingo (13), a Conven\u00e7\u00e3o do Partido Socialista Brasileira (PSB),","og_url":"https:\/\/maranhaotv.com.br\/index.php\/2020\/09\/15\/cururupu-psb-homologa-candidatura-de-aldo-lopes-a-prefeito\/","og_site_name":"NOT\u00cdCIAS EM TEMPO REAL","article_publisher":"https:\/\/www.facebook.com\/maiobaotv","article_published_time":"2020-09-15T20:01:21+00:00","author":"maranhaotv","twitter_card":"summary_large_image","twitter_creator":"@sitemaranhaotv","twitter_site":"@sitemaranhaotv","twitter_misc":{"Escrito por":"maranhaotv","Est. tempo de leitura":"5 minutos"},"schema":{"@context":"https:\/\/schema.org","@graph":[{"@type":"Article","@id":"https:\/\/maranhaotv.com.br\/index.php\/2020\/09\/15\/cururupu-psb-homologa-candidatura-de-aldo-lopes-a-prefeito\/#article","isPartOf":{"@id":"https:\/\/maranhaotv.com.br\/index.php\/2020\/09\/15\/cururupu-psb-homologa-candidatura-de-aldo-lopes-a-prefeito\/"},"author":{"name":"maranhaotv","@id":"https:\/\/maranhaotv.com.br\/#\/schema\/person\/3d54238e86b20bb5c89ab2fdb8f8829a"},"headline":"Cururupu: PSB homologa candidatura de Aldo Lopes a prefeito","datePublished":"2020-09-15T20:01:21+00:00","mainEntityOfPage":{"@id":"https:\/\/maranhaotv.com.br\/index.php\/2020\/09\/15\/cururupu-psb-homologa-candidatura-de-aldo-lopes-a-prefeito\/"},"wordCount":1066,"commentCount":0,"publisher":{"@id":"https:\/\/maranhaotv.com.br\/#organization"},"image":{"@id":"https:\/\/maranhaotv.com.br\/index.php\/2020\/09\/15\/cururupu-psb-homologa-candidatura-de-aldo-lopes-a-prefeito\/#primaryimage"},"thumbnailUrl":"","keywords":["Aldo Lopes","Cururupu"],"articleSection":["not\u00edcias"],"inLanguage":"pt-BR","potentialAction":[{"@type":"CommentAction","name":"Comment","target":["https:\/\/maranhaotv.com.br\/index.php\/2020\/09\/15\/cururupu-psb-homologa-candidatura-de-aldo-lopes-a-prefeito\/#respond"]}]},{"@type":"WebPage","@id":"https:\/\/maranhaotv.com.br\/index.php\/2020\/09\/15\/cururupu-psb-homologa-candidatura-de-aldo-lopes-a-prefeito\/","url":"https:\/\/maranhaotv.com.br\/index.php\/2020\/09\/15\/cururupu-psb-homologa-candidatura-de-aldo-lopes-a-prefeito\/","name":"Cururupu: PSB homologa candidatura de Aldo Lopes a prefeito - NOT\u00cdCIAS EM TEMPO REAL","isPartOf":{"@id":"https:\/\/maranhaotv.com.br\/#website"},"primaryImageOfPage":{"@id":"https:\/\/maranhaotv.com.br\/index.php\/2020\/09\/15\/cururupu-psb-homologa-candidatura-de-aldo-lopes-a-prefeito\/#primaryimage"},"image":{"@id":"https:\/\/maranhaotv.com.br\/index.php\/2020\/09\/15\/cururupu-psb-homologa-candidatura-de-aldo-lopes-a-prefeito\/#primaryimage"},"thumbnailUrl":"","datePublished":"2020-09-15T20:01:21+00:00","breadcrumb":{"@id":"https:\/\/maranhaotv.com.br\/index.php\/2020\/09\/15\/cururupu-psb-homologa-candidatura-de-aldo-lopes-a-prefeito\/#breadcrumb"},"inLanguage":"pt-BR","potentialAction":[{"@type":"ReadAction","target":["https:\/\/maranhaotv.com.br\/index.php\/2020\/09\/15\/cururupu-psb-homologa-candidatura-de-aldo-lopes-a-prefeito\/"]}]},{"@type":"ImageObject","inLanguage":"pt-BR","@id":"https:\/\/maranhaotv.com.br\/index.php\/2020\/09\/15\/cururupu-psb-homologa-candidatura-de-aldo-lopes-a-prefeito\/#primaryimage","url":"","contentUrl":""},{"@type":"BreadcrumbList","@id":"https:\/\/maranhaotv.com.br\/index.php\/2020\/09\/15\/cururupu-psb-homologa-candidatura-de-aldo-lopes-a-prefeito\/#breadcrumb","itemListElement":[{"@type":"ListItem","position":1,"name":"In\u00edcio","item":"https:\/\/maranhaotv.com.br\/"},{"@type":"ListItem","position":2,"name":"Cururupu: PSB homologa candidatura de Aldo Lopes a prefeito"}]},{"@type":"WebSite","@id":"https:\/\/maranhaotv.com.br\/#website","url":"https:\/\/maranhaotv.com.br\/","name":"Maranh\u00e3oTV","description":"","publisher":{"@id":"https:\/\/maranhaotv.com.br\/#organization"},"potentialAction":[{"@type":"SearchAction","target":{"@type":"EntryPoint","urlTemplate":"https:\/\/maranhaotv.com.br\/?s={search_term_string}"},"query-input":{"@type":"PropertyValueSpecification","valueRequired":true,"valueName":"search_term_string"}}],"inLanguage":"pt-BR"},{"@type":"Organization","@id":"https:\/\/maranhaotv.com.br\/#organization","name":"Portal de Not\u00edcias","url":"https:\/\/maranhaotv.com.br\/","logo":{"@type":"ImageObject","inLanguage":"pt-BR","@id":"https:\/\/maranhaotv.com.br\/#\/schema\/logo\/image\/","url":"https:\/\/maranhaotv.com.br\/wp-content\/uploads\/2024\/05\/cropped-cropped-avatar-1.png","contentUrl":"https:\/\/maranhaotv.com.br\/wp-content\/uploads\/2024\/05\/cropped-cropped-avatar-1.png","width":792,"height":428,"caption":"Portal de Not\u00edcias"},"image":{"@id":"https:\/\/maranhaotv.com.br\/#\/schema\/logo\/image\/"},"sameAs":["https:\/\/www.facebook.com\/maiobaotv","https:\/\/x.com\/sitemaranhaotv","https:\/\/www.instagram.com\/maranhao.tv","https:\/\/www.threads.net\/@maranhao.tv"]},{"@type":"Person","@id":"https:\/\/maranhaotv.com.br\/#\/schema\/person\/3d54238e86b20bb5c89ab2fdb8f8829a","name":"maranhaotv","image":{"@type":"ImageObject","inLanguage":"pt-BR","@id":"https:\/\/secure.gravatar.com\/avatar\/8fadbca458d4cb68b1dd399ae9a40618d747bb1af65ac9fad21c89220a143eb4?s=96&d=mm&r=g","url":"https:\/\/secure.gravatar.com\/avatar\/8fadbca458d4cb68b1dd399ae9a40618d747bb1af65ac9fad21c89220a143eb4?s=96&d=mm&r=g","contentUrl":"https:\/\/secure.gravatar.com\/avatar\/8fadbca458d4cb68b1dd399ae9a40618d747bb1af65ac9fad21c89220a143eb4?s=96&d=mm&r=g","caption":"maranhaotv"},"sameAs":["https:\/\/maranhaotv.com.br\/"],"url":"https:\/\/maranhaotv.com.br\/index.php\/author\/maranhaotv\/"}]}},"jetpack_featured_media_url":"","jetpack_sharing_enabled":true,"_links":{"self":[{"href":"https:\/\/maranhaotv.com.br\/index.php\/wp-json\/wp\/v2\/posts\/14825","targetHints":{"allow":["GET"]}}],"collection":[{"href":"https:\/\/maranhaotv.com.br\/index.php\/wp-json\/wp\/v2\/posts"}],"about":[{"href":"https:\/\/maranhaotv.com.br\/index.php\/wp-json\/wp\/v2\/types\/post"}],"author":[{"embeddable":true,"href":"https:\/\/maranhaotv.com.br\/index.php\/wp-json\/wp\/v2\/users\/2"}],"replies":[{"embeddable":true,"href":"https:\/\/maranhaotv.com.br\/index.php\/wp-json\/wp\/v2\/comments?post=14825"}],"version-history":[{"count":0,"href":"https:\/\/maranhaotv.com.br\/index.php\/wp-json\/wp\/v2\/posts\/14825\/revisions"}],"wp:featuredmedia":[{"embeddable":true,"href":"https:\/\/maranhaotv.com.br\/index.php\/wp-json\/"}],"wp:attachment":[{"href":"https:\/\/maranhaotv.com.br\/index.php\/wp-json\/wp\/v2\/media?parent=14825"}],"wp:term":[{"taxonomy":"category","embeddable":true,"href":"https:\/\/maranhaotv.com.br\/index.php\/wp-json\/wp\/v2\/categories?post=14825"},{"taxonomy":"post_tag","embeddable":true,"href":"https:\/\/maranhaotv.com.br\/index.php\/wp-json\/wp\/v2\/tags?post=14825"}],"curies":[{"name":"wp","href":"https:\/\/api.w.org\/{rel}","templated":true}]}}