{"id":14828,"date":"2020-09-15T17:07:37","date_gmt":"2020-09-15T20:07:37","guid":{"rendered":"https:\/\/maiobaotv.com.br\/?p=14828"},"modified":"2020-09-15T17:07:37","modified_gmt":"2020-09-15T20:07:37","slug":"beto-das-vilas-vai-oficializar-candidatura-a-prefeito-de-ribamar-nesta-quarta-feira-16","status":"publish","type":"post","link":"https:\/\/maranhaotv.com.br\/index.php\/2020\/09\/15\/beto-das-vilas-vai-oficializar-candidatura-a-prefeito-de-ribamar-nesta-quarta-feira-16\/","title":{"rendered":"Beto das Vilas vai oficializar candidatura a prefeito de Ribamar nesta quarta-feira (16)"},"content":{"rendered":"<p>Est\u00e1 marcada para esta quarta-feira (15), a partir das 16h, a conven\u00e7\u00e3o do Republicanos que homologar\u00e1 o nome de Beto das Vilas como candidato a prefeito de S\u00e3o Jos\u00e9 de Ribamar.<\/p>\n<p>De origem simples, ex-borracheiro e ex-tirador de sururu, Beto das Vilas escolheu a sede da Associa\u00e7\u00e3o dos Metal\u00fargicos, localizado no bairro Laranjal, onde passou parte da sua vida, para escrever mais essa p\u00e1gina na hist\u00f3ria da pol\u00edtica ribamarense.<\/p>\n<p>Bem posicionado nas pesquisas eleitorais registrada e divulgadas at\u00e9 o momento, essa ser\u00e1 primeira vez que um ex-borracheiro poder\u00e1 chegar a governar o munic\u00edpio.<\/p>\n<p>Detendo a maior alian\u00e7a de partidos at\u00e9 agora, o nome escolhido para ser o vice-prefeito ainda \u00e9 um mist\u00e9rio e deve ser revelado apenas durante a conven\u00e7\u00e3o, que tamb\u00e9m homologar\u00e1 os nomes dos candidatos aos cargos de vereadores.<\/p>\n<p><img loading=\"lazy\" decoding=\"async\" src=\"https:\/\/maiobaotv.com.br\/wp-content\/uploads\/2020\/09\/img-20200915-wa031650054514043555047.jpg\" class=\"wp-image-14827 alignnone size-full\" width=\"768\" height=\"1024\"><\/p>\n","protected":false},"excerpt":{"rendered":"<p>Est\u00e1 marcada para esta quarta-feira (15), a partir das 16h, a conven\u00e7\u00e3o do Republicanos que homologar\u00e1 o nome de Beto<\/p>\n","protected":false},"author":2,"featured_media":14830,"comment_status":"open","ping_status":"open","sticky":false,"template":"","format":"standard","meta":{"colormag_page_container_layout":"default_layout","colormag_page_sidebar_layout":"default_layout","_jetpack_memberships_contains_paid_content":false,"footnotes":""},"categories":[2],"tags":[],"class_list":["post-14828","post","type-post","status-publish","format-standard","has-post-thumbnail","hentry","category-noticias"],"magazineBlocksPostFeaturedMedia":{"thumbnail":false,"medium":false,"medium_large":false,"large":false,"1536x1536":false,"2048x2048":false,"colormag-highlighted-post":false,"colormag-featured-post-medium":false,"colormag-featured-post-small":false,"colormag-featured-image":false,"colormag-default-news":false,"colormag-featured-image-large":false},"magazineBlocksPostAuthor":{"name":"maranhaotv","avatar":"https:\/\/secure.gravatar.com\/avatar\/8fadbca458d4cb68b1dd399ae9a40618d747bb1af65ac9fad21c89220a143eb4?s=96&d=mm&r=g"},"magazineBlocksPostCommentsNumber":"0","magazineBlocksPostExcerpt":"Est\u00e1 marcada para esta quarta-feira (15), a partir das 16h, a conven\u00e7\u00e3o do Republicanos que homologar\u00e1 o nome de Beto","magazineBlocksPostCategories":["not\u00edcias"],"magazineBlocksPostViewCount":369,"magazineBlocksPostReadTime":1,"magazine_blocks_featured_image_url":{"full":false,"medium":false,"thumbnail":false},"magazine_blocks_author":{"display_name":"maranhaotv","author_link":"https:\/\/maranhaotv.com.br\/index.php\/author\/maranhaotv\/"},"magazine_blocks_comment":0,"magazine_blocks_author_image":"https:\/\/secure.gravatar.com\/avatar\/8fadbca458d4cb68b1dd399ae9a40618d747bb1af65ac9fad21c89220a143eb4?s=96&d=mm&r=g","magazine_blocks_category":"<a href=\"#\" class=\"category-link category-link-2\">not\u00edcias<\/a>","yoast_head":"<!-- This site is optimized with the Yoast SEO plugin v27.4 - https:\/\/yoast.com\/product\/yoast-seo-wordpress\/ -->\n<title>Beto das Vilas vai oficializar candidatura a prefeito de Ribamar nesta quarta-feira (16) - NOT\u00cdCIAS EM TEMPO REAL<\/title>\n<meta name=\"robots\" content=\"index, follow, max-snippet:-1, max-image-preview:large, max-video-preview:-1\" \/>\n<link rel=\"canonical\" href=\"https:\/\/maranhaotv.com.br\/index.php\/2020\/09\/15\/beto-das-vilas-vai-oficializar-candidatura-a-prefeito-de-ribamar-nesta-quarta-feira-16\/\" \/>\n<meta property=\"og:locale\" content=\"pt_BR\" \/>\n<meta property=\"og:type\" content=\"article\" \/>\n<meta property=\"og:title\" content=\"Beto das Vilas vai oficializar candidatura a prefeito de Ribamar nesta quarta-feira (16) - NOT\u00cdCIAS EM TEMPO REAL\" \/>\n<meta property=\"og:description\" content=\"Est\u00e1 marcada para esta quarta-feira (15), a partir das 16h, a conven\u00e7\u00e3o do Republicanos que homologar\u00e1 o nome de Beto\" \/>\n<meta property=\"og:url\" content=\"https:\/\/maranhaotv.com.br\/index.php\/2020\/09\/15\/beto-das-vilas-vai-oficializar-candidatura-a-prefeito-de-ribamar-nesta-quarta-feira-16\/\" \/>\n<meta property=\"og:site_name\" content=\"NOT\u00cdCIAS EM TEMPO REAL\" \/>\n<meta property=\"article:publisher\" content=\"https:\/\/www.facebook.com\/maiobaotv\" \/>\n<meta property=\"article:published_time\" content=\"2020-09-15T20:07:37+00:00\" \/>\n<meta name=\"author\" content=\"maranhaotv\" \/>\n<meta name=\"twitter:card\" content=\"summary_large_image\" \/>\n<meta name=\"twitter:creator\" content=\"@sitemaranhaotv\" \/>\n<meta name=\"twitter:site\" content=\"@sitemaranhaotv\" \/>\n<meta name=\"twitter:label1\" content=\"Escrito por\" \/>\n\t<meta name=\"twitter:data1\" content=\"maranhaotv\" \/>\n\t<meta name=\"twitter:label2\" content=\"Est. tempo de leitura\" \/>\n\t<meta name=\"twitter:data2\" content=\"1 minuto\" \/>\n<script type=\"application\/ld+json\" class=\"yoast-schema-graph\">{\"@context\":\"https:\\\/\\\/schema.org\",\"@graph\":[{\"@type\":\"Article\",\"@id\":\"https:\\\/\\\/maranhaotv.com.br\\\/index.php\\\/2020\\\/09\\\/15\\\/beto-das-vilas-vai-oficializar-candidatura-a-prefeito-de-ribamar-nesta-quarta-feira-16\\\/#article\",\"isPartOf\":{\"@id\":\"https:\\\/\\\/maranhaotv.com.br\\\/index.php\\\/2020\\\/09\\\/15\\\/beto-das-vilas-vai-oficializar-candidatura-a-prefeito-de-ribamar-nesta-quarta-feira-16\\\/\"},\"author\":{\"name\":\"maranhaotv\",\"@id\":\"https:\\\/\\\/maranhaotv.com.br\\\/#\\\/schema\\\/person\\\/3d54238e86b20bb5c89ab2fdb8f8829a\"},\"headline\":\"Beto das Vilas vai oficializar candidatura a prefeito de Ribamar nesta quarta-feira (16)\",\"datePublished\":\"2020-09-15T20:07:37+00:00\",\"mainEntityOfPage\":{\"@id\":\"https:\\\/\\\/maranhaotv.com.br\\\/index.php\\\/2020\\\/09\\\/15\\\/beto-das-vilas-vai-oficializar-candidatura-a-prefeito-de-ribamar-nesta-quarta-feira-16\\\/\"},\"wordCount\":153,\"commentCount\":0,\"publisher\":{\"@id\":\"https:\\\/\\\/maranhaotv.com.br\\\/#organization\"},\"image\":{\"@id\":\"https:\\\/\\\/maranhaotv.com.br\\\/index.php\\\/2020\\\/09\\\/15\\\/beto-das-vilas-vai-oficializar-candidatura-a-prefeito-de-ribamar-nesta-quarta-feira-16\\\/#primaryimage\"},\"thumbnailUrl\":\"\",\"articleSection\":[\"not\u00edcias\"],\"inLanguage\":\"pt-BR\",\"potentialAction\":[{\"@type\":\"CommentAction\",\"name\":\"Comment\",\"target\":[\"https:\\\/\\\/maranhaotv.com.br\\\/index.php\\\/2020\\\/09\\\/15\\\/beto-das-vilas-vai-oficializar-candidatura-a-prefeito-de-ribamar-nesta-quarta-feira-16\\\/#respond\"]}]},{\"@type\":\"WebPage\",\"@id\":\"https:\\\/\\\/maranhaotv.com.br\\\/index.php\\\/2020\\\/09\\\/15\\\/beto-das-vilas-vai-oficializar-candidatura-a-prefeito-de-ribamar-nesta-quarta-feira-16\\\/\",\"url\":\"https:\\\/\\\/maranhaotv.com.br\\\/index.php\\\/2020\\\/09\\\/15\\\/beto-das-vilas-vai-oficializar-candidatura-a-prefeito-de-ribamar-nesta-quarta-feira-16\\\/\",\"name\":\"Beto das Vilas vai oficializar candidatura a prefeito de Ribamar nesta quarta-feira (16) - NOT\u00cdCIAS EM TEMPO REAL\",\"isPartOf\":{\"@id\":\"https:\\\/\\\/maranhaotv.com.br\\\/#website\"},\"primaryImageOfPage\":{\"@id\":\"https:\\\/\\\/maranhaotv.com.br\\\/index.php\\\/2020\\\/09\\\/15\\\/beto-das-vilas-vai-oficializar-candidatura-a-prefeito-de-ribamar-nesta-quarta-feira-16\\\/#primaryimage\"},\"image\":{\"@id\":\"https:\\\/\\\/maranhaotv.com.br\\\/index.php\\\/2020\\\/09\\\/15\\\/beto-das-vilas-vai-oficializar-candidatura-a-prefeito-de-ribamar-nesta-quarta-feira-16\\\/#primaryimage\"},\"thumbnailUrl\":\"\",\"datePublished\":\"2020-09-15T20:07:37+00:00\",\"breadcrumb\":{\"@id\":\"https:\\\/\\\/maranhaotv.com.br\\\/index.php\\\/2020\\\/09\\\/15\\\/beto-das-vilas-vai-oficializar-candidatura-a-prefeito-de-ribamar-nesta-quarta-feira-16\\\/#breadcrumb\"},\"inLanguage\":\"pt-BR\",\"potentialAction\":[{\"@type\":\"ReadAction\",\"target\":[\"https:\\\/\\\/maranhaotv.com.br\\\/index.php\\\/2020\\\/09\\\/15\\\/beto-das-vilas-vai-oficializar-candidatura-a-prefeito-de-ribamar-nesta-quarta-feira-16\\\/\"]}]},{\"@type\":\"ImageObject\",\"inLanguage\":\"pt-BR\",\"@id\":\"https:\\\/\\\/maranhaotv.com.br\\\/index.php\\\/2020\\\/09\\\/15\\\/beto-das-vilas-vai-oficializar-candidatura-a-prefeito-de-ribamar-nesta-quarta-feira-16\\\/#primaryimage\",\"url\":\"\",\"contentUrl\":\"\"},{\"@type\":\"BreadcrumbList\",\"@id\":\"https:\\\/\\\/maranhaotv.com.br\\\/index.php\\\/2020\\\/09\\\/15\\\/beto-das-vilas-vai-oficializar-candidatura-a-prefeito-de-ribamar-nesta-quarta-feira-16\\\/#breadcrumb\",\"itemListElement\":[{\"@type\":\"ListItem\",\"position\":1,\"name\":\"In\u00edcio\",\"item\":\"https:\\\/\\\/maranhaotv.com.br\\\/\"},{\"@type\":\"ListItem\",\"position\":2,\"name\":\"Beto das Vilas vai oficializar candidatura a prefeito de Ribamar nesta quarta-feira (16)\"}]},{\"@type\":\"WebSite\",\"@id\":\"https:\\\/\\\/maranhaotv.com.br\\\/#website\",\"url\":\"https:\\\/\\\/maranhaotv.com.br\\\/\",\"name\":\"Maranh\u00e3oTV\",\"description\":\"\",\"publisher\":{\"@id\":\"https:\\\/\\\/maranhaotv.com.br\\\/#organization\"},\"potentialAction\":[{\"@type\":\"SearchAction\",\"target\":{\"@type\":\"EntryPoint\",\"urlTemplate\":\"https:\\\/\\\/maranhaotv.com.br\\\/?s={search_term_string}\"},\"query-input\":{\"@type\":\"PropertyValueSpecification\",\"valueRequired\":true,\"valueName\":\"search_term_string\"}}],\"inLanguage\":\"pt-BR\"},{\"@type\":\"Organization\",\"@id\":\"https:\\\/\\\/maranhaotv.com.br\\\/#organization\",\"name\":\"Portal de Not\u00edcias\",\"url\":\"https:\\\/\\\/maranhaotv.com.br\\\/\",\"logo\":{\"@type\":\"ImageObject\",\"inLanguage\":\"pt-BR\",\"@id\":\"https:\\\/\\\/maranhaotv.com.br\\\/#\\\/schema\\\/logo\\\/image\\\/\",\"url\":\"https:\\\/\\\/maranhaotv.com.br\\\/wp-content\\\/uploads\\\/2024\\\/05\\\/cropped-cropped-avatar-1.png\",\"contentUrl\":\"https:\\\/\\\/maranhaotv.com.br\\\/wp-content\\\/uploads\\\/2024\\\/05\\\/cropped-cropped-avatar-1.png\",\"width\":792,\"height\":428,\"caption\":\"Portal de Not\u00edcias\"},\"image\":{\"@id\":\"https:\\\/\\\/maranhaotv.com.br\\\/#\\\/schema\\\/logo\\\/image\\\/\"},\"sameAs\":[\"https:\\\/\\\/www.facebook.com\\\/maiobaotv\",\"https:\\\/\\\/x.com\\\/sitemaranhaotv\",\"https:\\\/\\\/www.instagram.com\\\/maranhao.tv\",\"https:\\\/\\\/www.threads.net\\\/@maranhao.tv\"]},{\"@type\":\"Person\",\"@id\":\"https:\\\/\\\/maranhaotv.com.br\\\/#\\\/schema\\\/person\\\/3d54238e86b20bb5c89ab2fdb8f8829a\",\"name\":\"maranhaotv\",\"image\":{\"@type\":\"ImageObject\",\"inLanguage\":\"pt-BR\",\"@id\":\"https:\\\/\\\/secure.gravatar.com\\\/avatar\\\/8fadbca458d4cb68b1dd399ae9a40618d747bb1af65ac9fad21c89220a143eb4?s=96&d=mm&r=g\",\"url\":\"https:\\\/\\\/secure.gravatar.com\\\/avatar\\\/8fadbca458d4cb68b1dd399ae9a40618d747bb1af65ac9fad21c89220a143eb4?s=96&d=mm&r=g\",\"contentUrl\":\"https:\\\/\\\/secure.gravatar.com\\\/avatar\\\/8fadbca458d4cb68b1dd399ae9a40618d747bb1af65ac9fad21c89220a143eb4?s=96&d=mm&r=g\",\"caption\":\"maranhaotv\"},\"sameAs\":[\"https:\\\/\\\/maranhaotv.com.br\\\/\"],\"url\":\"https:\\\/\\\/maranhaotv.com.br\\\/index.php\\\/author\\\/maranhaotv\\\/\"}]}<\/script>\n<!-- \/ Yoast SEO plugin. -->","yoast_head_json":{"title":"Beto das Vilas vai oficializar candidatura a prefeito de Ribamar nesta quarta-feira (16) - NOT\u00cdCIAS EM TEMPO REAL","robots":{"index":"index","follow":"follow","max-snippet":"max-snippet:-1","max-image-preview":"max-image-preview:large","max-video-preview":"max-video-preview:-1"},"canonical":"https:\/\/maranhaotv.com.br\/index.php\/2020\/09\/15\/beto-das-vilas-vai-oficializar-candidatura-a-prefeito-de-ribamar-nesta-quarta-feira-16\/","og_locale":"pt_BR","og_type":"article","og_title":"Beto das Vilas vai oficializar candidatura a prefeito de Ribamar nesta quarta-feira (16) - NOT\u00cdCIAS EM TEMPO REAL","og_description":"Est\u00e1 marcada para esta quarta-feira (15), a partir das 16h, a conven\u00e7\u00e3o do Republicanos que homologar\u00e1 o nome de Beto","og_url":"https:\/\/maranhaotv.com.br\/index.php\/2020\/09\/15\/beto-das-vilas-vai-oficializar-candidatura-a-prefeito-de-ribamar-nesta-quarta-feira-16\/","og_site_name":"NOT\u00cdCIAS EM TEMPO REAL","article_publisher":"https:\/\/www.facebook.com\/maiobaotv","article_published_time":"2020-09-15T20:07:37+00:00","author":"maranhaotv","twitter_card":"summary_large_image","twitter_creator":"@sitemaranhaotv","twitter_site":"@sitemaranhaotv","twitter_misc":{"Escrito por":"maranhaotv","Est. tempo de leitura":"1 minuto"},"schema":{"@context":"https:\/\/schema.org","@graph":[{"@type":"Article","@id":"https:\/\/maranhaotv.com.br\/index.php\/2020\/09\/15\/beto-das-vilas-vai-oficializar-candidatura-a-prefeito-de-ribamar-nesta-quarta-feira-16\/#article","isPartOf":{"@id":"https:\/\/maranhaotv.com.br\/index.php\/2020\/09\/15\/beto-das-vilas-vai-oficializar-candidatura-a-prefeito-de-ribamar-nesta-quarta-feira-16\/"},"author":{"name":"maranhaotv","@id":"https:\/\/maranhaotv.com.br\/#\/schema\/person\/3d54238e86b20bb5c89ab2fdb8f8829a"},"headline":"Beto das Vilas vai oficializar candidatura a prefeito de Ribamar nesta quarta-feira (16)","datePublished":"2020-09-15T20:07:37+00:00","mainEntityOfPage":{"@id":"https:\/\/maranhaotv.com.br\/index.php\/2020\/09\/15\/beto-das-vilas-vai-oficializar-candidatura-a-prefeito-de-ribamar-nesta-quarta-feira-16\/"},"wordCount":153,"commentCount":0,"publisher":{"@id":"https:\/\/maranhaotv.com.br\/#organization"},"image":{"@id":"https:\/\/maranhaotv.com.br\/index.php\/2020\/09\/15\/beto-das-vilas-vai-oficializar-candidatura-a-prefeito-de-ribamar-nesta-quarta-feira-16\/#primaryimage"},"thumbnailUrl":"","articleSection":["not\u00edcias"],"inLanguage":"pt-BR","potentialAction":[{"@type":"CommentAction","name":"Comment","target":["https:\/\/maranhaotv.com.br\/index.php\/2020\/09\/15\/beto-das-vilas-vai-oficializar-candidatura-a-prefeito-de-ribamar-nesta-quarta-feira-16\/#respond"]}]},{"@type":"WebPage","@id":"https:\/\/maranhaotv.com.br\/index.php\/2020\/09\/15\/beto-das-vilas-vai-oficializar-candidatura-a-prefeito-de-ribamar-nesta-quarta-feira-16\/","url":"https:\/\/maranhaotv.com.br\/index.php\/2020\/09\/15\/beto-das-vilas-vai-oficializar-candidatura-a-prefeito-de-ribamar-nesta-quarta-feira-16\/","name":"Beto das Vilas vai oficializar candidatura a prefeito de Ribamar nesta quarta-feira (16) - NOT\u00cdCIAS EM TEMPO REAL","isPartOf":{"@id":"https:\/\/maranhaotv.com.br\/#website"},"primaryImageOfPage":{"@id":"https:\/\/maranhaotv.com.br\/index.php\/2020\/09\/15\/beto-das-vilas-vai-oficializar-candidatura-a-prefeito-de-ribamar-nesta-quarta-feira-16\/#primaryimage"},"image":{"@id":"https:\/\/maranhaotv.com.br\/index.php\/2020\/09\/15\/beto-das-vilas-vai-oficializar-candidatura-a-prefeito-de-ribamar-nesta-quarta-feira-16\/#primaryimage"},"thumbnailUrl":"","datePublished":"2020-09-15T20:07:37+00:00","breadcrumb":{"@id":"https:\/\/maranhaotv.com.br\/index.php\/2020\/09\/15\/beto-das-vilas-vai-oficializar-candidatura-a-prefeito-de-ribamar-nesta-quarta-feira-16\/#breadcrumb"},"inLanguage":"pt-BR","potentialAction":[{"@type":"ReadAction","target":["https:\/\/maranhaotv.com.br\/index.php\/2020\/09\/15\/beto-das-vilas-vai-oficializar-candidatura-a-prefeito-de-ribamar-nesta-quarta-feira-16\/"]}]},{"@type":"ImageObject","inLanguage":"pt-BR","@id":"https:\/\/maranhaotv.com.br\/index.php\/2020\/09\/15\/beto-das-vilas-vai-oficializar-candidatura-a-prefeito-de-ribamar-nesta-quarta-feira-16\/#primaryimage","url":"","contentUrl":""},{"@type":"BreadcrumbList","@id":"https:\/\/maranhaotv.com.br\/index.php\/2020\/09\/15\/beto-das-vilas-vai-oficializar-candidatura-a-prefeito-de-ribamar-nesta-quarta-feira-16\/#breadcrumb","itemListElement":[{"@type":"ListItem","position":1,"name":"In\u00edcio","item":"https:\/\/maranhaotv.com.br\/"},{"@type":"ListItem","position":2,"name":"Beto das Vilas vai oficializar candidatura a prefeito de Ribamar nesta quarta-feira (16)"}]},{"@type":"WebSite","@id":"https:\/\/maranhaotv.com.br\/#website","url":"https:\/\/maranhaotv.com.br\/","name":"Maranh\u00e3oTV","description":"","publisher":{"@id":"https:\/\/maranhaotv.com.br\/#organization"},"potentialAction":[{"@type":"SearchAction","target":{"@type":"EntryPoint","urlTemplate":"https:\/\/maranhaotv.com.br\/?s={search_term_string}"},"query-input":{"@type":"PropertyValueSpecification","valueRequired":true,"valueName":"search_term_string"}}],"inLanguage":"pt-BR"},{"@type":"Organization","@id":"https:\/\/maranhaotv.com.br\/#organization","name":"Portal de Not\u00edcias","url":"https:\/\/maranhaotv.com.br\/","logo":{"@type":"ImageObject","inLanguage":"pt-BR","@id":"https:\/\/maranhaotv.com.br\/#\/schema\/logo\/image\/","url":"https:\/\/maranhaotv.com.br\/wp-content\/uploads\/2024\/05\/cropped-cropped-avatar-1.png","contentUrl":"https:\/\/maranhaotv.com.br\/wp-content\/uploads\/2024\/05\/cropped-cropped-avatar-1.png","width":792,"height":428,"caption":"Portal de Not\u00edcias"},"image":{"@id":"https:\/\/maranhaotv.com.br\/#\/schema\/logo\/image\/"},"sameAs":["https:\/\/www.facebook.com\/maiobaotv","https:\/\/x.com\/sitemaranhaotv","https:\/\/www.instagram.com\/maranhao.tv","https:\/\/www.threads.net\/@maranhao.tv"]},{"@type":"Person","@id":"https:\/\/maranhaotv.com.br\/#\/schema\/person\/3d54238e86b20bb5c89ab2fdb8f8829a","name":"maranhaotv","image":{"@type":"ImageObject","inLanguage":"pt-BR","@id":"https:\/\/secure.gravatar.com\/avatar\/8fadbca458d4cb68b1dd399ae9a40618d747bb1af65ac9fad21c89220a143eb4?s=96&d=mm&r=g","url":"https:\/\/secure.gravatar.com\/avatar\/8fadbca458d4cb68b1dd399ae9a40618d747bb1af65ac9fad21c89220a143eb4?s=96&d=mm&r=g","contentUrl":"https:\/\/secure.gravatar.com\/avatar\/8fadbca458d4cb68b1dd399ae9a40618d747bb1af65ac9fad21c89220a143eb4?s=96&d=mm&r=g","caption":"maranhaotv"},"sameAs":["https:\/\/maranhaotv.com.br\/"],"url":"https:\/\/maranhaotv.com.br\/index.php\/author\/maranhaotv\/"}]}},"jetpack_featured_media_url":"","jetpack_sharing_enabled":true,"_links":{"self":[{"href":"https:\/\/maranhaotv.com.br\/index.php\/wp-json\/wp\/v2\/posts\/14828","targetHints":{"allow":["GET"]}}],"collection":[{"href":"https:\/\/maranhaotv.com.br\/index.php\/wp-json\/wp\/v2\/posts"}],"about":[{"href":"https:\/\/maranhaotv.com.br\/index.php\/wp-json\/wp\/v2\/types\/post"}],"author":[{"embeddable":true,"href":"https:\/\/maranhaotv.com.br\/index.php\/wp-json\/wp\/v2\/users\/2"}],"replies":[{"embeddable":true,"href":"https:\/\/maranhaotv.com.br\/index.php\/wp-json\/wp\/v2\/comments?post=14828"}],"version-history":[{"count":0,"href":"https:\/\/maranhaotv.com.br\/index.php\/wp-json\/wp\/v2\/posts\/14828\/revisions"}],"wp:featuredmedia":[{"embeddable":true,"href":"https:\/\/maranhaotv.com.br\/index.php\/wp-json\/"}],"wp:attachment":[{"href":"https:\/\/maranhaotv.com.br\/index.php\/wp-json\/wp\/v2\/media?parent=14828"}],"wp:term":[{"taxonomy":"category","embeddable":true,"href":"https:\/\/maranhaotv.com.br\/index.php\/wp-json\/wp\/v2\/categories?post=14828"},{"taxonomy":"post_tag","embeddable":true,"href":"https:\/\/maranhaotv.com.br\/index.php\/wp-json\/wp\/v2\/tags?post=14828"}],"curies":[{"name":"wp","href":"https:\/\/api.w.org\/{rel}","templated":true}]}}