{"id":14833,"date":"2020-09-15T17:17:49","date_gmt":"2020-09-15T20:17:49","guid":{"rendered":"https:\/\/maiobaotv.com.br\/?p=14833"},"modified":"2020-09-15T17:17:49","modified_gmt":"2020-09-15T20:17:49","slug":"paco-do-lumiar-justica-determina-que-prefeita-implante-beneficios-salariais-para-servidores-da-saude","status":"publish","type":"post","link":"https:\/\/maranhaotv.com.br\/index.php\/2020\/09\/15\/paco-do-lumiar-justica-determina-que-prefeita-implante-beneficios-salariais-para-servidores-da-saude\/","title":{"rendered":"Pa\u00e7o do Lumiar: Justi\u00e7a determina que prefeita implante benef\u00edcios salariais para servidores da sa\u00fade"},"content":{"rendered":"<h5>Os benef\u00edcios eram negados, mas s\u00e3o garantidos por lei no estatuto dos servidores p\u00fablicos de Pa\u00e7o do Lumiar<\/h5>\n<p>O juiz Douglas de Melo Martins (Vara de Interesses Difusos e Coletivos de S\u00e3o Lu\u00eds) condenou o Munic\u00edpio de Pa\u00e7o do Lumiar a implantar, no contracheque dos servidores efetivos da \u00e1rea da sa\u00fade, no prazo de 90 dias, a contar do tr\u00e2nsito em julgado da senten\u00e7a, direitos requeridos em A\u00e7\u00e3o Ordin\u00e1ria pela Associa\u00e7\u00e3o Representativa dos Servidores Ativos e Inativos do Servi\u00e7o P\u00fablico Municipal de S\u00e3o Lu\u00eds, Pa\u00e7o do Lumiar, S\u00e3o Jos\u00e9 de Ribamar, Raposa e Bacabeira (ASSISMU).<\/p>\n<p>Conforme a senten\u00e7a, dever\u00e1 ser implantado o benef\u00edcio de Adicional de Insalubridade, nos respectivos percentuais: Grau M\u00e9dio (30%) para enfermeiro, m\u00e9dico, t\u00e9cnico em enfermagem, dentista, t\u00e9cnico de higiene bucal, auxiliar de consult\u00f3rio dent\u00e1rio, recepcionista, atendente, farmac\u00eautico, atendente de farm\u00e1cia, assistente social, radiologista, agente de controle de endemias, agente comunit\u00e1rio de sa\u00fade, agente\/assistente administrativo, condutor socorrista, fisioterapeuta e terapeuta ocupacional e Grau M\u00e1ximo (40%) para atividade de radiologia.<\/p>\n<p>Tamb\u00e9m dever\u00e3o ser concedidos os benef\u00edcios de Adicional Noturno, acrescendo 25% na hora trabalhada a partir das 22h at\u00e9 \u00e0s cinco da manh\u00e3 e Isonomia de Jornada de Trabalho, com carga hor\u00e1ria de 30 horas semanais.<\/p>\n<p>De outro lado, o juiz rejeitou o pedido de pagamento da Gratifica\u00e7\u00e3o SUS e o de Isonomia de Vencimentos entre os servidores efetivos e os servidores contratados, este de acordo com o parecer ministerial. Na a\u00e7\u00e3o, o Minist\u00e9rio P\u00fablico opinou pelo acolhimento do pedido da redu\u00e7\u00e3o da jornada de trabalho, pela identifica\u00e7\u00e3o dos servidores que se enquadram nas normas estabelecidas pelo Minist\u00e9rio da Sa\u00fade com direito ao recebimento da gratifica\u00e7\u00e3o SUS e pela rejei\u00e7\u00e3o \u00e0 equipara\u00e7\u00e3o dos vencimentos dos servidores efetivos com os contratados.<\/p>\n<p>ESTATUTO<\/p>\n<p>Na fundamenta\u00e7\u00e3o da senten\u00e7a, o juiz informou que o Estatuto dos Servidores Municipais de Pa\u00e7o do Lumiar \u2013 Lei n\u00ba 180, de 21 de outubro de 1993 -, em plena vig\u00eancia, prev\u00ea, em seu artigo 64, que s\u00e3o concedidas aos servidores, al\u00e9m dos vencimentos e das vantagens, as gratifica\u00e7\u00f5es e adicionais: Adicional de Insalubridade pelo exerc\u00edcio de atividades insalubres e perigosas (VII); Adicional Noturno de 25% (artigo 88) e Jornada de Trabalho de 30h semanais (artigo 190), definido em regulamento.<\/p>\n<p>Quanto ao pedido de Gratifica\u00e7\u00e3o do SUS (Sistema \u00danico de Sa\u00fade), o juiz decidiu que a Associa\u00e7\u00e3o n\u00e3o tem raz\u00e3o. O juiz assegurou, com base na legisla\u00e7\u00e3o pertinente (Lei n\u00ba 8.080\/1990), que a gratifica\u00e7\u00e3o SUS, para ser repassada aos servidores da \u00e1rea da sa\u00fade, precisa ser precedida do Plano de Sa\u00fade elaborado pelo munic\u00edpio e aprovado pelo Conselho Municipal de Sa\u00fade. Ainda assim, \u00e9 uma liberalidade do empregador, no caso o Poder P\u00fablico, podendo ser retirada a qualquer tempo, caso necess\u00e1rio e tamb\u00e9m n\u00e3o devendo ser incorporada aos vencimentos e a outras garantias dos trabalhadores da \u00e1rea da sa\u00fade.<\/p>\n<p>O juiz tamb\u00e9m rejeitou o pedido de Isonomia de Vencimentos entre efetivos e contratados, por n\u00e3o haver base legal para sua concess\u00e3o, pois os contratados se constituem em exce\u00e7\u00e3o na esfera do servi\u00e7o p\u00fablico e, portanto, n\u00e3o podem servir de par\u00e2metro para an\u00e1lise referente \u00e0 isonomia de vencimentos. \u201cA S\u00famula Vinculante 37 do Supremo Tribunal Federal estabelece que \u201cN\u00e3o cabe ao Poder Judici\u00e1rio, que n\u00e3o tem fun\u00e7\u00e3o legislativa, aumentar vencimentos de servidores p\u00fablicos sob o fundamento de isonomia\u201d, ressalta a senten\u00e7a.<\/p>\n<p>Na instru\u00e7\u00e3o do processo, o juiz aprovou pedido de exibi\u00e7\u00e3o dos contracheques dos servidores da \u00e1rea da sa\u00fade, por m\u00eddia digital, e apura\u00e7\u00e3o em Laudo Pericial de Exame de Insalubridade dos servidores que trabalham nos postos de sa\u00fade, hospitais e unidades de pronto atendimento e CRAS do munic\u00edpio, por meio do perito Ronaldo Maia Garcez, engenheiro civil, que fundamentaram a decis\u00e3o judicial.<\/p>\n","protected":false},"excerpt":{"rendered":"<p>Os benef\u00edcios eram negados, mas s\u00e3o garantidos por lei no estatuto dos servidores p\u00fablicos de Pa\u00e7o do Lumiar O juiz<\/p>\n","protected":false},"author":2,"featured_media":14832,"comment_status":"open","ping_status":"open","sticky":false,"template":"","format":"standard","meta":{"colormag_page_container_layout":"default_layout","colormag_page_sidebar_layout":"default_layout","_jetpack_memberships_contains_paid_content":false,"footnotes":""},"categories":[2],"tags":[95],"class_list":["post-14833","post","type-post","status-publish","format-standard","has-post-thumbnail","hentry","category-noticias","tag-paula-azevedo"],"magazineBlocksPostFeaturedMedia":{"thumbnail":false,"medium":false,"medium_large":false,"large":false,"1536x1536":false,"2048x2048":false,"colormag-highlighted-post":false,"colormag-featured-post-medium":false,"colormag-featured-post-small":false,"colormag-featured-image":false,"colormag-default-news":false,"colormag-featured-image-large":false},"magazineBlocksPostAuthor":{"name":"maranhaotv","avatar":"https:\/\/secure.gravatar.com\/avatar\/8fadbca458d4cb68b1dd399ae9a40618d747bb1af65ac9fad21c89220a143eb4?s=96&d=mm&r=g"},"magazineBlocksPostCommentsNumber":"0","magazineBlocksPostExcerpt":"Os benef\u00edcios eram negados, mas s\u00e3o garantidos por lei no estatuto dos servidores p\u00fablicos de Pa\u00e7o do Lumiar O juiz","magazineBlocksPostCategories":["not\u00edcias"],"magazineBlocksPostViewCount":225,"magazineBlocksPostReadTime":4,"magazine_blocks_featured_image_url":{"full":false,"medium":false,"thumbnail":false},"magazine_blocks_author":{"display_name":"maranhaotv","author_link":"https:\/\/maranhaotv.com.br\/index.php\/author\/maranhaotv\/"},"magazine_blocks_comment":0,"magazine_blocks_author_image":"https:\/\/secure.gravatar.com\/avatar\/8fadbca458d4cb68b1dd399ae9a40618d747bb1af65ac9fad21c89220a143eb4?s=96&d=mm&r=g","magazine_blocks_category":"<a href=\"#\" class=\"category-link category-link-2\">not\u00edcias<\/a>","yoast_head":"<!-- This site is optimized with the Yoast SEO plugin v27.4 - https:\/\/yoast.com\/product\/yoast-seo-wordpress\/ -->\n<title>Pa\u00e7o do Lumiar: Justi\u00e7a determina que prefeita implante benef\u00edcios salariais para servidores da sa\u00fade - NOT\u00cdCIAS EM TEMPO REAL<\/title>\n<meta name=\"robots\" content=\"index, follow, max-snippet:-1, max-image-preview:large, max-video-preview:-1\" \/>\n<link rel=\"canonical\" href=\"https:\/\/maranhaotv.com.br\/index.php\/2020\/09\/15\/paco-do-lumiar-justica-determina-que-prefeita-implante-beneficios-salariais-para-servidores-da-saude\/\" \/>\n<meta property=\"og:locale\" content=\"pt_BR\" \/>\n<meta property=\"og:type\" content=\"article\" \/>\n<meta property=\"og:title\" content=\"Pa\u00e7o do Lumiar: Justi\u00e7a determina que prefeita implante benef\u00edcios salariais para servidores da sa\u00fade - NOT\u00cdCIAS EM TEMPO REAL\" \/>\n<meta property=\"og:description\" content=\"Os benef\u00edcios eram negados, mas s\u00e3o garantidos por lei no estatuto dos servidores p\u00fablicos de Pa\u00e7o do Lumiar O juiz\" \/>\n<meta property=\"og:url\" content=\"https:\/\/maranhaotv.com.br\/index.php\/2020\/09\/15\/paco-do-lumiar-justica-determina-que-prefeita-implante-beneficios-salariais-para-servidores-da-saude\/\" \/>\n<meta property=\"og:site_name\" content=\"NOT\u00cdCIAS EM TEMPO REAL\" \/>\n<meta property=\"article:publisher\" content=\"https:\/\/www.facebook.com\/maiobaotv\" \/>\n<meta property=\"article:published_time\" content=\"2020-09-15T20:17:49+00:00\" \/>\n<meta name=\"author\" content=\"maranhaotv\" \/>\n<meta name=\"twitter:card\" content=\"summary_large_image\" \/>\n<meta name=\"twitter:creator\" content=\"@sitemaranhaotv\" \/>\n<meta name=\"twitter:site\" content=\"@sitemaranhaotv\" \/>\n<meta name=\"twitter:label1\" content=\"Escrito por\" \/>\n\t<meta name=\"twitter:data1\" content=\"maranhaotv\" \/>\n\t<meta name=\"twitter:label2\" content=\"Est. tempo de leitura\" \/>\n\t<meta name=\"twitter:data2\" content=\"3 minutos\" \/>\n<script type=\"application\/ld+json\" class=\"yoast-schema-graph\">{\"@context\":\"https:\\\/\\\/schema.org\",\"@graph\":[{\"@type\":\"Article\",\"@id\":\"https:\\\/\\\/maranhaotv.com.br\\\/index.php\\\/2020\\\/09\\\/15\\\/paco-do-lumiar-justica-determina-que-prefeita-implante-beneficios-salariais-para-servidores-da-saude\\\/#article\",\"isPartOf\":{\"@id\":\"https:\\\/\\\/maranhaotv.com.br\\\/index.php\\\/2020\\\/09\\\/15\\\/paco-do-lumiar-justica-determina-que-prefeita-implante-beneficios-salariais-para-servidores-da-saude\\\/\"},\"author\":{\"name\":\"maranhaotv\",\"@id\":\"https:\\\/\\\/maranhaotv.com.br\\\/#\\\/schema\\\/person\\\/3d54238e86b20bb5c89ab2fdb8f8829a\"},\"headline\":\"Pa\u00e7o do Lumiar: Justi\u00e7a determina que prefeita implante benef\u00edcios salariais para servidores da sa\u00fade\",\"datePublished\":\"2020-09-15T20:17:49+00:00\",\"mainEntityOfPage\":{\"@id\":\"https:\\\/\\\/maranhaotv.com.br\\\/index.php\\\/2020\\\/09\\\/15\\\/paco-do-lumiar-justica-determina-que-prefeita-implante-beneficios-salariais-para-servidores-da-saude\\\/\"},\"wordCount\":702,\"commentCount\":0,\"publisher\":{\"@id\":\"https:\\\/\\\/maranhaotv.com.br\\\/#organization\"},\"image\":{\"@id\":\"https:\\\/\\\/maranhaotv.com.br\\\/index.php\\\/2020\\\/09\\\/15\\\/paco-do-lumiar-justica-determina-que-prefeita-implante-beneficios-salariais-para-servidores-da-saude\\\/#primaryimage\"},\"thumbnailUrl\":\"\",\"keywords\":[\"Paula Azevedo\"],\"articleSection\":[\"not\u00edcias\"],\"inLanguage\":\"pt-BR\",\"potentialAction\":[{\"@type\":\"CommentAction\",\"name\":\"Comment\",\"target\":[\"https:\\\/\\\/maranhaotv.com.br\\\/index.php\\\/2020\\\/09\\\/15\\\/paco-do-lumiar-justica-determina-que-prefeita-implante-beneficios-salariais-para-servidores-da-saude\\\/#respond\"]}]},{\"@type\":\"WebPage\",\"@id\":\"https:\\\/\\\/maranhaotv.com.br\\\/index.php\\\/2020\\\/09\\\/15\\\/paco-do-lumiar-justica-determina-que-prefeita-implante-beneficios-salariais-para-servidores-da-saude\\\/\",\"url\":\"https:\\\/\\\/maranhaotv.com.br\\\/index.php\\\/2020\\\/09\\\/15\\\/paco-do-lumiar-justica-determina-que-prefeita-implante-beneficios-salariais-para-servidores-da-saude\\\/\",\"name\":\"Pa\u00e7o do Lumiar: Justi\u00e7a determina que prefeita implante benef\u00edcios salariais para servidores da sa\u00fade - NOT\u00cdCIAS EM TEMPO REAL\",\"isPartOf\":{\"@id\":\"https:\\\/\\\/maranhaotv.com.br\\\/#website\"},\"primaryImageOfPage\":{\"@id\":\"https:\\\/\\\/maranhaotv.com.br\\\/index.php\\\/2020\\\/09\\\/15\\\/paco-do-lumiar-justica-determina-que-prefeita-implante-beneficios-salariais-para-servidores-da-saude\\\/#primaryimage\"},\"image\":{\"@id\":\"https:\\\/\\\/maranhaotv.com.br\\\/index.php\\\/2020\\\/09\\\/15\\\/paco-do-lumiar-justica-determina-que-prefeita-implante-beneficios-salariais-para-servidores-da-saude\\\/#primaryimage\"},\"thumbnailUrl\":\"\",\"datePublished\":\"2020-09-15T20:17:49+00:00\",\"breadcrumb\":{\"@id\":\"https:\\\/\\\/maranhaotv.com.br\\\/index.php\\\/2020\\\/09\\\/15\\\/paco-do-lumiar-justica-determina-que-prefeita-implante-beneficios-salariais-para-servidores-da-saude\\\/#breadcrumb\"},\"inLanguage\":\"pt-BR\",\"potentialAction\":[{\"@type\":\"ReadAction\",\"target\":[\"https:\\\/\\\/maranhaotv.com.br\\\/index.php\\\/2020\\\/09\\\/15\\\/paco-do-lumiar-justica-determina-que-prefeita-implante-beneficios-salariais-para-servidores-da-saude\\\/\"]}]},{\"@type\":\"ImageObject\",\"inLanguage\":\"pt-BR\",\"@id\":\"https:\\\/\\\/maranhaotv.com.br\\\/index.php\\\/2020\\\/09\\\/15\\\/paco-do-lumiar-justica-determina-que-prefeita-implante-beneficios-salariais-para-servidores-da-saude\\\/#primaryimage\",\"url\":\"\",\"contentUrl\":\"\"},{\"@type\":\"BreadcrumbList\",\"@id\":\"https:\\\/\\\/maranhaotv.com.br\\\/index.php\\\/2020\\\/09\\\/15\\\/paco-do-lumiar-justica-determina-que-prefeita-implante-beneficios-salariais-para-servidores-da-saude\\\/#breadcrumb\",\"itemListElement\":[{\"@type\":\"ListItem\",\"position\":1,\"name\":\"In\u00edcio\",\"item\":\"https:\\\/\\\/maranhaotv.com.br\\\/\"},{\"@type\":\"ListItem\",\"position\":2,\"name\":\"Pa\u00e7o do Lumiar: Justi\u00e7a determina que prefeita implante benef\u00edcios salariais para servidores da sa\u00fade\"}]},{\"@type\":\"WebSite\",\"@id\":\"https:\\\/\\\/maranhaotv.com.br\\\/#website\",\"url\":\"https:\\\/\\\/maranhaotv.com.br\\\/\",\"name\":\"Maranh\u00e3oTV\",\"description\":\"\",\"publisher\":{\"@id\":\"https:\\\/\\\/maranhaotv.com.br\\\/#organization\"},\"potentialAction\":[{\"@type\":\"SearchAction\",\"target\":{\"@type\":\"EntryPoint\",\"urlTemplate\":\"https:\\\/\\\/maranhaotv.com.br\\\/?s={search_term_string}\"},\"query-input\":{\"@type\":\"PropertyValueSpecification\",\"valueRequired\":true,\"valueName\":\"search_term_string\"}}],\"inLanguage\":\"pt-BR\"},{\"@type\":\"Organization\",\"@id\":\"https:\\\/\\\/maranhaotv.com.br\\\/#organization\",\"name\":\"Portal de Not\u00edcias\",\"url\":\"https:\\\/\\\/maranhaotv.com.br\\\/\",\"logo\":{\"@type\":\"ImageObject\",\"inLanguage\":\"pt-BR\",\"@id\":\"https:\\\/\\\/maranhaotv.com.br\\\/#\\\/schema\\\/logo\\\/image\\\/\",\"url\":\"https:\\\/\\\/maranhaotv.com.br\\\/wp-content\\\/uploads\\\/2024\\\/05\\\/cropped-cropped-avatar-1.png\",\"contentUrl\":\"https:\\\/\\\/maranhaotv.com.br\\\/wp-content\\\/uploads\\\/2024\\\/05\\\/cropped-cropped-avatar-1.png\",\"width\":792,\"height\":428,\"caption\":\"Portal de Not\u00edcias\"},\"image\":{\"@id\":\"https:\\\/\\\/maranhaotv.com.br\\\/#\\\/schema\\\/logo\\\/image\\\/\"},\"sameAs\":[\"https:\\\/\\\/www.facebook.com\\\/maiobaotv\",\"https:\\\/\\\/x.com\\\/sitemaranhaotv\",\"https:\\\/\\\/www.instagram.com\\\/maranhao.tv\",\"https:\\\/\\\/www.threads.net\\\/@maranhao.tv\"]},{\"@type\":\"Person\",\"@id\":\"https:\\\/\\\/maranhaotv.com.br\\\/#\\\/schema\\\/person\\\/3d54238e86b20bb5c89ab2fdb8f8829a\",\"name\":\"maranhaotv\",\"image\":{\"@type\":\"ImageObject\",\"inLanguage\":\"pt-BR\",\"@id\":\"https:\\\/\\\/secure.gravatar.com\\\/avatar\\\/8fadbca458d4cb68b1dd399ae9a40618d747bb1af65ac9fad21c89220a143eb4?s=96&d=mm&r=g\",\"url\":\"https:\\\/\\\/secure.gravatar.com\\\/avatar\\\/8fadbca458d4cb68b1dd399ae9a40618d747bb1af65ac9fad21c89220a143eb4?s=96&d=mm&r=g\",\"contentUrl\":\"https:\\\/\\\/secure.gravatar.com\\\/avatar\\\/8fadbca458d4cb68b1dd399ae9a40618d747bb1af65ac9fad21c89220a143eb4?s=96&d=mm&r=g\",\"caption\":\"maranhaotv\"},\"sameAs\":[\"https:\\\/\\\/maranhaotv.com.br\\\/\"],\"url\":\"https:\\\/\\\/maranhaotv.com.br\\\/index.php\\\/author\\\/maranhaotv\\\/\"}]}<\/script>\n<!-- \/ Yoast SEO plugin. -->","yoast_head_json":{"title":"Pa\u00e7o do Lumiar: Justi\u00e7a determina que prefeita implante benef\u00edcios salariais para servidores da sa\u00fade - NOT\u00cdCIAS EM TEMPO REAL","robots":{"index":"index","follow":"follow","max-snippet":"max-snippet:-1","max-image-preview":"max-image-preview:large","max-video-preview":"max-video-preview:-1"},"canonical":"https:\/\/maranhaotv.com.br\/index.php\/2020\/09\/15\/paco-do-lumiar-justica-determina-que-prefeita-implante-beneficios-salariais-para-servidores-da-saude\/","og_locale":"pt_BR","og_type":"article","og_title":"Pa\u00e7o do Lumiar: Justi\u00e7a determina que prefeita implante benef\u00edcios salariais para servidores da sa\u00fade - NOT\u00cdCIAS EM TEMPO REAL","og_description":"Os benef\u00edcios eram negados, mas s\u00e3o garantidos por lei no estatuto dos servidores p\u00fablicos de Pa\u00e7o do Lumiar O juiz","og_url":"https:\/\/maranhaotv.com.br\/index.php\/2020\/09\/15\/paco-do-lumiar-justica-determina-que-prefeita-implante-beneficios-salariais-para-servidores-da-saude\/","og_site_name":"NOT\u00cdCIAS EM TEMPO REAL","article_publisher":"https:\/\/www.facebook.com\/maiobaotv","article_published_time":"2020-09-15T20:17:49+00:00","author":"maranhaotv","twitter_card":"summary_large_image","twitter_creator":"@sitemaranhaotv","twitter_site":"@sitemaranhaotv","twitter_misc":{"Escrito por":"maranhaotv","Est. tempo de leitura":"3 minutos"},"schema":{"@context":"https:\/\/schema.org","@graph":[{"@type":"Article","@id":"https:\/\/maranhaotv.com.br\/index.php\/2020\/09\/15\/paco-do-lumiar-justica-determina-que-prefeita-implante-beneficios-salariais-para-servidores-da-saude\/#article","isPartOf":{"@id":"https:\/\/maranhaotv.com.br\/index.php\/2020\/09\/15\/paco-do-lumiar-justica-determina-que-prefeita-implante-beneficios-salariais-para-servidores-da-saude\/"},"author":{"name":"maranhaotv","@id":"https:\/\/maranhaotv.com.br\/#\/schema\/person\/3d54238e86b20bb5c89ab2fdb8f8829a"},"headline":"Pa\u00e7o do Lumiar: Justi\u00e7a determina que prefeita implante benef\u00edcios salariais para servidores da sa\u00fade","datePublished":"2020-09-15T20:17:49+00:00","mainEntityOfPage":{"@id":"https:\/\/maranhaotv.com.br\/index.php\/2020\/09\/15\/paco-do-lumiar-justica-determina-que-prefeita-implante-beneficios-salariais-para-servidores-da-saude\/"},"wordCount":702,"commentCount":0,"publisher":{"@id":"https:\/\/maranhaotv.com.br\/#organization"},"image":{"@id":"https:\/\/maranhaotv.com.br\/index.php\/2020\/09\/15\/paco-do-lumiar-justica-determina-que-prefeita-implante-beneficios-salariais-para-servidores-da-saude\/#primaryimage"},"thumbnailUrl":"","keywords":["Paula Azevedo"],"articleSection":["not\u00edcias"],"inLanguage":"pt-BR","potentialAction":[{"@type":"CommentAction","name":"Comment","target":["https:\/\/maranhaotv.com.br\/index.php\/2020\/09\/15\/paco-do-lumiar-justica-determina-que-prefeita-implante-beneficios-salariais-para-servidores-da-saude\/#respond"]}]},{"@type":"WebPage","@id":"https:\/\/maranhaotv.com.br\/index.php\/2020\/09\/15\/paco-do-lumiar-justica-determina-que-prefeita-implante-beneficios-salariais-para-servidores-da-saude\/","url":"https:\/\/maranhaotv.com.br\/index.php\/2020\/09\/15\/paco-do-lumiar-justica-determina-que-prefeita-implante-beneficios-salariais-para-servidores-da-saude\/","name":"Pa\u00e7o do Lumiar: Justi\u00e7a determina que prefeita implante benef\u00edcios salariais para servidores da sa\u00fade - NOT\u00cdCIAS EM TEMPO REAL","isPartOf":{"@id":"https:\/\/maranhaotv.com.br\/#website"},"primaryImageOfPage":{"@id":"https:\/\/maranhaotv.com.br\/index.php\/2020\/09\/15\/paco-do-lumiar-justica-determina-que-prefeita-implante-beneficios-salariais-para-servidores-da-saude\/#primaryimage"},"image":{"@id":"https:\/\/maranhaotv.com.br\/index.php\/2020\/09\/15\/paco-do-lumiar-justica-determina-que-prefeita-implante-beneficios-salariais-para-servidores-da-saude\/#primaryimage"},"thumbnailUrl":"","datePublished":"2020-09-15T20:17:49+00:00","breadcrumb":{"@id":"https:\/\/maranhaotv.com.br\/index.php\/2020\/09\/15\/paco-do-lumiar-justica-determina-que-prefeita-implante-beneficios-salariais-para-servidores-da-saude\/#breadcrumb"},"inLanguage":"pt-BR","potentialAction":[{"@type":"ReadAction","target":["https:\/\/maranhaotv.com.br\/index.php\/2020\/09\/15\/paco-do-lumiar-justica-determina-que-prefeita-implante-beneficios-salariais-para-servidores-da-saude\/"]}]},{"@type":"ImageObject","inLanguage":"pt-BR","@id":"https:\/\/maranhaotv.com.br\/index.php\/2020\/09\/15\/paco-do-lumiar-justica-determina-que-prefeita-implante-beneficios-salariais-para-servidores-da-saude\/#primaryimage","url":"","contentUrl":""},{"@type":"BreadcrumbList","@id":"https:\/\/maranhaotv.com.br\/index.php\/2020\/09\/15\/paco-do-lumiar-justica-determina-que-prefeita-implante-beneficios-salariais-para-servidores-da-saude\/#breadcrumb","itemListElement":[{"@type":"ListItem","position":1,"name":"In\u00edcio","item":"https:\/\/maranhaotv.com.br\/"},{"@type":"ListItem","position":2,"name":"Pa\u00e7o do Lumiar: Justi\u00e7a determina que prefeita implante benef\u00edcios salariais para servidores da sa\u00fade"}]},{"@type":"WebSite","@id":"https:\/\/maranhaotv.com.br\/#website","url":"https:\/\/maranhaotv.com.br\/","name":"Maranh\u00e3oTV","description":"","publisher":{"@id":"https:\/\/maranhaotv.com.br\/#organization"},"potentialAction":[{"@type":"SearchAction","target":{"@type":"EntryPoint","urlTemplate":"https:\/\/maranhaotv.com.br\/?s={search_term_string}"},"query-input":{"@type":"PropertyValueSpecification","valueRequired":true,"valueName":"search_term_string"}}],"inLanguage":"pt-BR"},{"@type":"Organization","@id":"https:\/\/maranhaotv.com.br\/#organization","name":"Portal de Not\u00edcias","url":"https:\/\/maranhaotv.com.br\/","logo":{"@type":"ImageObject","inLanguage":"pt-BR","@id":"https:\/\/maranhaotv.com.br\/#\/schema\/logo\/image\/","url":"https:\/\/maranhaotv.com.br\/wp-content\/uploads\/2024\/05\/cropped-cropped-avatar-1.png","contentUrl":"https:\/\/maranhaotv.com.br\/wp-content\/uploads\/2024\/05\/cropped-cropped-avatar-1.png","width":792,"height":428,"caption":"Portal de Not\u00edcias"},"image":{"@id":"https:\/\/maranhaotv.com.br\/#\/schema\/logo\/image\/"},"sameAs":["https:\/\/www.facebook.com\/maiobaotv","https:\/\/x.com\/sitemaranhaotv","https:\/\/www.instagram.com\/maranhao.tv","https:\/\/www.threads.net\/@maranhao.tv"]},{"@type":"Person","@id":"https:\/\/maranhaotv.com.br\/#\/schema\/person\/3d54238e86b20bb5c89ab2fdb8f8829a","name":"maranhaotv","image":{"@type":"ImageObject","inLanguage":"pt-BR","@id":"https:\/\/secure.gravatar.com\/avatar\/8fadbca458d4cb68b1dd399ae9a40618d747bb1af65ac9fad21c89220a143eb4?s=96&d=mm&r=g","url":"https:\/\/secure.gravatar.com\/avatar\/8fadbca458d4cb68b1dd399ae9a40618d747bb1af65ac9fad21c89220a143eb4?s=96&d=mm&r=g","contentUrl":"https:\/\/secure.gravatar.com\/avatar\/8fadbca458d4cb68b1dd399ae9a40618d747bb1af65ac9fad21c89220a143eb4?s=96&d=mm&r=g","caption":"maranhaotv"},"sameAs":["https:\/\/maranhaotv.com.br\/"],"url":"https:\/\/maranhaotv.com.br\/index.php\/author\/maranhaotv\/"}]}},"jetpack_featured_media_url":"","jetpack_sharing_enabled":true,"_links":{"self":[{"href":"https:\/\/maranhaotv.com.br\/index.php\/wp-json\/wp\/v2\/posts\/14833","targetHints":{"allow":["GET"]}}],"collection":[{"href":"https:\/\/maranhaotv.com.br\/index.php\/wp-json\/wp\/v2\/posts"}],"about":[{"href":"https:\/\/maranhaotv.com.br\/index.php\/wp-json\/wp\/v2\/types\/post"}],"author":[{"embeddable":true,"href":"https:\/\/maranhaotv.com.br\/index.php\/wp-json\/wp\/v2\/users\/2"}],"replies":[{"embeddable":true,"href":"https:\/\/maranhaotv.com.br\/index.php\/wp-json\/wp\/v2\/comments?post=14833"}],"version-history":[{"count":0,"href":"https:\/\/maranhaotv.com.br\/index.php\/wp-json\/wp\/v2\/posts\/14833\/revisions"}],"wp:featuredmedia":[{"embeddable":true,"href":"https:\/\/maranhaotv.com.br\/index.php\/wp-json\/"}],"wp:attachment":[{"href":"https:\/\/maranhaotv.com.br\/index.php\/wp-json\/wp\/v2\/media?parent=14833"}],"wp:term":[{"taxonomy":"category","embeddable":true,"href":"https:\/\/maranhaotv.com.br\/index.php\/wp-json\/wp\/v2\/categories?post=14833"},{"taxonomy":"post_tag","embeddable":true,"href":"https:\/\/maranhaotv.com.br\/index.php\/wp-json\/wp\/v2\/tags?post=14833"}],"curies":[{"name":"wp","href":"https:\/\/api.w.org\/{rel}","templated":true}]}}