{"id":14858,"date":"2020-09-16T15:01:00","date_gmt":"2020-09-16T18:01:00","guid":{"rendered":"https:\/\/maiobaotv.com.br\/?p=14858"},"modified":"2020-09-16T15:01:00","modified_gmt":"2020-09-16T18:01:00","slug":"fred-campos-e-tiago-do-iesf-participaram-do-aniversario-do-pastor-valdinan-branco","status":"publish","type":"post","link":"https:\/\/maranhaotv.com.br\/index.php\/2020\/09\/16\/fred-campos-e-tiago-do-iesf-participaram-do-aniversario-do-pastor-valdinan-branco\/","title":{"rendered":"Fred Campos e Tiago do IESF participaram do anivers\u00e1rio do pastor Valdinan Branco"},"content":{"rendered":"<h5>Pastor Valdinan \u00e9 presidente da Assembl\u00e9ia de Deus do polo Pa\u00e7o do Lumiar<\/h5>\n<p>Na tarde desta \u00faltima ter\u00e7a-feira (15), os empres\u00e1rios luminenses Fred Campos e Tiago do IESF participaram de um almo\u00e7o em comemora\u00e7\u00e3o ao anivers\u00e1rio do pastor Valdinan Branco, no Timbuba em Pa\u00e7o do Lumiar. Foi um almo\u00e7o descontra\u00eddo onde todos os presentes desejaram felicita\u00e7\u00f5es e muitas ora\u00e7\u00f5es ao aniversariante.<\/p>\n<p>Para Tiago do IESF, a assembleia \u00e9 uma manifesta\u00e7\u00e3o religiosa que tem sua seriedade e que contribui principalmente para o social em Pa\u00e7o do Lumiar. \u201cEles desenvolvem um trabalho s\u00e9rio na comunidade evang\u00e9lica da cidade, a Assembl\u00e9ia de Deus \u00e9 uma das mais antigas igrejas de Pa\u00e7o do Lumiar e o pastor Valdinan t\u00eam desenvolvido e contribu\u00eddo com esse trabalho \u00e0 frente por muitos anos\u201d, afirma.<\/p>\n<p>Fred Campos ressaltou o trabalho do pastor Valdinan Branco em Pa\u00e7o do Lumiar: \u201cParab\u00e9ns ao pastor Valdinan por mais um ano de vida e tamb\u00e9m pelo grande trabalho que tem feito em prol da obra de Deus aqui em Pa\u00e7o do Lumiar, \u00e9 not\u00f3rio o crescimento da obra de Deus em sua gest\u00e3o, al\u00e9m de ser um grande l\u00edder \u00e9 um grande homem, uma pessoa de car\u00e1ter e muita honra, um exemplo a ser seguido\u201d, comentou Fred.<\/p>\n<p>Estiveram presentes amigos e l\u00edderes religiosos assembleianos de toda a regi\u00e3o metropolitana de S\u00e3o Lu\u00eds.<\/p>\n<p><img loading=\"lazy\" decoding=\"async\" src=\"https:\/\/maiobaotv.com.br\/wp-content\/uploads\/2020\/09\/img-20200916-wa04077693141560411524105.jpg\" class=\"wp-image-14857 alignnone size-full\" width=\"1280\" height=\"853\"><\/p>\n<p><img loading=\"lazy\" decoding=\"async\" src=\"https:\/\/maiobaotv.com.br\/wp-content\/uploads\/2020\/09\/img-20200916-wa04042751422893856725933.jpg\" class=\"wp-image-14855 alignnone size-full\" width=\"1280\" height=\"853\"><\/p>\n<p><img loading=\"lazy\" decoding=\"async\" src=\"https:\/\/maiobaotv.com.br\/wp-content\/uploads\/2020\/09\/img-20200916-wa04058107344795819283205.jpg\" class=\"wp-image-14856 alignnone size-full\" width=\"1280\" height=\"853\"><\/p>\n","protected":false},"excerpt":{"rendered":"<p>Pastor Valdinan \u00e9 presidente da Assembl\u00e9ia de Deus do polo Pa\u00e7o do Lumiar Na tarde desta \u00faltima ter\u00e7a-feira (15), os<\/p>\n","protected":false},"author":2,"featured_media":14860,"comment_status":"open","ping_status":"open","sticky":false,"template":"","format":"standard","meta":{"colormag_page_container_layout":"default_layout","colormag_page_sidebar_layout":"default_layout","_jetpack_memberships_contains_paid_content":false,"footnotes":""},"categories":[2,6],"tags":[43,97],"class_list":["post-14858","post","type-post","status-publish","format-standard","has-post-thumbnail","hentry","category-noticias","category-politica","tag-fred-campos","tag-tiago-carneiro"],"magazineBlocksPostFeaturedMedia":{"thumbnail":false,"medium":false,"medium_large":false,"large":false,"1536x1536":false,"2048x2048":false,"colormag-highlighted-post":false,"colormag-featured-post-medium":false,"colormag-featured-post-small":false,"colormag-featured-image":false,"colormag-default-news":false,"colormag-featured-image-large":false},"magazineBlocksPostAuthor":{"name":"maranhaotv","avatar":"https:\/\/secure.gravatar.com\/avatar\/8fadbca458d4cb68b1dd399ae9a40618d747bb1af65ac9fad21c89220a143eb4?s=96&d=mm&r=g"},"magazineBlocksPostCommentsNumber":"0","magazineBlocksPostExcerpt":"Pastor Valdinan \u00e9 presidente da Assembl\u00e9ia de Deus do polo Pa\u00e7o do Lumiar Na tarde desta \u00faltima ter\u00e7a-feira (15), os","magazineBlocksPostCategories":["not\u00edcias","pol\u00edtica"],"magazineBlocksPostViewCount":289,"magazineBlocksPostReadTime":2,"magazine_blocks_featured_image_url":{"full":false,"medium":false,"thumbnail":false},"magazine_blocks_author":{"display_name":"maranhaotv","author_link":"https:\/\/maranhaotv.com.br\/index.php\/author\/maranhaotv\/"},"magazine_blocks_comment":0,"magazine_blocks_author_image":"https:\/\/secure.gravatar.com\/avatar\/8fadbca458d4cb68b1dd399ae9a40618d747bb1af65ac9fad21c89220a143eb4?s=96&d=mm&r=g","magazine_blocks_category":"<a href=\"#\" class=\"category-link category-link-2\">not\u00edcias<\/a> <a href=\"#\" class=\"category-link category-link-6\">pol\u00edtica<\/a>","yoast_head":"<!-- This site is optimized with the Yoast SEO plugin v27.4 - https:\/\/yoast.com\/product\/yoast-seo-wordpress\/ -->\n<title>Fred Campos e Tiago do IESF participaram do anivers\u00e1rio do pastor Valdinan Branco - NOT\u00cdCIAS EM TEMPO REAL<\/title>\n<meta name=\"robots\" content=\"index, follow, max-snippet:-1, max-image-preview:large, max-video-preview:-1\" \/>\n<link rel=\"canonical\" href=\"https:\/\/maranhaotv.com.br\/index.php\/2020\/09\/16\/fred-campos-e-tiago-do-iesf-participaram-do-aniversario-do-pastor-valdinan-branco\/\" \/>\n<meta property=\"og:locale\" content=\"pt_BR\" \/>\n<meta property=\"og:type\" content=\"article\" \/>\n<meta property=\"og:title\" content=\"Fred Campos e Tiago do IESF participaram do anivers\u00e1rio do pastor Valdinan Branco - NOT\u00cdCIAS EM TEMPO REAL\" \/>\n<meta property=\"og:description\" content=\"Pastor Valdinan \u00e9 presidente da Assembl\u00e9ia de Deus do polo Pa\u00e7o do Lumiar Na tarde desta \u00faltima ter\u00e7a-feira (15), os\" \/>\n<meta property=\"og:url\" content=\"https:\/\/maranhaotv.com.br\/index.php\/2020\/09\/16\/fred-campos-e-tiago-do-iesf-participaram-do-aniversario-do-pastor-valdinan-branco\/\" \/>\n<meta property=\"og:site_name\" content=\"NOT\u00cdCIAS EM TEMPO REAL\" \/>\n<meta property=\"article:publisher\" content=\"https:\/\/www.facebook.com\/maiobaotv\" \/>\n<meta property=\"article:published_time\" content=\"2020-09-16T18:01:00+00:00\" \/>\n<meta name=\"author\" content=\"maranhaotv\" \/>\n<meta name=\"twitter:card\" content=\"summary_large_image\" \/>\n<meta name=\"twitter:creator\" content=\"@sitemaranhaotv\" \/>\n<meta name=\"twitter:site\" content=\"@sitemaranhaotv\" \/>\n<meta name=\"twitter:label1\" content=\"Escrito por\" \/>\n\t<meta name=\"twitter:data1\" content=\"maranhaotv\" \/>\n\t<meta name=\"twitter:label2\" content=\"Est. tempo de leitura\" \/>\n\t<meta name=\"twitter:data2\" content=\"1 minuto\" \/>\n<script type=\"application\/ld+json\" class=\"yoast-schema-graph\">{\"@context\":\"https:\\\/\\\/schema.org\",\"@graph\":[{\"@type\":\"Article\",\"@id\":\"https:\\\/\\\/maranhaotv.com.br\\\/index.php\\\/2020\\\/09\\\/16\\\/fred-campos-e-tiago-do-iesf-participaram-do-aniversario-do-pastor-valdinan-branco\\\/#article\",\"isPartOf\":{\"@id\":\"https:\\\/\\\/maranhaotv.com.br\\\/index.php\\\/2020\\\/09\\\/16\\\/fred-campos-e-tiago-do-iesf-participaram-do-aniversario-do-pastor-valdinan-branco\\\/\"},\"author\":{\"name\":\"maranhaotv\",\"@id\":\"https:\\\/\\\/maranhaotv.com.br\\\/#\\\/schema\\\/person\\\/3d54238e86b20bb5c89ab2fdb8f8829a\"},\"headline\":\"Fred Campos e Tiago do IESF participaram do anivers\u00e1rio do pastor Valdinan Branco\",\"datePublished\":\"2020-09-16T18:01:00+00:00\",\"mainEntityOfPage\":{\"@id\":\"https:\\\/\\\/maranhaotv.com.br\\\/index.php\\\/2020\\\/09\\\/16\\\/fred-campos-e-tiago-do-iesf-participaram-do-aniversario-do-pastor-valdinan-branco\\\/\"},\"wordCount\":259,\"commentCount\":0,\"publisher\":{\"@id\":\"https:\\\/\\\/maranhaotv.com.br\\\/#organization\"},\"image\":{\"@id\":\"https:\\\/\\\/maranhaotv.com.br\\\/index.php\\\/2020\\\/09\\\/16\\\/fred-campos-e-tiago-do-iesf-participaram-do-aniversario-do-pastor-valdinan-branco\\\/#primaryimage\"},\"thumbnailUrl\":\"\",\"keywords\":[\"Fred Campos\",\"Tiago Carneiro\"],\"articleSection\":[\"not\u00edcias\",\"pol\u00edtica\"],\"inLanguage\":\"pt-BR\",\"potentialAction\":[{\"@type\":\"CommentAction\",\"name\":\"Comment\",\"target\":[\"https:\\\/\\\/maranhaotv.com.br\\\/index.php\\\/2020\\\/09\\\/16\\\/fred-campos-e-tiago-do-iesf-participaram-do-aniversario-do-pastor-valdinan-branco\\\/#respond\"]}]},{\"@type\":\"WebPage\",\"@id\":\"https:\\\/\\\/maranhaotv.com.br\\\/index.php\\\/2020\\\/09\\\/16\\\/fred-campos-e-tiago-do-iesf-participaram-do-aniversario-do-pastor-valdinan-branco\\\/\",\"url\":\"https:\\\/\\\/maranhaotv.com.br\\\/index.php\\\/2020\\\/09\\\/16\\\/fred-campos-e-tiago-do-iesf-participaram-do-aniversario-do-pastor-valdinan-branco\\\/\",\"name\":\"Fred Campos e Tiago do IESF participaram do anivers\u00e1rio do pastor Valdinan Branco - NOT\u00cdCIAS EM TEMPO REAL\",\"isPartOf\":{\"@id\":\"https:\\\/\\\/maranhaotv.com.br\\\/#website\"},\"primaryImageOfPage\":{\"@id\":\"https:\\\/\\\/maranhaotv.com.br\\\/index.php\\\/2020\\\/09\\\/16\\\/fred-campos-e-tiago-do-iesf-participaram-do-aniversario-do-pastor-valdinan-branco\\\/#primaryimage\"},\"image\":{\"@id\":\"https:\\\/\\\/maranhaotv.com.br\\\/index.php\\\/2020\\\/09\\\/16\\\/fred-campos-e-tiago-do-iesf-participaram-do-aniversario-do-pastor-valdinan-branco\\\/#primaryimage\"},\"thumbnailUrl\":\"\",\"datePublished\":\"2020-09-16T18:01:00+00:00\",\"breadcrumb\":{\"@id\":\"https:\\\/\\\/maranhaotv.com.br\\\/index.php\\\/2020\\\/09\\\/16\\\/fred-campos-e-tiago-do-iesf-participaram-do-aniversario-do-pastor-valdinan-branco\\\/#breadcrumb\"},\"inLanguage\":\"pt-BR\",\"potentialAction\":[{\"@type\":\"ReadAction\",\"target\":[\"https:\\\/\\\/maranhaotv.com.br\\\/index.php\\\/2020\\\/09\\\/16\\\/fred-campos-e-tiago-do-iesf-participaram-do-aniversario-do-pastor-valdinan-branco\\\/\"]}]},{\"@type\":\"ImageObject\",\"inLanguage\":\"pt-BR\",\"@id\":\"https:\\\/\\\/maranhaotv.com.br\\\/index.php\\\/2020\\\/09\\\/16\\\/fred-campos-e-tiago-do-iesf-participaram-do-aniversario-do-pastor-valdinan-branco\\\/#primaryimage\",\"url\":\"\",\"contentUrl\":\"\"},{\"@type\":\"BreadcrumbList\",\"@id\":\"https:\\\/\\\/maranhaotv.com.br\\\/index.php\\\/2020\\\/09\\\/16\\\/fred-campos-e-tiago-do-iesf-participaram-do-aniversario-do-pastor-valdinan-branco\\\/#breadcrumb\",\"itemListElement\":[{\"@type\":\"ListItem\",\"position\":1,\"name\":\"In\u00edcio\",\"item\":\"https:\\\/\\\/maranhaotv.com.br\\\/\"},{\"@type\":\"ListItem\",\"position\":2,\"name\":\"Fred Campos e Tiago do IESF participaram do anivers\u00e1rio do pastor Valdinan Branco\"}]},{\"@type\":\"WebSite\",\"@id\":\"https:\\\/\\\/maranhaotv.com.br\\\/#website\",\"url\":\"https:\\\/\\\/maranhaotv.com.br\\\/\",\"name\":\"Maranh\u00e3oTV\",\"description\":\"\",\"publisher\":{\"@id\":\"https:\\\/\\\/maranhaotv.com.br\\\/#organization\"},\"potentialAction\":[{\"@type\":\"SearchAction\",\"target\":{\"@type\":\"EntryPoint\",\"urlTemplate\":\"https:\\\/\\\/maranhaotv.com.br\\\/?s={search_term_string}\"},\"query-input\":{\"@type\":\"PropertyValueSpecification\",\"valueRequired\":true,\"valueName\":\"search_term_string\"}}],\"inLanguage\":\"pt-BR\"},{\"@type\":\"Organization\",\"@id\":\"https:\\\/\\\/maranhaotv.com.br\\\/#organization\",\"name\":\"Portal de Not\u00edcias\",\"url\":\"https:\\\/\\\/maranhaotv.com.br\\\/\",\"logo\":{\"@type\":\"ImageObject\",\"inLanguage\":\"pt-BR\",\"@id\":\"https:\\\/\\\/maranhaotv.com.br\\\/#\\\/schema\\\/logo\\\/image\\\/\",\"url\":\"https:\\\/\\\/maranhaotv.com.br\\\/wp-content\\\/uploads\\\/2024\\\/05\\\/cropped-cropped-avatar-1.png\",\"contentUrl\":\"https:\\\/\\\/maranhaotv.com.br\\\/wp-content\\\/uploads\\\/2024\\\/05\\\/cropped-cropped-avatar-1.png\",\"width\":792,\"height\":428,\"caption\":\"Portal de Not\u00edcias\"},\"image\":{\"@id\":\"https:\\\/\\\/maranhaotv.com.br\\\/#\\\/schema\\\/logo\\\/image\\\/\"},\"sameAs\":[\"https:\\\/\\\/www.facebook.com\\\/maiobaotv\",\"https:\\\/\\\/x.com\\\/sitemaranhaotv\",\"https:\\\/\\\/www.instagram.com\\\/maranhao.tv\",\"https:\\\/\\\/www.threads.net\\\/@maranhao.tv\"]},{\"@type\":\"Person\",\"@id\":\"https:\\\/\\\/maranhaotv.com.br\\\/#\\\/schema\\\/person\\\/3d54238e86b20bb5c89ab2fdb8f8829a\",\"name\":\"maranhaotv\",\"image\":{\"@type\":\"ImageObject\",\"inLanguage\":\"pt-BR\",\"@id\":\"https:\\\/\\\/secure.gravatar.com\\\/avatar\\\/8fadbca458d4cb68b1dd399ae9a40618d747bb1af65ac9fad21c89220a143eb4?s=96&d=mm&r=g\",\"url\":\"https:\\\/\\\/secure.gravatar.com\\\/avatar\\\/8fadbca458d4cb68b1dd399ae9a40618d747bb1af65ac9fad21c89220a143eb4?s=96&d=mm&r=g\",\"contentUrl\":\"https:\\\/\\\/secure.gravatar.com\\\/avatar\\\/8fadbca458d4cb68b1dd399ae9a40618d747bb1af65ac9fad21c89220a143eb4?s=96&d=mm&r=g\",\"caption\":\"maranhaotv\"},\"sameAs\":[\"https:\\\/\\\/maranhaotv.com.br\\\/\"],\"url\":\"https:\\\/\\\/maranhaotv.com.br\\\/index.php\\\/author\\\/maranhaotv\\\/\"}]}<\/script>\n<!-- \/ Yoast SEO plugin. -->","yoast_head_json":{"title":"Fred Campos e Tiago do IESF participaram do anivers\u00e1rio do pastor Valdinan Branco - NOT\u00cdCIAS EM TEMPO REAL","robots":{"index":"index","follow":"follow","max-snippet":"max-snippet:-1","max-image-preview":"max-image-preview:large","max-video-preview":"max-video-preview:-1"},"canonical":"https:\/\/maranhaotv.com.br\/index.php\/2020\/09\/16\/fred-campos-e-tiago-do-iesf-participaram-do-aniversario-do-pastor-valdinan-branco\/","og_locale":"pt_BR","og_type":"article","og_title":"Fred Campos e Tiago do IESF participaram do anivers\u00e1rio do pastor Valdinan Branco - NOT\u00cdCIAS EM TEMPO REAL","og_description":"Pastor Valdinan \u00e9 presidente da Assembl\u00e9ia de Deus do polo Pa\u00e7o do Lumiar Na tarde desta \u00faltima ter\u00e7a-feira (15), os","og_url":"https:\/\/maranhaotv.com.br\/index.php\/2020\/09\/16\/fred-campos-e-tiago-do-iesf-participaram-do-aniversario-do-pastor-valdinan-branco\/","og_site_name":"NOT\u00cdCIAS EM TEMPO REAL","article_publisher":"https:\/\/www.facebook.com\/maiobaotv","article_published_time":"2020-09-16T18:01:00+00:00","author":"maranhaotv","twitter_card":"summary_large_image","twitter_creator":"@sitemaranhaotv","twitter_site":"@sitemaranhaotv","twitter_misc":{"Escrito por":"maranhaotv","Est. tempo de leitura":"1 minuto"},"schema":{"@context":"https:\/\/schema.org","@graph":[{"@type":"Article","@id":"https:\/\/maranhaotv.com.br\/index.php\/2020\/09\/16\/fred-campos-e-tiago-do-iesf-participaram-do-aniversario-do-pastor-valdinan-branco\/#article","isPartOf":{"@id":"https:\/\/maranhaotv.com.br\/index.php\/2020\/09\/16\/fred-campos-e-tiago-do-iesf-participaram-do-aniversario-do-pastor-valdinan-branco\/"},"author":{"name":"maranhaotv","@id":"https:\/\/maranhaotv.com.br\/#\/schema\/person\/3d54238e86b20bb5c89ab2fdb8f8829a"},"headline":"Fred Campos e Tiago do IESF participaram do anivers\u00e1rio do pastor Valdinan Branco","datePublished":"2020-09-16T18:01:00+00:00","mainEntityOfPage":{"@id":"https:\/\/maranhaotv.com.br\/index.php\/2020\/09\/16\/fred-campos-e-tiago-do-iesf-participaram-do-aniversario-do-pastor-valdinan-branco\/"},"wordCount":259,"commentCount":0,"publisher":{"@id":"https:\/\/maranhaotv.com.br\/#organization"},"image":{"@id":"https:\/\/maranhaotv.com.br\/index.php\/2020\/09\/16\/fred-campos-e-tiago-do-iesf-participaram-do-aniversario-do-pastor-valdinan-branco\/#primaryimage"},"thumbnailUrl":"","keywords":["Fred Campos","Tiago Carneiro"],"articleSection":["not\u00edcias","pol\u00edtica"],"inLanguage":"pt-BR","potentialAction":[{"@type":"CommentAction","name":"Comment","target":["https:\/\/maranhaotv.com.br\/index.php\/2020\/09\/16\/fred-campos-e-tiago-do-iesf-participaram-do-aniversario-do-pastor-valdinan-branco\/#respond"]}]},{"@type":"WebPage","@id":"https:\/\/maranhaotv.com.br\/index.php\/2020\/09\/16\/fred-campos-e-tiago-do-iesf-participaram-do-aniversario-do-pastor-valdinan-branco\/","url":"https:\/\/maranhaotv.com.br\/index.php\/2020\/09\/16\/fred-campos-e-tiago-do-iesf-participaram-do-aniversario-do-pastor-valdinan-branco\/","name":"Fred Campos e Tiago do IESF participaram do anivers\u00e1rio do pastor Valdinan Branco - NOT\u00cdCIAS EM TEMPO REAL","isPartOf":{"@id":"https:\/\/maranhaotv.com.br\/#website"},"primaryImageOfPage":{"@id":"https:\/\/maranhaotv.com.br\/index.php\/2020\/09\/16\/fred-campos-e-tiago-do-iesf-participaram-do-aniversario-do-pastor-valdinan-branco\/#primaryimage"},"image":{"@id":"https:\/\/maranhaotv.com.br\/index.php\/2020\/09\/16\/fred-campos-e-tiago-do-iesf-participaram-do-aniversario-do-pastor-valdinan-branco\/#primaryimage"},"thumbnailUrl":"","datePublished":"2020-09-16T18:01:00+00:00","breadcrumb":{"@id":"https:\/\/maranhaotv.com.br\/index.php\/2020\/09\/16\/fred-campos-e-tiago-do-iesf-participaram-do-aniversario-do-pastor-valdinan-branco\/#breadcrumb"},"inLanguage":"pt-BR","potentialAction":[{"@type":"ReadAction","target":["https:\/\/maranhaotv.com.br\/index.php\/2020\/09\/16\/fred-campos-e-tiago-do-iesf-participaram-do-aniversario-do-pastor-valdinan-branco\/"]}]},{"@type":"ImageObject","inLanguage":"pt-BR","@id":"https:\/\/maranhaotv.com.br\/index.php\/2020\/09\/16\/fred-campos-e-tiago-do-iesf-participaram-do-aniversario-do-pastor-valdinan-branco\/#primaryimage","url":"","contentUrl":""},{"@type":"BreadcrumbList","@id":"https:\/\/maranhaotv.com.br\/index.php\/2020\/09\/16\/fred-campos-e-tiago-do-iesf-participaram-do-aniversario-do-pastor-valdinan-branco\/#breadcrumb","itemListElement":[{"@type":"ListItem","position":1,"name":"In\u00edcio","item":"https:\/\/maranhaotv.com.br\/"},{"@type":"ListItem","position":2,"name":"Fred Campos e Tiago do IESF participaram do anivers\u00e1rio do pastor Valdinan Branco"}]},{"@type":"WebSite","@id":"https:\/\/maranhaotv.com.br\/#website","url":"https:\/\/maranhaotv.com.br\/","name":"Maranh\u00e3oTV","description":"","publisher":{"@id":"https:\/\/maranhaotv.com.br\/#organization"},"potentialAction":[{"@type":"SearchAction","target":{"@type":"EntryPoint","urlTemplate":"https:\/\/maranhaotv.com.br\/?s={search_term_string}"},"query-input":{"@type":"PropertyValueSpecification","valueRequired":true,"valueName":"search_term_string"}}],"inLanguage":"pt-BR"},{"@type":"Organization","@id":"https:\/\/maranhaotv.com.br\/#organization","name":"Portal de Not\u00edcias","url":"https:\/\/maranhaotv.com.br\/","logo":{"@type":"ImageObject","inLanguage":"pt-BR","@id":"https:\/\/maranhaotv.com.br\/#\/schema\/logo\/image\/","url":"https:\/\/maranhaotv.com.br\/wp-content\/uploads\/2024\/05\/cropped-cropped-avatar-1.png","contentUrl":"https:\/\/maranhaotv.com.br\/wp-content\/uploads\/2024\/05\/cropped-cropped-avatar-1.png","width":792,"height":428,"caption":"Portal de Not\u00edcias"},"image":{"@id":"https:\/\/maranhaotv.com.br\/#\/schema\/logo\/image\/"},"sameAs":["https:\/\/www.facebook.com\/maiobaotv","https:\/\/x.com\/sitemaranhaotv","https:\/\/www.instagram.com\/maranhao.tv","https:\/\/www.threads.net\/@maranhao.tv"]},{"@type":"Person","@id":"https:\/\/maranhaotv.com.br\/#\/schema\/person\/3d54238e86b20bb5c89ab2fdb8f8829a","name":"maranhaotv","image":{"@type":"ImageObject","inLanguage":"pt-BR","@id":"https:\/\/secure.gravatar.com\/avatar\/8fadbca458d4cb68b1dd399ae9a40618d747bb1af65ac9fad21c89220a143eb4?s=96&d=mm&r=g","url":"https:\/\/secure.gravatar.com\/avatar\/8fadbca458d4cb68b1dd399ae9a40618d747bb1af65ac9fad21c89220a143eb4?s=96&d=mm&r=g","contentUrl":"https:\/\/secure.gravatar.com\/avatar\/8fadbca458d4cb68b1dd399ae9a40618d747bb1af65ac9fad21c89220a143eb4?s=96&d=mm&r=g","caption":"maranhaotv"},"sameAs":["https:\/\/maranhaotv.com.br\/"],"url":"https:\/\/maranhaotv.com.br\/index.php\/author\/maranhaotv\/"}]}},"jetpack_featured_media_url":"","jetpack_sharing_enabled":true,"_links":{"self":[{"href":"https:\/\/maranhaotv.com.br\/index.php\/wp-json\/wp\/v2\/posts\/14858","targetHints":{"allow":["GET"]}}],"collection":[{"href":"https:\/\/maranhaotv.com.br\/index.php\/wp-json\/wp\/v2\/posts"}],"about":[{"href":"https:\/\/maranhaotv.com.br\/index.php\/wp-json\/wp\/v2\/types\/post"}],"author":[{"embeddable":true,"href":"https:\/\/maranhaotv.com.br\/index.php\/wp-json\/wp\/v2\/users\/2"}],"replies":[{"embeddable":true,"href":"https:\/\/maranhaotv.com.br\/index.php\/wp-json\/wp\/v2\/comments?post=14858"}],"version-history":[{"count":0,"href":"https:\/\/maranhaotv.com.br\/index.php\/wp-json\/wp\/v2\/posts\/14858\/revisions"}],"wp:featuredmedia":[{"embeddable":true,"href":"https:\/\/maranhaotv.com.br\/index.php\/wp-json\/"}],"wp:attachment":[{"href":"https:\/\/maranhaotv.com.br\/index.php\/wp-json\/wp\/v2\/media?parent=14858"}],"wp:term":[{"taxonomy":"category","embeddable":true,"href":"https:\/\/maranhaotv.com.br\/index.php\/wp-json\/wp\/v2\/categories?post=14858"},{"taxonomy":"post_tag","embeddable":true,"href":"https:\/\/maranhaotv.com.br\/index.php\/wp-json\/wp\/v2\/tags?post=14858"}],"curies":[{"name":"wp","href":"https:\/\/api.w.org\/{rel}","templated":true}]}}