{"id":14873,"date":"2020-09-16T17:01:54","date_gmt":"2020-09-16T20:01:54","guid":{"rendered":"https:\/\/maiobaotv.com.br\/?p=14873"},"modified":"2020-09-16T17:01:54","modified_gmt":"2020-09-16T20:01:54","slug":"eleicoes-2020-mdb-pv-e-psd-confirmam-candidatura-de-filuca-mendes-a-prefeito-de-pinheiro","status":"publish","type":"post","link":"https:\/\/maranhaotv.com.br\/index.php\/2020\/09\/16\/eleicoes-2020-mdb-pv-e-psd-confirmam-candidatura-de-filuca-mendes-a-prefeito-de-pinheiro\/","title":{"rendered":"Elei\u00e7\u00f5es 2020: MDB, PV e PSD confirmam candidatura de Filuca Mendes a prefeito de Pinheiro"},"content":{"rendered":"<blockquote><p>\u201cRestaurar a confian\u00e7a e a dignidade dos pinheirenses e devolver a esperan\u00e7a a nossa cidade \u00e9 meu principal desafio\u201d, diz Mendes em discurso durante conven\u00e7\u00e3o.<\/p><\/blockquote>\n<p>Em conven\u00e7\u00e3o realizada ontem, 15\/09, no audit\u00f3rio da Genial Home Center, o MDB, PV e PSD confirmaram o nome de Filuca Mendes como candidato a prefeito de Pinheiro. A conven\u00e7\u00e3o sacramentou tamb\u00e9m candidaturas de vereadores que concorrem a uma vaga na C\u00e2mara Municipal de Pinheiro.<\/p>\n<p>Em clima de muita emo\u00e7\u00e3o e com todas as provid\u00eancias para garantia da sa\u00fade e integridade sanit\u00e1ria dos convencionais, o grupo liderado pelo ex-prefeito marcou posi\u00e7\u00e3o dando a larga para a disputa do que ser\u00e1 o quarto mandato de Filuca Mendes (MDB) ao comando do munic\u00edpio de Pinheiro, principal da Baixada Maranhense, 13\u00b0 do Maranh\u00e3o em termos populacionais (83.387, segundo o IBGE) e 15\u00aa economia do estado.<\/p>\n<p>O espa\u00e7o organizado para receber os convencionais ficou pequeno para a empolga\u00e7\u00e3o que tomou conta do ambiente. Em seu discurso, Filuca Mendes ressaltou o trabalho como caminho para que Pinheiro retome o trilho do desenvolvimento, destacando esse como um dos principais legados de suas gest\u00f5es \u00e0 frente do munic\u00edpio. E enfatizou ainda a decis\u00e3o de voltar \u00e0 cena pol\u00edtica municipal como um anseio de contribuir para o crescimento de sua cidade natal.<br \/>\n\u201cCovardia e medo n\u00e3o s\u00e3o caracter\u00edsticas de minha personalidade. N\u00e3o sou covarde e nem tenho medo de lutar. Sou candidato por amor \u00e0 minha terra e porque congrego com os anseios dos pinheirenses que desejam ver nossa cidade recuperar a esperan\u00e7a, de voltar a ser grande e olhar para o futuro com a certeza de ter em seu comando algu\u00e9m comprometido com o trabalho e com a decis\u00e3o de fazer Pinheiro uma cidade melhor, desenvolvida, segura e acolhedora para os pinheirenses\u201d, afirmou Mendes, emocionado.<\/p>\n<p>Para Filuca Mendes, o legado de compromisso com Pinheiro e a determina\u00e7\u00e3o para o trabalho j\u00e1 demonstrados pelo grupo pol\u00edtico por ele liderado s\u00e3o inigual\u00e1veis na hist\u00f3ria pol\u00edtica de Pinheiro.<br \/>\n\u201cTrabalhamos muito em todas as gest\u00f5es para dar a Pinheiro o melhor. Preparamos Pinheiro para ser um munic\u00edpio grande, com estrutura adequada em todos os sentidos, na sa\u00fade, com estradas de acesso, na educa\u00e7\u00e3o, na seguran\u00e7a. Infelizmente, n\u00e3o houve e n\u00e3o interesse do atual governo de ampliar ou melhorar a estrutura que deixamos. Ao contr\u00e1rio, em quatro anos, n\u00e3o se pode ver uma \u00fanica obra que sirva de refer\u00eancia e tenha sido pensada como marco para o desenvolvimento de Pinheiro. O que vemos \u00e9 um retrocesso geral, um clima de inseguran\u00e7a cada vez maior e um anseio grande dos pinheirenses para que nossa cidade volte aos trilhos, que tenha um gestor comprometido em fazer mais do que unicamente fazer festas\u201d, discursou Mendes.<\/p>\n<p>Agradecendo aos vereadores e apoiadores que permaneceram do seu lado, o candidato disse: &#8220;Os que sa\u00edram do nosso lado, mostraram n\u00e3o ter compromisso com Pinheiro e sim com projetos pessoais&#8221; e relembrou o conjunto de obras que foi marco das gest\u00f5es sob sua lideran\u00e7a: escolas, estradas, vias de acesso \u00e0 zona rural, postos de sa\u00fade, ilumina\u00e7\u00e3o dos povoados, o CAP, a APA, o Centro de Cultura e Capacita\u00e7\u00e3o, Centro de Monitoramento, estrutura\u00e7\u00e3o da Guarda Municipal, Restaurante Popular, constru\u00e7\u00e3o de pra\u00e7as, obras de drenagem e asfalto em bairros e povoados, cria\u00e7\u00e3o de calend\u00e1rio de pagamento, a instala\u00e7\u00e3o do IFMA, UFMA, curso de Medicina, hospital Materno Infantil, Antenor Abreu, Laborat\u00f3rio Central, Centro dos Idosos, fomento \u00e0 economia e muitas outras obras, com o apoio do ent\u00e3o deputado Victor Mendes.<\/p>\n<p>O suplente de deputado federal Victor Mendes, na ocasi\u00e3o destacou a import\u00e2ncia do momento e a necessidade de os pinheirenses abra\u00e7arem a cidade e a luta em favor uma a\u00e7\u00e3o direcionada para que Pinheiro volte a crescer, com seguran\u00e7a. \u201cPinheiro hoje est\u00e1 \u00e0 deriva, uma cidade sem comando totalmente a merc\u00ea de interesses pessoais.<\/p>\n<p>Persegui\u00e7\u00f5es \u00e0 parte, e sabemos que vamos sofrer muitas, nossa miss\u00e3o agora \u00e9 dialogar com cada pinheirense, com as fam\u00edlias, com os jovens, com os idosos que est\u00e3o esquecidos, com as mulheres, enfim com todos os que queiram trabalhar por Pinheiro e tra\u00e7ar um plano de governo compat\u00edvel com a realidade e as necessidades de nossa gente, mas sobretudo, que devolva a esperan\u00e7a ao nosso povo, \u00e0 nossa cidade, completou Victor Mendes.<\/p>\n<p><img loading=\"lazy\" decoding=\"async\" src=\"https:\/\/maiobaotv.com.br\/wp-content\/uploads\/2020\/09\/img-20200916-wa05187644842620629374915.jpg\" class=\"wp-image-14872 alignnone size-full\" width=\"999\" height=\"666\"><\/p>\n","protected":false},"excerpt":{"rendered":"<p>\u201cRestaurar a confian\u00e7a e a dignidade dos pinheirenses e devolver a esperan\u00e7a a nossa cidade \u00e9 meu principal desafio\u201d, diz<\/p>\n","protected":false},"author":2,"featured_media":14875,"comment_status":"open","ping_status":"open","sticky":false,"template":"","format":"standard","meta":{"colormag_page_container_layout":"default_layout","colormag_page_sidebar_layout":"default_layout","_jetpack_memberships_contains_paid_content":false,"footnotes":""},"categories":[2,6],"tags":[242,28],"class_list":["post-14873","post","type-post","status-publish","format-standard","has-post-thumbnail","hentry","category-noticias","category-politica","tag-filuca-mendes","tag-pinheiro"],"magazineBlocksPostFeaturedMedia":{"thumbnail":false,"medium":false,"medium_large":false,"large":false,"1536x1536":false,"2048x2048":false,"colormag-highlighted-post":false,"colormag-featured-post-medium":false,"colormag-featured-post-small":false,"colormag-featured-image":false,"colormag-default-news":false,"colormag-featured-image-large":false},"magazineBlocksPostAuthor":{"name":"maranhaotv","avatar":"https:\/\/secure.gravatar.com\/avatar\/8fadbca458d4cb68b1dd399ae9a40618d747bb1af65ac9fad21c89220a143eb4?s=96&d=mm&r=g"},"magazineBlocksPostCommentsNumber":"0","magazineBlocksPostExcerpt":"\u201cRestaurar a confian\u00e7a e a dignidade dos pinheirenses e devolver a esperan\u00e7a a nossa cidade \u00e9 meu principal desafio\u201d, diz","magazineBlocksPostCategories":["not\u00edcias","pol\u00edtica"],"magazineBlocksPostViewCount":158,"magazineBlocksPostReadTime":4,"magazine_blocks_featured_image_url":{"full":false,"medium":false,"thumbnail":false},"magazine_blocks_author":{"display_name":"maranhaotv","author_link":"https:\/\/maranhaotv.com.br\/index.php\/author\/maranhaotv\/"},"magazine_blocks_comment":0,"magazine_blocks_author_image":"https:\/\/secure.gravatar.com\/avatar\/8fadbca458d4cb68b1dd399ae9a40618d747bb1af65ac9fad21c89220a143eb4?s=96&d=mm&r=g","magazine_blocks_category":"<a href=\"#\" class=\"category-link category-link-2\">not\u00edcias<\/a> <a href=\"#\" class=\"category-link category-link-6\">pol\u00edtica<\/a>","yoast_head":"<!-- This site is optimized with the Yoast SEO plugin v27.4 - https:\/\/yoast.com\/product\/yoast-seo-wordpress\/ -->\n<title>Elei\u00e7\u00f5es 2020: MDB, PV e PSD confirmam candidatura de Filuca Mendes a prefeito de Pinheiro - NOT\u00cdCIAS EM TEMPO REAL<\/title>\n<meta name=\"robots\" content=\"index, follow, max-snippet:-1, max-image-preview:large, max-video-preview:-1\" \/>\n<link rel=\"canonical\" href=\"https:\/\/maranhaotv.com.br\/index.php\/2020\/09\/16\/eleicoes-2020-mdb-pv-e-psd-confirmam-candidatura-de-filuca-mendes-a-prefeito-de-pinheiro\/\" \/>\n<meta property=\"og:locale\" content=\"pt_BR\" \/>\n<meta property=\"og:type\" content=\"article\" \/>\n<meta property=\"og:title\" content=\"Elei\u00e7\u00f5es 2020: MDB, PV e PSD confirmam candidatura de Filuca Mendes a prefeito de Pinheiro - NOT\u00cdCIAS EM TEMPO REAL\" \/>\n<meta property=\"og:description\" content=\"\u201cRestaurar a confian\u00e7a e a dignidade dos pinheirenses e devolver a esperan\u00e7a a nossa cidade \u00e9 meu principal desafio\u201d, diz\" \/>\n<meta property=\"og:url\" content=\"https:\/\/maranhaotv.com.br\/index.php\/2020\/09\/16\/eleicoes-2020-mdb-pv-e-psd-confirmam-candidatura-de-filuca-mendes-a-prefeito-de-pinheiro\/\" \/>\n<meta property=\"og:site_name\" content=\"NOT\u00cdCIAS EM TEMPO REAL\" \/>\n<meta property=\"article:publisher\" content=\"https:\/\/www.facebook.com\/maiobaotv\" \/>\n<meta property=\"article:published_time\" content=\"2020-09-16T20:01:54+00:00\" \/>\n<meta name=\"author\" content=\"maranhaotv\" \/>\n<meta name=\"twitter:card\" content=\"summary_large_image\" \/>\n<meta name=\"twitter:creator\" content=\"@sitemaranhaotv\" \/>\n<meta name=\"twitter:site\" content=\"@sitemaranhaotv\" \/>\n<meta name=\"twitter:label1\" content=\"Escrito por\" \/>\n\t<meta name=\"twitter:data1\" content=\"maranhaotv\" \/>\n\t<meta name=\"twitter:label2\" content=\"Est. tempo de leitura\" \/>\n\t<meta name=\"twitter:data2\" content=\"4 minutos\" \/>\n<script type=\"application\/ld+json\" class=\"yoast-schema-graph\">{\"@context\":\"https:\\\/\\\/schema.org\",\"@graph\":[{\"@type\":\"Article\",\"@id\":\"https:\\\/\\\/maranhaotv.com.br\\\/index.php\\\/2020\\\/09\\\/16\\\/eleicoes-2020-mdb-pv-e-psd-confirmam-candidatura-de-filuca-mendes-a-prefeito-de-pinheiro\\\/#article\",\"isPartOf\":{\"@id\":\"https:\\\/\\\/maranhaotv.com.br\\\/index.php\\\/2020\\\/09\\\/16\\\/eleicoes-2020-mdb-pv-e-psd-confirmam-candidatura-de-filuca-mendes-a-prefeito-de-pinheiro\\\/\"},\"author\":{\"name\":\"maranhaotv\",\"@id\":\"https:\\\/\\\/maranhaotv.com.br\\\/#\\\/schema\\\/person\\\/3d54238e86b20bb5c89ab2fdb8f8829a\"},\"headline\":\"Elei\u00e7\u00f5es 2020: MDB, PV e PSD confirmam candidatura de Filuca Mendes a prefeito de Pinheiro\",\"datePublished\":\"2020-09-16T20:01:54+00:00\",\"mainEntityOfPage\":{\"@id\":\"https:\\\/\\\/maranhaotv.com.br\\\/index.php\\\/2020\\\/09\\\/16\\\/eleicoes-2020-mdb-pv-e-psd-confirmam-candidatura-de-filuca-mendes-a-prefeito-de-pinheiro\\\/\"},\"wordCount\":770,\"commentCount\":0,\"publisher\":{\"@id\":\"https:\\\/\\\/maranhaotv.com.br\\\/#organization\"},\"image\":{\"@id\":\"https:\\\/\\\/maranhaotv.com.br\\\/index.php\\\/2020\\\/09\\\/16\\\/eleicoes-2020-mdb-pv-e-psd-confirmam-candidatura-de-filuca-mendes-a-prefeito-de-pinheiro\\\/#primaryimage\"},\"thumbnailUrl\":\"\",\"keywords\":[\"Filuca Mendes\",\"Pinheiro\"],\"articleSection\":[\"not\u00edcias\",\"pol\u00edtica\"],\"inLanguage\":\"pt-BR\",\"potentialAction\":[{\"@type\":\"CommentAction\",\"name\":\"Comment\",\"target\":[\"https:\\\/\\\/maranhaotv.com.br\\\/index.php\\\/2020\\\/09\\\/16\\\/eleicoes-2020-mdb-pv-e-psd-confirmam-candidatura-de-filuca-mendes-a-prefeito-de-pinheiro\\\/#respond\"]}]},{\"@type\":\"WebPage\",\"@id\":\"https:\\\/\\\/maranhaotv.com.br\\\/index.php\\\/2020\\\/09\\\/16\\\/eleicoes-2020-mdb-pv-e-psd-confirmam-candidatura-de-filuca-mendes-a-prefeito-de-pinheiro\\\/\",\"url\":\"https:\\\/\\\/maranhaotv.com.br\\\/index.php\\\/2020\\\/09\\\/16\\\/eleicoes-2020-mdb-pv-e-psd-confirmam-candidatura-de-filuca-mendes-a-prefeito-de-pinheiro\\\/\",\"name\":\"Elei\u00e7\u00f5es 2020: MDB, PV e PSD confirmam candidatura de Filuca Mendes a prefeito de Pinheiro - NOT\u00cdCIAS EM TEMPO REAL\",\"isPartOf\":{\"@id\":\"https:\\\/\\\/maranhaotv.com.br\\\/#website\"},\"primaryImageOfPage\":{\"@id\":\"https:\\\/\\\/maranhaotv.com.br\\\/index.php\\\/2020\\\/09\\\/16\\\/eleicoes-2020-mdb-pv-e-psd-confirmam-candidatura-de-filuca-mendes-a-prefeito-de-pinheiro\\\/#primaryimage\"},\"image\":{\"@id\":\"https:\\\/\\\/maranhaotv.com.br\\\/index.php\\\/2020\\\/09\\\/16\\\/eleicoes-2020-mdb-pv-e-psd-confirmam-candidatura-de-filuca-mendes-a-prefeito-de-pinheiro\\\/#primaryimage\"},\"thumbnailUrl\":\"\",\"datePublished\":\"2020-09-16T20:01:54+00:00\",\"breadcrumb\":{\"@id\":\"https:\\\/\\\/maranhaotv.com.br\\\/index.php\\\/2020\\\/09\\\/16\\\/eleicoes-2020-mdb-pv-e-psd-confirmam-candidatura-de-filuca-mendes-a-prefeito-de-pinheiro\\\/#breadcrumb\"},\"inLanguage\":\"pt-BR\",\"potentialAction\":[{\"@type\":\"ReadAction\",\"target\":[\"https:\\\/\\\/maranhaotv.com.br\\\/index.php\\\/2020\\\/09\\\/16\\\/eleicoes-2020-mdb-pv-e-psd-confirmam-candidatura-de-filuca-mendes-a-prefeito-de-pinheiro\\\/\"]}]},{\"@type\":\"ImageObject\",\"inLanguage\":\"pt-BR\",\"@id\":\"https:\\\/\\\/maranhaotv.com.br\\\/index.php\\\/2020\\\/09\\\/16\\\/eleicoes-2020-mdb-pv-e-psd-confirmam-candidatura-de-filuca-mendes-a-prefeito-de-pinheiro\\\/#primaryimage\",\"url\":\"\",\"contentUrl\":\"\"},{\"@type\":\"BreadcrumbList\",\"@id\":\"https:\\\/\\\/maranhaotv.com.br\\\/index.php\\\/2020\\\/09\\\/16\\\/eleicoes-2020-mdb-pv-e-psd-confirmam-candidatura-de-filuca-mendes-a-prefeito-de-pinheiro\\\/#breadcrumb\",\"itemListElement\":[{\"@type\":\"ListItem\",\"position\":1,\"name\":\"In\u00edcio\",\"item\":\"https:\\\/\\\/maranhaotv.com.br\\\/\"},{\"@type\":\"ListItem\",\"position\":2,\"name\":\"Elei\u00e7\u00f5es 2020: MDB, PV e PSD confirmam candidatura de Filuca Mendes a prefeito de Pinheiro\"}]},{\"@type\":\"WebSite\",\"@id\":\"https:\\\/\\\/maranhaotv.com.br\\\/#website\",\"url\":\"https:\\\/\\\/maranhaotv.com.br\\\/\",\"name\":\"Maranh\u00e3oTV\",\"description\":\"\",\"publisher\":{\"@id\":\"https:\\\/\\\/maranhaotv.com.br\\\/#organization\"},\"potentialAction\":[{\"@type\":\"SearchAction\",\"target\":{\"@type\":\"EntryPoint\",\"urlTemplate\":\"https:\\\/\\\/maranhaotv.com.br\\\/?s={search_term_string}\"},\"query-input\":{\"@type\":\"PropertyValueSpecification\",\"valueRequired\":true,\"valueName\":\"search_term_string\"}}],\"inLanguage\":\"pt-BR\"},{\"@type\":\"Organization\",\"@id\":\"https:\\\/\\\/maranhaotv.com.br\\\/#organization\",\"name\":\"Portal de Not\u00edcias\",\"url\":\"https:\\\/\\\/maranhaotv.com.br\\\/\",\"logo\":{\"@type\":\"ImageObject\",\"inLanguage\":\"pt-BR\",\"@id\":\"https:\\\/\\\/maranhaotv.com.br\\\/#\\\/schema\\\/logo\\\/image\\\/\",\"url\":\"https:\\\/\\\/maranhaotv.com.br\\\/wp-content\\\/uploads\\\/2024\\\/05\\\/cropped-cropped-avatar-1.png\",\"contentUrl\":\"https:\\\/\\\/maranhaotv.com.br\\\/wp-content\\\/uploads\\\/2024\\\/05\\\/cropped-cropped-avatar-1.png\",\"width\":792,\"height\":428,\"caption\":\"Portal de Not\u00edcias\"},\"image\":{\"@id\":\"https:\\\/\\\/maranhaotv.com.br\\\/#\\\/schema\\\/logo\\\/image\\\/\"},\"sameAs\":[\"https:\\\/\\\/www.facebook.com\\\/maiobaotv\",\"https:\\\/\\\/x.com\\\/sitemaranhaotv\",\"https:\\\/\\\/www.instagram.com\\\/maranhao.tv\",\"https:\\\/\\\/www.threads.net\\\/@maranhao.tv\"]},{\"@type\":\"Person\",\"@id\":\"https:\\\/\\\/maranhaotv.com.br\\\/#\\\/schema\\\/person\\\/3d54238e86b20bb5c89ab2fdb8f8829a\",\"name\":\"maranhaotv\",\"image\":{\"@type\":\"ImageObject\",\"inLanguage\":\"pt-BR\",\"@id\":\"https:\\\/\\\/secure.gravatar.com\\\/avatar\\\/8fadbca458d4cb68b1dd399ae9a40618d747bb1af65ac9fad21c89220a143eb4?s=96&d=mm&r=g\",\"url\":\"https:\\\/\\\/secure.gravatar.com\\\/avatar\\\/8fadbca458d4cb68b1dd399ae9a40618d747bb1af65ac9fad21c89220a143eb4?s=96&d=mm&r=g\",\"contentUrl\":\"https:\\\/\\\/secure.gravatar.com\\\/avatar\\\/8fadbca458d4cb68b1dd399ae9a40618d747bb1af65ac9fad21c89220a143eb4?s=96&d=mm&r=g\",\"caption\":\"maranhaotv\"},\"sameAs\":[\"https:\\\/\\\/maranhaotv.com.br\\\/\"],\"url\":\"https:\\\/\\\/maranhaotv.com.br\\\/index.php\\\/author\\\/maranhaotv\\\/\"}]}<\/script>\n<!-- \/ Yoast SEO plugin. -->","yoast_head_json":{"title":"Elei\u00e7\u00f5es 2020: MDB, PV e PSD confirmam candidatura de Filuca Mendes a prefeito de Pinheiro - NOT\u00cdCIAS EM TEMPO REAL","robots":{"index":"index","follow":"follow","max-snippet":"max-snippet:-1","max-image-preview":"max-image-preview:large","max-video-preview":"max-video-preview:-1"},"canonical":"https:\/\/maranhaotv.com.br\/index.php\/2020\/09\/16\/eleicoes-2020-mdb-pv-e-psd-confirmam-candidatura-de-filuca-mendes-a-prefeito-de-pinheiro\/","og_locale":"pt_BR","og_type":"article","og_title":"Elei\u00e7\u00f5es 2020: MDB, PV e PSD confirmam candidatura de Filuca Mendes a prefeito de Pinheiro - NOT\u00cdCIAS EM TEMPO REAL","og_description":"\u201cRestaurar a confian\u00e7a e a dignidade dos pinheirenses e devolver a esperan\u00e7a a nossa cidade \u00e9 meu principal desafio\u201d, diz","og_url":"https:\/\/maranhaotv.com.br\/index.php\/2020\/09\/16\/eleicoes-2020-mdb-pv-e-psd-confirmam-candidatura-de-filuca-mendes-a-prefeito-de-pinheiro\/","og_site_name":"NOT\u00cdCIAS EM TEMPO REAL","article_publisher":"https:\/\/www.facebook.com\/maiobaotv","article_published_time":"2020-09-16T20:01:54+00:00","author":"maranhaotv","twitter_card":"summary_large_image","twitter_creator":"@sitemaranhaotv","twitter_site":"@sitemaranhaotv","twitter_misc":{"Escrito por":"maranhaotv","Est. tempo de leitura":"4 minutos"},"schema":{"@context":"https:\/\/schema.org","@graph":[{"@type":"Article","@id":"https:\/\/maranhaotv.com.br\/index.php\/2020\/09\/16\/eleicoes-2020-mdb-pv-e-psd-confirmam-candidatura-de-filuca-mendes-a-prefeito-de-pinheiro\/#article","isPartOf":{"@id":"https:\/\/maranhaotv.com.br\/index.php\/2020\/09\/16\/eleicoes-2020-mdb-pv-e-psd-confirmam-candidatura-de-filuca-mendes-a-prefeito-de-pinheiro\/"},"author":{"name":"maranhaotv","@id":"https:\/\/maranhaotv.com.br\/#\/schema\/person\/3d54238e86b20bb5c89ab2fdb8f8829a"},"headline":"Elei\u00e7\u00f5es 2020: MDB, PV e PSD confirmam candidatura de Filuca Mendes a prefeito de Pinheiro","datePublished":"2020-09-16T20:01:54+00:00","mainEntityOfPage":{"@id":"https:\/\/maranhaotv.com.br\/index.php\/2020\/09\/16\/eleicoes-2020-mdb-pv-e-psd-confirmam-candidatura-de-filuca-mendes-a-prefeito-de-pinheiro\/"},"wordCount":770,"commentCount":0,"publisher":{"@id":"https:\/\/maranhaotv.com.br\/#organization"},"image":{"@id":"https:\/\/maranhaotv.com.br\/index.php\/2020\/09\/16\/eleicoes-2020-mdb-pv-e-psd-confirmam-candidatura-de-filuca-mendes-a-prefeito-de-pinheiro\/#primaryimage"},"thumbnailUrl":"","keywords":["Filuca Mendes","Pinheiro"],"articleSection":["not\u00edcias","pol\u00edtica"],"inLanguage":"pt-BR","potentialAction":[{"@type":"CommentAction","name":"Comment","target":["https:\/\/maranhaotv.com.br\/index.php\/2020\/09\/16\/eleicoes-2020-mdb-pv-e-psd-confirmam-candidatura-de-filuca-mendes-a-prefeito-de-pinheiro\/#respond"]}]},{"@type":"WebPage","@id":"https:\/\/maranhaotv.com.br\/index.php\/2020\/09\/16\/eleicoes-2020-mdb-pv-e-psd-confirmam-candidatura-de-filuca-mendes-a-prefeito-de-pinheiro\/","url":"https:\/\/maranhaotv.com.br\/index.php\/2020\/09\/16\/eleicoes-2020-mdb-pv-e-psd-confirmam-candidatura-de-filuca-mendes-a-prefeito-de-pinheiro\/","name":"Elei\u00e7\u00f5es 2020: MDB, PV e PSD confirmam candidatura de Filuca Mendes a prefeito de Pinheiro - NOT\u00cdCIAS EM TEMPO REAL","isPartOf":{"@id":"https:\/\/maranhaotv.com.br\/#website"},"primaryImageOfPage":{"@id":"https:\/\/maranhaotv.com.br\/index.php\/2020\/09\/16\/eleicoes-2020-mdb-pv-e-psd-confirmam-candidatura-de-filuca-mendes-a-prefeito-de-pinheiro\/#primaryimage"},"image":{"@id":"https:\/\/maranhaotv.com.br\/index.php\/2020\/09\/16\/eleicoes-2020-mdb-pv-e-psd-confirmam-candidatura-de-filuca-mendes-a-prefeito-de-pinheiro\/#primaryimage"},"thumbnailUrl":"","datePublished":"2020-09-16T20:01:54+00:00","breadcrumb":{"@id":"https:\/\/maranhaotv.com.br\/index.php\/2020\/09\/16\/eleicoes-2020-mdb-pv-e-psd-confirmam-candidatura-de-filuca-mendes-a-prefeito-de-pinheiro\/#breadcrumb"},"inLanguage":"pt-BR","potentialAction":[{"@type":"ReadAction","target":["https:\/\/maranhaotv.com.br\/index.php\/2020\/09\/16\/eleicoes-2020-mdb-pv-e-psd-confirmam-candidatura-de-filuca-mendes-a-prefeito-de-pinheiro\/"]}]},{"@type":"ImageObject","inLanguage":"pt-BR","@id":"https:\/\/maranhaotv.com.br\/index.php\/2020\/09\/16\/eleicoes-2020-mdb-pv-e-psd-confirmam-candidatura-de-filuca-mendes-a-prefeito-de-pinheiro\/#primaryimage","url":"","contentUrl":""},{"@type":"BreadcrumbList","@id":"https:\/\/maranhaotv.com.br\/index.php\/2020\/09\/16\/eleicoes-2020-mdb-pv-e-psd-confirmam-candidatura-de-filuca-mendes-a-prefeito-de-pinheiro\/#breadcrumb","itemListElement":[{"@type":"ListItem","position":1,"name":"In\u00edcio","item":"https:\/\/maranhaotv.com.br\/"},{"@type":"ListItem","position":2,"name":"Elei\u00e7\u00f5es 2020: MDB, PV e PSD confirmam candidatura de Filuca Mendes a prefeito de Pinheiro"}]},{"@type":"WebSite","@id":"https:\/\/maranhaotv.com.br\/#website","url":"https:\/\/maranhaotv.com.br\/","name":"Maranh\u00e3oTV","description":"","publisher":{"@id":"https:\/\/maranhaotv.com.br\/#organization"},"potentialAction":[{"@type":"SearchAction","target":{"@type":"EntryPoint","urlTemplate":"https:\/\/maranhaotv.com.br\/?s={search_term_string}"},"query-input":{"@type":"PropertyValueSpecification","valueRequired":true,"valueName":"search_term_string"}}],"inLanguage":"pt-BR"},{"@type":"Organization","@id":"https:\/\/maranhaotv.com.br\/#organization","name":"Portal de Not\u00edcias","url":"https:\/\/maranhaotv.com.br\/","logo":{"@type":"ImageObject","inLanguage":"pt-BR","@id":"https:\/\/maranhaotv.com.br\/#\/schema\/logo\/image\/","url":"https:\/\/maranhaotv.com.br\/wp-content\/uploads\/2024\/05\/cropped-cropped-avatar-1.png","contentUrl":"https:\/\/maranhaotv.com.br\/wp-content\/uploads\/2024\/05\/cropped-cropped-avatar-1.png","width":792,"height":428,"caption":"Portal de Not\u00edcias"},"image":{"@id":"https:\/\/maranhaotv.com.br\/#\/schema\/logo\/image\/"},"sameAs":["https:\/\/www.facebook.com\/maiobaotv","https:\/\/x.com\/sitemaranhaotv","https:\/\/www.instagram.com\/maranhao.tv","https:\/\/www.threads.net\/@maranhao.tv"]},{"@type":"Person","@id":"https:\/\/maranhaotv.com.br\/#\/schema\/person\/3d54238e86b20bb5c89ab2fdb8f8829a","name":"maranhaotv","image":{"@type":"ImageObject","inLanguage":"pt-BR","@id":"https:\/\/secure.gravatar.com\/avatar\/8fadbca458d4cb68b1dd399ae9a40618d747bb1af65ac9fad21c89220a143eb4?s=96&d=mm&r=g","url":"https:\/\/secure.gravatar.com\/avatar\/8fadbca458d4cb68b1dd399ae9a40618d747bb1af65ac9fad21c89220a143eb4?s=96&d=mm&r=g","contentUrl":"https:\/\/secure.gravatar.com\/avatar\/8fadbca458d4cb68b1dd399ae9a40618d747bb1af65ac9fad21c89220a143eb4?s=96&d=mm&r=g","caption":"maranhaotv"},"sameAs":["https:\/\/maranhaotv.com.br\/"],"url":"https:\/\/maranhaotv.com.br\/index.php\/author\/maranhaotv\/"}]}},"jetpack_featured_media_url":"","jetpack_sharing_enabled":true,"_links":{"self":[{"href":"https:\/\/maranhaotv.com.br\/index.php\/wp-json\/wp\/v2\/posts\/14873","targetHints":{"allow":["GET"]}}],"collection":[{"href":"https:\/\/maranhaotv.com.br\/index.php\/wp-json\/wp\/v2\/posts"}],"about":[{"href":"https:\/\/maranhaotv.com.br\/index.php\/wp-json\/wp\/v2\/types\/post"}],"author":[{"embeddable":true,"href":"https:\/\/maranhaotv.com.br\/index.php\/wp-json\/wp\/v2\/users\/2"}],"replies":[{"embeddable":true,"href":"https:\/\/maranhaotv.com.br\/index.php\/wp-json\/wp\/v2\/comments?post=14873"}],"version-history":[{"count":0,"href":"https:\/\/maranhaotv.com.br\/index.php\/wp-json\/wp\/v2\/posts\/14873\/revisions"}],"wp:featuredmedia":[{"embeddable":true,"href":"https:\/\/maranhaotv.com.br\/index.php\/wp-json\/"}],"wp:attachment":[{"href":"https:\/\/maranhaotv.com.br\/index.php\/wp-json\/wp\/v2\/media?parent=14873"}],"wp:term":[{"taxonomy":"category","embeddable":true,"href":"https:\/\/maranhaotv.com.br\/index.php\/wp-json\/wp\/v2\/categories?post=14873"},{"taxonomy":"post_tag","embeddable":true,"href":"https:\/\/maranhaotv.com.br\/index.php\/wp-json\/wp\/v2\/tags?post=14873"}],"curies":[{"name":"wp","href":"https:\/\/api.w.org\/{rel}","templated":true}]}}