{"id":14878,"date":"2020-09-16T21:32:39","date_gmt":"2020-09-17T00:32:39","guid":{"rendered":"https:\/\/maiobaotv.com.br\/?p=14878"},"modified":"2020-09-16T21:32:39","modified_gmt":"2020-09-17T00:32:39","slug":"beto-das-vilas-homologa-candidatura-a-prefeito-de-sjr","status":"publish","type":"post","link":"https:\/\/maranhaotv.com.br\/index.php\/2020\/09\/16\/beto-das-vilas-homologa-candidatura-a-prefeito-de-sjr\/","title":{"rendered":"Beto das Vilas homologa candidatura a prefeito de SJR"},"content":{"rendered":"<p>A candidatura do Presidente da C\u00e2mara de Vereadores Beto das Vilas a Prefeito de S\u00e3o Jos\u00e9 de Ribamar foi oficializada nesta quarta-feira (16). Ele anunciou tamb\u00e9m, durante a ocasi\u00e3o, a candidatura da vice-prefeita La\u00eds Alencar (PTC) para compor sua chapa que concorrer\u00e1 \u00e0s Elei\u00e7\u00f5es 2020.<\/p>\n<p>A conven\u00e7\u00e3o \u201cVit\u00f3ria do Povo\u201d do Republicanos, juntamente com sua base aliada formada pelo Partido Verde \u2013 PV, Partido Trabalhista Crist\u00e3o \u2013 PTC, Partido Socialista Brasileiro \u2013 PSB, Partido Social Democr\u00e1tico \u2013 PSD e Partido Social Crist\u00e3o \u2013 PSC, aconteceu na sede social do Sindicato dos Metal\u00fargicos \u2013 Estrada de Ribamar, 600, Laranjal, a partir de 16h.<br \/>\nA escolha do local teve um valor afetivo e de gratid\u00e3o. \u201cEu passei toda minha inf\u00e2ncia e adolesc\u00eancia morando no Laranjal, na casa da minha m\u00e3e que at\u00e9 hoje reside no mesmo local\u201d, disse Beto das Vilas.<\/p>\n<p>Al\u00e9m da condi\u00e7\u00e3o geogr\u00e1fica favor\u00e1vel, dado a proximidade das vilas e dos parques, onde Beto das Vilas tem forte atua\u00e7\u00e3o pol\u00edtica, o espa\u00e7o amplo ofereceu todas as condi\u00e7\u00f5es para o protocolo de preven\u00e7\u00e3o e sa\u00fade. E, ainda \u00e9 um sindicato de metal\u00fargicos que simboliza toda a for\u00e7a oper\u00e1ria de muitos trabalhadores; tal como o Beto que tem origem simples, e antes de dedicar-se \u00e0 vida p\u00fablica, mantinha seu sustento e de toda fam\u00edlia com o oficio de borracheiro.<\/p>\n<p>O evento vai homologar tamb\u00e9m 141 candidatos a vereadores que comp\u00f5em a base aliada, a maior deste pr\u00f3ximo pleito em S\u00e3o Jos\u00e9 de Ribamar. S\u00e3o lideran\u00e7as comunit\u00e1rias, culturais e religiosas, representantes de diversos segmentos e categorias profissionais que ir\u00e3o fortalecer ainda mais a candidatura de Beto das Vilas.<br \/>\nAtuante no poder legislativo municipal, Beto das Vilas adquiriu habilidade para administrar mantendo sempre o di\u00e1logo com a popula\u00e7\u00e3o. Nas \u00faltimas elei\u00e7\u00f5es em que disputou como vereador, foi sempre o mais bem votado, com uma margem sempre crescente de votos a cada disputa eleitoral.<\/p>\n<p>A escolha da candidatura para vice-prefeito (a) gerou bastante expectativa, e s\u00f3 foi divulgada no \u00faltimo momento pelo pr\u00f3prio Beto, o que causou bastante emo\u00e7\u00e3o, principalmente, no eleitorado feminino por ter uma representante, com forte atua\u00e7\u00e3o na juventude e pelo empoderamento da Mulher.<br \/>\nMuito bem posicionado nas pesquisas eleitorais registradas e divulgadas at\u00e9 o momento, ser\u00e1 a primeira vez que um homem do povo poder\u00e1 chegar a governar o munic\u00edpio.<br \/>\nNormas sanit\u00e1rias<\/p>\n<p>Em respeito \u00e0s normas sanit\u00e1rias, foi realizada a aferi\u00e7\u00e3o de temperatura, totens com \u00e1lcool em gel estavam dispon\u00edveis para as pessoas, o uso de m\u00e1scaras foi obrigat\u00f3rio, o distanciamento foi respeitado com cabine de higieniza\u00e7\u00e3o para acesso ao local.<\/p>\n<p><img loading=\"lazy\" decoding=\"async\" src=\"https:\/\/maiobaotv.com.br\/wp-content\/uploads\/2020\/09\/img-20200916-wa06763226888419543712497.jpg\" class=\"wp-image-14877 alignnone size-full\" width=\"1280\" height=\"720\"><\/p>\n","protected":false},"excerpt":{"rendered":"<p>A candidatura do Presidente da C\u00e2mara de Vereadores Beto das Vilas a Prefeito de S\u00e3o Jos\u00e9 de Ribamar foi oficializada<\/p>\n","protected":false},"author":2,"featured_media":14880,"comment_status":"open","ping_status":"open","sticky":false,"template":"","format":"standard","meta":{"colormag_page_container_layout":"default_layout","colormag_page_sidebar_layout":"default_layout","_jetpack_memberships_contains_paid_content":false,"footnotes":""},"categories":[2],"tags":[],"class_list":["post-14878","post","type-post","status-publish","format-standard","has-post-thumbnail","hentry","category-noticias"],"magazineBlocksPostFeaturedMedia":{"thumbnail":false,"medium":false,"medium_large":false,"large":false,"1536x1536":false,"2048x2048":false,"colormag-highlighted-post":false,"colormag-featured-post-medium":false,"colormag-featured-post-small":false,"colormag-featured-image":false,"colormag-default-news":false,"colormag-featured-image-large":false},"magazineBlocksPostAuthor":{"name":"maranhaotv","avatar":"https:\/\/secure.gravatar.com\/avatar\/8fadbca458d4cb68b1dd399ae9a40618d747bb1af65ac9fad21c89220a143eb4?s=96&d=mm&r=g"},"magazineBlocksPostCommentsNumber":"0","magazineBlocksPostExcerpt":"A candidatura do Presidente da C\u00e2mara de Vereadores Beto das Vilas a Prefeito de S\u00e3o Jos\u00e9 de Ribamar foi oficializada","magazineBlocksPostCategories":["not\u00edcias"],"magazineBlocksPostViewCount":267,"magazineBlocksPostReadTime":3,"magazine_blocks_featured_image_url":{"full":false,"medium":false,"thumbnail":false},"magazine_blocks_author":{"display_name":"maranhaotv","author_link":"https:\/\/maranhaotv.com.br\/index.php\/author\/maranhaotv\/"},"magazine_blocks_comment":0,"magazine_blocks_author_image":"https:\/\/secure.gravatar.com\/avatar\/8fadbca458d4cb68b1dd399ae9a40618d747bb1af65ac9fad21c89220a143eb4?s=96&d=mm&r=g","magazine_blocks_category":"<a href=\"#\" class=\"category-link category-link-2\">not\u00edcias<\/a>","yoast_head":"<!-- This site is optimized with the Yoast SEO plugin v27.4 - https:\/\/yoast.com\/product\/yoast-seo-wordpress\/ -->\n<title>Beto das Vilas homologa candidatura a prefeito de SJR - NOT\u00cdCIAS EM TEMPO REAL<\/title>\n<meta name=\"robots\" content=\"index, follow, max-snippet:-1, max-image-preview:large, max-video-preview:-1\" \/>\n<link rel=\"canonical\" href=\"https:\/\/maranhaotv.com.br\/index.php\/2020\/09\/16\/beto-das-vilas-homologa-candidatura-a-prefeito-de-sjr\/\" \/>\n<meta property=\"og:locale\" content=\"pt_BR\" \/>\n<meta property=\"og:type\" content=\"article\" \/>\n<meta property=\"og:title\" content=\"Beto das Vilas homologa candidatura a prefeito de SJR - NOT\u00cdCIAS EM TEMPO REAL\" \/>\n<meta property=\"og:description\" content=\"A candidatura do Presidente da C\u00e2mara de Vereadores Beto das Vilas a Prefeito de S\u00e3o Jos\u00e9 de Ribamar foi oficializada\" \/>\n<meta property=\"og:url\" content=\"https:\/\/maranhaotv.com.br\/index.php\/2020\/09\/16\/beto-das-vilas-homologa-candidatura-a-prefeito-de-sjr\/\" \/>\n<meta property=\"og:site_name\" content=\"NOT\u00cdCIAS EM TEMPO REAL\" \/>\n<meta property=\"article:publisher\" content=\"https:\/\/www.facebook.com\/maiobaotv\" \/>\n<meta property=\"article:published_time\" content=\"2020-09-17T00:32:39+00:00\" \/>\n<meta name=\"author\" content=\"maranhaotv\" \/>\n<meta name=\"twitter:card\" content=\"summary_large_image\" \/>\n<meta name=\"twitter:creator\" content=\"@sitemaranhaotv\" \/>\n<meta name=\"twitter:site\" content=\"@sitemaranhaotv\" \/>\n<meta name=\"twitter:label1\" content=\"Escrito por\" \/>\n\t<meta name=\"twitter:data1\" content=\"maranhaotv\" \/>\n\t<meta name=\"twitter:label2\" content=\"Est. tempo de leitura\" \/>\n\t<meta name=\"twitter:data2\" content=\"2 minutos\" \/>\n<script type=\"application\/ld+json\" class=\"yoast-schema-graph\">{\"@context\":\"https:\\\/\\\/schema.org\",\"@graph\":[{\"@type\":\"Article\",\"@id\":\"https:\\\/\\\/maranhaotv.com.br\\\/index.php\\\/2020\\\/09\\\/16\\\/beto-das-vilas-homologa-candidatura-a-prefeito-de-sjr\\\/#article\",\"isPartOf\":{\"@id\":\"https:\\\/\\\/maranhaotv.com.br\\\/index.php\\\/2020\\\/09\\\/16\\\/beto-das-vilas-homologa-candidatura-a-prefeito-de-sjr\\\/\"},\"author\":{\"name\":\"maranhaotv\",\"@id\":\"https:\\\/\\\/maranhaotv.com.br\\\/#\\\/schema\\\/person\\\/3d54238e86b20bb5c89ab2fdb8f8829a\"},\"headline\":\"Beto das Vilas homologa candidatura a prefeito de SJR\",\"datePublished\":\"2020-09-17T00:32:39+00:00\",\"mainEntityOfPage\":{\"@id\":\"https:\\\/\\\/maranhaotv.com.br\\\/index.php\\\/2020\\\/09\\\/16\\\/beto-das-vilas-homologa-candidatura-a-prefeito-de-sjr\\\/\"},\"wordCount\":470,\"commentCount\":0,\"publisher\":{\"@id\":\"https:\\\/\\\/maranhaotv.com.br\\\/#organization\"},\"image\":{\"@id\":\"https:\\\/\\\/maranhaotv.com.br\\\/index.php\\\/2020\\\/09\\\/16\\\/beto-das-vilas-homologa-candidatura-a-prefeito-de-sjr\\\/#primaryimage\"},\"thumbnailUrl\":\"\",\"articleSection\":[\"not\u00edcias\"],\"inLanguage\":\"pt-BR\",\"potentialAction\":[{\"@type\":\"CommentAction\",\"name\":\"Comment\",\"target\":[\"https:\\\/\\\/maranhaotv.com.br\\\/index.php\\\/2020\\\/09\\\/16\\\/beto-das-vilas-homologa-candidatura-a-prefeito-de-sjr\\\/#respond\"]}]},{\"@type\":\"WebPage\",\"@id\":\"https:\\\/\\\/maranhaotv.com.br\\\/index.php\\\/2020\\\/09\\\/16\\\/beto-das-vilas-homologa-candidatura-a-prefeito-de-sjr\\\/\",\"url\":\"https:\\\/\\\/maranhaotv.com.br\\\/index.php\\\/2020\\\/09\\\/16\\\/beto-das-vilas-homologa-candidatura-a-prefeito-de-sjr\\\/\",\"name\":\"Beto das Vilas homologa candidatura a prefeito de SJR - NOT\u00cdCIAS EM TEMPO REAL\",\"isPartOf\":{\"@id\":\"https:\\\/\\\/maranhaotv.com.br\\\/#website\"},\"primaryImageOfPage\":{\"@id\":\"https:\\\/\\\/maranhaotv.com.br\\\/index.php\\\/2020\\\/09\\\/16\\\/beto-das-vilas-homologa-candidatura-a-prefeito-de-sjr\\\/#primaryimage\"},\"image\":{\"@id\":\"https:\\\/\\\/maranhaotv.com.br\\\/index.php\\\/2020\\\/09\\\/16\\\/beto-das-vilas-homologa-candidatura-a-prefeito-de-sjr\\\/#primaryimage\"},\"thumbnailUrl\":\"\",\"datePublished\":\"2020-09-17T00:32:39+00:00\",\"breadcrumb\":{\"@id\":\"https:\\\/\\\/maranhaotv.com.br\\\/index.php\\\/2020\\\/09\\\/16\\\/beto-das-vilas-homologa-candidatura-a-prefeito-de-sjr\\\/#breadcrumb\"},\"inLanguage\":\"pt-BR\",\"potentialAction\":[{\"@type\":\"ReadAction\",\"target\":[\"https:\\\/\\\/maranhaotv.com.br\\\/index.php\\\/2020\\\/09\\\/16\\\/beto-das-vilas-homologa-candidatura-a-prefeito-de-sjr\\\/\"]}]},{\"@type\":\"ImageObject\",\"inLanguage\":\"pt-BR\",\"@id\":\"https:\\\/\\\/maranhaotv.com.br\\\/index.php\\\/2020\\\/09\\\/16\\\/beto-das-vilas-homologa-candidatura-a-prefeito-de-sjr\\\/#primaryimage\",\"url\":\"\",\"contentUrl\":\"\"},{\"@type\":\"BreadcrumbList\",\"@id\":\"https:\\\/\\\/maranhaotv.com.br\\\/index.php\\\/2020\\\/09\\\/16\\\/beto-das-vilas-homologa-candidatura-a-prefeito-de-sjr\\\/#breadcrumb\",\"itemListElement\":[{\"@type\":\"ListItem\",\"position\":1,\"name\":\"In\u00edcio\",\"item\":\"https:\\\/\\\/maranhaotv.com.br\\\/\"},{\"@type\":\"ListItem\",\"position\":2,\"name\":\"Beto das Vilas homologa candidatura a prefeito de SJR\"}]},{\"@type\":\"WebSite\",\"@id\":\"https:\\\/\\\/maranhaotv.com.br\\\/#website\",\"url\":\"https:\\\/\\\/maranhaotv.com.br\\\/\",\"name\":\"Maranh\u00e3oTV\",\"description\":\"\",\"publisher\":{\"@id\":\"https:\\\/\\\/maranhaotv.com.br\\\/#organization\"},\"potentialAction\":[{\"@type\":\"SearchAction\",\"target\":{\"@type\":\"EntryPoint\",\"urlTemplate\":\"https:\\\/\\\/maranhaotv.com.br\\\/?s={search_term_string}\"},\"query-input\":{\"@type\":\"PropertyValueSpecification\",\"valueRequired\":true,\"valueName\":\"search_term_string\"}}],\"inLanguage\":\"pt-BR\"},{\"@type\":\"Organization\",\"@id\":\"https:\\\/\\\/maranhaotv.com.br\\\/#organization\",\"name\":\"Portal de Not\u00edcias\",\"url\":\"https:\\\/\\\/maranhaotv.com.br\\\/\",\"logo\":{\"@type\":\"ImageObject\",\"inLanguage\":\"pt-BR\",\"@id\":\"https:\\\/\\\/maranhaotv.com.br\\\/#\\\/schema\\\/logo\\\/image\\\/\",\"url\":\"https:\\\/\\\/maranhaotv.com.br\\\/wp-content\\\/uploads\\\/2024\\\/05\\\/cropped-cropped-avatar-1.png\",\"contentUrl\":\"https:\\\/\\\/maranhaotv.com.br\\\/wp-content\\\/uploads\\\/2024\\\/05\\\/cropped-cropped-avatar-1.png\",\"width\":792,\"height\":428,\"caption\":\"Portal de Not\u00edcias\"},\"image\":{\"@id\":\"https:\\\/\\\/maranhaotv.com.br\\\/#\\\/schema\\\/logo\\\/image\\\/\"},\"sameAs\":[\"https:\\\/\\\/www.facebook.com\\\/maiobaotv\",\"https:\\\/\\\/x.com\\\/sitemaranhaotv\",\"https:\\\/\\\/www.instagram.com\\\/maranhao.tv\",\"https:\\\/\\\/www.threads.net\\\/@maranhao.tv\"]},{\"@type\":\"Person\",\"@id\":\"https:\\\/\\\/maranhaotv.com.br\\\/#\\\/schema\\\/person\\\/3d54238e86b20bb5c89ab2fdb8f8829a\",\"name\":\"maranhaotv\",\"image\":{\"@type\":\"ImageObject\",\"inLanguage\":\"pt-BR\",\"@id\":\"https:\\\/\\\/secure.gravatar.com\\\/avatar\\\/8fadbca458d4cb68b1dd399ae9a40618d747bb1af65ac9fad21c89220a143eb4?s=96&d=mm&r=g\",\"url\":\"https:\\\/\\\/secure.gravatar.com\\\/avatar\\\/8fadbca458d4cb68b1dd399ae9a40618d747bb1af65ac9fad21c89220a143eb4?s=96&d=mm&r=g\",\"contentUrl\":\"https:\\\/\\\/secure.gravatar.com\\\/avatar\\\/8fadbca458d4cb68b1dd399ae9a40618d747bb1af65ac9fad21c89220a143eb4?s=96&d=mm&r=g\",\"caption\":\"maranhaotv\"},\"sameAs\":[\"https:\\\/\\\/maranhaotv.com.br\\\/\"],\"url\":\"https:\\\/\\\/maranhaotv.com.br\\\/index.php\\\/author\\\/maranhaotv\\\/\"}]}<\/script>\n<!-- \/ Yoast SEO plugin. -->","yoast_head_json":{"title":"Beto das Vilas homologa candidatura a prefeito de SJR - NOT\u00cdCIAS EM TEMPO REAL","robots":{"index":"index","follow":"follow","max-snippet":"max-snippet:-1","max-image-preview":"max-image-preview:large","max-video-preview":"max-video-preview:-1"},"canonical":"https:\/\/maranhaotv.com.br\/index.php\/2020\/09\/16\/beto-das-vilas-homologa-candidatura-a-prefeito-de-sjr\/","og_locale":"pt_BR","og_type":"article","og_title":"Beto das Vilas homologa candidatura a prefeito de SJR - NOT\u00cdCIAS EM TEMPO REAL","og_description":"A candidatura do Presidente da C\u00e2mara de Vereadores Beto das Vilas a Prefeito de S\u00e3o Jos\u00e9 de Ribamar foi oficializada","og_url":"https:\/\/maranhaotv.com.br\/index.php\/2020\/09\/16\/beto-das-vilas-homologa-candidatura-a-prefeito-de-sjr\/","og_site_name":"NOT\u00cdCIAS EM TEMPO REAL","article_publisher":"https:\/\/www.facebook.com\/maiobaotv","article_published_time":"2020-09-17T00:32:39+00:00","author":"maranhaotv","twitter_card":"summary_large_image","twitter_creator":"@sitemaranhaotv","twitter_site":"@sitemaranhaotv","twitter_misc":{"Escrito por":"maranhaotv","Est. tempo de leitura":"2 minutos"},"schema":{"@context":"https:\/\/schema.org","@graph":[{"@type":"Article","@id":"https:\/\/maranhaotv.com.br\/index.php\/2020\/09\/16\/beto-das-vilas-homologa-candidatura-a-prefeito-de-sjr\/#article","isPartOf":{"@id":"https:\/\/maranhaotv.com.br\/index.php\/2020\/09\/16\/beto-das-vilas-homologa-candidatura-a-prefeito-de-sjr\/"},"author":{"name":"maranhaotv","@id":"https:\/\/maranhaotv.com.br\/#\/schema\/person\/3d54238e86b20bb5c89ab2fdb8f8829a"},"headline":"Beto das Vilas homologa candidatura a prefeito de SJR","datePublished":"2020-09-17T00:32:39+00:00","mainEntityOfPage":{"@id":"https:\/\/maranhaotv.com.br\/index.php\/2020\/09\/16\/beto-das-vilas-homologa-candidatura-a-prefeito-de-sjr\/"},"wordCount":470,"commentCount":0,"publisher":{"@id":"https:\/\/maranhaotv.com.br\/#organization"},"image":{"@id":"https:\/\/maranhaotv.com.br\/index.php\/2020\/09\/16\/beto-das-vilas-homologa-candidatura-a-prefeito-de-sjr\/#primaryimage"},"thumbnailUrl":"","articleSection":["not\u00edcias"],"inLanguage":"pt-BR","potentialAction":[{"@type":"CommentAction","name":"Comment","target":["https:\/\/maranhaotv.com.br\/index.php\/2020\/09\/16\/beto-das-vilas-homologa-candidatura-a-prefeito-de-sjr\/#respond"]}]},{"@type":"WebPage","@id":"https:\/\/maranhaotv.com.br\/index.php\/2020\/09\/16\/beto-das-vilas-homologa-candidatura-a-prefeito-de-sjr\/","url":"https:\/\/maranhaotv.com.br\/index.php\/2020\/09\/16\/beto-das-vilas-homologa-candidatura-a-prefeito-de-sjr\/","name":"Beto das Vilas homologa candidatura a prefeito de SJR - NOT\u00cdCIAS EM TEMPO REAL","isPartOf":{"@id":"https:\/\/maranhaotv.com.br\/#website"},"primaryImageOfPage":{"@id":"https:\/\/maranhaotv.com.br\/index.php\/2020\/09\/16\/beto-das-vilas-homologa-candidatura-a-prefeito-de-sjr\/#primaryimage"},"image":{"@id":"https:\/\/maranhaotv.com.br\/index.php\/2020\/09\/16\/beto-das-vilas-homologa-candidatura-a-prefeito-de-sjr\/#primaryimage"},"thumbnailUrl":"","datePublished":"2020-09-17T00:32:39+00:00","breadcrumb":{"@id":"https:\/\/maranhaotv.com.br\/index.php\/2020\/09\/16\/beto-das-vilas-homologa-candidatura-a-prefeito-de-sjr\/#breadcrumb"},"inLanguage":"pt-BR","potentialAction":[{"@type":"ReadAction","target":["https:\/\/maranhaotv.com.br\/index.php\/2020\/09\/16\/beto-das-vilas-homologa-candidatura-a-prefeito-de-sjr\/"]}]},{"@type":"ImageObject","inLanguage":"pt-BR","@id":"https:\/\/maranhaotv.com.br\/index.php\/2020\/09\/16\/beto-das-vilas-homologa-candidatura-a-prefeito-de-sjr\/#primaryimage","url":"","contentUrl":""},{"@type":"BreadcrumbList","@id":"https:\/\/maranhaotv.com.br\/index.php\/2020\/09\/16\/beto-das-vilas-homologa-candidatura-a-prefeito-de-sjr\/#breadcrumb","itemListElement":[{"@type":"ListItem","position":1,"name":"In\u00edcio","item":"https:\/\/maranhaotv.com.br\/"},{"@type":"ListItem","position":2,"name":"Beto das Vilas homologa candidatura a prefeito de SJR"}]},{"@type":"WebSite","@id":"https:\/\/maranhaotv.com.br\/#website","url":"https:\/\/maranhaotv.com.br\/","name":"Maranh\u00e3oTV","description":"","publisher":{"@id":"https:\/\/maranhaotv.com.br\/#organization"},"potentialAction":[{"@type":"SearchAction","target":{"@type":"EntryPoint","urlTemplate":"https:\/\/maranhaotv.com.br\/?s={search_term_string}"},"query-input":{"@type":"PropertyValueSpecification","valueRequired":true,"valueName":"search_term_string"}}],"inLanguage":"pt-BR"},{"@type":"Organization","@id":"https:\/\/maranhaotv.com.br\/#organization","name":"Portal de Not\u00edcias","url":"https:\/\/maranhaotv.com.br\/","logo":{"@type":"ImageObject","inLanguage":"pt-BR","@id":"https:\/\/maranhaotv.com.br\/#\/schema\/logo\/image\/","url":"https:\/\/maranhaotv.com.br\/wp-content\/uploads\/2024\/05\/cropped-cropped-avatar-1.png","contentUrl":"https:\/\/maranhaotv.com.br\/wp-content\/uploads\/2024\/05\/cropped-cropped-avatar-1.png","width":792,"height":428,"caption":"Portal de Not\u00edcias"},"image":{"@id":"https:\/\/maranhaotv.com.br\/#\/schema\/logo\/image\/"},"sameAs":["https:\/\/www.facebook.com\/maiobaotv","https:\/\/x.com\/sitemaranhaotv","https:\/\/www.instagram.com\/maranhao.tv","https:\/\/www.threads.net\/@maranhao.tv"]},{"@type":"Person","@id":"https:\/\/maranhaotv.com.br\/#\/schema\/person\/3d54238e86b20bb5c89ab2fdb8f8829a","name":"maranhaotv","image":{"@type":"ImageObject","inLanguage":"pt-BR","@id":"https:\/\/secure.gravatar.com\/avatar\/8fadbca458d4cb68b1dd399ae9a40618d747bb1af65ac9fad21c89220a143eb4?s=96&d=mm&r=g","url":"https:\/\/secure.gravatar.com\/avatar\/8fadbca458d4cb68b1dd399ae9a40618d747bb1af65ac9fad21c89220a143eb4?s=96&d=mm&r=g","contentUrl":"https:\/\/secure.gravatar.com\/avatar\/8fadbca458d4cb68b1dd399ae9a40618d747bb1af65ac9fad21c89220a143eb4?s=96&d=mm&r=g","caption":"maranhaotv"},"sameAs":["https:\/\/maranhaotv.com.br\/"],"url":"https:\/\/maranhaotv.com.br\/index.php\/author\/maranhaotv\/"}]}},"jetpack_featured_media_url":"","jetpack_sharing_enabled":true,"_links":{"self":[{"href":"https:\/\/maranhaotv.com.br\/index.php\/wp-json\/wp\/v2\/posts\/14878","targetHints":{"allow":["GET"]}}],"collection":[{"href":"https:\/\/maranhaotv.com.br\/index.php\/wp-json\/wp\/v2\/posts"}],"about":[{"href":"https:\/\/maranhaotv.com.br\/index.php\/wp-json\/wp\/v2\/types\/post"}],"author":[{"embeddable":true,"href":"https:\/\/maranhaotv.com.br\/index.php\/wp-json\/wp\/v2\/users\/2"}],"replies":[{"embeddable":true,"href":"https:\/\/maranhaotv.com.br\/index.php\/wp-json\/wp\/v2\/comments?post=14878"}],"version-history":[{"count":0,"href":"https:\/\/maranhaotv.com.br\/index.php\/wp-json\/wp\/v2\/posts\/14878\/revisions"}],"wp:featuredmedia":[{"embeddable":true,"href":"https:\/\/maranhaotv.com.br\/index.php\/wp-json\/"}],"wp:attachment":[{"href":"https:\/\/maranhaotv.com.br\/index.php\/wp-json\/wp\/v2\/media?parent=14878"}],"wp:term":[{"taxonomy":"category","embeddable":true,"href":"https:\/\/maranhaotv.com.br\/index.php\/wp-json\/wp\/v2\/categories?post=14878"},{"taxonomy":"post_tag","embeddable":true,"href":"https:\/\/maranhaotv.com.br\/index.php\/wp-json\/wp\/v2\/tags?post=14878"}],"curies":[{"name":"wp","href":"https:\/\/api.w.org\/{rel}","templated":true}]}}