{"id":14892,"date":"2020-09-17T11:44:34","date_gmt":"2020-09-17T14:44:34","guid":{"rendered":"https:\/\/maiobaotv.com.br\/?p=14892"},"modified":"2020-09-17T11:44:34","modified_gmt":"2020-09-17T14:44:34","slug":"afonso-cunha-convencao-historica-homologa-floriano-e-jo-candidatos-a-prefeito-e-vice","status":"publish","type":"post","link":"https:\/\/maranhaotv.com.br\/index.php\/2020\/09\/17\/afonso-cunha-convencao-historica-homologa-floriano-e-jo-candidatos-a-prefeito-e-vice\/","title":{"rendered":"Afonso Cunha: Conven\u00e7\u00e3o hist\u00f3rica homologa Floriano e J\u00f4 candidatos a prefeito e vice"},"content":{"rendered":"<p>Realizada na \u00faltima quarta-feira (16), no espa\u00e7o Karlo-Men em Afonso Cunha, a conven\u00e7\u00e3o do partido PROS, que homologou a chapa encabe\u00e7ada pelo empres\u00e1rio Floriano candidato a prefeito, tendo como vice-prefeito a ex-vereadora J\u00f4. A chapa lan\u00e7ada j\u00e1 ganhou o apelido de dupla F&amp;J, aclamada pela popula\u00e7\u00e3o.<\/p>\n<p>Al\u00e9m de for\u00e7as pol\u00edticas, a dupla F&amp;J \u00e9 apoiada pelo ex-prefeito Jos\u00e9 Leane, reconhecido como o melhor gestor que Afonso Cunha j\u00e1 teve. \u201cTenho certeza absoluta que Floriano vai reconduzir Afonso Cunha de volta ao caminho do desenvolvimento\u201d, disse Leane durante o evento. Essa certeza \u00e9 tamb\u00e9m compartilhada pelo o povo que clamam por liberta\u00e7\u00e3o.<\/p>\n<blockquote><p>\u201cNosso compromisso maior com Afonso Cunha, \u00e9 recuperar a autoestima do nosso povo, valorizar o homem, a mulher e o jovem do campo\u201d declarou Floriano num pronunciamento emocionado.<\/p><\/blockquote>\n<p>Ele afirmou ainda que \u201cvamos trabalhar para preparar nossos jovens para o futuro, para o mercado de trabalho, e executar uma administra\u00e7\u00e3o marcada pela democracia, participa\u00e7\u00e3o popular e da sociedade organizada, focando com \u00eanfase na gera\u00e7\u00e3o de emprego e renda\u201d. Floriano destacou que Afonso Cunha ser\u00e1 libertada do coronelismo atrav\u00e9s de projetos diferenciados, prezando pelo desenvolvimento do ser humano.<\/p>\n<p>Em percurso at\u00e9 o local da conven\u00e7\u00e3o, a popula\u00e7\u00e3o acompanhou os pr\u00e9-candidatos clamando por liberta\u00e7\u00e3o.<\/p>\n<p><img loading=\"lazy\" decoding=\"async\" src=\"https:\/\/maiobaotv.com.br\/wp-content\/uploads\/2020\/09\/image-1959525347899472369..jpg\" class=\"wp-image-14894 alignnone size-full\" width=\"411\" height=\"195\"><\/p>\n<p><img loading=\"lazy\" decoding=\"async\" src=\"https:\/\/maiobaotv.com.br\/wp-content\/uploads\/2020\/09\/image-23402731655049117680..jpg\" class=\"wp-image-14895 alignnone size-full\" width=\"512\" height=\"341\"><\/p>\n<p><img loading=\"lazy\" decoding=\"async\" src=\"https:\/\/maiobaotv.com.br\/wp-content\/uploads\/2020\/09\/xxxxx2897938771153968580.jpg\" class=\"wp-image-14896 alignnone size-full\" width=\"424\" height=\"234\"><\/p>\n","protected":false},"excerpt":{"rendered":"<p>Realizada na \u00faltima quarta-feira (16), no espa\u00e7o Karlo-Men em Afonso Cunha, a conven\u00e7\u00e3o do partido PROS, que homologou a chapa<\/p>\n","protected":false},"author":2,"featured_media":14898,"comment_status":"open","ping_status":"open","sticky":false,"template":"","format":"standard","meta":{"colormag_page_container_layout":"default_layout","colormag_page_sidebar_layout":"default_layout","_jetpack_memberships_contains_paid_content":false,"footnotes":""},"categories":[2],"tags":[243],"class_list":["post-14892","post","type-post","status-publish","format-standard","has-post-thumbnail","hentry","category-noticias","tag-afonso-cunha"],"magazineBlocksPostFeaturedMedia":{"thumbnail":false,"medium":false,"medium_large":false,"large":false,"1536x1536":false,"2048x2048":false,"colormag-highlighted-post":false,"colormag-featured-post-medium":false,"colormag-featured-post-small":false,"colormag-featured-image":false,"colormag-default-news":false,"colormag-featured-image-large":false},"magazineBlocksPostAuthor":{"name":"maranhaotv","avatar":"https:\/\/secure.gravatar.com\/avatar\/8fadbca458d4cb68b1dd399ae9a40618d747bb1af65ac9fad21c89220a143eb4?s=96&d=mm&r=g"},"magazineBlocksPostCommentsNumber":"0","magazineBlocksPostExcerpt":"Realizada na \u00faltima quarta-feira (16), no espa\u00e7o Karlo-Men em Afonso Cunha, a conven\u00e7\u00e3o do partido PROS, que homologou a chapa","magazineBlocksPostCategories":["not\u00edcias"],"magazineBlocksPostViewCount":186,"magazineBlocksPostReadTime":2,"magazine_blocks_featured_image_url":{"full":false,"medium":false,"thumbnail":false},"magazine_blocks_author":{"display_name":"maranhaotv","author_link":"https:\/\/maranhaotv.com.br\/index.php\/author\/maranhaotv\/"},"magazine_blocks_comment":0,"magazine_blocks_author_image":"https:\/\/secure.gravatar.com\/avatar\/8fadbca458d4cb68b1dd399ae9a40618d747bb1af65ac9fad21c89220a143eb4?s=96&d=mm&r=g","magazine_blocks_category":"<a href=\"#\" class=\"category-link category-link-2\">not\u00edcias<\/a>","yoast_head":"<!-- This site is optimized with the Yoast SEO plugin v27.4 - https:\/\/yoast.com\/product\/yoast-seo-wordpress\/ -->\n<title>Afonso Cunha: Conven\u00e7\u00e3o hist\u00f3rica homologa Floriano e J\u00f4 candidatos a prefeito e vice - NOT\u00cdCIAS EM TEMPO REAL<\/title>\n<meta name=\"robots\" content=\"index, follow, max-snippet:-1, max-image-preview:large, max-video-preview:-1\" \/>\n<link rel=\"canonical\" href=\"https:\/\/maranhaotv.com.br\/index.php\/2020\/09\/17\/afonso-cunha-convencao-historica-homologa-floriano-e-jo-candidatos-a-prefeito-e-vice\/\" \/>\n<meta property=\"og:locale\" content=\"pt_BR\" \/>\n<meta property=\"og:type\" content=\"article\" \/>\n<meta property=\"og:title\" content=\"Afonso Cunha: Conven\u00e7\u00e3o hist\u00f3rica homologa Floriano e J\u00f4 candidatos a prefeito e vice - NOT\u00cdCIAS EM TEMPO REAL\" \/>\n<meta property=\"og:description\" content=\"Realizada na \u00faltima quarta-feira (16), no espa\u00e7o Karlo-Men em Afonso Cunha, a conven\u00e7\u00e3o do partido PROS, que homologou a chapa\" \/>\n<meta property=\"og:url\" content=\"https:\/\/maranhaotv.com.br\/index.php\/2020\/09\/17\/afonso-cunha-convencao-historica-homologa-floriano-e-jo-candidatos-a-prefeito-e-vice\/\" \/>\n<meta property=\"og:site_name\" content=\"NOT\u00cdCIAS EM TEMPO REAL\" \/>\n<meta property=\"article:publisher\" content=\"https:\/\/www.facebook.com\/maiobaotv\" \/>\n<meta property=\"article:published_time\" content=\"2020-09-17T14:44:34+00:00\" \/>\n<meta name=\"author\" content=\"maranhaotv\" \/>\n<meta name=\"twitter:card\" content=\"summary_large_image\" \/>\n<meta name=\"twitter:creator\" content=\"@sitemaranhaotv\" \/>\n<meta name=\"twitter:site\" content=\"@sitemaranhaotv\" \/>\n<meta name=\"twitter:label1\" content=\"Escrito por\" \/>\n\t<meta name=\"twitter:data1\" content=\"maranhaotv\" \/>\n\t<meta name=\"twitter:label2\" content=\"Est. tempo de leitura\" \/>\n\t<meta name=\"twitter:data2\" content=\"1 minuto\" \/>\n<script type=\"application\/ld+json\" class=\"yoast-schema-graph\">{\"@context\":\"https:\\\/\\\/schema.org\",\"@graph\":[{\"@type\":\"Article\",\"@id\":\"https:\\\/\\\/maranhaotv.com.br\\\/index.php\\\/2020\\\/09\\\/17\\\/afonso-cunha-convencao-historica-homologa-floriano-e-jo-candidatos-a-prefeito-e-vice\\\/#article\",\"isPartOf\":{\"@id\":\"https:\\\/\\\/maranhaotv.com.br\\\/index.php\\\/2020\\\/09\\\/17\\\/afonso-cunha-convencao-historica-homologa-floriano-e-jo-candidatos-a-prefeito-e-vice\\\/\"},\"author\":{\"name\":\"maranhaotv\",\"@id\":\"https:\\\/\\\/maranhaotv.com.br\\\/#\\\/schema\\\/person\\\/3d54238e86b20bb5c89ab2fdb8f8829a\"},\"headline\":\"Afonso Cunha: Conven\u00e7\u00e3o hist\u00f3rica homologa Floriano e J\u00f4 candidatos a prefeito e vice\",\"datePublished\":\"2020-09-17T14:44:34+00:00\",\"mainEntityOfPage\":{\"@id\":\"https:\\\/\\\/maranhaotv.com.br\\\/index.php\\\/2020\\\/09\\\/17\\\/afonso-cunha-convencao-historica-homologa-floriano-e-jo-candidatos-a-prefeito-e-vice\\\/\"},\"wordCount\":237,\"commentCount\":0,\"publisher\":{\"@id\":\"https:\\\/\\\/maranhaotv.com.br\\\/#organization\"},\"image\":{\"@id\":\"https:\\\/\\\/maranhaotv.com.br\\\/index.php\\\/2020\\\/09\\\/17\\\/afonso-cunha-convencao-historica-homologa-floriano-e-jo-candidatos-a-prefeito-e-vice\\\/#primaryimage\"},\"thumbnailUrl\":\"\",\"keywords\":[\"Afonso Cunha\"],\"articleSection\":[\"not\u00edcias\"],\"inLanguage\":\"pt-BR\",\"potentialAction\":[{\"@type\":\"CommentAction\",\"name\":\"Comment\",\"target\":[\"https:\\\/\\\/maranhaotv.com.br\\\/index.php\\\/2020\\\/09\\\/17\\\/afonso-cunha-convencao-historica-homologa-floriano-e-jo-candidatos-a-prefeito-e-vice\\\/#respond\"]}]},{\"@type\":\"WebPage\",\"@id\":\"https:\\\/\\\/maranhaotv.com.br\\\/index.php\\\/2020\\\/09\\\/17\\\/afonso-cunha-convencao-historica-homologa-floriano-e-jo-candidatos-a-prefeito-e-vice\\\/\",\"url\":\"https:\\\/\\\/maranhaotv.com.br\\\/index.php\\\/2020\\\/09\\\/17\\\/afonso-cunha-convencao-historica-homologa-floriano-e-jo-candidatos-a-prefeito-e-vice\\\/\",\"name\":\"Afonso Cunha: Conven\u00e7\u00e3o hist\u00f3rica homologa Floriano e J\u00f4 candidatos a prefeito e vice - NOT\u00cdCIAS EM TEMPO REAL\",\"isPartOf\":{\"@id\":\"https:\\\/\\\/maranhaotv.com.br\\\/#website\"},\"primaryImageOfPage\":{\"@id\":\"https:\\\/\\\/maranhaotv.com.br\\\/index.php\\\/2020\\\/09\\\/17\\\/afonso-cunha-convencao-historica-homologa-floriano-e-jo-candidatos-a-prefeito-e-vice\\\/#primaryimage\"},\"image\":{\"@id\":\"https:\\\/\\\/maranhaotv.com.br\\\/index.php\\\/2020\\\/09\\\/17\\\/afonso-cunha-convencao-historica-homologa-floriano-e-jo-candidatos-a-prefeito-e-vice\\\/#primaryimage\"},\"thumbnailUrl\":\"\",\"datePublished\":\"2020-09-17T14:44:34+00:00\",\"breadcrumb\":{\"@id\":\"https:\\\/\\\/maranhaotv.com.br\\\/index.php\\\/2020\\\/09\\\/17\\\/afonso-cunha-convencao-historica-homologa-floriano-e-jo-candidatos-a-prefeito-e-vice\\\/#breadcrumb\"},\"inLanguage\":\"pt-BR\",\"potentialAction\":[{\"@type\":\"ReadAction\",\"target\":[\"https:\\\/\\\/maranhaotv.com.br\\\/index.php\\\/2020\\\/09\\\/17\\\/afonso-cunha-convencao-historica-homologa-floriano-e-jo-candidatos-a-prefeito-e-vice\\\/\"]}]},{\"@type\":\"ImageObject\",\"inLanguage\":\"pt-BR\",\"@id\":\"https:\\\/\\\/maranhaotv.com.br\\\/index.php\\\/2020\\\/09\\\/17\\\/afonso-cunha-convencao-historica-homologa-floriano-e-jo-candidatos-a-prefeito-e-vice\\\/#primaryimage\",\"url\":\"\",\"contentUrl\":\"\"},{\"@type\":\"BreadcrumbList\",\"@id\":\"https:\\\/\\\/maranhaotv.com.br\\\/index.php\\\/2020\\\/09\\\/17\\\/afonso-cunha-convencao-historica-homologa-floriano-e-jo-candidatos-a-prefeito-e-vice\\\/#breadcrumb\",\"itemListElement\":[{\"@type\":\"ListItem\",\"position\":1,\"name\":\"In\u00edcio\",\"item\":\"https:\\\/\\\/maranhaotv.com.br\\\/\"},{\"@type\":\"ListItem\",\"position\":2,\"name\":\"Afonso Cunha: Conven\u00e7\u00e3o hist\u00f3rica homologa Floriano e J\u00f4 candidatos a prefeito e vice\"}]},{\"@type\":\"WebSite\",\"@id\":\"https:\\\/\\\/maranhaotv.com.br\\\/#website\",\"url\":\"https:\\\/\\\/maranhaotv.com.br\\\/\",\"name\":\"Maranh\u00e3oTV\",\"description\":\"\",\"publisher\":{\"@id\":\"https:\\\/\\\/maranhaotv.com.br\\\/#organization\"},\"potentialAction\":[{\"@type\":\"SearchAction\",\"target\":{\"@type\":\"EntryPoint\",\"urlTemplate\":\"https:\\\/\\\/maranhaotv.com.br\\\/?s={search_term_string}\"},\"query-input\":{\"@type\":\"PropertyValueSpecification\",\"valueRequired\":true,\"valueName\":\"search_term_string\"}}],\"inLanguage\":\"pt-BR\"},{\"@type\":\"Organization\",\"@id\":\"https:\\\/\\\/maranhaotv.com.br\\\/#organization\",\"name\":\"Portal de Not\u00edcias\",\"url\":\"https:\\\/\\\/maranhaotv.com.br\\\/\",\"logo\":{\"@type\":\"ImageObject\",\"inLanguage\":\"pt-BR\",\"@id\":\"https:\\\/\\\/maranhaotv.com.br\\\/#\\\/schema\\\/logo\\\/image\\\/\",\"url\":\"https:\\\/\\\/maranhaotv.com.br\\\/wp-content\\\/uploads\\\/2024\\\/05\\\/cropped-cropped-avatar-1.png\",\"contentUrl\":\"https:\\\/\\\/maranhaotv.com.br\\\/wp-content\\\/uploads\\\/2024\\\/05\\\/cropped-cropped-avatar-1.png\",\"width\":792,\"height\":428,\"caption\":\"Portal de Not\u00edcias\"},\"image\":{\"@id\":\"https:\\\/\\\/maranhaotv.com.br\\\/#\\\/schema\\\/logo\\\/image\\\/\"},\"sameAs\":[\"https:\\\/\\\/www.facebook.com\\\/maiobaotv\",\"https:\\\/\\\/x.com\\\/sitemaranhaotv\",\"https:\\\/\\\/www.instagram.com\\\/maranhao.tv\",\"https:\\\/\\\/www.threads.net\\\/@maranhao.tv\"]},{\"@type\":\"Person\",\"@id\":\"https:\\\/\\\/maranhaotv.com.br\\\/#\\\/schema\\\/person\\\/3d54238e86b20bb5c89ab2fdb8f8829a\",\"name\":\"maranhaotv\",\"image\":{\"@type\":\"ImageObject\",\"inLanguage\":\"pt-BR\",\"@id\":\"https:\\\/\\\/secure.gravatar.com\\\/avatar\\\/8fadbca458d4cb68b1dd399ae9a40618d747bb1af65ac9fad21c89220a143eb4?s=96&d=mm&r=g\",\"url\":\"https:\\\/\\\/secure.gravatar.com\\\/avatar\\\/8fadbca458d4cb68b1dd399ae9a40618d747bb1af65ac9fad21c89220a143eb4?s=96&d=mm&r=g\",\"contentUrl\":\"https:\\\/\\\/secure.gravatar.com\\\/avatar\\\/8fadbca458d4cb68b1dd399ae9a40618d747bb1af65ac9fad21c89220a143eb4?s=96&d=mm&r=g\",\"caption\":\"maranhaotv\"},\"sameAs\":[\"https:\\\/\\\/maranhaotv.com.br\\\/\"],\"url\":\"https:\\\/\\\/maranhaotv.com.br\\\/index.php\\\/author\\\/maranhaotv\\\/\"}]}<\/script>\n<!-- \/ Yoast SEO plugin. -->","yoast_head_json":{"title":"Afonso Cunha: Conven\u00e7\u00e3o hist\u00f3rica homologa Floriano e J\u00f4 candidatos a prefeito e vice - NOT\u00cdCIAS EM TEMPO REAL","robots":{"index":"index","follow":"follow","max-snippet":"max-snippet:-1","max-image-preview":"max-image-preview:large","max-video-preview":"max-video-preview:-1"},"canonical":"https:\/\/maranhaotv.com.br\/index.php\/2020\/09\/17\/afonso-cunha-convencao-historica-homologa-floriano-e-jo-candidatos-a-prefeito-e-vice\/","og_locale":"pt_BR","og_type":"article","og_title":"Afonso Cunha: Conven\u00e7\u00e3o hist\u00f3rica homologa Floriano e J\u00f4 candidatos a prefeito e vice - NOT\u00cdCIAS EM TEMPO REAL","og_description":"Realizada na \u00faltima quarta-feira (16), no espa\u00e7o Karlo-Men em Afonso Cunha, a conven\u00e7\u00e3o do partido PROS, que homologou a chapa","og_url":"https:\/\/maranhaotv.com.br\/index.php\/2020\/09\/17\/afonso-cunha-convencao-historica-homologa-floriano-e-jo-candidatos-a-prefeito-e-vice\/","og_site_name":"NOT\u00cdCIAS EM TEMPO REAL","article_publisher":"https:\/\/www.facebook.com\/maiobaotv","article_published_time":"2020-09-17T14:44:34+00:00","author":"maranhaotv","twitter_card":"summary_large_image","twitter_creator":"@sitemaranhaotv","twitter_site":"@sitemaranhaotv","twitter_misc":{"Escrito por":"maranhaotv","Est. tempo de leitura":"1 minuto"},"schema":{"@context":"https:\/\/schema.org","@graph":[{"@type":"Article","@id":"https:\/\/maranhaotv.com.br\/index.php\/2020\/09\/17\/afonso-cunha-convencao-historica-homologa-floriano-e-jo-candidatos-a-prefeito-e-vice\/#article","isPartOf":{"@id":"https:\/\/maranhaotv.com.br\/index.php\/2020\/09\/17\/afonso-cunha-convencao-historica-homologa-floriano-e-jo-candidatos-a-prefeito-e-vice\/"},"author":{"name":"maranhaotv","@id":"https:\/\/maranhaotv.com.br\/#\/schema\/person\/3d54238e86b20bb5c89ab2fdb8f8829a"},"headline":"Afonso Cunha: Conven\u00e7\u00e3o hist\u00f3rica homologa Floriano e J\u00f4 candidatos a prefeito e vice","datePublished":"2020-09-17T14:44:34+00:00","mainEntityOfPage":{"@id":"https:\/\/maranhaotv.com.br\/index.php\/2020\/09\/17\/afonso-cunha-convencao-historica-homologa-floriano-e-jo-candidatos-a-prefeito-e-vice\/"},"wordCount":237,"commentCount":0,"publisher":{"@id":"https:\/\/maranhaotv.com.br\/#organization"},"image":{"@id":"https:\/\/maranhaotv.com.br\/index.php\/2020\/09\/17\/afonso-cunha-convencao-historica-homologa-floriano-e-jo-candidatos-a-prefeito-e-vice\/#primaryimage"},"thumbnailUrl":"","keywords":["Afonso Cunha"],"articleSection":["not\u00edcias"],"inLanguage":"pt-BR","potentialAction":[{"@type":"CommentAction","name":"Comment","target":["https:\/\/maranhaotv.com.br\/index.php\/2020\/09\/17\/afonso-cunha-convencao-historica-homologa-floriano-e-jo-candidatos-a-prefeito-e-vice\/#respond"]}]},{"@type":"WebPage","@id":"https:\/\/maranhaotv.com.br\/index.php\/2020\/09\/17\/afonso-cunha-convencao-historica-homologa-floriano-e-jo-candidatos-a-prefeito-e-vice\/","url":"https:\/\/maranhaotv.com.br\/index.php\/2020\/09\/17\/afonso-cunha-convencao-historica-homologa-floriano-e-jo-candidatos-a-prefeito-e-vice\/","name":"Afonso Cunha: Conven\u00e7\u00e3o hist\u00f3rica homologa Floriano e J\u00f4 candidatos a prefeito e vice - NOT\u00cdCIAS EM TEMPO REAL","isPartOf":{"@id":"https:\/\/maranhaotv.com.br\/#website"},"primaryImageOfPage":{"@id":"https:\/\/maranhaotv.com.br\/index.php\/2020\/09\/17\/afonso-cunha-convencao-historica-homologa-floriano-e-jo-candidatos-a-prefeito-e-vice\/#primaryimage"},"image":{"@id":"https:\/\/maranhaotv.com.br\/index.php\/2020\/09\/17\/afonso-cunha-convencao-historica-homologa-floriano-e-jo-candidatos-a-prefeito-e-vice\/#primaryimage"},"thumbnailUrl":"","datePublished":"2020-09-17T14:44:34+00:00","breadcrumb":{"@id":"https:\/\/maranhaotv.com.br\/index.php\/2020\/09\/17\/afonso-cunha-convencao-historica-homologa-floriano-e-jo-candidatos-a-prefeito-e-vice\/#breadcrumb"},"inLanguage":"pt-BR","potentialAction":[{"@type":"ReadAction","target":["https:\/\/maranhaotv.com.br\/index.php\/2020\/09\/17\/afonso-cunha-convencao-historica-homologa-floriano-e-jo-candidatos-a-prefeito-e-vice\/"]}]},{"@type":"ImageObject","inLanguage":"pt-BR","@id":"https:\/\/maranhaotv.com.br\/index.php\/2020\/09\/17\/afonso-cunha-convencao-historica-homologa-floriano-e-jo-candidatos-a-prefeito-e-vice\/#primaryimage","url":"","contentUrl":""},{"@type":"BreadcrumbList","@id":"https:\/\/maranhaotv.com.br\/index.php\/2020\/09\/17\/afonso-cunha-convencao-historica-homologa-floriano-e-jo-candidatos-a-prefeito-e-vice\/#breadcrumb","itemListElement":[{"@type":"ListItem","position":1,"name":"In\u00edcio","item":"https:\/\/maranhaotv.com.br\/"},{"@type":"ListItem","position":2,"name":"Afonso Cunha: Conven\u00e7\u00e3o hist\u00f3rica homologa Floriano e J\u00f4 candidatos a prefeito e vice"}]},{"@type":"WebSite","@id":"https:\/\/maranhaotv.com.br\/#website","url":"https:\/\/maranhaotv.com.br\/","name":"Maranh\u00e3oTV","description":"","publisher":{"@id":"https:\/\/maranhaotv.com.br\/#organization"},"potentialAction":[{"@type":"SearchAction","target":{"@type":"EntryPoint","urlTemplate":"https:\/\/maranhaotv.com.br\/?s={search_term_string}"},"query-input":{"@type":"PropertyValueSpecification","valueRequired":true,"valueName":"search_term_string"}}],"inLanguage":"pt-BR"},{"@type":"Organization","@id":"https:\/\/maranhaotv.com.br\/#organization","name":"Portal de Not\u00edcias","url":"https:\/\/maranhaotv.com.br\/","logo":{"@type":"ImageObject","inLanguage":"pt-BR","@id":"https:\/\/maranhaotv.com.br\/#\/schema\/logo\/image\/","url":"https:\/\/maranhaotv.com.br\/wp-content\/uploads\/2024\/05\/cropped-cropped-avatar-1.png","contentUrl":"https:\/\/maranhaotv.com.br\/wp-content\/uploads\/2024\/05\/cropped-cropped-avatar-1.png","width":792,"height":428,"caption":"Portal de Not\u00edcias"},"image":{"@id":"https:\/\/maranhaotv.com.br\/#\/schema\/logo\/image\/"},"sameAs":["https:\/\/www.facebook.com\/maiobaotv","https:\/\/x.com\/sitemaranhaotv","https:\/\/www.instagram.com\/maranhao.tv","https:\/\/www.threads.net\/@maranhao.tv"]},{"@type":"Person","@id":"https:\/\/maranhaotv.com.br\/#\/schema\/person\/3d54238e86b20bb5c89ab2fdb8f8829a","name":"maranhaotv","image":{"@type":"ImageObject","inLanguage":"pt-BR","@id":"https:\/\/secure.gravatar.com\/avatar\/8fadbca458d4cb68b1dd399ae9a40618d747bb1af65ac9fad21c89220a143eb4?s=96&d=mm&r=g","url":"https:\/\/secure.gravatar.com\/avatar\/8fadbca458d4cb68b1dd399ae9a40618d747bb1af65ac9fad21c89220a143eb4?s=96&d=mm&r=g","contentUrl":"https:\/\/secure.gravatar.com\/avatar\/8fadbca458d4cb68b1dd399ae9a40618d747bb1af65ac9fad21c89220a143eb4?s=96&d=mm&r=g","caption":"maranhaotv"},"sameAs":["https:\/\/maranhaotv.com.br\/"],"url":"https:\/\/maranhaotv.com.br\/index.php\/author\/maranhaotv\/"}]}},"jetpack_featured_media_url":"","jetpack_sharing_enabled":true,"_links":{"self":[{"href":"https:\/\/maranhaotv.com.br\/index.php\/wp-json\/wp\/v2\/posts\/14892","targetHints":{"allow":["GET"]}}],"collection":[{"href":"https:\/\/maranhaotv.com.br\/index.php\/wp-json\/wp\/v2\/posts"}],"about":[{"href":"https:\/\/maranhaotv.com.br\/index.php\/wp-json\/wp\/v2\/types\/post"}],"author":[{"embeddable":true,"href":"https:\/\/maranhaotv.com.br\/index.php\/wp-json\/wp\/v2\/users\/2"}],"replies":[{"embeddable":true,"href":"https:\/\/maranhaotv.com.br\/index.php\/wp-json\/wp\/v2\/comments?post=14892"}],"version-history":[{"count":0,"href":"https:\/\/maranhaotv.com.br\/index.php\/wp-json\/wp\/v2\/posts\/14892\/revisions"}],"wp:featuredmedia":[{"embeddable":true,"href":"https:\/\/maranhaotv.com.br\/index.php\/wp-json\/"}],"wp:attachment":[{"href":"https:\/\/maranhaotv.com.br\/index.php\/wp-json\/wp\/v2\/media?parent=14892"}],"wp:term":[{"taxonomy":"category","embeddable":true,"href":"https:\/\/maranhaotv.com.br\/index.php\/wp-json\/wp\/v2\/categories?post=14892"},{"taxonomy":"post_tag","embeddable":true,"href":"https:\/\/maranhaotv.com.br\/index.php\/wp-json\/wp\/v2\/tags?post=14892"}],"curies":[{"name":"wp","href":"https:\/\/api.w.org\/{rel}","templated":true}]}}