{"id":14909,"date":"2020-09-17T14:36:43","date_gmt":"2020-09-17T17:36:43","guid":{"rendered":"https:\/\/maiobaotv.com.br\/?p=14909"},"modified":"2020-09-17T14:36:43","modified_gmt":"2020-09-17T17:36:43","slug":"adversarios-querem-tirar-a-eleicao-de-beto-das-vilas-em-sao-jose-de-ribamar","status":"publish","type":"post","link":"https:\/\/maranhaotv.com.br\/index.php\/2020\/09\/17\/adversarios-querem-tirar-a-eleicao-de-beto-das-vilas-em-sao-jose-de-ribamar\/","title":{"rendered":"Advers\u00e1rios querem tirar a elei\u00e7\u00e3o de Beto das Vilas em S\u00e3o Jos\u00e9 de Ribamar"},"content":{"rendered":"<p>Candidato a prefeito de S\u00e3o Jos\u00e9 de Ribamar pode ter sido alvo da mesma farsa contra Amaury Almeida em Mirinzal nas elei\u00e7\u00f5es de 2016.<br \/>\nUm dia depois de realizar a maior conven\u00e7\u00e3o da hist\u00f3ria politica de S\u00e3o Jos\u00e9 de Ribamar, o presidente da C\u00e2mara Municipal, vereador Beto das Vilas (Republicanos), que teve sua candidatura a prefeito homologada ontem, foi alvo de opera\u00e7\u00e3o policial realizada pela Superintend\u00eancia Estadual de Combate \u00e0 Corrup\u00e7\u00e3o (Seccor\/PCMA).<\/p>\n<p>O mais curioso \u00e9 que na decis\u00e3o judicial, o magistrado que expediu os Mandados cumpridos hoje, determinou que Beto fosse proibido de frequentar as depend\u00eancias do legislativo ribamarense e suspendeu o exerc\u00edcio de suas fun\u00e7\u00f5es p\u00fablicas por tempo indeterminado, sob pena de imediata decreta\u00e7\u00e3o de pris\u00e3o, em caso de descumprimento destas medidas. A decis\u00e3o, entretanto, por n\u00e3o ser colegiada n\u00e3o impede o candidato de disputar as elei\u00e7\u00f5es.<\/p>\n<p>O caso que envolve Beto das Vilas pode ter sido uma opera\u00e7\u00e3o policial ilegal, arbitr\u00e1ria e eleitoreira semelhante \u00e0 do ex-prefeito de Mirinzal, Amaury Almeida que teria sido v\u00edtima de uma situa\u00e7\u00e3o parecida, em 2 de outubro de 2016, justamente no dia das elei\u00e7\u00f5es.<br \/>\nSegundo informa\u00e7\u00f5es que circulam na cidade ribamarense, muito antes da abusiva decis\u00e3o judicial e da opera\u00e7\u00e3o, uma onda de boatos tomou conta do munic\u00edpio, anunciando que o candidato do Republicanos seria preso e que ele n\u00e3o seria candidato, mas isso s\u00f3 iria ocorrer ap\u00f3s as conven\u00e7\u00f5es, pois os opositores queriam ter a certeza que ele for\u00e7a popular pra chegar.<\/p>\n<p>Como a conven\u00e7\u00e3o do Republicanos foi a maior j\u00e1 realizada nesse per\u00edodo pr\u00e9-eleitoral, o boato se concretizou e Beto pode ter sido alvo da mesma farsa que tirou a vit\u00f3ria de Amaury Almeida em Mirinzal no ano de 2016. Em S\u00e3o Jos\u00e9 de Ribamar, Beto das Vilas est\u00e1 bem melhor nas pesquisas que o atual prefeito Eudes Sampaio (PTB) \u2013 apoiado pelo ex-prefeito Luis Fernando e, deve polarizar a disputa com o ex-prefeito Dr. Julinho (PL), que firmou alian\u00e7a com o ex-prefeito Gil Cutrim (PDT).<br \/>\nComo \u00e9 o \u00fanico no pleito sem apoio de pol\u00edticos rejeitados, o povo abra\u00e7ou sua candidatura e entendeu que ele \u00e9 o melhor candidato, mas os opositores querem tirar do eleitorado esse direito de escolha e j\u00e1 trabalham para tir\u00e1-lo da disputa.<\/p>\n<p><img loading=\"lazy\" decoding=\"async\" class=\"alignnone size-full wp-image-14906\" src=\"https:\/\/maiobaotv.com.br\/wp-content\/uploads\/2020\/09\/img-20200917-wa04003626023830374424995.jpg\" width=\"1024\" height=\"768\"><\/p>\n<p>Sem apoio de ex-prefeitos rejeitados, Beto das Vilas \u00e9 abra\u00e7ado pelo povo<\/p>\n<p><img loading=\"lazy\" decoding=\"async\" class=\"alignnone size-full wp-image-14907\" src=\"https:\/\/maiobaotv.com.br\/wp-content\/uploads\/2020\/09\/img-20200917-wa0399421121005420404458.jpg\" width=\"1024\" height=\"576\"><\/p>\n<p>Beto das Vilas do Republicanos realizou a maior conven\u00e7\u00e3o da hist\u00f3ria da cidade de Ribamar<\/p>\n","protected":false},"excerpt":{"rendered":"<p>Candidato a prefeito de S\u00e3o Jos\u00e9 de Ribamar pode ter sido alvo da mesma farsa contra Amaury Almeida em Mirinzal<\/p>\n","protected":false},"author":2,"featured_media":14908,"comment_status":"open","ping_status":"open","sticky":false,"template":"","format":"standard","meta":{"colormag_page_container_layout":"default_layout","colormag_page_sidebar_layout":"default_layout","_jetpack_memberships_contains_paid_content":false,"footnotes":""},"categories":[2,6],"tags":[75,48],"class_list":["post-14909","post","type-post","status-publish","format-standard","has-post-thumbnail","hentry","category-noticias","category-politica","tag-beto-das-vilas","tag-sao-jose-de-ribamar"],"magazineBlocksPostFeaturedMedia":{"thumbnail":false,"medium":false,"medium_large":false,"large":false,"1536x1536":false,"2048x2048":false,"colormag-highlighted-post":false,"colormag-featured-post-medium":false,"colormag-featured-post-small":false,"colormag-featured-image":false,"colormag-default-news":false,"colormag-featured-image-large":false},"magazineBlocksPostAuthor":{"name":"maranhaotv","avatar":"https:\/\/secure.gravatar.com\/avatar\/8fadbca458d4cb68b1dd399ae9a40618d747bb1af65ac9fad21c89220a143eb4?s=96&d=mm&r=g"},"magazineBlocksPostCommentsNumber":"0","magazineBlocksPostExcerpt":"Candidato a prefeito de S\u00e3o Jos\u00e9 de Ribamar pode ter sido alvo da mesma farsa contra Amaury Almeida em Mirinzal","magazineBlocksPostCategories":["not\u00edcias","pol\u00edtica"],"magazineBlocksPostViewCount":332,"magazineBlocksPostReadTime":3,"magazine_blocks_featured_image_url":{"full":false,"medium":false,"thumbnail":false},"magazine_blocks_author":{"display_name":"maranhaotv","author_link":"https:\/\/maranhaotv.com.br\/index.php\/author\/maranhaotv\/"},"magazine_blocks_comment":0,"magazine_blocks_author_image":"https:\/\/secure.gravatar.com\/avatar\/8fadbca458d4cb68b1dd399ae9a40618d747bb1af65ac9fad21c89220a143eb4?s=96&d=mm&r=g","magazine_blocks_category":"<a href=\"#\" class=\"category-link category-link-2\">not\u00edcias<\/a> <a href=\"#\" class=\"category-link category-link-6\">pol\u00edtica<\/a>","yoast_head":"<!-- This site is optimized with the Yoast SEO plugin v27.4 - https:\/\/yoast.com\/product\/yoast-seo-wordpress\/ -->\n<title>Advers\u00e1rios querem tirar a elei\u00e7\u00e3o de Beto das Vilas em S\u00e3o Jos\u00e9 de Ribamar - NOT\u00cdCIAS EM TEMPO REAL<\/title>\n<meta name=\"robots\" content=\"index, follow, max-snippet:-1, max-image-preview:large, max-video-preview:-1\" \/>\n<link rel=\"canonical\" href=\"https:\/\/maranhaotv.com.br\/index.php\/2020\/09\/17\/adversarios-querem-tirar-a-eleicao-de-beto-das-vilas-em-sao-jose-de-ribamar\/\" \/>\n<meta property=\"og:locale\" content=\"pt_BR\" \/>\n<meta property=\"og:type\" content=\"article\" \/>\n<meta property=\"og:title\" content=\"Advers\u00e1rios querem tirar a elei\u00e7\u00e3o de Beto das Vilas em S\u00e3o Jos\u00e9 de Ribamar - NOT\u00cdCIAS EM TEMPO REAL\" \/>\n<meta property=\"og:description\" content=\"Candidato a prefeito de S\u00e3o Jos\u00e9 de Ribamar pode ter sido alvo da mesma farsa contra Amaury Almeida em Mirinzal\" \/>\n<meta property=\"og:url\" content=\"https:\/\/maranhaotv.com.br\/index.php\/2020\/09\/17\/adversarios-querem-tirar-a-eleicao-de-beto-das-vilas-em-sao-jose-de-ribamar\/\" \/>\n<meta property=\"og:site_name\" content=\"NOT\u00cdCIAS EM TEMPO REAL\" \/>\n<meta property=\"article:publisher\" content=\"https:\/\/www.facebook.com\/maiobaotv\" \/>\n<meta property=\"article:published_time\" content=\"2020-09-17T17:36:43+00:00\" \/>\n<meta name=\"author\" content=\"maranhaotv\" \/>\n<meta name=\"twitter:card\" content=\"summary_large_image\" \/>\n<meta name=\"twitter:creator\" content=\"@sitemaranhaotv\" \/>\n<meta name=\"twitter:site\" content=\"@sitemaranhaotv\" \/>\n<meta name=\"twitter:label1\" content=\"Escrito por\" \/>\n\t<meta name=\"twitter:data1\" content=\"maranhaotv\" \/>\n\t<meta name=\"twitter:label2\" content=\"Est. tempo de leitura\" \/>\n\t<meta name=\"twitter:data2\" content=\"2 minutos\" \/>\n<script type=\"application\/ld+json\" class=\"yoast-schema-graph\">{\"@context\":\"https:\\\/\\\/schema.org\",\"@graph\":[{\"@type\":\"Article\",\"@id\":\"https:\\\/\\\/maranhaotv.com.br\\\/index.php\\\/2020\\\/09\\\/17\\\/adversarios-querem-tirar-a-eleicao-de-beto-das-vilas-em-sao-jose-de-ribamar\\\/#article\",\"isPartOf\":{\"@id\":\"https:\\\/\\\/maranhaotv.com.br\\\/index.php\\\/2020\\\/09\\\/17\\\/adversarios-querem-tirar-a-eleicao-de-beto-das-vilas-em-sao-jose-de-ribamar\\\/\"},\"author\":{\"name\":\"maranhaotv\",\"@id\":\"https:\\\/\\\/maranhaotv.com.br\\\/#\\\/schema\\\/person\\\/3d54238e86b20bb5c89ab2fdb8f8829a\"},\"headline\":\"Advers\u00e1rios querem tirar a elei\u00e7\u00e3o de Beto das Vilas em S\u00e3o Jos\u00e9 de Ribamar\",\"datePublished\":\"2020-09-17T17:36:43+00:00\",\"mainEntityOfPage\":{\"@id\":\"https:\\\/\\\/maranhaotv.com.br\\\/index.php\\\/2020\\\/09\\\/17\\\/adversarios-querem-tirar-a-eleicao-de-beto-das-vilas-em-sao-jose-de-ribamar\\\/\"},\"wordCount\":448,\"commentCount\":0,\"publisher\":{\"@id\":\"https:\\\/\\\/maranhaotv.com.br\\\/#organization\"},\"image\":{\"@id\":\"https:\\\/\\\/maranhaotv.com.br\\\/index.php\\\/2020\\\/09\\\/17\\\/adversarios-querem-tirar-a-eleicao-de-beto-das-vilas-em-sao-jose-de-ribamar\\\/#primaryimage\"},\"thumbnailUrl\":\"\",\"keywords\":[\"Beto das Vilas\",\"S\u00e3o Jos\u00e9 de Ribamar\"],\"articleSection\":[\"not\u00edcias\",\"pol\u00edtica\"],\"inLanguage\":\"pt-BR\",\"potentialAction\":[{\"@type\":\"CommentAction\",\"name\":\"Comment\",\"target\":[\"https:\\\/\\\/maranhaotv.com.br\\\/index.php\\\/2020\\\/09\\\/17\\\/adversarios-querem-tirar-a-eleicao-de-beto-das-vilas-em-sao-jose-de-ribamar\\\/#respond\"]}]},{\"@type\":\"WebPage\",\"@id\":\"https:\\\/\\\/maranhaotv.com.br\\\/index.php\\\/2020\\\/09\\\/17\\\/adversarios-querem-tirar-a-eleicao-de-beto-das-vilas-em-sao-jose-de-ribamar\\\/\",\"url\":\"https:\\\/\\\/maranhaotv.com.br\\\/index.php\\\/2020\\\/09\\\/17\\\/adversarios-querem-tirar-a-eleicao-de-beto-das-vilas-em-sao-jose-de-ribamar\\\/\",\"name\":\"Advers\u00e1rios querem tirar a elei\u00e7\u00e3o de Beto das Vilas em S\u00e3o Jos\u00e9 de Ribamar - NOT\u00cdCIAS EM TEMPO REAL\",\"isPartOf\":{\"@id\":\"https:\\\/\\\/maranhaotv.com.br\\\/#website\"},\"primaryImageOfPage\":{\"@id\":\"https:\\\/\\\/maranhaotv.com.br\\\/index.php\\\/2020\\\/09\\\/17\\\/adversarios-querem-tirar-a-eleicao-de-beto-das-vilas-em-sao-jose-de-ribamar\\\/#primaryimage\"},\"image\":{\"@id\":\"https:\\\/\\\/maranhaotv.com.br\\\/index.php\\\/2020\\\/09\\\/17\\\/adversarios-querem-tirar-a-eleicao-de-beto-das-vilas-em-sao-jose-de-ribamar\\\/#primaryimage\"},\"thumbnailUrl\":\"\",\"datePublished\":\"2020-09-17T17:36:43+00:00\",\"breadcrumb\":{\"@id\":\"https:\\\/\\\/maranhaotv.com.br\\\/index.php\\\/2020\\\/09\\\/17\\\/adversarios-querem-tirar-a-eleicao-de-beto-das-vilas-em-sao-jose-de-ribamar\\\/#breadcrumb\"},\"inLanguage\":\"pt-BR\",\"potentialAction\":[{\"@type\":\"ReadAction\",\"target\":[\"https:\\\/\\\/maranhaotv.com.br\\\/index.php\\\/2020\\\/09\\\/17\\\/adversarios-querem-tirar-a-eleicao-de-beto-das-vilas-em-sao-jose-de-ribamar\\\/\"]}]},{\"@type\":\"ImageObject\",\"inLanguage\":\"pt-BR\",\"@id\":\"https:\\\/\\\/maranhaotv.com.br\\\/index.php\\\/2020\\\/09\\\/17\\\/adversarios-querem-tirar-a-eleicao-de-beto-das-vilas-em-sao-jose-de-ribamar\\\/#primaryimage\",\"url\":\"\",\"contentUrl\":\"\"},{\"@type\":\"BreadcrumbList\",\"@id\":\"https:\\\/\\\/maranhaotv.com.br\\\/index.php\\\/2020\\\/09\\\/17\\\/adversarios-querem-tirar-a-eleicao-de-beto-das-vilas-em-sao-jose-de-ribamar\\\/#breadcrumb\",\"itemListElement\":[{\"@type\":\"ListItem\",\"position\":1,\"name\":\"In\u00edcio\",\"item\":\"https:\\\/\\\/maranhaotv.com.br\\\/\"},{\"@type\":\"ListItem\",\"position\":2,\"name\":\"Advers\u00e1rios querem tirar a elei\u00e7\u00e3o de Beto das Vilas em S\u00e3o Jos\u00e9 de Ribamar\"}]},{\"@type\":\"WebSite\",\"@id\":\"https:\\\/\\\/maranhaotv.com.br\\\/#website\",\"url\":\"https:\\\/\\\/maranhaotv.com.br\\\/\",\"name\":\"Maranh\u00e3oTV\",\"description\":\"\",\"publisher\":{\"@id\":\"https:\\\/\\\/maranhaotv.com.br\\\/#organization\"},\"potentialAction\":[{\"@type\":\"SearchAction\",\"target\":{\"@type\":\"EntryPoint\",\"urlTemplate\":\"https:\\\/\\\/maranhaotv.com.br\\\/?s={search_term_string}\"},\"query-input\":{\"@type\":\"PropertyValueSpecification\",\"valueRequired\":true,\"valueName\":\"search_term_string\"}}],\"inLanguage\":\"pt-BR\"},{\"@type\":\"Organization\",\"@id\":\"https:\\\/\\\/maranhaotv.com.br\\\/#organization\",\"name\":\"Portal de Not\u00edcias\",\"url\":\"https:\\\/\\\/maranhaotv.com.br\\\/\",\"logo\":{\"@type\":\"ImageObject\",\"inLanguage\":\"pt-BR\",\"@id\":\"https:\\\/\\\/maranhaotv.com.br\\\/#\\\/schema\\\/logo\\\/image\\\/\",\"url\":\"https:\\\/\\\/maranhaotv.com.br\\\/wp-content\\\/uploads\\\/2024\\\/05\\\/cropped-cropped-avatar-1.png\",\"contentUrl\":\"https:\\\/\\\/maranhaotv.com.br\\\/wp-content\\\/uploads\\\/2024\\\/05\\\/cropped-cropped-avatar-1.png\",\"width\":792,\"height\":428,\"caption\":\"Portal de Not\u00edcias\"},\"image\":{\"@id\":\"https:\\\/\\\/maranhaotv.com.br\\\/#\\\/schema\\\/logo\\\/image\\\/\"},\"sameAs\":[\"https:\\\/\\\/www.facebook.com\\\/maiobaotv\",\"https:\\\/\\\/x.com\\\/sitemaranhaotv\",\"https:\\\/\\\/www.instagram.com\\\/maranhao.tv\",\"https:\\\/\\\/www.threads.net\\\/@maranhao.tv\"]},{\"@type\":\"Person\",\"@id\":\"https:\\\/\\\/maranhaotv.com.br\\\/#\\\/schema\\\/person\\\/3d54238e86b20bb5c89ab2fdb8f8829a\",\"name\":\"maranhaotv\",\"image\":{\"@type\":\"ImageObject\",\"inLanguage\":\"pt-BR\",\"@id\":\"https:\\\/\\\/secure.gravatar.com\\\/avatar\\\/8fadbca458d4cb68b1dd399ae9a40618d747bb1af65ac9fad21c89220a143eb4?s=96&d=mm&r=g\",\"url\":\"https:\\\/\\\/secure.gravatar.com\\\/avatar\\\/8fadbca458d4cb68b1dd399ae9a40618d747bb1af65ac9fad21c89220a143eb4?s=96&d=mm&r=g\",\"contentUrl\":\"https:\\\/\\\/secure.gravatar.com\\\/avatar\\\/8fadbca458d4cb68b1dd399ae9a40618d747bb1af65ac9fad21c89220a143eb4?s=96&d=mm&r=g\",\"caption\":\"maranhaotv\"},\"sameAs\":[\"https:\\\/\\\/maranhaotv.com.br\\\/\"],\"url\":\"https:\\\/\\\/maranhaotv.com.br\\\/index.php\\\/author\\\/maranhaotv\\\/\"}]}<\/script>\n<!-- \/ Yoast SEO plugin. -->","yoast_head_json":{"title":"Advers\u00e1rios querem tirar a elei\u00e7\u00e3o de Beto das Vilas em S\u00e3o Jos\u00e9 de Ribamar - NOT\u00cdCIAS EM TEMPO REAL","robots":{"index":"index","follow":"follow","max-snippet":"max-snippet:-1","max-image-preview":"max-image-preview:large","max-video-preview":"max-video-preview:-1"},"canonical":"https:\/\/maranhaotv.com.br\/index.php\/2020\/09\/17\/adversarios-querem-tirar-a-eleicao-de-beto-das-vilas-em-sao-jose-de-ribamar\/","og_locale":"pt_BR","og_type":"article","og_title":"Advers\u00e1rios querem tirar a elei\u00e7\u00e3o de Beto das Vilas em S\u00e3o Jos\u00e9 de Ribamar - NOT\u00cdCIAS EM TEMPO REAL","og_description":"Candidato a prefeito de S\u00e3o Jos\u00e9 de Ribamar pode ter sido alvo da mesma farsa contra Amaury Almeida em Mirinzal","og_url":"https:\/\/maranhaotv.com.br\/index.php\/2020\/09\/17\/adversarios-querem-tirar-a-eleicao-de-beto-das-vilas-em-sao-jose-de-ribamar\/","og_site_name":"NOT\u00cdCIAS EM TEMPO REAL","article_publisher":"https:\/\/www.facebook.com\/maiobaotv","article_published_time":"2020-09-17T17:36:43+00:00","author":"maranhaotv","twitter_card":"summary_large_image","twitter_creator":"@sitemaranhaotv","twitter_site":"@sitemaranhaotv","twitter_misc":{"Escrito por":"maranhaotv","Est. tempo de leitura":"2 minutos"},"schema":{"@context":"https:\/\/schema.org","@graph":[{"@type":"Article","@id":"https:\/\/maranhaotv.com.br\/index.php\/2020\/09\/17\/adversarios-querem-tirar-a-eleicao-de-beto-das-vilas-em-sao-jose-de-ribamar\/#article","isPartOf":{"@id":"https:\/\/maranhaotv.com.br\/index.php\/2020\/09\/17\/adversarios-querem-tirar-a-eleicao-de-beto-das-vilas-em-sao-jose-de-ribamar\/"},"author":{"name":"maranhaotv","@id":"https:\/\/maranhaotv.com.br\/#\/schema\/person\/3d54238e86b20bb5c89ab2fdb8f8829a"},"headline":"Advers\u00e1rios querem tirar a elei\u00e7\u00e3o de Beto das Vilas em S\u00e3o Jos\u00e9 de Ribamar","datePublished":"2020-09-17T17:36:43+00:00","mainEntityOfPage":{"@id":"https:\/\/maranhaotv.com.br\/index.php\/2020\/09\/17\/adversarios-querem-tirar-a-eleicao-de-beto-das-vilas-em-sao-jose-de-ribamar\/"},"wordCount":448,"commentCount":0,"publisher":{"@id":"https:\/\/maranhaotv.com.br\/#organization"},"image":{"@id":"https:\/\/maranhaotv.com.br\/index.php\/2020\/09\/17\/adversarios-querem-tirar-a-eleicao-de-beto-das-vilas-em-sao-jose-de-ribamar\/#primaryimage"},"thumbnailUrl":"","keywords":["Beto das Vilas","S\u00e3o Jos\u00e9 de Ribamar"],"articleSection":["not\u00edcias","pol\u00edtica"],"inLanguage":"pt-BR","potentialAction":[{"@type":"CommentAction","name":"Comment","target":["https:\/\/maranhaotv.com.br\/index.php\/2020\/09\/17\/adversarios-querem-tirar-a-eleicao-de-beto-das-vilas-em-sao-jose-de-ribamar\/#respond"]}]},{"@type":"WebPage","@id":"https:\/\/maranhaotv.com.br\/index.php\/2020\/09\/17\/adversarios-querem-tirar-a-eleicao-de-beto-das-vilas-em-sao-jose-de-ribamar\/","url":"https:\/\/maranhaotv.com.br\/index.php\/2020\/09\/17\/adversarios-querem-tirar-a-eleicao-de-beto-das-vilas-em-sao-jose-de-ribamar\/","name":"Advers\u00e1rios querem tirar a elei\u00e7\u00e3o de Beto das Vilas em S\u00e3o Jos\u00e9 de Ribamar - NOT\u00cdCIAS EM TEMPO REAL","isPartOf":{"@id":"https:\/\/maranhaotv.com.br\/#website"},"primaryImageOfPage":{"@id":"https:\/\/maranhaotv.com.br\/index.php\/2020\/09\/17\/adversarios-querem-tirar-a-eleicao-de-beto-das-vilas-em-sao-jose-de-ribamar\/#primaryimage"},"image":{"@id":"https:\/\/maranhaotv.com.br\/index.php\/2020\/09\/17\/adversarios-querem-tirar-a-eleicao-de-beto-das-vilas-em-sao-jose-de-ribamar\/#primaryimage"},"thumbnailUrl":"","datePublished":"2020-09-17T17:36:43+00:00","breadcrumb":{"@id":"https:\/\/maranhaotv.com.br\/index.php\/2020\/09\/17\/adversarios-querem-tirar-a-eleicao-de-beto-das-vilas-em-sao-jose-de-ribamar\/#breadcrumb"},"inLanguage":"pt-BR","potentialAction":[{"@type":"ReadAction","target":["https:\/\/maranhaotv.com.br\/index.php\/2020\/09\/17\/adversarios-querem-tirar-a-eleicao-de-beto-das-vilas-em-sao-jose-de-ribamar\/"]}]},{"@type":"ImageObject","inLanguage":"pt-BR","@id":"https:\/\/maranhaotv.com.br\/index.php\/2020\/09\/17\/adversarios-querem-tirar-a-eleicao-de-beto-das-vilas-em-sao-jose-de-ribamar\/#primaryimage","url":"","contentUrl":""},{"@type":"BreadcrumbList","@id":"https:\/\/maranhaotv.com.br\/index.php\/2020\/09\/17\/adversarios-querem-tirar-a-eleicao-de-beto-das-vilas-em-sao-jose-de-ribamar\/#breadcrumb","itemListElement":[{"@type":"ListItem","position":1,"name":"In\u00edcio","item":"https:\/\/maranhaotv.com.br\/"},{"@type":"ListItem","position":2,"name":"Advers\u00e1rios querem tirar a elei\u00e7\u00e3o de Beto das Vilas em S\u00e3o Jos\u00e9 de Ribamar"}]},{"@type":"WebSite","@id":"https:\/\/maranhaotv.com.br\/#website","url":"https:\/\/maranhaotv.com.br\/","name":"Maranh\u00e3oTV","description":"","publisher":{"@id":"https:\/\/maranhaotv.com.br\/#organization"},"potentialAction":[{"@type":"SearchAction","target":{"@type":"EntryPoint","urlTemplate":"https:\/\/maranhaotv.com.br\/?s={search_term_string}"},"query-input":{"@type":"PropertyValueSpecification","valueRequired":true,"valueName":"search_term_string"}}],"inLanguage":"pt-BR"},{"@type":"Organization","@id":"https:\/\/maranhaotv.com.br\/#organization","name":"Portal de Not\u00edcias","url":"https:\/\/maranhaotv.com.br\/","logo":{"@type":"ImageObject","inLanguage":"pt-BR","@id":"https:\/\/maranhaotv.com.br\/#\/schema\/logo\/image\/","url":"https:\/\/maranhaotv.com.br\/wp-content\/uploads\/2024\/05\/cropped-cropped-avatar-1.png","contentUrl":"https:\/\/maranhaotv.com.br\/wp-content\/uploads\/2024\/05\/cropped-cropped-avatar-1.png","width":792,"height":428,"caption":"Portal de Not\u00edcias"},"image":{"@id":"https:\/\/maranhaotv.com.br\/#\/schema\/logo\/image\/"},"sameAs":["https:\/\/www.facebook.com\/maiobaotv","https:\/\/x.com\/sitemaranhaotv","https:\/\/www.instagram.com\/maranhao.tv","https:\/\/www.threads.net\/@maranhao.tv"]},{"@type":"Person","@id":"https:\/\/maranhaotv.com.br\/#\/schema\/person\/3d54238e86b20bb5c89ab2fdb8f8829a","name":"maranhaotv","image":{"@type":"ImageObject","inLanguage":"pt-BR","@id":"https:\/\/secure.gravatar.com\/avatar\/8fadbca458d4cb68b1dd399ae9a40618d747bb1af65ac9fad21c89220a143eb4?s=96&d=mm&r=g","url":"https:\/\/secure.gravatar.com\/avatar\/8fadbca458d4cb68b1dd399ae9a40618d747bb1af65ac9fad21c89220a143eb4?s=96&d=mm&r=g","contentUrl":"https:\/\/secure.gravatar.com\/avatar\/8fadbca458d4cb68b1dd399ae9a40618d747bb1af65ac9fad21c89220a143eb4?s=96&d=mm&r=g","caption":"maranhaotv"},"sameAs":["https:\/\/maranhaotv.com.br\/"],"url":"https:\/\/maranhaotv.com.br\/index.php\/author\/maranhaotv\/"}]}},"jetpack_featured_media_url":"","jetpack_sharing_enabled":true,"_links":{"self":[{"href":"https:\/\/maranhaotv.com.br\/index.php\/wp-json\/wp\/v2\/posts\/14909","targetHints":{"allow":["GET"]}}],"collection":[{"href":"https:\/\/maranhaotv.com.br\/index.php\/wp-json\/wp\/v2\/posts"}],"about":[{"href":"https:\/\/maranhaotv.com.br\/index.php\/wp-json\/wp\/v2\/types\/post"}],"author":[{"embeddable":true,"href":"https:\/\/maranhaotv.com.br\/index.php\/wp-json\/wp\/v2\/users\/2"}],"replies":[{"embeddable":true,"href":"https:\/\/maranhaotv.com.br\/index.php\/wp-json\/wp\/v2\/comments?post=14909"}],"version-history":[{"count":0,"href":"https:\/\/maranhaotv.com.br\/index.php\/wp-json\/wp\/v2\/posts\/14909\/revisions"}],"wp:featuredmedia":[{"embeddable":true,"href":"https:\/\/maranhaotv.com.br\/index.php\/wp-json\/"}],"wp:attachment":[{"href":"https:\/\/maranhaotv.com.br\/index.php\/wp-json\/wp\/v2\/media?parent=14909"}],"wp:term":[{"taxonomy":"category","embeddable":true,"href":"https:\/\/maranhaotv.com.br\/index.php\/wp-json\/wp\/v2\/categories?post=14909"},{"taxonomy":"post_tag","embeddable":true,"href":"https:\/\/maranhaotv.com.br\/index.php\/wp-json\/wp\/v2\/tags?post=14909"}],"curies":[{"name":"wp","href":"https:\/\/api.w.org\/{rel}","templated":true}]}}