{"id":14963,"date":"2020-09-18T11:17:32","date_gmt":"2020-09-18T14:17:32","guid":{"rendered":"https:\/\/maiobaotv.com.br\/?p=14963"},"modified":"2020-09-18T11:17:32","modified_gmt":"2020-09-18T14:17:32","slug":"vice-de-beto-das-vilas-tira-o-sono-do-prefeito-eudes-sampaio-em-ribamar","status":"publish","type":"post","link":"https:\/\/maranhaotv.com.br\/index.php\/2020\/09\/18\/vice-de-beto-das-vilas-tira-o-sono-do-prefeito-eudes-sampaio-em-ribamar\/","title":{"rendered":"Vice de Beto das Vilas tira o sono do prefeito Eudes Sampaio em Ribamar"},"content":{"rendered":"<p>O anuncio feito durante a conven\u00e7\u00e3o do pr\u00e9-candidato a prefeito de S\u00e3o Jos\u00e9 de Ribamar, Beto das Vilas (Republicanos), que confirmou Lais Mouta (PTC), filha do vereador Paulo Alencar (PTC), como companheira de chapa, despertou a ira da turma do atual prefeito Eudes Sampaio (PTB), candidato \u00e0 reelei\u00e7\u00e3o e que sofre fortes criticas da popula\u00e7\u00e3o por onde anda.<\/p>\n<p>O motivo da ira, misturado com medo ap\u00f3s verem a for\u00e7a do republicano no ato, \u00e9 a possibilidade do crescimento ainda maior de Beto, que acertou na escolha de sua companheira de chapa e descartou os \u00faltimos cortejos dos aliados do governo municipal, que tentou, a todo custo, aliar-se ao republicano.<\/p>\n<p>La\u00eds \u00e9 jovem, bonita, engenheira civil, solteira, tem independ\u00eancia financeira desde muito jovem, ribamarense nata e muito conhecida na sede do munic\u00edpio pela hist\u00f3ria de sua fam\u00edlia e dedica\u00e7\u00e3o e amor pela cidade, muito diferente do grupo do atual prefeito.<\/p>\n<p>Sem ter o que falar da bela jovem, e sem contar com apoio dos blogs locais que conhecem a hist\u00f3ria da mo\u00e7a, aliados do prefeito recorreram a blogs de outras cidades para disparar ataques ofensivos contra a jovem.<\/p>\n<p>Agora pasmem, o motivo da cr\u00edtica \u201cenrustida\u201d  \u00e9 porque a bela jovem, sempre que pode, viaja para conhecer outros lugares.<\/p>\n<p>Entre as postagens em seu instagram pessoal e privado, quem d\u00e1 \u201ccora\u00e7\u00e3ozinho\u201d, mostrando conhecer muito bem a jovem desde crian\u00e7a e parece aprovar, \u00e9 a turma da comunica\u00e7\u00e3o de Eudes Sampaio, que tem em seu ninho um pr\u00e9-candidato viajador tamb\u00e9m.<\/p>\n<p>Seria despeito com a beleza da jovem, muito veneno velado ou pura hipocrisia?<\/p>\n<p>Enquanto a dor de cotovelo cresce, Beto das Vilas e Lais Mouta seguem ganhando apoio popular dos ribamarenses.<\/p>\n<p><img loading=\"lazy\" decoding=\"async\" src=\"https:\/\/maiobaotv.com.br\/wp-content\/uploads\/2020\/09\/img-20200918-wa01938404226945373446151.jpg\" class=\"wp-image-14961 alignnone size-full\" width=\"541\" height=\"609\"><\/p>\n<p><img loading=\"lazy\" decoding=\"async\" src=\"https:\/\/maiobaotv.com.br\/wp-content\/uploads\/2020\/09\/img-20200918-wa01941457310805101493299.jpg\" class=\"wp-image-14962 alignnone size-full\" width=\"1024\" height=\"683\"><\/p>\n","protected":false},"excerpt":{"rendered":"<p>O anuncio feito durante a conven\u00e7\u00e3o do pr\u00e9-candidato a prefeito de S\u00e3o Jos\u00e9 de Ribamar, Beto das Vilas (Republicanos), que<\/p>\n","protected":false},"author":2,"featured_media":14965,"comment_status":"open","ping_status":"open","sticky":false,"template":"","format":"standard","meta":{"colormag_page_container_layout":"default_layout","colormag_page_sidebar_layout":"default_layout","_jetpack_memberships_contains_paid_content":false,"footnotes":""},"categories":[2],"tags":[],"class_list":["post-14963","post","type-post","status-publish","format-standard","has-post-thumbnail","hentry","category-noticias"],"magazineBlocksPostFeaturedMedia":{"thumbnail":false,"medium":false,"medium_large":false,"large":false,"1536x1536":false,"2048x2048":false,"colormag-highlighted-post":false,"colormag-featured-post-medium":false,"colormag-featured-post-small":false,"colormag-featured-image":false,"colormag-default-news":false,"colormag-featured-image-large":false},"magazineBlocksPostAuthor":{"name":"maranhaotv","avatar":"https:\/\/secure.gravatar.com\/avatar\/8fadbca458d4cb68b1dd399ae9a40618d747bb1af65ac9fad21c89220a143eb4?s=96&d=mm&r=g"},"magazineBlocksPostCommentsNumber":"0","magazineBlocksPostExcerpt":"O anuncio feito durante a conven\u00e7\u00e3o do pr\u00e9-candidato a prefeito de S\u00e3o Jos\u00e9 de Ribamar, Beto das Vilas (Republicanos), que","magazineBlocksPostCategories":["not\u00edcias"],"magazineBlocksPostViewCount":137,"magazineBlocksPostReadTime":2,"magazine_blocks_featured_image_url":{"full":false,"medium":false,"thumbnail":false},"magazine_blocks_author":{"display_name":"maranhaotv","author_link":"https:\/\/maranhaotv.com.br\/index.php\/author\/maranhaotv\/"},"magazine_blocks_comment":0,"magazine_blocks_author_image":"https:\/\/secure.gravatar.com\/avatar\/8fadbca458d4cb68b1dd399ae9a40618d747bb1af65ac9fad21c89220a143eb4?s=96&d=mm&r=g","magazine_blocks_category":"<a href=\"#\" class=\"category-link category-link-2\">not\u00edcias<\/a>","yoast_head":"<!-- This site is optimized with the Yoast SEO plugin v27.4 - https:\/\/yoast.com\/product\/yoast-seo-wordpress\/ -->\n<title>Vice de Beto das Vilas tira o sono do prefeito Eudes Sampaio em Ribamar - NOT\u00cdCIAS EM TEMPO REAL<\/title>\n<meta name=\"robots\" content=\"index, follow, max-snippet:-1, max-image-preview:large, max-video-preview:-1\" \/>\n<link rel=\"canonical\" href=\"https:\/\/maranhaotv.com.br\/index.php\/2020\/09\/18\/vice-de-beto-das-vilas-tira-o-sono-do-prefeito-eudes-sampaio-em-ribamar\/\" \/>\n<meta property=\"og:locale\" content=\"pt_BR\" \/>\n<meta property=\"og:type\" content=\"article\" \/>\n<meta property=\"og:title\" content=\"Vice de Beto das Vilas tira o sono do prefeito Eudes Sampaio em Ribamar - NOT\u00cdCIAS EM TEMPO REAL\" \/>\n<meta property=\"og:description\" content=\"O anuncio feito durante a conven\u00e7\u00e3o do pr\u00e9-candidato a prefeito de S\u00e3o Jos\u00e9 de Ribamar, Beto das Vilas (Republicanos), que\" \/>\n<meta property=\"og:url\" content=\"https:\/\/maranhaotv.com.br\/index.php\/2020\/09\/18\/vice-de-beto-das-vilas-tira-o-sono-do-prefeito-eudes-sampaio-em-ribamar\/\" \/>\n<meta property=\"og:site_name\" content=\"NOT\u00cdCIAS EM TEMPO REAL\" \/>\n<meta property=\"article:publisher\" content=\"https:\/\/www.facebook.com\/maiobaotv\" \/>\n<meta property=\"article:published_time\" content=\"2020-09-18T14:17:32+00:00\" \/>\n<meta name=\"author\" content=\"maranhaotv\" \/>\n<meta name=\"twitter:card\" content=\"summary_large_image\" \/>\n<meta name=\"twitter:creator\" content=\"@sitemaranhaotv\" \/>\n<meta name=\"twitter:site\" content=\"@sitemaranhaotv\" \/>\n<meta name=\"twitter:label1\" content=\"Escrito por\" \/>\n\t<meta name=\"twitter:data1\" content=\"maranhaotv\" \/>\n\t<meta name=\"twitter:label2\" content=\"Est. tempo de leitura\" \/>\n\t<meta name=\"twitter:data2\" content=\"1 minuto\" \/>\n<script type=\"application\/ld+json\" class=\"yoast-schema-graph\">{\"@context\":\"https:\\\/\\\/schema.org\",\"@graph\":[{\"@type\":\"Article\",\"@id\":\"https:\\\/\\\/maranhaotv.com.br\\\/index.php\\\/2020\\\/09\\\/18\\\/vice-de-beto-das-vilas-tira-o-sono-do-prefeito-eudes-sampaio-em-ribamar\\\/#article\",\"isPartOf\":{\"@id\":\"https:\\\/\\\/maranhaotv.com.br\\\/index.php\\\/2020\\\/09\\\/18\\\/vice-de-beto-das-vilas-tira-o-sono-do-prefeito-eudes-sampaio-em-ribamar\\\/\"},\"author\":{\"name\":\"maranhaotv\",\"@id\":\"https:\\\/\\\/maranhaotv.com.br\\\/#\\\/schema\\\/person\\\/3d54238e86b20bb5c89ab2fdb8f8829a\"},\"headline\":\"Vice de Beto das Vilas tira o sono do prefeito Eudes Sampaio em Ribamar\",\"datePublished\":\"2020-09-18T14:17:32+00:00\",\"mainEntityOfPage\":{\"@id\":\"https:\\\/\\\/maranhaotv.com.br\\\/index.php\\\/2020\\\/09\\\/18\\\/vice-de-beto-das-vilas-tira-o-sono-do-prefeito-eudes-sampaio-em-ribamar\\\/\"},\"wordCount\":308,\"commentCount\":0,\"publisher\":{\"@id\":\"https:\\\/\\\/maranhaotv.com.br\\\/#organization\"},\"image\":{\"@id\":\"https:\\\/\\\/maranhaotv.com.br\\\/index.php\\\/2020\\\/09\\\/18\\\/vice-de-beto-das-vilas-tira-o-sono-do-prefeito-eudes-sampaio-em-ribamar\\\/#primaryimage\"},\"thumbnailUrl\":\"\",\"articleSection\":[\"not\u00edcias\"],\"inLanguage\":\"pt-BR\",\"potentialAction\":[{\"@type\":\"CommentAction\",\"name\":\"Comment\",\"target\":[\"https:\\\/\\\/maranhaotv.com.br\\\/index.php\\\/2020\\\/09\\\/18\\\/vice-de-beto-das-vilas-tira-o-sono-do-prefeito-eudes-sampaio-em-ribamar\\\/#respond\"]}]},{\"@type\":\"WebPage\",\"@id\":\"https:\\\/\\\/maranhaotv.com.br\\\/index.php\\\/2020\\\/09\\\/18\\\/vice-de-beto-das-vilas-tira-o-sono-do-prefeito-eudes-sampaio-em-ribamar\\\/\",\"url\":\"https:\\\/\\\/maranhaotv.com.br\\\/index.php\\\/2020\\\/09\\\/18\\\/vice-de-beto-das-vilas-tira-o-sono-do-prefeito-eudes-sampaio-em-ribamar\\\/\",\"name\":\"Vice de Beto das Vilas tira o sono do prefeito Eudes Sampaio em Ribamar - NOT\u00cdCIAS EM TEMPO REAL\",\"isPartOf\":{\"@id\":\"https:\\\/\\\/maranhaotv.com.br\\\/#website\"},\"primaryImageOfPage\":{\"@id\":\"https:\\\/\\\/maranhaotv.com.br\\\/index.php\\\/2020\\\/09\\\/18\\\/vice-de-beto-das-vilas-tira-o-sono-do-prefeito-eudes-sampaio-em-ribamar\\\/#primaryimage\"},\"image\":{\"@id\":\"https:\\\/\\\/maranhaotv.com.br\\\/index.php\\\/2020\\\/09\\\/18\\\/vice-de-beto-das-vilas-tira-o-sono-do-prefeito-eudes-sampaio-em-ribamar\\\/#primaryimage\"},\"thumbnailUrl\":\"\",\"datePublished\":\"2020-09-18T14:17:32+00:00\",\"breadcrumb\":{\"@id\":\"https:\\\/\\\/maranhaotv.com.br\\\/index.php\\\/2020\\\/09\\\/18\\\/vice-de-beto-das-vilas-tira-o-sono-do-prefeito-eudes-sampaio-em-ribamar\\\/#breadcrumb\"},\"inLanguage\":\"pt-BR\",\"potentialAction\":[{\"@type\":\"ReadAction\",\"target\":[\"https:\\\/\\\/maranhaotv.com.br\\\/index.php\\\/2020\\\/09\\\/18\\\/vice-de-beto-das-vilas-tira-o-sono-do-prefeito-eudes-sampaio-em-ribamar\\\/\"]}]},{\"@type\":\"ImageObject\",\"inLanguage\":\"pt-BR\",\"@id\":\"https:\\\/\\\/maranhaotv.com.br\\\/index.php\\\/2020\\\/09\\\/18\\\/vice-de-beto-das-vilas-tira-o-sono-do-prefeito-eudes-sampaio-em-ribamar\\\/#primaryimage\",\"url\":\"\",\"contentUrl\":\"\"},{\"@type\":\"BreadcrumbList\",\"@id\":\"https:\\\/\\\/maranhaotv.com.br\\\/index.php\\\/2020\\\/09\\\/18\\\/vice-de-beto-das-vilas-tira-o-sono-do-prefeito-eudes-sampaio-em-ribamar\\\/#breadcrumb\",\"itemListElement\":[{\"@type\":\"ListItem\",\"position\":1,\"name\":\"In\u00edcio\",\"item\":\"https:\\\/\\\/maranhaotv.com.br\\\/\"},{\"@type\":\"ListItem\",\"position\":2,\"name\":\"Vice de Beto das Vilas tira o sono do prefeito Eudes Sampaio em Ribamar\"}]},{\"@type\":\"WebSite\",\"@id\":\"https:\\\/\\\/maranhaotv.com.br\\\/#website\",\"url\":\"https:\\\/\\\/maranhaotv.com.br\\\/\",\"name\":\"Maranh\u00e3oTV\",\"description\":\"\",\"publisher\":{\"@id\":\"https:\\\/\\\/maranhaotv.com.br\\\/#organization\"},\"potentialAction\":[{\"@type\":\"SearchAction\",\"target\":{\"@type\":\"EntryPoint\",\"urlTemplate\":\"https:\\\/\\\/maranhaotv.com.br\\\/?s={search_term_string}\"},\"query-input\":{\"@type\":\"PropertyValueSpecification\",\"valueRequired\":true,\"valueName\":\"search_term_string\"}}],\"inLanguage\":\"pt-BR\"},{\"@type\":\"Organization\",\"@id\":\"https:\\\/\\\/maranhaotv.com.br\\\/#organization\",\"name\":\"Portal de Not\u00edcias\",\"url\":\"https:\\\/\\\/maranhaotv.com.br\\\/\",\"logo\":{\"@type\":\"ImageObject\",\"inLanguage\":\"pt-BR\",\"@id\":\"https:\\\/\\\/maranhaotv.com.br\\\/#\\\/schema\\\/logo\\\/image\\\/\",\"url\":\"https:\\\/\\\/maranhaotv.com.br\\\/wp-content\\\/uploads\\\/2024\\\/05\\\/cropped-cropped-avatar-1.png\",\"contentUrl\":\"https:\\\/\\\/maranhaotv.com.br\\\/wp-content\\\/uploads\\\/2024\\\/05\\\/cropped-cropped-avatar-1.png\",\"width\":792,\"height\":428,\"caption\":\"Portal de Not\u00edcias\"},\"image\":{\"@id\":\"https:\\\/\\\/maranhaotv.com.br\\\/#\\\/schema\\\/logo\\\/image\\\/\"},\"sameAs\":[\"https:\\\/\\\/www.facebook.com\\\/maiobaotv\",\"https:\\\/\\\/x.com\\\/sitemaranhaotv\",\"https:\\\/\\\/www.instagram.com\\\/maranhao.tv\",\"https:\\\/\\\/www.threads.net\\\/@maranhao.tv\"]},{\"@type\":\"Person\",\"@id\":\"https:\\\/\\\/maranhaotv.com.br\\\/#\\\/schema\\\/person\\\/3d54238e86b20bb5c89ab2fdb8f8829a\",\"name\":\"maranhaotv\",\"image\":{\"@type\":\"ImageObject\",\"inLanguage\":\"pt-BR\",\"@id\":\"https:\\\/\\\/secure.gravatar.com\\\/avatar\\\/8fadbca458d4cb68b1dd399ae9a40618d747bb1af65ac9fad21c89220a143eb4?s=96&d=mm&r=g\",\"url\":\"https:\\\/\\\/secure.gravatar.com\\\/avatar\\\/8fadbca458d4cb68b1dd399ae9a40618d747bb1af65ac9fad21c89220a143eb4?s=96&d=mm&r=g\",\"contentUrl\":\"https:\\\/\\\/secure.gravatar.com\\\/avatar\\\/8fadbca458d4cb68b1dd399ae9a40618d747bb1af65ac9fad21c89220a143eb4?s=96&d=mm&r=g\",\"caption\":\"maranhaotv\"},\"sameAs\":[\"https:\\\/\\\/maranhaotv.com.br\\\/\"],\"url\":\"https:\\\/\\\/maranhaotv.com.br\\\/index.php\\\/author\\\/maranhaotv\\\/\"}]}<\/script>\n<!-- \/ Yoast SEO plugin. -->","yoast_head_json":{"title":"Vice de Beto das Vilas tira o sono do prefeito Eudes Sampaio em Ribamar - NOT\u00cdCIAS EM TEMPO REAL","robots":{"index":"index","follow":"follow","max-snippet":"max-snippet:-1","max-image-preview":"max-image-preview:large","max-video-preview":"max-video-preview:-1"},"canonical":"https:\/\/maranhaotv.com.br\/index.php\/2020\/09\/18\/vice-de-beto-das-vilas-tira-o-sono-do-prefeito-eudes-sampaio-em-ribamar\/","og_locale":"pt_BR","og_type":"article","og_title":"Vice de Beto das Vilas tira o sono do prefeito Eudes Sampaio em Ribamar - NOT\u00cdCIAS EM TEMPO REAL","og_description":"O anuncio feito durante a conven\u00e7\u00e3o do pr\u00e9-candidato a prefeito de S\u00e3o Jos\u00e9 de Ribamar, Beto das Vilas (Republicanos), que","og_url":"https:\/\/maranhaotv.com.br\/index.php\/2020\/09\/18\/vice-de-beto-das-vilas-tira-o-sono-do-prefeito-eudes-sampaio-em-ribamar\/","og_site_name":"NOT\u00cdCIAS EM TEMPO REAL","article_publisher":"https:\/\/www.facebook.com\/maiobaotv","article_published_time":"2020-09-18T14:17:32+00:00","author":"maranhaotv","twitter_card":"summary_large_image","twitter_creator":"@sitemaranhaotv","twitter_site":"@sitemaranhaotv","twitter_misc":{"Escrito por":"maranhaotv","Est. tempo de leitura":"1 minuto"},"schema":{"@context":"https:\/\/schema.org","@graph":[{"@type":"Article","@id":"https:\/\/maranhaotv.com.br\/index.php\/2020\/09\/18\/vice-de-beto-das-vilas-tira-o-sono-do-prefeito-eudes-sampaio-em-ribamar\/#article","isPartOf":{"@id":"https:\/\/maranhaotv.com.br\/index.php\/2020\/09\/18\/vice-de-beto-das-vilas-tira-o-sono-do-prefeito-eudes-sampaio-em-ribamar\/"},"author":{"name":"maranhaotv","@id":"https:\/\/maranhaotv.com.br\/#\/schema\/person\/3d54238e86b20bb5c89ab2fdb8f8829a"},"headline":"Vice de Beto das Vilas tira o sono do prefeito Eudes Sampaio em Ribamar","datePublished":"2020-09-18T14:17:32+00:00","mainEntityOfPage":{"@id":"https:\/\/maranhaotv.com.br\/index.php\/2020\/09\/18\/vice-de-beto-das-vilas-tira-o-sono-do-prefeito-eudes-sampaio-em-ribamar\/"},"wordCount":308,"commentCount":0,"publisher":{"@id":"https:\/\/maranhaotv.com.br\/#organization"},"image":{"@id":"https:\/\/maranhaotv.com.br\/index.php\/2020\/09\/18\/vice-de-beto-das-vilas-tira-o-sono-do-prefeito-eudes-sampaio-em-ribamar\/#primaryimage"},"thumbnailUrl":"","articleSection":["not\u00edcias"],"inLanguage":"pt-BR","potentialAction":[{"@type":"CommentAction","name":"Comment","target":["https:\/\/maranhaotv.com.br\/index.php\/2020\/09\/18\/vice-de-beto-das-vilas-tira-o-sono-do-prefeito-eudes-sampaio-em-ribamar\/#respond"]}]},{"@type":"WebPage","@id":"https:\/\/maranhaotv.com.br\/index.php\/2020\/09\/18\/vice-de-beto-das-vilas-tira-o-sono-do-prefeito-eudes-sampaio-em-ribamar\/","url":"https:\/\/maranhaotv.com.br\/index.php\/2020\/09\/18\/vice-de-beto-das-vilas-tira-o-sono-do-prefeito-eudes-sampaio-em-ribamar\/","name":"Vice de Beto das Vilas tira o sono do prefeito Eudes Sampaio em Ribamar - NOT\u00cdCIAS EM TEMPO REAL","isPartOf":{"@id":"https:\/\/maranhaotv.com.br\/#website"},"primaryImageOfPage":{"@id":"https:\/\/maranhaotv.com.br\/index.php\/2020\/09\/18\/vice-de-beto-das-vilas-tira-o-sono-do-prefeito-eudes-sampaio-em-ribamar\/#primaryimage"},"image":{"@id":"https:\/\/maranhaotv.com.br\/index.php\/2020\/09\/18\/vice-de-beto-das-vilas-tira-o-sono-do-prefeito-eudes-sampaio-em-ribamar\/#primaryimage"},"thumbnailUrl":"","datePublished":"2020-09-18T14:17:32+00:00","breadcrumb":{"@id":"https:\/\/maranhaotv.com.br\/index.php\/2020\/09\/18\/vice-de-beto-das-vilas-tira-o-sono-do-prefeito-eudes-sampaio-em-ribamar\/#breadcrumb"},"inLanguage":"pt-BR","potentialAction":[{"@type":"ReadAction","target":["https:\/\/maranhaotv.com.br\/index.php\/2020\/09\/18\/vice-de-beto-das-vilas-tira-o-sono-do-prefeito-eudes-sampaio-em-ribamar\/"]}]},{"@type":"ImageObject","inLanguage":"pt-BR","@id":"https:\/\/maranhaotv.com.br\/index.php\/2020\/09\/18\/vice-de-beto-das-vilas-tira-o-sono-do-prefeito-eudes-sampaio-em-ribamar\/#primaryimage","url":"","contentUrl":""},{"@type":"BreadcrumbList","@id":"https:\/\/maranhaotv.com.br\/index.php\/2020\/09\/18\/vice-de-beto-das-vilas-tira-o-sono-do-prefeito-eudes-sampaio-em-ribamar\/#breadcrumb","itemListElement":[{"@type":"ListItem","position":1,"name":"In\u00edcio","item":"https:\/\/maranhaotv.com.br\/"},{"@type":"ListItem","position":2,"name":"Vice de Beto das Vilas tira o sono do prefeito Eudes Sampaio em Ribamar"}]},{"@type":"WebSite","@id":"https:\/\/maranhaotv.com.br\/#website","url":"https:\/\/maranhaotv.com.br\/","name":"Maranh\u00e3oTV","description":"","publisher":{"@id":"https:\/\/maranhaotv.com.br\/#organization"},"potentialAction":[{"@type":"SearchAction","target":{"@type":"EntryPoint","urlTemplate":"https:\/\/maranhaotv.com.br\/?s={search_term_string}"},"query-input":{"@type":"PropertyValueSpecification","valueRequired":true,"valueName":"search_term_string"}}],"inLanguage":"pt-BR"},{"@type":"Organization","@id":"https:\/\/maranhaotv.com.br\/#organization","name":"Portal de Not\u00edcias","url":"https:\/\/maranhaotv.com.br\/","logo":{"@type":"ImageObject","inLanguage":"pt-BR","@id":"https:\/\/maranhaotv.com.br\/#\/schema\/logo\/image\/","url":"https:\/\/maranhaotv.com.br\/wp-content\/uploads\/2024\/05\/cropped-cropped-avatar-1.png","contentUrl":"https:\/\/maranhaotv.com.br\/wp-content\/uploads\/2024\/05\/cropped-cropped-avatar-1.png","width":792,"height":428,"caption":"Portal de Not\u00edcias"},"image":{"@id":"https:\/\/maranhaotv.com.br\/#\/schema\/logo\/image\/"},"sameAs":["https:\/\/www.facebook.com\/maiobaotv","https:\/\/x.com\/sitemaranhaotv","https:\/\/www.instagram.com\/maranhao.tv","https:\/\/www.threads.net\/@maranhao.tv"]},{"@type":"Person","@id":"https:\/\/maranhaotv.com.br\/#\/schema\/person\/3d54238e86b20bb5c89ab2fdb8f8829a","name":"maranhaotv","image":{"@type":"ImageObject","inLanguage":"pt-BR","@id":"https:\/\/secure.gravatar.com\/avatar\/8fadbca458d4cb68b1dd399ae9a40618d747bb1af65ac9fad21c89220a143eb4?s=96&d=mm&r=g","url":"https:\/\/secure.gravatar.com\/avatar\/8fadbca458d4cb68b1dd399ae9a40618d747bb1af65ac9fad21c89220a143eb4?s=96&d=mm&r=g","contentUrl":"https:\/\/secure.gravatar.com\/avatar\/8fadbca458d4cb68b1dd399ae9a40618d747bb1af65ac9fad21c89220a143eb4?s=96&d=mm&r=g","caption":"maranhaotv"},"sameAs":["https:\/\/maranhaotv.com.br\/"],"url":"https:\/\/maranhaotv.com.br\/index.php\/author\/maranhaotv\/"}]}},"jetpack_featured_media_url":"","jetpack_sharing_enabled":true,"_links":{"self":[{"href":"https:\/\/maranhaotv.com.br\/index.php\/wp-json\/wp\/v2\/posts\/14963","targetHints":{"allow":["GET"]}}],"collection":[{"href":"https:\/\/maranhaotv.com.br\/index.php\/wp-json\/wp\/v2\/posts"}],"about":[{"href":"https:\/\/maranhaotv.com.br\/index.php\/wp-json\/wp\/v2\/types\/post"}],"author":[{"embeddable":true,"href":"https:\/\/maranhaotv.com.br\/index.php\/wp-json\/wp\/v2\/users\/2"}],"replies":[{"embeddable":true,"href":"https:\/\/maranhaotv.com.br\/index.php\/wp-json\/wp\/v2\/comments?post=14963"}],"version-history":[{"count":0,"href":"https:\/\/maranhaotv.com.br\/index.php\/wp-json\/wp\/v2\/posts\/14963\/revisions"}],"wp:featuredmedia":[{"embeddable":true,"href":"https:\/\/maranhaotv.com.br\/index.php\/wp-json\/"}],"wp:attachment":[{"href":"https:\/\/maranhaotv.com.br\/index.php\/wp-json\/wp\/v2\/media?parent=14963"}],"wp:term":[{"taxonomy":"category","embeddable":true,"href":"https:\/\/maranhaotv.com.br\/index.php\/wp-json\/wp\/v2\/categories?post=14963"},{"taxonomy":"post_tag","embeddable":true,"href":"https:\/\/maranhaotv.com.br\/index.php\/wp-json\/wp\/v2\/tags?post=14963"}],"curies":[{"name":"wp","href":"https:\/\/api.w.org\/{rel}","templated":true}]}}