{"id":14982,"date":"2020-09-19T09:25:13","date_gmt":"2020-09-19T12:25:13","guid":{"rendered":"https:\/\/maiobaotv.com.br\/?p=14982"},"modified":"2020-09-19T09:25:13","modified_gmt":"2020-09-19T12:25:13","slug":"forca-feminina-e-juventude-na-pre-candidatura-de-lais-alencar-para-vice-de-beto-das-vilas-na-disputa-eleitoral-em-sao-jose-de-ribamar","status":"publish","type":"post","link":"https:\/\/maranhaotv.com.br\/index.php\/2020\/09\/19\/forca-feminina-e-juventude-na-pre-candidatura-de-lais-alencar-para-vice-de-beto-das-vilas-na-disputa-eleitoral-em-sao-jose-de-ribamar\/","title":{"rendered":"For\u00e7a feminina e juventude na pr\u00e9-candidatura de La\u00eds Alencar para vice de Beto das Vilas na disputa eleitoral em S\u00e3o Jos\u00e9 de Ribamar"},"content":{"rendered":"<p>O sucesso arrebatador da Conven\u00e7\u00e3o \u201cVit\u00f3ria do Povo\u201d, que homologou a candidatura de Beto das Vilas para Prefeitura de S\u00e3o Jos\u00e9 de Ribamar, na \u00faltima quarta-feira, 16, trouxe \u00e0 tona o principal assunto comentado em toda a cidade &#8211; a escolha da jovem e bela engenheira ambiental, civil e empres\u00e1ria La\u00eds Alencar para compor a sua chapa eleitoral como vice-prefeita.<\/p>\n<p>As mulheres est\u00e3o cada vez mais consciente de seu papel dentro da sociedade. S\u00e3o protagonistas na condu\u00e7\u00e3o de suas pr\u00f3prias vidas, fato conquistado por uma luta hist\u00f3rica de empoderamento feminino. Tanto \u00e9 que hoje em dia a for\u00e7a da mulher que segue carreira pol\u00edtica tem sido mais presente em todo o pa\u00eds.<\/p>\n<p>Beto das Vilas foi criado por uma m\u00e3e que foi deixada pelo marido e assumiu sozinha a cria\u00e7\u00e3o de seus filhos. \u00c9 casado com Ely Mota, grande companheira, presidente do Partido Verde, com quem tem duas filhas, Mayara e Maysa. Portanto, essa for\u00e7a e coragem feminina sempre fez parte do seu ambiente natural. E a escolha de La\u00eds Alencar para estar ao lado dele nessa caminhada rumo \u00e0 prefeitura municipal veio fortalec\u00ea-lo ainda mais, ganhando mais simpatia e ades\u00f5es para seu eleitorado.<\/p>\n<p>A chegada de La\u00eds Alencar, filha do vereador Paulo Alencar (PTC), realmente, foi impactante! \u00c9 filha ca\u00e7ula de Paulo e Maria Regina. Tem 27 anos, na \u00e9poca em que nasceu ainda n\u00e3o havia maternidade em S\u00e3o Jos\u00e9 de Ribamar por isso, sua m\u00e3e foi realizar o parto na Policl\u00ednica em Pa\u00e7o do Lumiar (MA). La\u00eds cresceu na Rua da Alegria, junto aos seus amigos de inf\u00e2ncia: Adriana, Mariana, Alisson entre outros.<\/p>\n<p>Estudou o ensino fundamental no col\u00e9gio Patronato. Depois foi concluir seus estudos no Col\u00e9gio Batista e formou-se na Universidade Ceuma.<br \/>\nSempre acompanhou o pai em todas as a\u00e7\u00f5es sociais ligadas \u00e0 promo\u00e7\u00e3o cultural da juventude ribamarense. Adquiriu esp\u00edrito empreendedor desde cedo, e logo aos quinze anos, come\u00e7ou a tornar-se independente. Atualmente, \u00e9 empres\u00e1ria do ramo de engenharia civil. \u00c9 solteira. E costuma aproveitar suas f\u00e9rias para viajar e conhecer outras culturas.<\/p>\n<p>La\u00eds Alencar est\u00e1 determinada para honrar o nome da sua fam\u00edlia e ser a voz de todas as mulheres e jovens do munic\u00edpio assumindo sua voca\u00e7\u00e3o para a pol\u00edtica. E como uma aut\u00eantica libriana, tem talento de sobra e di\u00e1logo franco. Ela sabe muito bem aonde quer chegar e vai dedicar-se integralmente para alcan\u00e7ar seu objetivo e tratar S\u00e3o Jos\u00e9 de Ribamar da forma que merece com cuidado, zelo e amor.<\/p>\n","protected":false},"excerpt":{"rendered":"<p>O sucesso arrebatador da Conven\u00e7\u00e3o \u201cVit\u00f3ria do Povo\u201d, que homologou a candidatura de Beto das Vilas para Prefeitura de S\u00e3o<\/p>\n","protected":false},"author":2,"featured_media":14984,"comment_status":"open","ping_status":"open","sticky":false,"template":"","format":"standard","meta":{"colormag_page_container_layout":"default_layout","colormag_page_sidebar_layout":"default_layout","_jetpack_memberships_contains_paid_content":false,"footnotes":""},"categories":[2],"tags":[],"class_list":["post-14982","post","type-post","status-publish","format-standard","has-post-thumbnail","hentry","category-noticias"],"magazineBlocksPostFeaturedMedia":{"thumbnail":false,"medium":false,"medium_large":false,"large":false,"1536x1536":false,"2048x2048":false,"colormag-highlighted-post":false,"colormag-featured-post-medium":false,"colormag-featured-post-small":false,"colormag-featured-image":false,"colormag-default-news":false,"colormag-featured-image-large":false},"magazineBlocksPostAuthor":{"name":"maranhaotv","avatar":"https:\/\/secure.gravatar.com\/avatar\/8fadbca458d4cb68b1dd399ae9a40618d747bb1af65ac9fad21c89220a143eb4?s=96&d=mm&r=g"},"magazineBlocksPostCommentsNumber":"0","magazineBlocksPostExcerpt":"O sucesso arrebatador da Conven\u00e7\u00e3o \u201cVit\u00f3ria do Povo\u201d, que homologou a candidatura de Beto das Vilas para Prefeitura de S\u00e3o","magazineBlocksPostCategories":["not\u00edcias"],"magazineBlocksPostViewCount":108,"magazineBlocksPostReadTime":3,"magazine_blocks_featured_image_url":{"full":false,"medium":false,"thumbnail":false},"magazine_blocks_author":{"display_name":"maranhaotv","author_link":"https:\/\/maranhaotv.com.br\/index.php\/author\/maranhaotv\/"},"magazine_blocks_comment":0,"magazine_blocks_author_image":"https:\/\/secure.gravatar.com\/avatar\/8fadbca458d4cb68b1dd399ae9a40618d747bb1af65ac9fad21c89220a143eb4?s=96&d=mm&r=g","magazine_blocks_category":"<a href=\"#\" class=\"category-link category-link-2\">not\u00edcias<\/a>","yoast_head":"<!-- This site is optimized with the Yoast SEO plugin v27.4 - https:\/\/yoast.com\/product\/yoast-seo-wordpress\/ -->\n<title>For\u00e7a feminina e juventude na pr\u00e9-candidatura de La\u00eds Alencar para vice de Beto das Vilas na disputa eleitoral em S\u00e3o Jos\u00e9 de Ribamar - NOT\u00cdCIAS EM TEMPO REAL<\/title>\n<meta name=\"robots\" content=\"index, follow, max-snippet:-1, max-image-preview:large, max-video-preview:-1\" \/>\n<link rel=\"canonical\" href=\"https:\/\/maranhaotv.com.br\/index.php\/2020\/09\/19\/forca-feminina-e-juventude-na-pre-candidatura-de-lais-alencar-para-vice-de-beto-das-vilas-na-disputa-eleitoral-em-sao-jose-de-ribamar\/\" \/>\n<meta property=\"og:locale\" content=\"pt_BR\" \/>\n<meta property=\"og:type\" content=\"article\" \/>\n<meta property=\"og:title\" content=\"For\u00e7a feminina e juventude na pr\u00e9-candidatura de La\u00eds Alencar para vice de Beto das Vilas na disputa eleitoral em S\u00e3o Jos\u00e9 de Ribamar - NOT\u00cdCIAS EM TEMPO REAL\" \/>\n<meta property=\"og:description\" content=\"O sucesso arrebatador da Conven\u00e7\u00e3o \u201cVit\u00f3ria do Povo\u201d, que homologou a candidatura de Beto das Vilas para Prefeitura de S\u00e3o\" \/>\n<meta property=\"og:url\" content=\"https:\/\/maranhaotv.com.br\/index.php\/2020\/09\/19\/forca-feminina-e-juventude-na-pre-candidatura-de-lais-alencar-para-vice-de-beto-das-vilas-na-disputa-eleitoral-em-sao-jose-de-ribamar\/\" \/>\n<meta property=\"og:site_name\" content=\"NOT\u00cdCIAS EM TEMPO REAL\" \/>\n<meta property=\"article:publisher\" content=\"https:\/\/www.facebook.com\/maiobaotv\" \/>\n<meta property=\"article:published_time\" content=\"2020-09-19T12:25:13+00:00\" \/>\n<meta name=\"author\" content=\"maranhaotv\" \/>\n<meta name=\"twitter:card\" content=\"summary_large_image\" \/>\n<meta name=\"twitter:creator\" content=\"@sitemaranhaotv\" \/>\n<meta name=\"twitter:site\" content=\"@sitemaranhaotv\" \/>\n<meta name=\"twitter:label1\" content=\"Escrito por\" \/>\n\t<meta name=\"twitter:data1\" content=\"maranhaotv\" \/>\n\t<meta name=\"twitter:label2\" content=\"Est. tempo de leitura\" \/>\n\t<meta name=\"twitter:data2\" content=\"2 minutos\" \/>\n<script type=\"application\/ld+json\" class=\"yoast-schema-graph\">{\"@context\":\"https:\\\/\\\/schema.org\",\"@graph\":[{\"@type\":\"Article\",\"@id\":\"https:\\\/\\\/maranhaotv.com.br\\\/index.php\\\/2020\\\/09\\\/19\\\/forca-feminina-e-juventude-na-pre-candidatura-de-lais-alencar-para-vice-de-beto-das-vilas-na-disputa-eleitoral-em-sao-jose-de-ribamar\\\/#article\",\"isPartOf\":{\"@id\":\"https:\\\/\\\/maranhaotv.com.br\\\/index.php\\\/2020\\\/09\\\/19\\\/forca-feminina-e-juventude-na-pre-candidatura-de-lais-alencar-para-vice-de-beto-das-vilas-na-disputa-eleitoral-em-sao-jose-de-ribamar\\\/\"},\"author\":{\"name\":\"maranhaotv\",\"@id\":\"https:\\\/\\\/maranhaotv.com.br\\\/#\\\/schema\\\/person\\\/3d54238e86b20bb5c89ab2fdb8f8829a\"},\"headline\":\"For\u00e7a feminina e juventude na pr\u00e9-candidatura de La\u00eds Alencar para vice de Beto das Vilas na disputa eleitoral em S\u00e3o Jos\u00e9 de Ribamar\",\"datePublished\":\"2020-09-19T12:25:13+00:00\",\"mainEntityOfPage\":{\"@id\":\"https:\\\/\\\/maranhaotv.com.br\\\/index.php\\\/2020\\\/09\\\/19\\\/forca-feminina-e-juventude-na-pre-candidatura-de-lais-alencar-para-vice-de-beto-das-vilas-na-disputa-eleitoral-em-sao-jose-de-ribamar\\\/\"},\"wordCount\":469,\"commentCount\":0,\"publisher\":{\"@id\":\"https:\\\/\\\/maranhaotv.com.br\\\/#organization\"},\"image\":{\"@id\":\"https:\\\/\\\/maranhaotv.com.br\\\/index.php\\\/2020\\\/09\\\/19\\\/forca-feminina-e-juventude-na-pre-candidatura-de-lais-alencar-para-vice-de-beto-das-vilas-na-disputa-eleitoral-em-sao-jose-de-ribamar\\\/#primaryimage\"},\"thumbnailUrl\":\"\",\"articleSection\":[\"not\u00edcias\"],\"inLanguage\":\"pt-BR\",\"potentialAction\":[{\"@type\":\"CommentAction\",\"name\":\"Comment\",\"target\":[\"https:\\\/\\\/maranhaotv.com.br\\\/index.php\\\/2020\\\/09\\\/19\\\/forca-feminina-e-juventude-na-pre-candidatura-de-lais-alencar-para-vice-de-beto-das-vilas-na-disputa-eleitoral-em-sao-jose-de-ribamar\\\/#respond\"]}]},{\"@type\":\"WebPage\",\"@id\":\"https:\\\/\\\/maranhaotv.com.br\\\/index.php\\\/2020\\\/09\\\/19\\\/forca-feminina-e-juventude-na-pre-candidatura-de-lais-alencar-para-vice-de-beto-das-vilas-na-disputa-eleitoral-em-sao-jose-de-ribamar\\\/\",\"url\":\"https:\\\/\\\/maranhaotv.com.br\\\/index.php\\\/2020\\\/09\\\/19\\\/forca-feminina-e-juventude-na-pre-candidatura-de-lais-alencar-para-vice-de-beto-das-vilas-na-disputa-eleitoral-em-sao-jose-de-ribamar\\\/\",\"name\":\"For\u00e7a feminina e juventude na pr\u00e9-candidatura de La\u00eds Alencar para vice de Beto das Vilas na disputa eleitoral em S\u00e3o Jos\u00e9 de Ribamar - NOT\u00cdCIAS EM TEMPO REAL\",\"isPartOf\":{\"@id\":\"https:\\\/\\\/maranhaotv.com.br\\\/#website\"},\"primaryImageOfPage\":{\"@id\":\"https:\\\/\\\/maranhaotv.com.br\\\/index.php\\\/2020\\\/09\\\/19\\\/forca-feminina-e-juventude-na-pre-candidatura-de-lais-alencar-para-vice-de-beto-das-vilas-na-disputa-eleitoral-em-sao-jose-de-ribamar\\\/#primaryimage\"},\"image\":{\"@id\":\"https:\\\/\\\/maranhaotv.com.br\\\/index.php\\\/2020\\\/09\\\/19\\\/forca-feminina-e-juventude-na-pre-candidatura-de-lais-alencar-para-vice-de-beto-das-vilas-na-disputa-eleitoral-em-sao-jose-de-ribamar\\\/#primaryimage\"},\"thumbnailUrl\":\"\",\"datePublished\":\"2020-09-19T12:25:13+00:00\",\"breadcrumb\":{\"@id\":\"https:\\\/\\\/maranhaotv.com.br\\\/index.php\\\/2020\\\/09\\\/19\\\/forca-feminina-e-juventude-na-pre-candidatura-de-lais-alencar-para-vice-de-beto-das-vilas-na-disputa-eleitoral-em-sao-jose-de-ribamar\\\/#breadcrumb\"},\"inLanguage\":\"pt-BR\",\"potentialAction\":[{\"@type\":\"ReadAction\",\"target\":[\"https:\\\/\\\/maranhaotv.com.br\\\/index.php\\\/2020\\\/09\\\/19\\\/forca-feminina-e-juventude-na-pre-candidatura-de-lais-alencar-para-vice-de-beto-das-vilas-na-disputa-eleitoral-em-sao-jose-de-ribamar\\\/\"]}]},{\"@type\":\"ImageObject\",\"inLanguage\":\"pt-BR\",\"@id\":\"https:\\\/\\\/maranhaotv.com.br\\\/index.php\\\/2020\\\/09\\\/19\\\/forca-feminina-e-juventude-na-pre-candidatura-de-lais-alencar-para-vice-de-beto-das-vilas-na-disputa-eleitoral-em-sao-jose-de-ribamar\\\/#primaryimage\",\"url\":\"\",\"contentUrl\":\"\"},{\"@type\":\"BreadcrumbList\",\"@id\":\"https:\\\/\\\/maranhaotv.com.br\\\/index.php\\\/2020\\\/09\\\/19\\\/forca-feminina-e-juventude-na-pre-candidatura-de-lais-alencar-para-vice-de-beto-das-vilas-na-disputa-eleitoral-em-sao-jose-de-ribamar\\\/#breadcrumb\",\"itemListElement\":[{\"@type\":\"ListItem\",\"position\":1,\"name\":\"In\u00edcio\",\"item\":\"https:\\\/\\\/maranhaotv.com.br\\\/\"},{\"@type\":\"ListItem\",\"position\":2,\"name\":\"For\u00e7a feminina e juventude na pr\u00e9-candidatura de La\u00eds Alencar para vice de Beto das Vilas na disputa eleitoral em S\u00e3o Jos\u00e9 de Ribamar\"}]},{\"@type\":\"WebSite\",\"@id\":\"https:\\\/\\\/maranhaotv.com.br\\\/#website\",\"url\":\"https:\\\/\\\/maranhaotv.com.br\\\/\",\"name\":\"Maranh\u00e3oTV\",\"description\":\"\",\"publisher\":{\"@id\":\"https:\\\/\\\/maranhaotv.com.br\\\/#organization\"},\"potentialAction\":[{\"@type\":\"SearchAction\",\"target\":{\"@type\":\"EntryPoint\",\"urlTemplate\":\"https:\\\/\\\/maranhaotv.com.br\\\/?s={search_term_string}\"},\"query-input\":{\"@type\":\"PropertyValueSpecification\",\"valueRequired\":true,\"valueName\":\"search_term_string\"}}],\"inLanguage\":\"pt-BR\"},{\"@type\":\"Organization\",\"@id\":\"https:\\\/\\\/maranhaotv.com.br\\\/#organization\",\"name\":\"Portal de Not\u00edcias\",\"url\":\"https:\\\/\\\/maranhaotv.com.br\\\/\",\"logo\":{\"@type\":\"ImageObject\",\"inLanguage\":\"pt-BR\",\"@id\":\"https:\\\/\\\/maranhaotv.com.br\\\/#\\\/schema\\\/logo\\\/image\\\/\",\"url\":\"https:\\\/\\\/maranhaotv.com.br\\\/wp-content\\\/uploads\\\/2024\\\/05\\\/cropped-cropped-avatar-1.png\",\"contentUrl\":\"https:\\\/\\\/maranhaotv.com.br\\\/wp-content\\\/uploads\\\/2024\\\/05\\\/cropped-cropped-avatar-1.png\",\"width\":792,\"height\":428,\"caption\":\"Portal de Not\u00edcias\"},\"image\":{\"@id\":\"https:\\\/\\\/maranhaotv.com.br\\\/#\\\/schema\\\/logo\\\/image\\\/\"},\"sameAs\":[\"https:\\\/\\\/www.facebook.com\\\/maiobaotv\",\"https:\\\/\\\/x.com\\\/sitemaranhaotv\",\"https:\\\/\\\/www.instagram.com\\\/maranhao.tv\",\"https:\\\/\\\/www.threads.net\\\/@maranhao.tv\"]},{\"@type\":\"Person\",\"@id\":\"https:\\\/\\\/maranhaotv.com.br\\\/#\\\/schema\\\/person\\\/3d54238e86b20bb5c89ab2fdb8f8829a\",\"name\":\"maranhaotv\",\"image\":{\"@type\":\"ImageObject\",\"inLanguage\":\"pt-BR\",\"@id\":\"https:\\\/\\\/secure.gravatar.com\\\/avatar\\\/8fadbca458d4cb68b1dd399ae9a40618d747bb1af65ac9fad21c89220a143eb4?s=96&d=mm&r=g\",\"url\":\"https:\\\/\\\/secure.gravatar.com\\\/avatar\\\/8fadbca458d4cb68b1dd399ae9a40618d747bb1af65ac9fad21c89220a143eb4?s=96&d=mm&r=g\",\"contentUrl\":\"https:\\\/\\\/secure.gravatar.com\\\/avatar\\\/8fadbca458d4cb68b1dd399ae9a40618d747bb1af65ac9fad21c89220a143eb4?s=96&d=mm&r=g\",\"caption\":\"maranhaotv\"},\"sameAs\":[\"https:\\\/\\\/maranhaotv.com.br\\\/\"],\"url\":\"https:\\\/\\\/maranhaotv.com.br\\\/index.php\\\/author\\\/maranhaotv\\\/\"}]}<\/script>\n<!-- \/ Yoast SEO plugin. -->","yoast_head_json":{"title":"For\u00e7a feminina e juventude na pr\u00e9-candidatura de La\u00eds Alencar para vice de Beto das Vilas na disputa eleitoral em S\u00e3o Jos\u00e9 de Ribamar - NOT\u00cdCIAS EM TEMPO REAL","robots":{"index":"index","follow":"follow","max-snippet":"max-snippet:-1","max-image-preview":"max-image-preview:large","max-video-preview":"max-video-preview:-1"},"canonical":"https:\/\/maranhaotv.com.br\/index.php\/2020\/09\/19\/forca-feminina-e-juventude-na-pre-candidatura-de-lais-alencar-para-vice-de-beto-das-vilas-na-disputa-eleitoral-em-sao-jose-de-ribamar\/","og_locale":"pt_BR","og_type":"article","og_title":"For\u00e7a feminina e juventude na pr\u00e9-candidatura de La\u00eds Alencar para vice de Beto das Vilas na disputa eleitoral em S\u00e3o Jos\u00e9 de Ribamar - NOT\u00cdCIAS EM TEMPO REAL","og_description":"O sucesso arrebatador da Conven\u00e7\u00e3o \u201cVit\u00f3ria do Povo\u201d, que homologou a candidatura de Beto das Vilas para Prefeitura de S\u00e3o","og_url":"https:\/\/maranhaotv.com.br\/index.php\/2020\/09\/19\/forca-feminina-e-juventude-na-pre-candidatura-de-lais-alencar-para-vice-de-beto-das-vilas-na-disputa-eleitoral-em-sao-jose-de-ribamar\/","og_site_name":"NOT\u00cdCIAS EM TEMPO REAL","article_publisher":"https:\/\/www.facebook.com\/maiobaotv","article_published_time":"2020-09-19T12:25:13+00:00","author":"maranhaotv","twitter_card":"summary_large_image","twitter_creator":"@sitemaranhaotv","twitter_site":"@sitemaranhaotv","twitter_misc":{"Escrito por":"maranhaotv","Est. tempo de leitura":"2 minutos"},"schema":{"@context":"https:\/\/schema.org","@graph":[{"@type":"Article","@id":"https:\/\/maranhaotv.com.br\/index.php\/2020\/09\/19\/forca-feminina-e-juventude-na-pre-candidatura-de-lais-alencar-para-vice-de-beto-das-vilas-na-disputa-eleitoral-em-sao-jose-de-ribamar\/#article","isPartOf":{"@id":"https:\/\/maranhaotv.com.br\/index.php\/2020\/09\/19\/forca-feminina-e-juventude-na-pre-candidatura-de-lais-alencar-para-vice-de-beto-das-vilas-na-disputa-eleitoral-em-sao-jose-de-ribamar\/"},"author":{"name":"maranhaotv","@id":"https:\/\/maranhaotv.com.br\/#\/schema\/person\/3d54238e86b20bb5c89ab2fdb8f8829a"},"headline":"For\u00e7a feminina e juventude na pr\u00e9-candidatura de La\u00eds Alencar para vice de Beto das Vilas na disputa eleitoral em S\u00e3o Jos\u00e9 de Ribamar","datePublished":"2020-09-19T12:25:13+00:00","mainEntityOfPage":{"@id":"https:\/\/maranhaotv.com.br\/index.php\/2020\/09\/19\/forca-feminina-e-juventude-na-pre-candidatura-de-lais-alencar-para-vice-de-beto-das-vilas-na-disputa-eleitoral-em-sao-jose-de-ribamar\/"},"wordCount":469,"commentCount":0,"publisher":{"@id":"https:\/\/maranhaotv.com.br\/#organization"},"image":{"@id":"https:\/\/maranhaotv.com.br\/index.php\/2020\/09\/19\/forca-feminina-e-juventude-na-pre-candidatura-de-lais-alencar-para-vice-de-beto-das-vilas-na-disputa-eleitoral-em-sao-jose-de-ribamar\/#primaryimage"},"thumbnailUrl":"","articleSection":["not\u00edcias"],"inLanguage":"pt-BR","potentialAction":[{"@type":"CommentAction","name":"Comment","target":["https:\/\/maranhaotv.com.br\/index.php\/2020\/09\/19\/forca-feminina-e-juventude-na-pre-candidatura-de-lais-alencar-para-vice-de-beto-das-vilas-na-disputa-eleitoral-em-sao-jose-de-ribamar\/#respond"]}]},{"@type":"WebPage","@id":"https:\/\/maranhaotv.com.br\/index.php\/2020\/09\/19\/forca-feminina-e-juventude-na-pre-candidatura-de-lais-alencar-para-vice-de-beto-das-vilas-na-disputa-eleitoral-em-sao-jose-de-ribamar\/","url":"https:\/\/maranhaotv.com.br\/index.php\/2020\/09\/19\/forca-feminina-e-juventude-na-pre-candidatura-de-lais-alencar-para-vice-de-beto-das-vilas-na-disputa-eleitoral-em-sao-jose-de-ribamar\/","name":"For\u00e7a feminina e juventude na pr\u00e9-candidatura de La\u00eds Alencar para vice de Beto das Vilas na disputa eleitoral em S\u00e3o Jos\u00e9 de Ribamar - NOT\u00cdCIAS EM TEMPO REAL","isPartOf":{"@id":"https:\/\/maranhaotv.com.br\/#website"},"primaryImageOfPage":{"@id":"https:\/\/maranhaotv.com.br\/index.php\/2020\/09\/19\/forca-feminina-e-juventude-na-pre-candidatura-de-lais-alencar-para-vice-de-beto-das-vilas-na-disputa-eleitoral-em-sao-jose-de-ribamar\/#primaryimage"},"image":{"@id":"https:\/\/maranhaotv.com.br\/index.php\/2020\/09\/19\/forca-feminina-e-juventude-na-pre-candidatura-de-lais-alencar-para-vice-de-beto-das-vilas-na-disputa-eleitoral-em-sao-jose-de-ribamar\/#primaryimage"},"thumbnailUrl":"","datePublished":"2020-09-19T12:25:13+00:00","breadcrumb":{"@id":"https:\/\/maranhaotv.com.br\/index.php\/2020\/09\/19\/forca-feminina-e-juventude-na-pre-candidatura-de-lais-alencar-para-vice-de-beto-das-vilas-na-disputa-eleitoral-em-sao-jose-de-ribamar\/#breadcrumb"},"inLanguage":"pt-BR","potentialAction":[{"@type":"ReadAction","target":["https:\/\/maranhaotv.com.br\/index.php\/2020\/09\/19\/forca-feminina-e-juventude-na-pre-candidatura-de-lais-alencar-para-vice-de-beto-das-vilas-na-disputa-eleitoral-em-sao-jose-de-ribamar\/"]}]},{"@type":"ImageObject","inLanguage":"pt-BR","@id":"https:\/\/maranhaotv.com.br\/index.php\/2020\/09\/19\/forca-feminina-e-juventude-na-pre-candidatura-de-lais-alencar-para-vice-de-beto-das-vilas-na-disputa-eleitoral-em-sao-jose-de-ribamar\/#primaryimage","url":"","contentUrl":""},{"@type":"BreadcrumbList","@id":"https:\/\/maranhaotv.com.br\/index.php\/2020\/09\/19\/forca-feminina-e-juventude-na-pre-candidatura-de-lais-alencar-para-vice-de-beto-das-vilas-na-disputa-eleitoral-em-sao-jose-de-ribamar\/#breadcrumb","itemListElement":[{"@type":"ListItem","position":1,"name":"In\u00edcio","item":"https:\/\/maranhaotv.com.br\/"},{"@type":"ListItem","position":2,"name":"For\u00e7a feminina e juventude na pr\u00e9-candidatura de La\u00eds Alencar para vice de Beto das Vilas na disputa eleitoral em S\u00e3o Jos\u00e9 de Ribamar"}]},{"@type":"WebSite","@id":"https:\/\/maranhaotv.com.br\/#website","url":"https:\/\/maranhaotv.com.br\/","name":"Maranh\u00e3oTV","description":"","publisher":{"@id":"https:\/\/maranhaotv.com.br\/#organization"},"potentialAction":[{"@type":"SearchAction","target":{"@type":"EntryPoint","urlTemplate":"https:\/\/maranhaotv.com.br\/?s={search_term_string}"},"query-input":{"@type":"PropertyValueSpecification","valueRequired":true,"valueName":"search_term_string"}}],"inLanguage":"pt-BR"},{"@type":"Organization","@id":"https:\/\/maranhaotv.com.br\/#organization","name":"Portal de Not\u00edcias","url":"https:\/\/maranhaotv.com.br\/","logo":{"@type":"ImageObject","inLanguage":"pt-BR","@id":"https:\/\/maranhaotv.com.br\/#\/schema\/logo\/image\/","url":"https:\/\/maranhaotv.com.br\/wp-content\/uploads\/2024\/05\/cropped-cropped-avatar-1.png","contentUrl":"https:\/\/maranhaotv.com.br\/wp-content\/uploads\/2024\/05\/cropped-cropped-avatar-1.png","width":792,"height":428,"caption":"Portal de Not\u00edcias"},"image":{"@id":"https:\/\/maranhaotv.com.br\/#\/schema\/logo\/image\/"},"sameAs":["https:\/\/www.facebook.com\/maiobaotv","https:\/\/x.com\/sitemaranhaotv","https:\/\/www.instagram.com\/maranhao.tv","https:\/\/www.threads.net\/@maranhao.tv"]},{"@type":"Person","@id":"https:\/\/maranhaotv.com.br\/#\/schema\/person\/3d54238e86b20bb5c89ab2fdb8f8829a","name":"maranhaotv","image":{"@type":"ImageObject","inLanguage":"pt-BR","@id":"https:\/\/secure.gravatar.com\/avatar\/8fadbca458d4cb68b1dd399ae9a40618d747bb1af65ac9fad21c89220a143eb4?s=96&d=mm&r=g","url":"https:\/\/secure.gravatar.com\/avatar\/8fadbca458d4cb68b1dd399ae9a40618d747bb1af65ac9fad21c89220a143eb4?s=96&d=mm&r=g","contentUrl":"https:\/\/secure.gravatar.com\/avatar\/8fadbca458d4cb68b1dd399ae9a40618d747bb1af65ac9fad21c89220a143eb4?s=96&d=mm&r=g","caption":"maranhaotv"},"sameAs":["https:\/\/maranhaotv.com.br\/"],"url":"https:\/\/maranhaotv.com.br\/index.php\/author\/maranhaotv\/"}]}},"jetpack_featured_media_url":"","jetpack_sharing_enabled":true,"_links":{"self":[{"href":"https:\/\/maranhaotv.com.br\/index.php\/wp-json\/wp\/v2\/posts\/14982","targetHints":{"allow":["GET"]}}],"collection":[{"href":"https:\/\/maranhaotv.com.br\/index.php\/wp-json\/wp\/v2\/posts"}],"about":[{"href":"https:\/\/maranhaotv.com.br\/index.php\/wp-json\/wp\/v2\/types\/post"}],"author":[{"embeddable":true,"href":"https:\/\/maranhaotv.com.br\/index.php\/wp-json\/wp\/v2\/users\/2"}],"replies":[{"embeddable":true,"href":"https:\/\/maranhaotv.com.br\/index.php\/wp-json\/wp\/v2\/comments?post=14982"}],"version-history":[{"count":0,"href":"https:\/\/maranhaotv.com.br\/index.php\/wp-json\/wp\/v2\/posts\/14982\/revisions"}],"wp:featuredmedia":[{"embeddable":true,"href":"https:\/\/maranhaotv.com.br\/index.php\/wp-json\/"}],"wp:attachment":[{"href":"https:\/\/maranhaotv.com.br\/index.php\/wp-json\/wp\/v2\/media?parent=14982"}],"wp:term":[{"taxonomy":"category","embeddable":true,"href":"https:\/\/maranhaotv.com.br\/index.php\/wp-json\/wp\/v2\/categories?post=14982"},{"taxonomy":"post_tag","embeddable":true,"href":"https:\/\/maranhaotv.com.br\/index.php\/wp-json\/wp\/v2\/tags?post=14982"}],"curies":[{"name":"wp","href":"https:\/\/api.w.org\/{rel}","templated":true}]}}