{"id":15007,"date":"2020-09-21T08:18:21","date_gmt":"2020-09-21T11:18:21","guid":{"rendered":"https:\/\/maiobaotv.com.br\/?p=15007"},"modified":"2020-09-21T08:18:21","modified_gmt":"2020-09-21T11:18:21","slug":"ribamar-desacreditado-prefeito-eudes-ve-deputado-dizer-que-apoiara-outro-candidato-em-seu-proprio-palanque","status":"publish","type":"post","link":"https:\/\/maranhaotv.com.br\/index.php\/2020\/09\/21\/ribamar-desacreditado-prefeito-eudes-ve-deputado-dizer-que-apoiara-outro-candidato-em-seu-proprio-palanque\/","title":{"rendered":"Ribamar: Desacreditado, prefeito Eudes v\u00ea deputado dizer que apoiar\u00e1 outro candidato em seu pr\u00f3prio palanque"},"content":{"rendered":"<p>O prefeito Eudes Sampaio (PTB), que tem sua gest\u00e3o reprovada por 68,2% dos ribamarenses e ficaria apenas em terceiro lugar se as elei\u00e7\u00f5es fossem hoje, segundo pesquisa Datailha divulgada neste domingo (20), vive uma p\u00e9ssima fase.<\/p>\n<p>Ap\u00f3s enfrentar momentos dif\u00edceis em visitas aos bairros Jo\u00e3o de Cadal, muita confus\u00e3o durante evento no Ara\u00e7agy e ser hostilizado pelos moradores da Cidade Alta, o prefeito Eudes Sampaio assistiu calado, em seu pr\u00f3prio palanque no Parque Jair, o deputado Marcos Caldas dizer em sua cara que n\u00e3o o apoiar\u00e1.<\/p>\n<p>Pior do que isso, foi ouvir o parlamentar afirmar para a popula\u00e7\u00e3o do bairro, que seguir\u00e1 as ordens do PDT, e caminhar\u00e1 com o pr\u00e9-candidato Jota Pinto (PDT), advers\u00e1rio de Eudes.<\/p>\n<p>A conduta do parlamentar mostrou o completo desprestigio de Eudes Sampaio com a classe pol\u00edtica e aconteceu no mesmo bairro onde dois anos antes, o vereador Mois\u00e9s Gama foi afrontado pelo ex-prefeito Lu\u00eds Fernando e o atual prefeito Eudes Sampaio, que acusou o parlamentar de votar contra a popula\u00e7\u00e3o do Parque Jair.<\/p>\n<p>Misteriosamente, dois anos depois de tentar dar uma surra em Lu\u00eds Fernando, Moises Gama virou o grande defensor do prefeito Eudes Sampaio.<\/p>\n<p>Por\u00e9m, o palanque montado para apresentar Eudes ao Parque Jair foi contemplado com a participa\u00e7\u00e3o do deputado Marcos Play, que acabou com a festa do gestor.<\/p>\n<div class=\"jetpack-video-wrapper\"><iframe loading=\"lazy\" title=\"Blog Maramais\" width=\"800\" height=\"450\" src=\"https:\/\/www.youtube.com\/embed\/mc4P7_WoxM4?feature=oembed\" frameborder=\"0\" allow=\"accelerometer; autoplay; clipboard-write; encrypted-media; gyroscope; picture-in-picture; web-share\" referrerpolicy=\"strict-origin-when-cross-origin\" allowfullscreen><\/iframe><\/div>\n","protected":false},"excerpt":{"rendered":"<p>O prefeito Eudes Sampaio (PTB), que tem sua gest\u00e3o reprovada por 68,2% dos ribamarenses e ficaria apenas em terceiro lugar<\/p>\n","protected":false},"author":2,"featured_media":15009,"comment_status":"open","ping_status":"open","sticky":false,"template":"","format":"standard","meta":{"colormag_page_container_layout":"default_layout","colormag_page_sidebar_layout":"default_layout","_jetpack_memberships_contains_paid_content":false,"footnotes":""},"categories":[2,6],"tags":[47,48],"class_list":["post-15007","post","type-post","status-publish","format-standard","has-post-thumbnail","hentry","category-noticias","category-politica","tag-eudes-sampaio","tag-sao-jose-de-ribamar"],"magazineBlocksPostFeaturedMedia":{"thumbnail":false,"medium":false,"medium_large":false,"large":false,"1536x1536":false,"2048x2048":false,"colormag-highlighted-post":false,"colormag-featured-post-medium":false,"colormag-featured-post-small":false,"colormag-featured-image":false,"colormag-default-news":false,"colormag-featured-image-large":false},"magazineBlocksPostAuthor":{"name":"maranhaotv","avatar":"https:\/\/secure.gravatar.com\/avatar\/8fadbca458d4cb68b1dd399ae9a40618d747bb1af65ac9fad21c89220a143eb4?s=96&d=mm&r=g"},"magazineBlocksPostCommentsNumber":"0","magazineBlocksPostExcerpt":"O prefeito Eudes Sampaio (PTB), que tem sua gest\u00e3o reprovada por 68,2% dos ribamarenses e ficaria apenas em terceiro lugar","magazineBlocksPostCategories":["not\u00edcias","pol\u00edtica"],"magazineBlocksPostViewCount":250,"magazineBlocksPostReadTime":2,"magazine_blocks_featured_image_url":{"full":false,"medium":false,"thumbnail":false},"magazine_blocks_author":{"display_name":"maranhaotv","author_link":"https:\/\/maranhaotv.com.br\/index.php\/author\/maranhaotv\/"},"magazine_blocks_comment":0,"magazine_blocks_author_image":"https:\/\/secure.gravatar.com\/avatar\/8fadbca458d4cb68b1dd399ae9a40618d747bb1af65ac9fad21c89220a143eb4?s=96&d=mm&r=g","magazine_blocks_category":"<a href=\"#\" class=\"category-link category-link-2\">not\u00edcias<\/a> <a href=\"#\" class=\"category-link category-link-6\">pol\u00edtica<\/a>","yoast_head":"<!-- This site is optimized with the Yoast SEO plugin v27.4 - https:\/\/yoast.com\/product\/yoast-seo-wordpress\/ -->\n<title>Ribamar: Desacreditado, prefeito Eudes v\u00ea deputado dizer que apoiar\u00e1 outro candidato em seu pr\u00f3prio palanque - NOT\u00cdCIAS EM TEMPO REAL<\/title>\n<meta name=\"robots\" content=\"index, follow, max-snippet:-1, max-image-preview:large, max-video-preview:-1\" \/>\n<link rel=\"canonical\" href=\"https:\/\/maranhaotv.com.br\/index.php\/2020\/09\/21\/ribamar-desacreditado-prefeito-eudes-ve-deputado-dizer-que-apoiara-outro-candidato-em-seu-proprio-palanque\/\" \/>\n<meta property=\"og:locale\" content=\"pt_BR\" \/>\n<meta property=\"og:type\" content=\"article\" \/>\n<meta property=\"og:title\" content=\"Ribamar: Desacreditado, prefeito Eudes v\u00ea deputado dizer que apoiar\u00e1 outro candidato em seu pr\u00f3prio palanque - NOT\u00cdCIAS EM TEMPO REAL\" \/>\n<meta property=\"og:description\" content=\"O prefeito Eudes Sampaio (PTB), que tem sua gest\u00e3o reprovada por 68,2% dos ribamarenses e ficaria apenas em terceiro lugar\" \/>\n<meta property=\"og:url\" content=\"https:\/\/maranhaotv.com.br\/index.php\/2020\/09\/21\/ribamar-desacreditado-prefeito-eudes-ve-deputado-dizer-que-apoiara-outro-candidato-em-seu-proprio-palanque\/\" \/>\n<meta property=\"og:site_name\" content=\"NOT\u00cdCIAS EM TEMPO REAL\" \/>\n<meta property=\"article:publisher\" content=\"https:\/\/www.facebook.com\/maiobaotv\" \/>\n<meta property=\"article:published_time\" content=\"2020-09-21T11:18:21+00:00\" \/>\n<meta name=\"author\" content=\"maranhaotv\" \/>\n<meta name=\"twitter:card\" content=\"summary_large_image\" \/>\n<meta name=\"twitter:creator\" content=\"@sitemaranhaotv\" \/>\n<meta name=\"twitter:site\" content=\"@sitemaranhaotv\" \/>\n<meta name=\"twitter:label1\" content=\"Escrito por\" \/>\n\t<meta name=\"twitter:data1\" content=\"maranhaotv\" \/>\n\t<meta name=\"twitter:label2\" content=\"Est. tempo de leitura\" \/>\n\t<meta name=\"twitter:data2\" content=\"1 minuto\" \/>\n<script type=\"application\/ld+json\" class=\"yoast-schema-graph\">{\"@context\":\"https:\\\/\\\/schema.org\",\"@graph\":[{\"@type\":\"Article\",\"@id\":\"https:\\\/\\\/maranhaotv.com.br\\\/index.php\\\/2020\\\/09\\\/21\\\/ribamar-desacreditado-prefeito-eudes-ve-deputado-dizer-que-apoiara-outro-candidato-em-seu-proprio-palanque\\\/#article\",\"isPartOf\":{\"@id\":\"https:\\\/\\\/maranhaotv.com.br\\\/index.php\\\/2020\\\/09\\\/21\\\/ribamar-desacreditado-prefeito-eudes-ve-deputado-dizer-que-apoiara-outro-candidato-em-seu-proprio-palanque\\\/\"},\"author\":{\"name\":\"maranhaotv\",\"@id\":\"https:\\\/\\\/maranhaotv.com.br\\\/#\\\/schema\\\/person\\\/3d54238e86b20bb5c89ab2fdb8f8829a\"},\"headline\":\"Ribamar: Desacreditado, prefeito Eudes v\u00ea deputado dizer que apoiar\u00e1 outro candidato em seu pr\u00f3prio palanque\",\"datePublished\":\"2020-09-21T11:18:21+00:00\",\"mainEntityOfPage\":{\"@id\":\"https:\\\/\\\/maranhaotv.com.br\\\/index.php\\\/2020\\\/09\\\/21\\\/ribamar-desacreditado-prefeito-eudes-ve-deputado-dizer-que-apoiara-outro-candidato-em-seu-proprio-palanque\\\/\"},\"wordCount\":257,\"commentCount\":0,\"publisher\":{\"@id\":\"https:\\\/\\\/maranhaotv.com.br\\\/#organization\"},\"image\":{\"@id\":\"https:\\\/\\\/maranhaotv.com.br\\\/index.php\\\/2020\\\/09\\\/21\\\/ribamar-desacreditado-prefeito-eudes-ve-deputado-dizer-que-apoiara-outro-candidato-em-seu-proprio-palanque\\\/#primaryimage\"},\"thumbnailUrl\":\"\",\"keywords\":[\"Eudes Sampaio\",\"S\u00e3o Jos\u00e9 de Ribamar\"],\"articleSection\":[\"not\u00edcias\",\"pol\u00edtica\"],\"inLanguage\":\"pt-BR\",\"potentialAction\":[{\"@type\":\"CommentAction\",\"name\":\"Comment\",\"target\":[\"https:\\\/\\\/maranhaotv.com.br\\\/index.php\\\/2020\\\/09\\\/21\\\/ribamar-desacreditado-prefeito-eudes-ve-deputado-dizer-que-apoiara-outro-candidato-em-seu-proprio-palanque\\\/#respond\"]}]},{\"@type\":\"WebPage\",\"@id\":\"https:\\\/\\\/maranhaotv.com.br\\\/index.php\\\/2020\\\/09\\\/21\\\/ribamar-desacreditado-prefeito-eudes-ve-deputado-dizer-que-apoiara-outro-candidato-em-seu-proprio-palanque\\\/\",\"url\":\"https:\\\/\\\/maranhaotv.com.br\\\/index.php\\\/2020\\\/09\\\/21\\\/ribamar-desacreditado-prefeito-eudes-ve-deputado-dizer-que-apoiara-outro-candidato-em-seu-proprio-palanque\\\/\",\"name\":\"Ribamar: Desacreditado, prefeito Eudes v\u00ea deputado dizer que apoiar\u00e1 outro candidato em seu pr\u00f3prio palanque - NOT\u00cdCIAS EM TEMPO REAL\",\"isPartOf\":{\"@id\":\"https:\\\/\\\/maranhaotv.com.br\\\/#website\"},\"primaryImageOfPage\":{\"@id\":\"https:\\\/\\\/maranhaotv.com.br\\\/index.php\\\/2020\\\/09\\\/21\\\/ribamar-desacreditado-prefeito-eudes-ve-deputado-dizer-que-apoiara-outro-candidato-em-seu-proprio-palanque\\\/#primaryimage\"},\"image\":{\"@id\":\"https:\\\/\\\/maranhaotv.com.br\\\/index.php\\\/2020\\\/09\\\/21\\\/ribamar-desacreditado-prefeito-eudes-ve-deputado-dizer-que-apoiara-outro-candidato-em-seu-proprio-palanque\\\/#primaryimage\"},\"thumbnailUrl\":\"\",\"datePublished\":\"2020-09-21T11:18:21+00:00\",\"breadcrumb\":{\"@id\":\"https:\\\/\\\/maranhaotv.com.br\\\/index.php\\\/2020\\\/09\\\/21\\\/ribamar-desacreditado-prefeito-eudes-ve-deputado-dizer-que-apoiara-outro-candidato-em-seu-proprio-palanque\\\/#breadcrumb\"},\"inLanguage\":\"pt-BR\",\"potentialAction\":[{\"@type\":\"ReadAction\",\"target\":[\"https:\\\/\\\/maranhaotv.com.br\\\/index.php\\\/2020\\\/09\\\/21\\\/ribamar-desacreditado-prefeito-eudes-ve-deputado-dizer-que-apoiara-outro-candidato-em-seu-proprio-palanque\\\/\"]}]},{\"@type\":\"ImageObject\",\"inLanguage\":\"pt-BR\",\"@id\":\"https:\\\/\\\/maranhaotv.com.br\\\/index.php\\\/2020\\\/09\\\/21\\\/ribamar-desacreditado-prefeito-eudes-ve-deputado-dizer-que-apoiara-outro-candidato-em-seu-proprio-palanque\\\/#primaryimage\",\"url\":\"\",\"contentUrl\":\"\"},{\"@type\":\"BreadcrumbList\",\"@id\":\"https:\\\/\\\/maranhaotv.com.br\\\/index.php\\\/2020\\\/09\\\/21\\\/ribamar-desacreditado-prefeito-eudes-ve-deputado-dizer-que-apoiara-outro-candidato-em-seu-proprio-palanque\\\/#breadcrumb\",\"itemListElement\":[{\"@type\":\"ListItem\",\"position\":1,\"name\":\"In\u00edcio\",\"item\":\"https:\\\/\\\/maranhaotv.com.br\\\/\"},{\"@type\":\"ListItem\",\"position\":2,\"name\":\"Ribamar: Desacreditado, prefeito Eudes v\u00ea deputado dizer que apoiar\u00e1 outro candidato em seu pr\u00f3prio palanque\"}]},{\"@type\":\"WebSite\",\"@id\":\"https:\\\/\\\/maranhaotv.com.br\\\/#website\",\"url\":\"https:\\\/\\\/maranhaotv.com.br\\\/\",\"name\":\"Maranh\u00e3oTV\",\"description\":\"\",\"publisher\":{\"@id\":\"https:\\\/\\\/maranhaotv.com.br\\\/#organization\"},\"potentialAction\":[{\"@type\":\"SearchAction\",\"target\":{\"@type\":\"EntryPoint\",\"urlTemplate\":\"https:\\\/\\\/maranhaotv.com.br\\\/?s={search_term_string}\"},\"query-input\":{\"@type\":\"PropertyValueSpecification\",\"valueRequired\":true,\"valueName\":\"search_term_string\"}}],\"inLanguage\":\"pt-BR\"},{\"@type\":\"Organization\",\"@id\":\"https:\\\/\\\/maranhaotv.com.br\\\/#organization\",\"name\":\"Portal de Not\u00edcias\",\"url\":\"https:\\\/\\\/maranhaotv.com.br\\\/\",\"logo\":{\"@type\":\"ImageObject\",\"inLanguage\":\"pt-BR\",\"@id\":\"https:\\\/\\\/maranhaotv.com.br\\\/#\\\/schema\\\/logo\\\/image\\\/\",\"url\":\"https:\\\/\\\/maranhaotv.com.br\\\/wp-content\\\/uploads\\\/2024\\\/05\\\/cropped-cropped-avatar-1.png\",\"contentUrl\":\"https:\\\/\\\/maranhaotv.com.br\\\/wp-content\\\/uploads\\\/2024\\\/05\\\/cropped-cropped-avatar-1.png\",\"width\":792,\"height\":428,\"caption\":\"Portal de Not\u00edcias\"},\"image\":{\"@id\":\"https:\\\/\\\/maranhaotv.com.br\\\/#\\\/schema\\\/logo\\\/image\\\/\"},\"sameAs\":[\"https:\\\/\\\/www.facebook.com\\\/maiobaotv\",\"https:\\\/\\\/x.com\\\/sitemaranhaotv\",\"https:\\\/\\\/www.instagram.com\\\/maranhao.tv\",\"https:\\\/\\\/www.threads.net\\\/@maranhao.tv\"]},{\"@type\":\"Person\",\"@id\":\"https:\\\/\\\/maranhaotv.com.br\\\/#\\\/schema\\\/person\\\/3d54238e86b20bb5c89ab2fdb8f8829a\",\"name\":\"maranhaotv\",\"image\":{\"@type\":\"ImageObject\",\"inLanguage\":\"pt-BR\",\"@id\":\"https:\\\/\\\/secure.gravatar.com\\\/avatar\\\/8fadbca458d4cb68b1dd399ae9a40618d747bb1af65ac9fad21c89220a143eb4?s=96&d=mm&r=g\",\"url\":\"https:\\\/\\\/secure.gravatar.com\\\/avatar\\\/8fadbca458d4cb68b1dd399ae9a40618d747bb1af65ac9fad21c89220a143eb4?s=96&d=mm&r=g\",\"contentUrl\":\"https:\\\/\\\/secure.gravatar.com\\\/avatar\\\/8fadbca458d4cb68b1dd399ae9a40618d747bb1af65ac9fad21c89220a143eb4?s=96&d=mm&r=g\",\"caption\":\"maranhaotv\"},\"sameAs\":[\"https:\\\/\\\/maranhaotv.com.br\\\/\"],\"url\":\"https:\\\/\\\/maranhaotv.com.br\\\/index.php\\\/author\\\/maranhaotv\\\/\"}]}<\/script>\n<!-- \/ Yoast SEO plugin. -->","yoast_head_json":{"title":"Ribamar: Desacreditado, prefeito Eudes v\u00ea deputado dizer que apoiar\u00e1 outro candidato em seu pr\u00f3prio palanque - NOT\u00cdCIAS EM TEMPO REAL","robots":{"index":"index","follow":"follow","max-snippet":"max-snippet:-1","max-image-preview":"max-image-preview:large","max-video-preview":"max-video-preview:-1"},"canonical":"https:\/\/maranhaotv.com.br\/index.php\/2020\/09\/21\/ribamar-desacreditado-prefeito-eudes-ve-deputado-dizer-que-apoiara-outro-candidato-em-seu-proprio-palanque\/","og_locale":"pt_BR","og_type":"article","og_title":"Ribamar: Desacreditado, prefeito Eudes v\u00ea deputado dizer que apoiar\u00e1 outro candidato em seu pr\u00f3prio palanque - NOT\u00cdCIAS EM TEMPO REAL","og_description":"O prefeito Eudes Sampaio (PTB), que tem sua gest\u00e3o reprovada por 68,2% dos ribamarenses e ficaria apenas em terceiro lugar","og_url":"https:\/\/maranhaotv.com.br\/index.php\/2020\/09\/21\/ribamar-desacreditado-prefeito-eudes-ve-deputado-dizer-que-apoiara-outro-candidato-em-seu-proprio-palanque\/","og_site_name":"NOT\u00cdCIAS EM TEMPO REAL","article_publisher":"https:\/\/www.facebook.com\/maiobaotv","article_published_time":"2020-09-21T11:18:21+00:00","author":"maranhaotv","twitter_card":"summary_large_image","twitter_creator":"@sitemaranhaotv","twitter_site":"@sitemaranhaotv","twitter_misc":{"Escrito por":"maranhaotv","Est. tempo de leitura":"1 minuto"},"schema":{"@context":"https:\/\/schema.org","@graph":[{"@type":"Article","@id":"https:\/\/maranhaotv.com.br\/index.php\/2020\/09\/21\/ribamar-desacreditado-prefeito-eudes-ve-deputado-dizer-que-apoiara-outro-candidato-em-seu-proprio-palanque\/#article","isPartOf":{"@id":"https:\/\/maranhaotv.com.br\/index.php\/2020\/09\/21\/ribamar-desacreditado-prefeito-eudes-ve-deputado-dizer-que-apoiara-outro-candidato-em-seu-proprio-palanque\/"},"author":{"name":"maranhaotv","@id":"https:\/\/maranhaotv.com.br\/#\/schema\/person\/3d54238e86b20bb5c89ab2fdb8f8829a"},"headline":"Ribamar: Desacreditado, prefeito Eudes v\u00ea deputado dizer que apoiar\u00e1 outro candidato em seu pr\u00f3prio palanque","datePublished":"2020-09-21T11:18:21+00:00","mainEntityOfPage":{"@id":"https:\/\/maranhaotv.com.br\/index.php\/2020\/09\/21\/ribamar-desacreditado-prefeito-eudes-ve-deputado-dizer-que-apoiara-outro-candidato-em-seu-proprio-palanque\/"},"wordCount":257,"commentCount":0,"publisher":{"@id":"https:\/\/maranhaotv.com.br\/#organization"},"image":{"@id":"https:\/\/maranhaotv.com.br\/index.php\/2020\/09\/21\/ribamar-desacreditado-prefeito-eudes-ve-deputado-dizer-que-apoiara-outro-candidato-em-seu-proprio-palanque\/#primaryimage"},"thumbnailUrl":"","keywords":["Eudes Sampaio","S\u00e3o Jos\u00e9 de Ribamar"],"articleSection":["not\u00edcias","pol\u00edtica"],"inLanguage":"pt-BR","potentialAction":[{"@type":"CommentAction","name":"Comment","target":["https:\/\/maranhaotv.com.br\/index.php\/2020\/09\/21\/ribamar-desacreditado-prefeito-eudes-ve-deputado-dizer-que-apoiara-outro-candidato-em-seu-proprio-palanque\/#respond"]}]},{"@type":"WebPage","@id":"https:\/\/maranhaotv.com.br\/index.php\/2020\/09\/21\/ribamar-desacreditado-prefeito-eudes-ve-deputado-dizer-que-apoiara-outro-candidato-em-seu-proprio-palanque\/","url":"https:\/\/maranhaotv.com.br\/index.php\/2020\/09\/21\/ribamar-desacreditado-prefeito-eudes-ve-deputado-dizer-que-apoiara-outro-candidato-em-seu-proprio-palanque\/","name":"Ribamar: Desacreditado, prefeito Eudes v\u00ea deputado dizer que apoiar\u00e1 outro candidato em seu pr\u00f3prio palanque - NOT\u00cdCIAS EM TEMPO REAL","isPartOf":{"@id":"https:\/\/maranhaotv.com.br\/#website"},"primaryImageOfPage":{"@id":"https:\/\/maranhaotv.com.br\/index.php\/2020\/09\/21\/ribamar-desacreditado-prefeito-eudes-ve-deputado-dizer-que-apoiara-outro-candidato-em-seu-proprio-palanque\/#primaryimage"},"image":{"@id":"https:\/\/maranhaotv.com.br\/index.php\/2020\/09\/21\/ribamar-desacreditado-prefeito-eudes-ve-deputado-dizer-que-apoiara-outro-candidato-em-seu-proprio-palanque\/#primaryimage"},"thumbnailUrl":"","datePublished":"2020-09-21T11:18:21+00:00","breadcrumb":{"@id":"https:\/\/maranhaotv.com.br\/index.php\/2020\/09\/21\/ribamar-desacreditado-prefeito-eudes-ve-deputado-dizer-que-apoiara-outro-candidato-em-seu-proprio-palanque\/#breadcrumb"},"inLanguage":"pt-BR","potentialAction":[{"@type":"ReadAction","target":["https:\/\/maranhaotv.com.br\/index.php\/2020\/09\/21\/ribamar-desacreditado-prefeito-eudes-ve-deputado-dizer-que-apoiara-outro-candidato-em-seu-proprio-palanque\/"]}]},{"@type":"ImageObject","inLanguage":"pt-BR","@id":"https:\/\/maranhaotv.com.br\/index.php\/2020\/09\/21\/ribamar-desacreditado-prefeito-eudes-ve-deputado-dizer-que-apoiara-outro-candidato-em-seu-proprio-palanque\/#primaryimage","url":"","contentUrl":""},{"@type":"BreadcrumbList","@id":"https:\/\/maranhaotv.com.br\/index.php\/2020\/09\/21\/ribamar-desacreditado-prefeito-eudes-ve-deputado-dizer-que-apoiara-outro-candidato-em-seu-proprio-palanque\/#breadcrumb","itemListElement":[{"@type":"ListItem","position":1,"name":"In\u00edcio","item":"https:\/\/maranhaotv.com.br\/"},{"@type":"ListItem","position":2,"name":"Ribamar: Desacreditado, prefeito Eudes v\u00ea deputado dizer que apoiar\u00e1 outro candidato em seu pr\u00f3prio palanque"}]},{"@type":"WebSite","@id":"https:\/\/maranhaotv.com.br\/#website","url":"https:\/\/maranhaotv.com.br\/","name":"Maranh\u00e3oTV","description":"","publisher":{"@id":"https:\/\/maranhaotv.com.br\/#organization"},"potentialAction":[{"@type":"SearchAction","target":{"@type":"EntryPoint","urlTemplate":"https:\/\/maranhaotv.com.br\/?s={search_term_string}"},"query-input":{"@type":"PropertyValueSpecification","valueRequired":true,"valueName":"search_term_string"}}],"inLanguage":"pt-BR"},{"@type":"Organization","@id":"https:\/\/maranhaotv.com.br\/#organization","name":"Portal de Not\u00edcias","url":"https:\/\/maranhaotv.com.br\/","logo":{"@type":"ImageObject","inLanguage":"pt-BR","@id":"https:\/\/maranhaotv.com.br\/#\/schema\/logo\/image\/","url":"https:\/\/maranhaotv.com.br\/wp-content\/uploads\/2024\/05\/cropped-cropped-avatar-1.png","contentUrl":"https:\/\/maranhaotv.com.br\/wp-content\/uploads\/2024\/05\/cropped-cropped-avatar-1.png","width":792,"height":428,"caption":"Portal de Not\u00edcias"},"image":{"@id":"https:\/\/maranhaotv.com.br\/#\/schema\/logo\/image\/"},"sameAs":["https:\/\/www.facebook.com\/maiobaotv","https:\/\/x.com\/sitemaranhaotv","https:\/\/www.instagram.com\/maranhao.tv","https:\/\/www.threads.net\/@maranhao.tv"]},{"@type":"Person","@id":"https:\/\/maranhaotv.com.br\/#\/schema\/person\/3d54238e86b20bb5c89ab2fdb8f8829a","name":"maranhaotv","image":{"@type":"ImageObject","inLanguage":"pt-BR","@id":"https:\/\/secure.gravatar.com\/avatar\/8fadbca458d4cb68b1dd399ae9a40618d747bb1af65ac9fad21c89220a143eb4?s=96&d=mm&r=g","url":"https:\/\/secure.gravatar.com\/avatar\/8fadbca458d4cb68b1dd399ae9a40618d747bb1af65ac9fad21c89220a143eb4?s=96&d=mm&r=g","contentUrl":"https:\/\/secure.gravatar.com\/avatar\/8fadbca458d4cb68b1dd399ae9a40618d747bb1af65ac9fad21c89220a143eb4?s=96&d=mm&r=g","caption":"maranhaotv"},"sameAs":["https:\/\/maranhaotv.com.br\/"],"url":"https:\/\/maranhaotv.com.br\/index.php\/author\/maranhaotv\/"}]}},"jetpack_featured_media_url":"","jetpack_sharing_enabled":true,"_links":{"self":[{"href":"https:\/\/maranhaotv.com.br\/index.php\/wp-json\/wp\/v2\/posts\/15007","targetHints":{"allow":["GET"]}}],"collection":[{"href":"https:\/\/maranhaotv.com.br\/index.php\/wp-json\/wp\/v2\/posts"}],"about":[{"href":"https:\/\/maranhaotv.com.br\/index.php\/wp-json\/wp\/v2\/types\/post"}],"author":[{"embeddable":true,"href":"https:\/\/maranhaotv.com.br\/index.php\/wp-json\/wp\/v2\/users\/2"}],"replies":[{"embeddable":true,"href":"https:\/\/maranhaotv.com.br\/index.php\/wp-json\/wp\/v2\/comments?post=15007"}],"version-history":[{"count":0,"href":"https:\/\/maranhaotv.com.br\/index.php\/wp-json\/wp\/v2\/posts\/15007\/revisions"}],"wp:featuredmedia":[{"embeddable":true,"href":"https:\/\/maranhaotv.com.br\/index.php\/wp-json\/"}],"wp:attachment":[{"href":"https:\/\/maranhaotv.com.br\/index.php\/wp-json\/wp\/v2\/media?parent=15007"}],"wp:term":[{"taxonomy":"category","embeddable":true,"href":"https:\/\/maranhaotv.com.br\/index.php\/wp-json\/wp\/v2\/categories?post=15007"},{"taxonomy":"post_tag","embeddable":true,"href":"https:\/\/maranhaotv.com.br\/index.php\/wp-json\/wp\/v2\/tags?post=15007"}],"curies":[{"name":"wp","href":"https:\/\/api.w.org\/{rel}","templated":true}]}}