{"id":15039,"date":"2020-09-22T08:12:43","date_gmt":"2020-09-22T11:12:43","guid":{"rendered":"https:\/\/maiobaotv.com.br\/?p=15039"},"modified":"2020-09-22T08:12:43","modified_gmt":"2020-09-22T11:12:43","slug":"ribamar-justica-determina-que-beto-das-vilas-volte-a-presidencia-da-camara","status":"publish","type":"post","link":"https:\/\/maranhaotv.com.br\/index.php\/2020\/09\/22\/ribamar-justica-determina-que-beto-das-vilas-volte-a-presidencia-da-camara\/","title":{"rendered":"Ribamar: Justi\u00e7a determina que Beto das Vilas volte \u00e0 presid\u00eancia da C\u00e2mara"},"content":{"rendered":"<p>Decis\u00e3o da Justi\u00e7a p\u00f4s fim, na noite desta segunda-feira (21), a novela \u201cprogramada\u201d para prejudicar o presidente da C\u00e2mara, Beto das Vilas (Republicanos), que teve sua vida e de sua fam\u00edlia revirada, um dia ap\u00f3s a conven\u00e7\u00e3o hist\u00f3rica no bairro Laranjal, que homologou pela primeira vez, um ex-borracheiro e ex-tirador de sururu como candidato a prefeito da terceira maior cidade do Maranh\u00e3o.<\/p>\n<p>\u201cO que fizeram com a m\u00e3e de Beto foi uma verdadeira canalhice. Uma senhora de quase 100 anos ser submetida a isso por interesses dos advers\u00e1rios de Beto. Mas vamos dar o troco de forma democr\u00e1tica, mostrando que o povo t\u00e1 com Beto.\u201d Disse seu Raimundo, morador do bairro Laranjal.<\/p>\n<p>Na decis\u00e3o do desembargador, foram afastadas as medidas cautelares que proibiam o acesso do pr\u00e9-candidato a C\u00e2mara de Vereadores e a suspens\u00e3o do cargo de presidente.<\/p>\n<p>\u201cFizeram tudo isso porque pela primeira vez na hist\u00f3ria de nossa cidade, um homem simples poder\u00e1 governar Ribamar para o povo. De modo pensado, foi montado tudo isso para me prejudicar, mas o povo ficou ao nosso lado e Deus mais um vez provou que estamos no caminho certo.\u201d Disse Beto das Vilas ao receber a decis\u00e3o da Justi\u00e7a que o devolve ao comando da C\u00e2mara.<\/p>\n<p>Com a reviravolta, Beto recebe a autenticidade da Justi\u00e7a de que sempre fez a coisa certa e por este motivo volta a comandar o Parlamento Ribamarense.<\/p>\n<p>Vestido da posse<\/p>\n<p>Vereadora h\u00e1 quase 30 anos, Marlene Monroe \u00e9 a vice-presidente da mesa diretora e j\u00e1 havia mandado separar o vestido da posse, programada para acontecer nesta ter\u00e7a-feira (22).<\/p>\n<p>Na C\u00e2mara, a vereadora que tem for\u00e7a de indica\u00e7\u00e3o de servidores comissionados na prefeitura, entre elas sua filha, que j\u00e1 foi a respons\u00e1vel pela Folha de Pagamento da Prefeitura, j\u00e1 programava uma mudan\u00e7a geral no quadro de servidores do Poder Legislativo.<\/p>\n<p>Com a decis\u00e3o da Justi\u00e7a, Marlene dever\u00e1 guardar as vestes para outra ocasi\u00e3o, quem sabe, para a posse de Beto como prefeito no dia 01 de janeiro.<\/p>\n<p><img loading=\"lazy\" decoding=\"async\" src=\"https:\/\/maiobaotv.com.br\/wp-content\/uploads\/2020\/09\/img-20200922-wa0053356899179237585838.jpg\" class=\"wp-image-15038 alignnone size-full\" width=\"357\" height=\"415\"><\/p>\n","protected":false},"excerpt":{"rendered":"<p>Decis\u00e3o da Justi\u00e7a p\u00f4s fim, na noite desta segunda-feira (21), a novela \u201cprogramada\u201d para prejudicar o presidente da C\u00e2mara, Beto<\/p>\n","protected":false},"author":2,"featured_media":15041,"comment_status":"open","ping_status":"open","sticky":false,"template":"","format":"standard","meta":{"colormag_page_container_layout":"default_layout","colormag_page_sidebar_layout":"default_layout","_jetpack_memberships_contains_paid_content":false,"footnotes":""},"categories":[2],"tags":[],"class_list":["post-15039","post","type-post","status-publish","format-standard","has-post-thumbnail","hentry","category-noticias"],"magazineBlocksPostFeaturedMedia":{"thumbnail":false,"medium":false,"medium_large":false,"large":false,"1536x1536":false,"2048x2048":false,"colormag-highlighted-post":false,"colormag-featured-post-medium":false,"colormag-featured-post-small":false,"colormag-featured-image":false,"colormag-default-news":false,"colormag-featured-image-large":false},"magazineBlocksPostAuthor":{"name":"maranhaotv","avatar":"https:\/\/secure.gravatar.com\/avatar\/8fadbca458d4cb68b1dd399ae9a40618d747bb1af65ac9fad21c89220a143eb4?s=96&d=mm&r=g"},"magazineBlocksPostCommentsNumber":"0","magazineBlocksPostExcerpt":"Decis\u00e3o da Justi\u00e7a p\u00f4s fim, na noite desta segunda-feira (21), a novela \u201cprogramada\u201d para prejudicar o presidente da C\u00e2mara, Beto","magazineBlocksPostCategories":["not\u00edcias"],"magazineBlocksPostViewCount":133,"magazineBlocksPostReadTime":2,"magazine_blocks_featured_image_url":{"full":false,"medium":false,"thumbnail":false},"magazine_blocks_author":{"display_name":"maranhaotv","author_link":"https:\/\/maranhaotv.com.br\/index.php\/author\/maranhaotv\/"},"magazine_blocks_comment":0,"magazine_blocks_author_image":"https:\/\/secure.gravatar.com\/avatar\/8fadbca458d4cb68b1dd399ae9a40618d747bb1af65ac9fad21c89220a143eb4?s=96&d=mm&r=g","magazine_blocks_category":"<a href=\"#\" class=\"category-link category-link-2\">not\u00edcias<\/a>","yoast_head":"<!-- This site is optimized with the Yoast SEO plugin v27.4 - https:\/\/yoast.com\/product\/yoast-seo-wordpress\/ -->\n<title>Ribamar: Justi\u00e7a determina que Beto das Vilas volte \u00e0 presid\u00eancia da C\u00e2mara - NOT\u00cdCIAS EM TEMPO REAL<\/title>\n<meta name=\"robots\" content=\"index, follow, max-snippet:-1, max-image-preview:large, max-video-preview:-1\" \/>\n<link rel=\"canonical\" href=\"https:\/\/maranhaotv.com.br\/index.php\/2020\/09\/22\/ribamar-justica-determina-que-beto-das-vilas-volte-a-presidencia-da-camara\/\" \/>\n<meta property=\"og:locale\" content=\"pt_BR\" \/>\n<meta property=\"og:type\" content=\"article\" \/>\n<meta property=\"og:title\" content=\"Ribamar: Justi\u00e7a determina que Beto das Vilas volte \u00e0 presid\u00eancia da C\u00e2mara - NOT\u00cdCIAS EM TEMPO REAL\" \/>\n<meta property=\"og:description\" content=\"Decis\u00e3o da Justi\u00e7a p\u00f4s fim, na noite desta segunda-feira (21), a novela \u201cprogramada\u201d para prejudicar o presidente da C\u00e2mara, Beto\" \/>\n<meta property=\"og:url\" content=\"https:\/\/maranhaotv.com.br\/index.php\/2020\/09\/22\/ribamar-justica-determina-que-beto-das-vilas-volte-a-presidencia-da-camara\/\" \/>\n<meta property=\"og:site_name\" content=\"NOT\u00cdCIAS EM TEMPO REAL\" \/>\n<meta property=\"article:publisher\" content=\"https:\/\/www.facebook.com\/maiobaotv\" \/>\n<meta property=\"article:published_time\" content=\"2020-09-22T11:12:43+00:00\" \/>\n<meta name=\"author\" content=\"maranhaotv\" \/>\n<meta name=\"twitter:card\" content=\"summary_large_image\" \/>\n<meta name=\"twitter:creator\" content=\"@sitemaranhaotv\" \/>\n<meta name=\"twitter:site\" content=\"@sitemaranhaotv\" \/>\n<meta name=\"twitter:label1\" content=\"Escrito por\" \/>\n\t<meta name=\"twitter:data1\" content=\"maranhaotv\" \/>\n\t<meta name=\"twitter:label2\" content=\"Est. tempo de leitura\" \/>\n\t<meta name=\"twitter:data2\" content=\"2 minutos\" \/>\n<script type=\"application\/ld+json\" class=\"yoast-schema-graph\">{\"@context\":\"https:\\\/\\\/schema.org\",\"@graph\":[{\"@type\":\"Article\",\"@id\":\"https:\\\/\\\/maranhaotv.com.br\\\/index.php\\\/2020\\\/09\\\/22\\\/ribamar-justica-determina-que-beto-das-vilas-volte-a-presidencia-da-camara\\\/#article\",\"isPartOf\":{\"@id\":\"https:\\\/\\\/maranhaotv.com.br\\\/index.php\\\/2020\\\/09\\\/22\\\/ribamar-justica-determina-que-beto-das-vilas-volte-a-presidencia-da-camara\\\/\"},\"author\":{\"name\":\"maranhaotv\",\"@id\":\"https:\\\/\\\/maranhaotv.com.br\\\/#\\\/schema\\\/person\\\/3d54238e86b20bb5c89ab2fdb8f8829a\"},\"headline\":\"Ribamar: Justi\u00e7a determina que Beto das Vilas volte \u00e0 presid\u00eancia da C\u00e2mara\",\"datePublished\":\"2020-09-22T11:12:43+00:00\",\"mainEntityOfPage\":{\"@id\":\"https:\\\/\\\/maranhaotv.com.br\\\/index.php\\\/2020\\\/09\\\/22\\\/ribamar-justica-determina-que-beto-das-vilas-volte-a-presidencia-da-camara\\\/\"},\"wordCount\":367,\"commentCount\":0,\"publisher\":{\"@id\":\"https:\\\/\\\/maranhaotv.com.br\\\/#organization\"},\"image\":{\"@id\":\"https:\\\/\\\/maranhaotv.com.br\\\/index.php\\\/2020\\\/09\\\/22\\\/ribamar-justica-determina-que-beto-das-vilas-volte-a-presidencia-da-camara\\\/#primaryimage\"},\"thumbnailUrl\":\"\",\"articleSection\":[\"not\u00edcias\"],\"inLanguage\":\"pt-BR\",\"potentialAction\":[{\"@type\":\"CommentAction\",\"name\":\"Comment\",\"target\":[\"https:\\\/\\\/maranhaotv.com.br\\\/index.php\\\/2020\\\/09\\\/22\\\/ribamar-justica-determina-que-beto-das-vilas-volte-a-presidencia-da-camara\\\/#respond\"]}]},{\"@type\":\"WebPage\",\"@id\":\"https:\\\/\\\/maranhaotv.com.br\\\/index.php\\\/2020\\\/09\\\/22\\\/ribamar-justica-determina-que-beto-das-vilas-volte-a-presidencia-da-camara\\\/\",\"url\":\"https:\\\/\\\/maranhaotv.com.br\\\/index.php\\\/2020\\\/09\\\/22\\\/ribamar-justica-determina-que-beto-das-vilas-volte-a-presidencia-da-camara\\\/\",\"name\":\"Ribamar: Justi\u00e7a determina que Beto das Vilas volte \u00e0 presid\u00eancia da C\u00e2mara - NOT\u00cdCIAS EM TEMPO REAL\",\"isPartOf\":{\"@id\":\"https:\\\/\\\/maranhaotv.com.br\\\/#website\"},\"primaryImageOfPage\":{\"@id\":\"https:\\\/\\\/maranhaotv.com.br\\\/index.php\\\/2020\\\/09\\\/22\\\/ribamar-justica-determina-que-beto-das-vilas-volte-a-presidencia-da-camara\\\/#primaryimage\"},\"image\":{\"@id\":\"https:\\\/\\\/maranhaotv.com.br\\\/index.php\\\/2020\\\/09\\\/22\\\/ribamar-justica-determina-que-beto-das-vilas-volte-a-presidencia-da-camara\\\/#primaryimage\"},\"thumbnailUrl\":\"\",\"datePublished\":\"2020-09-22T11:12:43+00:00\",\"breadcrumb\":{\"@id\":\"https:\\\/\\\/maranhaotv.com.br\\\/index.php\\\/2020\\\/09\\\/22\\\/ribamar-justica-determina-que-beto-das-vilas-volte-a-presidencia-da-camara\\\/#breadcrumb\"},\"inLanguage\":\"pt-BR\",\"potentialAction\":[{\"@type\":\"ReadAction\",\"target\":[\"https:\\\/\\\/maranhaotv.com.br\\\/index.php\\\/2020\\\/09\\\/22\\\/ribamar-justica-determina-que-beto-das-vilas-volte-a-presidencia-da-camara\\\/\"]}]},{\"@type\":\"ImageObject\",\"inLanguage\":\"pt-BR\",\"@id\":\"https:\\\/\\\/maranhaotv.com.br\\\/index.php\\\/2020\\\/09\\\/22\\\/ribamar-justica-determina-que-beto-das-vilas-volte-a-presidencia-da-camara\\\/#primaryimage\",\"url\":\"\",\"contentUrl\":\"\"},{\"@type\":\"BreadcrumbList\",\"@id\":\"https:\\\/\\\/maranhaotv.com.br\\\/index.php\\\/2020\\\/09\\\/22\\\/ribamar-justica-determina-que-beto-das-vilas-volte-a-presidencia-da-camara\\\/#breadcrumb\",\"itemListElement\":[{\"@type\":\"ListItem\",\"position\":1,\"name\":\"In\u00edcio\",\"item\":\"https:\\\/\\\/maranhaotv.com.br\\\/\"},{\"@type\":\"ListItem\",\"position\":2,\"name\":\"Ribamar: Justi\u00e7a determina que Beto das Vilas volte \u00e0 presid\u00eancia da C\u00e2mara\"}]},{\"@type\":\"WebSite\",\"@id\":\"https:\\\/\\\/maranhaotv.com.br\\\/#website\",\"url\":\"https:\\\/\\\/maranhaotv.com.br\\\/\",\"name\":\"Maranh\u00e3oTV\",\"description\":\"\",\"publisher\":{\"@id\":\"https:\\\/\\\/maranhaotv.com.br\\\/#organization\"},\"potentialAction\":[{\"@type\":\"SearchAction\",\"target\":{\"@type\":\"EntryPoint\",\"urlTemplate\":\"https:\\\/\\\/maranhaotv.com.br\\\/?s={search_term_string}\"},\"query-input\":{\"@type\":\"PropertyValueSpecification\",\"valueRequired\":true,\"valueName\":\"search_term_string\"}}],\"inLanguage\":\"pt-BR\"},{\"@type\":\"Organization\",\"@id\":\"https:\\\/\\\/maranhaotv.com.br\\\/#organization\",\"name\":\"Portal de Not\u00edcias\",\"url\":\"https:\\\/\\\/maranhaotv.com.br\\\/\",\"logo\":{\"@type\":\"ImageObject\",\"inLanguage\":\"pt-BR\",\"@id\":\"https:\\\/\\\/maranhaotv.com.br\\\/#\\\/schema\\\/logo\\\/image\\\/\",\"url\":\"https:\\\/\\\/maranhaotv.com.br\\\/wp-content\\\/uploads\\\/2024\\\/05\\\/cropped-cropped-avatar-1.png\",\"contentUrl\":\"https:\\\/\\\/maranhaotv.com.br\\\/wp-content\\\/uploads\\\/2024\\\/05\\\/cropped-cropped-avatar-1.png\",\"width\":792,\"height\":428,\"caption\":\"Portal de Not\u00edcias\"},\"image\":{\"@id\":\"https:\\\/\\\/maranhaotv.com.br\\\/#\\\/schema\\\/logo\\\/image\\\/\"},\"sameAs\":[\"https:\\\/\\\/www.facebook.com\\\/maiobaotv\",\"https:\\\/\\\/x.com\\\/sitemaranhaotv\",\"https:\\\/\\\/www.instagram.com\\\/maranhao.tv\",\"https:\\\/\\\/www.threads.net\\\/@maranhao.tv\"]},{\"@type\":\"Person\",\"@id\":\"https:\\\/\\\/maranhaotv.com.br\\\/#\\\/schema\\\/person\\\/3d54238e86b20bb5c89ab2fdb8f8829a\",\"name\":\"maranhaotv\",\"image\":{\"@type\":\"ImageObject\",\"inLanguage\":\"pt-BR\",\"@id\":\"https:\\\/\\\/secure.gravatar.com\\\/avatar\\\/8fadbca458d4cb68b1dd399ae9a40618d747bb1af65ac9fad21c89220a143eb4?s=96&d=mm&r=g\",\"url\":\"https:\\\/\\\/secure.gravatar.com\\\/avatar\\\/8fadbca458d4cb68b1dd399ae9a40618d747bb1af65ac9fad21c89220a143eb4?s=96&d=mm&r=g\",\"contentUrl\":\"https:\\\/\\\/secure.gravatar.com\\\/avatar\\\/8fadbca458d4cb68b1dd399ae9a40618d747bb1af65ac9fad21c89220a143eb4?s=96&d=mm&r=g\",\"caption\":\"maranhaotv\"},\"sameAs\":[\"https:\\\/\\\/maranhaotv.com.br\\\/\"],\"url\":\"https:\\\/\\\/maranhaotv.com.br\\\/index.php\\\/author\\\/maranhaotv\\\/\"}]}<\/script>\n<!-- \/ Yoast SEO plugin. -->","yoast_head_json":{"title":"Ribamar: Justi\u00e7a determina que Beto das Vilas volte \u00e0 presid\u00eancia da C\u00e2mara - NOT\u00cdCIAS EM TEMPO REAL","robots":{"index":"index","follow":"follow","max-snippet":"max-snippet:-1","max-image-preview":"max-image-preview:large","max-video-preview":"max-video-preview:-1"},"canonical":"https:\/\/maranhaotv.com.br\/index.php\/2020\/09\/22\/ribamar-justica-determina-que-beto-das-vilas-volte-a-presidencia-da-camara\/","og_locale":"pt_BR","og_type":"article","og_title":"Ribamar: Justi\u00e7a determina que Beto das Vilas volte \u00e0 presid\u00eancia da C\u00e2mara - NOT\u00cdCIAS EM TEMPO REAL","og_description":"Decis\u00e3o da Justi\u00e7a p\u00f4s fim, na noite desta segunda-feira (21), a novela \u201cprogramada\u201d para prejudicar o presidente da C\u00e2mara, Beto","og_url":"https:\/\/maranhaotv.com.br\/index.php\/2020\/09\/22\/ribamar-justica-determina-que-beto-das-vilas-volte-a-presidencia-da-camara\/","og_site_name":"NOT\u00cdCIAS EM TEMPO REAL","article_publisher":"https:\/\/www.facebook.com\/maiobaotv","article_published_time":"2020-09-22T11:12:43+00:00","author":"maranhaotv","twitter_card":"summary_large_image","twitter_creator":"@sitemaranhaotv","twitter_site":"@sitemaranhaotv","twitter_misc":{"Escrito por":"maranhaotv","Est. tempo de leitura":"2 minutos"},"schema":{"@context":"https:\/\/schema.org","@graph":[{"@type":"Article","@id":"https:\/\/maranhaotv.com.br\/index.php\/2020\/09\/22\/ribamar-justica-determina-que-beto-das-vilas-volte-a-presidencia-da-camara\/#article","isPartOf":{"@id":"https:\/\/maranhaotv.com.br\/index.php\/2020\/09\/22\/ribamar-justica-determina-que-beto-das-vilas-volte-a-presidencia-da-camara\/"},"author":{"name":"maranhaotv","@id":"https:\/\/maranhaotv.com.br\/#\/schema\/person\/3d54238e86b20bb5c89ab2fdb8f8829a"},"headline":"Ribamar: Justi\u00e7a determina que Beto das Vilas volte \u00e0 presid\u00eancia da C\u00e2mara","datePublished":"2020-09-22T11:12:43+00:00","mainEntityOfPage":{"@id":"https:\/\/maranhaotv.com.br\/index.php\/2020\/09\/22\/ribamar-justica-determina-que-beto-das-vilas-volte-a-presidencia-da-camara\/"},"wordCount":367,"commentCount":0,"publisher":{"@id":"https:\/\/maranhaotv.com.br\/#organization"},"image":{"@id":"https:\/\/maranhaotv.com.br\/index.php\/2020\/09\/22\/ribamar-justica-determina-que-beto-das-vilas-volte-a-presidencia-da-camara\/#primaryimage"},"thumbnailUrl":"","articleSection":["not\u00edcias"],"inLanguage":"pt-BR","potentialAction":[{"@type":"CommentAction","name":"Comment","target":["https:\/\/maranhaotv.com.br\/index.php\/2020\/09\/22\/ribamar-justica-determina-que-beto-das-vilas-volte-a-presidencia-da-camara\/#respond"]}]},{"@type":"WebPage","@id":"https:\/\/maranhaotv.com.br\/index.php\/2020\/09\/22\/ribamar-justica-determina-que-beto-das-vilas-volte-a-presidencia-da-camara\/","url":"https:\/\/maranhaotv.com.br\/index.php\/2020\/09\/22\/ribamar-justica-determina-que-beto-das-vilas-volte-a-presidencia-da-camara\/","name":"Ribamar: Justi\u00e7a determina que Beto das Vilas volte \u00e0 presid\u00eancia da C\u00e2mara - NOT\u00cdCIAS EM TEMPO REAL","isPartOf":{"@id":"https:\/\/maranhaotv.com.br\/#website"},"primaryImageOfPage":{"@id":"https:\/\/maranhaotv.com.br\/index.php\/2020\/09\/22\/ribamar-justica-determina-que-beto-das-vilas-volte-a-presidencia-da-camara\/#primaryimage"},"image":{"@id":"https:\/\/maranhaotv.com.br\/index.php\/2020\/09\/22\/ribamar-justica-determina-que-beto-das-vilas-volte-a-presidencia-da-camara\/#primaryimage"},"thumbnailUrl":"","datePublished":"2020-09-22T11:12:43+00:00","breadcrumb":{"@id":"https:\/\/maranhaotv.com.br\/index.php\/2020\/09\/22\/ribamar-justica-determina-que-beto-das-vilas-volte-a-presidencia-da-camara\/#breadcrumb"},"inLanguage":"pt-BR","potentialAction":[{"@type":"ReadAction","target":["https:\/\/maranhaotv.com.br\/index.php\/2020\/09\/22\/ribamar-justica-determina-que-beto-das-vilas-volte-a-presidencia-da-camara\/"]}]},{"@type":"ImageObject","inLanguage":"pt-BR","@id":"https:\/\/maranhaotv.com.br\/index.php\/2020\/09\/22\/ribamar-justica-determina-que-beto-das-vilas-volte-a-presidencia-da-camara\/#primaryimage","url":"","contentUrl":""},{"@type":"BreadcrumbList","@id":"https:\/\/maranhaotv.com.br\/index.php\/2020\/09\/22\/ribamar-justica-determina-que-beto-das-vilas-volte-a-presidencia-da-camara\/#breadcrumb","itemListElement":[{"@type":"ListItem","position":1,"name":"In\u00edcio","item":"https:\/\/maranhaotv.com.br\/"},{"@type":"ListItem","position":2,"name":"Ribamar: Justi\u00e7a determina que Beto das Vilas volte \u00e0 presid\u00eancia da C\u00e2mara"}]},{"@type":"WebSite","@id":"https:\/\/maranhaotv.com.br\/#website","url":"https:\/\/maranhaotv.com.br\/","name":"Maranh\u00e3oTV","description":"","publisher":{"@id":"https:\/\/maranhaotv.com.br\/#organization"},"potentialAction":[{"@type":"SearchAction","target":{"@type":"EntryPoint","urlTemplate":"https:\/\/maranhaotv.com.br\/?s={search_term_string}"},"query-input":{"@type":"PropertyValueSpecification","valueRequired":true,"valueName":"search_term_string"}}],"inLanguage":"pt-BR"},{"@type":"Organization","@id":"https:\/\/maranhaotv.com.br\/#organization","name":"Portal de Not\u00edcias","url":"https:\/\/maranhaotv.com.br\/","logo":{"@type":"ImageObject","inLanguage":"pt-BR","@id":"https:\/\/maranhaotv.com.br\/#\/schema\/logo\/image\/","url":"https:\/\/maranhaotv.com.br\/wp-content\/uploads\/2024\/05\/cropped-cropped-avatar-1.png","contentUrl":"https:\/\/maranhaotv.com.br\/wp-content\/uploads\/2024\/05\/cropped-cropped-avatar-1.png","width":792,"height":428,"caption":"Portal de Not\u00edcias"},"image":{"@id":"https:\/\/maranhaotv.com.br\/#\/schema\/logo\/image\/"},"sameAs":["https:\/\/www.facebook.com\/maiobaotv","https:\/\/x.com\/sitemaranhaotv","https:\/\/www.instagram.com\/maranhao.tv","https:\/\/www.threads.net\/@maranhao.tv"]},{"@type":"Person","@id":"https:\/\/maranhaotv.com.br\/#\/schema\/person\/3d54238e86b20bb5c89ab2fdb8f8829a","name":"maranhaotv","image":{"@type":"ImageObject","inLanguage":"pt-BR","@id":"https:\/\/secure.gravatar.com\/avatar\/8fadbca458d4cb68b1dd399ae9a40618d747bb1af65ac9fad21c89220a143eb4?s=96&d=mm&r=g","url":"https:\/\/secure.gravatar.com\/avatar\/8fadbca458d4cb68b1dd399ae9a40618d747bb1af65ac9fad21c89220a143eb4?s=96&d=mm&r=g","contentUrl":"https:\/\/secure.gravatar.com\/avatar\/8fadbca458d4cb68b1dd399ae9a40618d747bb1af65ac9fad21c89220a143eb4?s=96&d=mm&r=g","caption":"maranhaotv"},"sameAs":["https:\/\/maranhaotv.com.br\/"],"url":"https:\/\/maranhaotv.com.br\/index.php\/author\/maranhaotv\/"}]}},"jetpack_featured_media_url":"","jetpack_sharing_enabled":true,"_links":{"self":[{"href":"https:\/\/maranhaotv.com.br\/index.php\/wp-json\/wp\/v2\/posts\/15039","targetHints":{"allow":["GET"]}}],"collection":[{"href":"https:\/\/maranhaotv.com.br\/index.php\/wp-json\/wp\/v2\/posts"}],"about":[{"href":"https:\/\/maranhaotv.com.br\/index.php\/wp-json\/wp\/v2\/types\/post"}],"author":[{"embeddable":true,"href":"https:\/\/maranhaotv.com.br\/index.php\/wp-json\/wp\/v2\/users\/2"}],"replies":[{"embeddable":true,"href":"https:\/\/maranhaotv.com.br\/index.php\/wp-json\/wp\/v2\/comments?post=15039"}],"version-history":[{"count":0,"href":"https:\/\/maranhaotv.com.br\/index.php\/wp-json\/wp\/v2\/posts\/15039\/revisions"}],"wp:featuredmedia":[{"embeddable":true,"href":"https:\/\/maranhaotv.com.br\/index.php\/wp-json\/"}],"wp:attachment":[{"href":"https:\/\/maranhaotv.com.br\/index.php\/wp-json\/wp\/v2\/media?parent=15039"}],"wp:term":[{"taxonomy":"category","embeddable":true,"href":"https:\/\/maranhaotv.com.br\/index.php\/wp-json\/wp\/v2\/categories?post=15039"},{"taxonomy":"post_tag","embeddable":true,"href":"https:\/\/maranhaotv.com.br\/index.php\/wp-json\/wp\/v2\/tags?post=15039"}],"curies":[{"name":"wp","href":"https:\/\/api.w.org\/{rel}","templated":true}]}}