{"id":15062,"date":"2020-09-23T07:39:51","date_gmt":"2020-09-23T10:39:51","guid":{"rendered":"https:\/\/maiobaotv.com.br\/?p=15062"},"modified":"2020-09-23T07:39:51","modified_gmt":"2020-09-23T10:39:51","slug":"edson-calixto-declara-apoio-a-beto-das-vilas-em-sao-jose-de-ribamar","status":"publish","type":"post","link":"https:\/\/maranhaotv.com.br\/index.php\/2020\/09\/23\/edson-calixto-declara-apoio-a-beto-das-vilas-em-sao-jose-de-ribamar\/","title":{"rendered":"Edson Calixto declara apoio a Beto das Vilas em S\u00e3o Jos\u00e9 de Ribamar"},"content":{"rendered":"<p style=\"box-sizing:inherit; margin:0px0px1rem; padding:0px; font-size:16px; line-height:1.6; text-rendering:optimizelegibility; color:rgb(102,102,102); font-family:Roboto,sans-serif; font-style:normal; font-variant-ligatures:normal; font-variant-caps:normal; font-weight:400; letter-spacing:normal; orphans:2; text-indent:0px; text-transform:none; white-space:normal; widows:2; word-spacing:0px; -webkit-text-stroke-width:0px; background-color:rgb(255,255,255); text-decoration-style:initial; text-decoration-color:initial; text-align:left;\">Aliado ao grupo de Eudes e Lu\u00eds Fernando h\u00e1 mais de 16 anos, o ex-vereador e ex-secret\u00e1rio de Cultura Edson Calixto abandonou o \u201cbarco\u201d, ap\u00f3s suposta trai\u00e7\u00e3o no caso que ficou conhecido como \u201cDeixa disto, agora \u00e9 Eudes e Calixto\u201d.<\/p>\n<p style=\"box-sizing:inherit; margin:0px0px1rem; padding:0px; font-size:16px; line-height:1.6; text-rendering:optimizelegibility; color:rgb(102,102,102); font-family:Roboto,sans-serif; font-style:normal; font-variant-ligatures:normal; font-variant-caps:normal; font-weight:400; letter-spacing:normal; orphans:2; text-indent:0px; text-transform:none; white-space:normal; widows:2; word-spacing:0px; -webkit-text-stroke-width:0px; background-color:rgb(255,255,255); text-decoration-style:initial; text-decoration-color:initial; text-align:left;\">Cotado como nome para compor chapa com o atual prefeito,<span> <\/span>Calixto chegou a se reunir com pr\u00e9-candidatos do PROS em sua resid\u00eancia at\u00e9 lan\u00e7ou o slogan da pr\u00e9-campanha para vice, que logo caiu nas redes da WEB.<\/p>\n<p style=\"box-sizing:inherit; margin:0px0px1rem; padding:0px; font-size:16px; line-height:1.6; text-rendering:optimizelegibility; color:rgb(102,102,102); font-family:Roboto,sans-serif; font-style:normal; font-variant-ligatures:normal; font-variant-caps:normal; font-weight:400; letter-spacing:normal; orphans:2; text-indent:0px; text-transform:none; white-space:normal; widows:2; word-spacing:0px; -webkit-text-stroke-width:0px; background-color:rgb(255,255,255); text-decoration-style:initial; text-decoration-color:initial; text-align:left;\">Sentindo-se tra\u00eddo por ter sido trocado por Tiago Fernandes (PP), nome indicado por Lu\u00eds Fernando,<span> <\/span>Calixto voltou para as Vilas, onde mant\u00e9m um s\u00edtio h\u00e1 d\u00e9cadas.<\/p>\n<p style=\"box-sizing:inherit; margin:0px0px1rem; padding:0px; font-size:16px; line-height:1.6; text-rendering:optimizelegibility; color:rgb(102,102,102); font-family:Roboto,sans-serif; font-style:normal; font-variant-ligatures:normal; font-variant-caps:normal; font-weight:400; letter-spacing:normal; orphans:2; text-indent:0px; text-transform:none; white-space:normal; widows:2; word-spacing:0px; -webkit-text-stroke-width:0px; background-color:rgb(255,255,255); text-decoration-style:initial; text-decoration-color:initial; text-align:left;\">Agora, ao lado de Beto, Calixto tem reunido seu grupo para revelar a verdadeira faceta de Eudes.<\/p>\n<p style=\"box-sizing:inherit; margin:0px0px1rem; padding:0px; font-size:16px; line-height:1.6; text-rendering:optimizelegibility; color:rgb(102,102,102); font-family:Roboto,sans-serif; font-style:normal; font-variant-ligatures:normal; font-variant-caps:normal; font-weight:400; letter-spacing:normal; orphans:2; text-indent:0px; text-transform:none; white-space:normal; widows:2; word-spacing:0px; -webkit-text-stroke-width:0px; background-color:rgb(255,255,255); text-decoration-style:initial; text-decoration-color:initial; text-align:left;\">Quem j\u00e1 participou dos encontros com o ex-secret\u00e1rio de Cultura garante, o homem t\u00e1 com g\u00e1s total para ajudar a tirar o prefeito do comando do munic\u00edpio.<\/p>\n","protected":false},"excerpt":{"rendered":"<p>Aliado ao grupo de Eudes e Lu\u00eds Fernando h\u00e1 mais de 16 anos, o ex-vereador e ex-secret\u00e1rio de Cultura Edson<\/p>\n","protected":false},"author":2,"featured_media":15061,"comment_status":"open","ping_status":"open","sticky":false,"template":"","format":"standard","meta":{"colormag_page_container_layout":"default_layout","colormag_page_sidebar_layout":"default_layout","_jetpack_memberships_contains_paid_content":false,"footnotes":""},"categories":[2],"tags":[75],"class_list":["post-15062","post","type-post","status-publish","format-standard","has-post-thumbnail","hentry","category-noticias","tag-beto-das-vilas"],"magazineBlocksPostFeaturedMedia":{"thumbnail":false,"medium":false,"medium_large":false,"large":false,"1536x1536":false,"2048x2048":false,"colormag-highlighted-post":false,"colormag-featured-post-medium":false,"colormag-featured-post-small":false,"colormag-featured-image":false,"colormag-default-news":false,"colormag-featured-image-large":false},"magazineBlocksPostAuthor":{"name":"maranhaotv","avatar":"https:\/\/secure.gravatar.com\/avatar\/8fadbca458d4cb68b1dd399ae9a40618d747bb1af65ac9fad21c89220a143eb4?s=96&d=mm&r=g"},"magazineBlocksPostCommentsNumber":"0","magazineBlocksPostExcerpt":"Aliado ao grupo de Eudes e Lu\u00eds Fernando h\u00e1 mais de 16 anos, o ex-vereador e ex-secret\u00e1rio de Cultura Edson","magazineBlocksPostCategories":["not\u00edcias"],"magazineBlocksPostViewCount":240,"magazineBlocksPostReadTime":1,"magazine_blocks_featured_image_url":{"full":false,"medium":false,"thumbnail":false},"magazine_blocks_author":{"display_name":"maranhaotv","author_link":"https:\/\/maranhaotv.com.br\/index.php\/author\/maranhaotv\/"},"magazine_blocks_comment":0,"magazine_blocks_author_image":"https:\/\/secure.gravatar.com\/avatar\/8fadbca458d4cb68b1dd399ae9a40618d747bb1af65ac9fad21c89220a143eb4?s=96&d=mm&r=g","magazine_blocks_category":"<a href=\"#\" class=\"category-link category-link-2\">not\u00edcias<\/a>","yoast_head":"<!-- This site is optimized with the Yoast SEO plugin v27.4 - https:\/\/yoast.com\/product\/yoast-seo-wordpress\/ -->\n<title>Edson Calixto declara apoio a Beto das Vilas em S\u00e3o Jos\u00e9 de Ribamar - NOT\u00cdCIAS EM TEMPO REAL<\/title>\n<meta name=\"robots\" content=\"index, follow, max-snippet:-1, max-image-preview:large, max-video-preview:-1\" \/>\n<link rel=\"canonical\" href=\"https:\/\/maranhaotv.com.br\/index.php\/2020\/09\/23\/edson-calixto-declara-apoio-a-beto-das-vilas-em-sao-jose-de-ribamar\/\" \/>\n<meta property=\"og:locale\" content=\"pt_BR\" \/>\n<meta property=\"og:type\" content=\"article\" \/>\n<meta property=\"og:title\" content=\"Edson Calixto declara apoio a Beto das Vilas em S\u00e3o Jos\u00e9 de Ribamar - NOT\u00cdCIAS EM TEMPO REAL\" \/>\n<meta property=\"og:description\" content=\"Aliado ao grupo de Eudes e Lu\u00eds Fernando h\u00e1 mais de 16 anos, o ex-vereador e ex-secret\u00e1rio de Cultura Edson\" \/>\n<meta property=\"og:url\" content=\"https:\/\/maranhaotv.com.br\/index.php\/2020\/09\/23\/edson-calixto-declara-apoio-a-beto-das-vilas-em-sao-jose-de-ribamar\/\" \/>\n<meta property=\"og:site_name\" content=\"NOT\u00cdCIAS EM TEMPO REAL\" \/>\n<meta property=\"article:publisher\" content=\"https:\/\/www.facebook.com\/maiobaotv\" \/>\n<meta property=\"article:published_time\" content=\"2020-09-23T10:39:51+00:00\" \/>\n<meta name=\"author\" content=\"maranhaotv\" \/>\n<meta name=\"twitter:card\" content=\"summary_large_image\" \/>\n<meta name=\"twitter:creator\" content=\"@sitemaranhaotv\" \/>\n<meta name=\"twitter:site\" content=\"@sitemaranhaotv\" \/>\n<meta name=\"twitter:label1\" content=\"Escrito por\" \/>\n\t<meta name=\"twitter:data1\" content=\"maranhaotv\" \/>\n\t<meta name=\"twitter:label2\" content=\"Est. tempo de leitura\" \/>\n\t<meta name=\"twitter:data2\" content=\"1 minuto\" \/>\n<script type=\"application\/ld+json\" class=\"yoast-schema-graph\">{\"@context\":\"https:\\\/\\\/schema.org\",\"@graph\":[{\"@type\":\"Article\",\"@id\":\"https:\\\/\\\/maranhaotv.com.br\\\/index.php\\\/2020\\\/09\\\/23\\\/edson-calixto-declara-apoio-a-beto-das-vilas-em-sao-jose-de-ribamar\\\/#article\",\"isPartOf\":{\"@id\":\"https:\\\/\\\/maranhaotv.com.br\\\/index.php\\\/2020\\\/09\\\/23\\\/edson-calixto-declara-apoio-a-beto-das-vilas-em-sao-jose-de-ribamar\\\/\"},\"author\":{\"name\":\"maranhaotv\",\"@id\":\"https:\\\/\\\/maranhaotv.com.br\\\/#\\\/schema\\\/person\\\/3d54238e86b20bb5c89ab2fdb8f8829a\"},\"headline\":\"Edson Calixto declara apoio a Beto das Vilas em S\u00e3o Jos\u00e9 de Ribamar\",\"datePublished\":\"2020-09-23T10:39:51+00:00\",\"mainEntityOfPage\":{\"@id\":\"https:\\\/\\\/maranhaotv.com.br\\\/index.php\\\/2020\\\/09\\\/23\\\/edson-calixto-declara-apoio-a-beto-das-vilas-em-sao-jose-de-ribamar\\\/\"},\"wordCount\":175,\"commentCount\":0,\"publisher\":{\"@id\":\"https:\\\/\\\/maranhaotv.com.br\\\/#organization\"},\"image\":{\"@id\":\"https:\\\/\\\/maranhaotv.com.br\\\/index.php\\\/2020\\\/09\\\/23\\\/edson-calixto-declara-apoio-a-beto-das-vilas-em-sao-jose-de-ribamar\\\/#primaryimage\"},\"thumbnailUrl\":\"\",\"keywords\":[\"Beto das Vilas\"],\"articleSection\":[\"not\u00edcias\"],\"inLanguage\":\"pt-BR\",\"potentialAction\":[{\"@type\":\"CommentAction\",\"name\":\"Comment\",\"target\":[\"https:\\\/\\\/maranhaotv.com.br\\\/index.php\\\/2020\\\/09\\\/23\\\/edson-calixto-declara-apoio-a-beto-das-vilas-em-sao-jose-de-ribamar\\\/#respond\"]}]},{\"@type\":\"WebPage\",\"@id\":\"https:\\\/\\\/maranhaotv.com.br\\\/index.php\\\/2020\\\/09\\\/23\\\/edson-calixto-declara-apoio-a-beto-das-vilas-em-sao-jose-de-ribamar\\\/\",\"url\":\"https:\\\/\\\/maranhaotv.com.br\\\/index.php\\\/2020\\\/09\\\/23\\\/edson-calixto-declara-apoio-a-beto-das-vilas-em-sao-jose-de-ribamar\\\/\",\"name\":\"Edson Calixto declara apoio a Beto das Vilas em S\u00e3o Jos\u00e9 de Ribamar - NOT\u00cdCIAS EM TEMPO REAL\",\"isPartOf\":{\"@id\":\"https:\\\/\\\/maranhaotv.com.br\\\/#website\"},\"primaryImageOfPage\":{\"@id\":\"https:\\\/\\\/maranhaotv.com.br\\\/index.php\\\/2020\\\/09\\\/23\\\/edson-calixto-declara-apoio-a-beto-das-vilas-em-sao-jose-de-ribamar\\\/#primaryimage\"},\"image\":{\"@id\":\"https:\\\/\\\/maranhaotv.com.br\\\/index.php\\\/2020\\\/09\\\/23\\\/edson-calixto-declara-apoio-a-beto-das-vilas-em-sao-jose-de-ribamar\\\/#primaryimage\"},\"thumbnailUrl\":\"\",\"datePublished\":\"2020-09-23T10:39:51+00:00\",\"breadcrumb\":{\"@id\":\"https:\\\/\\\/maranhaotv.com.br\\\/index.php\\\/2020\\\/09\\\/23\\\/edson-calixto-declara-apoio-a-beto-das-vilas-em-sao-jose-de-ribamar\\\/#breadcrumb\"},\"inLanguage\":\"pt-BR\",\"potentialAction\":[{\"@type\":\"ReadAction\",\"target\":[\"https:\\\/\\\/maranhaotv.com.br\\\/index.php\\\/2020\\\/09\\\/23\\\/edson-calixto-declara-apoio-a-beto-das-vilas-em-sao-jose-de-ribamar\\\/\"]}]},{\"@type\":\"ImageObject\",\"inLanguage\":\"pt-BR\",\"@id\":\"https:\\\/\\\/maranhaotv.com.br\\\/index.php\\\/2020\\\/09\\\/23\\\/edson-calixto-declara-apoio-a-beto-das-vilas-em-sao-jose-de-ribamar\\\/#primaryimage\",\"url\":\"\",\"contentUrl\":\"\"},{\"@type\":\"BreadcrumbList\",\"@id\":\"https:\\\/\\\/maranhaotv.com.br\\\/index.php\\\/2020\\\/09\\\/23\\\/edson-calixto-declara-apoio-a-beto-das-vilas-em-sao-jose-de-ribamar\\\/#breadcrumb\",\"itemListElement\":[{\"@type\":\"ListItem\",\"position\":1,\"name\":\"In\u00edcio\",\"item\":\"https:\\\/\\\/maranhaotv.com.br\\\/\"},{\"@type\":\"ListItem\",\"position\":2,\"name\":\"Edson Calixto declara apoio a Beto das Vilas em S\u00e3o Jos\u00e9 de Ribamar\"}]},{\"@type\":\"WebSite\",\"@id\":\"https:\\\/\\\/maranhaotv.com.br\\\/#website\",\"url\":\"https:\\\/\\\/maranhaotv.com.br\\\/\",\"name\":\"Maranh\u00e3oTV\",\"description\":\"\",\"publisher\":{\"@id\":\"https:\\\/\\\/maranhaotv.com.br\\\/#organization\"},\"potentialAction\":[{\"@type\":\"SearchAction\",\"target\":{\"@type\":\"EntryPoint\",\"urlTemplate\":\"https:\\\/\\\/maranhaotv.com.br\\\/?s={search_term_string}\"},\"query-input\":{\"@type\":\"PropertyValueSpecification\",\"valueRequired\":true,\"valueName\":\"search_term_string\"}}],\"inLanguage\":\"pt-BR\"},{\"@type\":\"Organization\",\"@id\":\"https:\\\/\\\/maranhaotv.com.br\\\/#organization\",\"name\":\"Portal de Not\u00edcias\",\"url\":\"https:\\\/\\\/maranhaotv.com.br\\\/\",\"logo\":{\"@type\":\"ImageObject\",\"inLanguage\":\"pt-BR\",\"@id\":\"https:\\\/\\\/maranhaotv.com.br\\\/#\\\/schema\\\/logo\\\/image\\\/\",\"url\":\"https:\\\/\\\/maranhaotv.com.br\\\/wp-content\\\/uploads\\\/2024\\\/05\\\/cropped-cropped-avatar-1.png\",\"contentUrl\":\"https:\\\/\\\/maranhaotv.com.br\\\/wp-content\\\/uploads\\\/2024\\\/05\\\/cropped-cropped-avatar-1.png\",\"width\":792,\"height\":428,\"caption\":\"Portal de Not\u00edcias\"},\"image\":{\"@id\":\"https:\\\/\\\/maranhaotv.com.br\\\/#\\\/schema\\\/logo\\\/image\\\/\"},\"sameAs\":[\"https:\\\/\\\/www.facebook.com\\\/maiobaotv\",\"https:\\\/\\\/x.com\\\/sitemaranhaotv\",\"https:\\\/\\\/www.instagram.com\\\/maranhao.tv\",\"https:\\\/\\\/www.threads.net\\\/@maranhao.tv\"]},{\"@type\":\"Person\",\"@id\":\"https:\\\/\\\/maranhaotv.com.br\\\/#\\\/schema\\\/person\\\/3d54238e86b20bb5c89ab2fdb8f8829a\",\"name\":\"maranhaotv\",\"image\":{\"@type\":\"ImageObject\",\"inLanguage\":\"pt-BR\",\"@id\":\"https:\\\/\\\/secure.gravatar.com\\\/avatar\\\/8fadbca458d4cb68b1dd399ae9a40618d747bb1af65ac9fad21c89220a143eb4?s=96&d=mm&r=g\",\"url\":\"https:\\\/\\\/secure.gravatar.com\\\/avatar\\\/8fadbca458d4cb68b1dd399ae9a40618d747bb1af65ac9fad21c89220a143eb4?s=96&d=mm&r=g\",\"contentUrl\":\"https:\\\/\\\/secure.gravatar.com\\\/avatar\\\/8fadbca458d4cb68b1dd399ae9a40618d747bb1af65ac9fad21c89220a143eb4?s=96&d=mm&r=g\",\"caption\":\"maranhaotv\"},\"sameAs\":[\"https:\\\/\\\/maranhaotv.com.br\\\/\"],\"url\":\"https:\\\/\\\/maranhaotv.com.br\\\/index.php\\\/author\\\/maranhaotv\\\/\"}]}<\/script>\n<!-- \/ Yoast SEO plugin. -->","yoast_head_json":{"title":"Edson Calixto declara apoio a Beto das Vilas em S\u00e3o Jos\u00e9 de Ribamar - NOT\u00cdCIAS EM TEMPO REAL","robots":{"index":"index","follow":"follow","max-snippet":"max-snippet:-1","max-image-preview":"max-image-preview:large","max-video-preview":"max-video-preview:-1"},"canonical":"https:\/\/maranhaotv.com.br\/index.php\/2020\/09\/23\/edson-calixto-declara-apoio-a-beto-das-vilas-em-sao-jose-de-ribamar\/","og_locale":"pt_BR","og_type":"article","og_title":"Edson Calixto declara apoio a Beto das Vilas em S\u00e3o Jos\u00e9 de Ribamar - NOT\u00cdCIAS EM TEMPO REAL","og_description":"Aliado ao grupo de Eudes e Lu\u00eds Fernando h\u00e1 mais de 16 anos, o ex-vereador e ex-secret\u00e1rio de Cultura Edson","og_url":"https:\/\/maranhaotv.com.br\/index.php\/2020\/09\/23\/edson-calixto-declara-apoio-a-beto-das-vilas-em-sao-jose-de-ribamar\/","og_site_name":"NOT\u00cdCIAS EM TEMPO REAL","article_publisher":"https:\/\/www.facebook.com\/maiobaotv","article_published_time":"2020-09-23T10:39:51+00:00","author":"maranhaotv","twitter_card":"summary_large_image","twitter_creator":"@sitemaranhaotv","twitter_site":"@sitemaranhaotv","twitter_misc":{"Escrito por":"maranhaotv","Est. tempo de leitura":"1 minuto"},"schema":{"@context":"https:\/\/schema.org","@graph":[{"@type":"Article","@id":"https:\/\/maranhaotv.com.br\/index.php\/2020\/09\/23\/edson-calixto-declara-apoio-a-beto-das-vilas-em-sao-jose-de-ribamar\/#article","isPartOf":{"@id":"https:\/\/maranhaotv.com.br\/index.php\/2020\/09\/23\/edson-calixto-declara-apoio-a-beto-das-vilas-em-sao-jose-de-ribamar\/"},"author":{"name":"maranhaotv","@id":"https:\/\/maranhaotv.com.br\/#\/schema\/person\/3d54238e86b20bb5c89ab2fdb8f8829a"},"headline":"Edson Calixto declara apoio a Beto das Vilas em S\u00e3o Jos\u00e9 de Ribamar","datePublished":"2020-09-23T10:39:51+00:00","mainEntityOfPage":{"@id":"https:\/\/maranhaotv.com.br\/index.php\/2020\/09\/23\/edson-calixto-declara-apoio-a-beto-das-vilas-em-sao-jose-de-ribamar\/"},"wordCount":175,"commentCount":0,"publisher":{"@id":"https:\/\/maranhaotv.com.br\/#organization"},"image":{"@id":"https:\/\/maranhaotv.com.br\/index.php\/2020\/09\/23\/edson-calixto-declara-apoio-a-beto-das-vilas-em-sao-jose-de-ribamar\/#primaryimage"},"thumbnailUrl":"","keywords":["Beto das Vilas"],"articleSection":["not\u00edcias"],"inLanguage":"pt-BR","potentialAction":[{"@type":"CommentAction","name":"Comment","target":["https:\/\/maranhaotv.com.br\/index.php\/2020\/09\/23\/edson-calixto-declara-apoio-a-beto-das-vilas-em-sao-jose-de-ribamar\/#respond"]}]},{"@type":"WebPage","@id":"https:\/\/maranhaotv.com.br\/index.php\/2020\/09\/23\/edson-calixto-declara-apoio-a-beto-das-vilas-em-sao-jose-de-ribamar\/","url":"https:\/\/maranhaotv.com.br\/index.php\/2020\/09\/23\/edson-calixto-declara-apoio-a-beto-das-vilas-em-sao-jose-de-ribamar\/","name":"Edson Calixto declara apoio a Beto das Vilas em S\u00e3o Jos\u00e9 de Ribamar - NOT\u00cdCIAS EM TEMPO REAL","isPartOf":{"@id":"https:\/\/maranhaotv.com.br\/#website"},"primaryImageOfPage":{"@id":"https:\/\/maranhaotv.com.br\/index.php\/2020\/09\/23\/edson-calixto-declara-apoio-a-beto-das-vilas-em-sao-jose-de-ribamar\/#primaryimage"},"image":{"@id":"https:\/\/maranhaotv.com.br\/index.php\/2020\/09\/23\/edson-calixto-declara-apoio-a-beto-das-vilas-em-sao-jose-de-ribamar\/#primaryimage"},"thumbnailUrl":"","datePublished":"2020-09-23T10:39:51+00:00","breadcrumb":{"@id":"https:\/\/maranhaotv.com.br\/index.php\/2020\/09\/23\/edson-calixto-declara-apoio-a-beto-das-vilas-em-sao-jose-de-ribamar\/#breadcrumb"},"inLanguage":"pt-BR","potentialAction":[{"@type":"ReadAction","target":["https:\/\/maranhaotv.com.br\/index.php\/2020\/09\/23\/edson-calixto-declara-apoio-a-beto-das-vilas-em-sao-jose-de-ribamar\/"]}]},{"@type":"ImageObject","inLanguage":"pt-BR","@id":"https:\/\/maranhaotv.com.br\/index.php\/2020\/09\/23\/edson-calixto-declara-apoio-a-beto-das-vilas-em-sao-jose-de-ribamar\/#primaryimage","url":"","contentUrl":""},{"@type":"BreadcrumbList","@id":"https:\/\/maranhaotv.com.br\/index.php\/2020\/09\/23\/edson-calixto-declara-apoio-a-beto-das-vilas-em-sao-jose-de-ribamar\/#breadcrumb","itemListElement":[{"@type":"ListItem","position":1,"name":"In\u00edcio","item":"https:\/\/maranhaotv.com.br\/"},{"@type":"ListItem","position":2,"name":"Edson Calixto declara apoio a Beto das Vilas em S\u00e3o Jos\u00e9 de Ribamar"}]},{"@type":"WebSite","@id":"https:\/\/maranhaotv.com.br\/#website","url":"https:\/\/maranhaotv.com.br\/","name":"Maranh\u00e3oTV","description":"","publisher":{"@id":"https:\/\/maranhaotv.com.br\/#organization"},"potentialAction":[{"@type":"SearchAction","target":{"@type":"EntryPoint","urlTemplate":"https:\/\/maranhaotv.com.br\/?s={search_term_string}"},"query-input":{"@type":"PropertyValueSpecification","valueRequired":true,"valueName":"search_term_string"}}],"inLanguage":"pt-BR"},{"@type":"Organization","@id":"https:\/\/maranhaotv.com.br\/#organization","name":"Portal de Not\u00edcias","url":"https:\/\/maranhaotv.com.br\/","logo":{"@type":"ImageObject","inLanguage":"pt-BR","@id":"https:\/\/maranhaotv.com.br\/#\/schema\/logo\/image\/","url":"https:\/\/maranhaotv.com.br\/wp-content\/uploads\/2024\/05\/cropped-cropped-avatar-1.png","contentUrl":"https:\/\/maranhaotv.com.br\/wp-content\/uploads\/2024\/05\/cropped-cropped-avatar-1.png","width":792,"height":428,"caption":"Portal de Not\u00edcias"},"image":{"@id":"https:\/\/maranhaotv.com.br\/#\/schema\/logo\/image\/"},"sameAs":["https:\/\/www.facebook.com\/maiobaotv","https:\/\/x.com\/sitemaranhaotv","https:\/\/www.instagram.com\/maranhao.tv","https:\/\/www.threads.net\/@maranhao.tv"]},{"@type":"Person","@id":"https:\/\/maranhaotv.com.br\/#\/schema\/person\/3d54238e86b20bb5c89ab2fdb8f8829a","name":"maranhaotv","image":{"@type":"ImageObject","inLanguage":"pt-BR","@id":"https:\/\/secure.gravatar.com\/avatar\/8fadbca458d4cb68b1dd399ae9a40618d747bb1af65ac9fad21c89220a143eb4?s=96&d=mm&r=g","url":"https:\/\/secure.gravatar.com\/avatar\/8fadbca458d4cb68b1dd399ae9a40618d747bb1af65ac9fad21c89220a143eb4?s=96&d=mm&r=g","contentUrl":"https:\/\/secure.gravatar.com\/avatar\/8fadbca458d4cb68b1dd399ae9a40618d747bb1af65ac9fad21c89220a143eb4?s=96&d=mm&r=g","caption":"maranhaotv"},"sameAs":["https:\/\/maranhaotv.com.br\/"],"url":"https:\/\/maranhaotv.com.br\/index.php\/author\/maranhaotv\/"}]}},"jetpack_featured_media_url":"","jetpack_sharing_enabled":true,"_links":{"self":[{"href":"https:\/\/maranhaotv.com.br\/index.php\/wp-json\/wp\/v2\/posts\/15062","targetHints":{"allow":["GET"]}}],"collection":[{"href":"https:\/\/maranhaotv.com.br\/index.php\/wp-json\/wp\/v2\/posts"}],"about":[{"href":"https:\/\/maranhaotv.com.br\/index.php\/wp-json\/wp\/v2\/types\/post"}],"author":[{"embeddable":true,"href":"https:\/\/maranhaotv.com.br\/index.php\/wp-json\/wp\/v2\/users\/2"}],"replies":[{"embeddable":true,"href":"https:\/\/maranhaotv.com.br\/index.php\/wp-json\/wp\/v2\/comments?post=15062"}],"version-history":[{"count":0,"href":"https:\/\/maranhaotv.com.br\/index.php\/wp-json\/wp\/v2\/posts\/15062\/revisions"}],"wp:featuredmedia":[{"embeddable":true,"href":"https:\/\/maranhaotv.com.br\/index.php\/wp-json\/"}],"wp:attachment":[{"href":"https:\/\/maranhaotv.com.br\/index.php\/wp-json\/wp\/v2\/media?parent=15062"}],"wp:term":[{"taxonomy":"category","embeddable":true,"href":"https:\/\/maranhaotv.com.br\/index.php\/wp-json\/wp\/v2\/categories?post=15062"},{"taxonomy":"post_tag","embeddable":true,"href":"https:\/\/maranhaotv.com.br\/index.php\/wp-json\/wp\/v2\/tags?post=15062"}],"curies":[{"name":"wp","href":"https:\/\/api.w.org\/{rel}","templated":true}]}}