{"id":15067,"date":"2020-09-23T11:48:09","date_gmt":"2020-09-23T14:48:09","guid":{"rendered":"https:\/\/maiobaotv.com.br\/?p=15067"},"modified":"2020-09-23T11:48:09","modified_gmt":"2020-09-23T14:48:09","slug":"eleicoes-2020-fred-campos-recebe-apoio-de-pastores-da-assembleia-de-deus","status":"publish","type":"post","link":"https:\/\/maranhaotv.com.br\/index.php\/2020\/09\/23\/eleicoes-2020-fred-campos-recebe-apoio-de-pastores-da-assembleia-de-deus\/","title":{"rendered":"Elei\u00e7\u00f5es 2020: Fred Campos recebe apoio de pastores da Assembl\u00e9ia de Deus"},"content":{"rendered":"<p>Pr\u00e9-candidato a prefeito do Partido Liberal t\u00eam recebido grandes ades\u00f5es ao seu projeto para administrar Pa\u00e7o do Lumiar.<\/p>\n<p>Neste \u00faltimo domingo (20), na sede da Igreja Assembl\u00e9ia de Deus no Maiob\u00e3o, Fred Campos re\u00faniu com todos os pastores do p\u00f3lo Maiob\u00e3o. O anfitri\u00e3o do encontro foi o pastor Reginaldo, ladeado pelos pastores Jackson Douglas, coodenador da Comiss\u00e3o de Assuntos Pol\u00edticos, Pastor Enos Ferreira, Secret\u00e1rio de Estado de Rela\u00e7\u00f5es Institucionais e o Pastor Tarcis Damasceno, representando a deputada estadual, Mical Damasceno.<\/p>\n<p>Na ocasi\u00e3o, Fred ouviu com aten\u00e7\u00e3o as propostas e reivindica\u00e7\u00f5es dos pastores sobre as principais demandas para as comunidades inseridas nas \u00e1reas.<\/p>\n<p>Fred Campos agradeceu o apoio dos pastores e pediu a unidade do povo evang\u00e9lico.<\/p>\n<blockquote><p>&#8220;Tenho uma rela\u00e7\u00e3o muito pr\u00f3xima com todas as igrejas; receber esse carinho s\u00f3 aumenta o meu compromisso e minha vontade de poder trabalhar ainda mais. A Igreja Assembl\u00e9ia de Deus desenvolve um trabalho excelente em prol das fam\u00edlias de nossa cidade, \u00e9 uma honra receber esse apoio em nosso projeto&#8221;, disse Fred Campos.<\/p><\/blockquote>\n<p>Fred esteve acompanhado da pr\u00e9-candidata a vereadora Mission\u00e1ria Zez\u00e9, esposa do Pastor Carlos Garces, que \u00e9 a candidata oficial da Igreja Assembl\u00e9ia de Deus IADSL.<\/p>\n<p><img loading=\"lazy\" decoding=\"async\" src=\"https:\/\/maiobaotv.com.br\/wp-content\/uploads\/2020\/09\/img-20200923-wa01444246623073644581896.jpg\" class=\"alignnone size-full wp-image-15065\" width=\"1280\" height=\"853\"><\/p>\n<p><img loading=\"lazy\" decoding=\"async\" src=\"https:\/\/maiobaotv.com.br\/wp-content\/uploads\/2020\/09\/img-20200923-wa01474810075559010493096.jpg\" class=\"wp-image-15066 alignnone size-full\" width=\"1280\" height=\"853\"><\/p>\n<p><img loading=\"lazy\" decoding=\"async\" src=\"https:\/\/maiobaotv.com.br\/wp-content\/uploads\/2020\/09\/img-20200923-wa0145107825796511192366.jpg\" class=\"alignnone size-full wp-image-15064\" width=\"1280\" height=\"853\"><\/p>\n","protected":false},"excerpt":{"rendered":"<p>Pr\u00e9-candidato a prefeito do Partido Liberal t\u00eam recebido grandes ades\u00f5es ao seu projeto para administrar Pa\u00e7o do Lumiar. Neste \u00faltimo<\/p>\n","protected":false},"author":2,"featured_media":15069,"comment_status":"open","ping_status":"open","sticky":false,"template":"","format":"standard","meta":{"colormag_page_container_layout":"default_layout","colormag_page_sidebar_layout":"default_layout","_jetpack_memberships_contains_paid_content":false,"footnotes":""},"categories":[2,6],"tags":[43],"class_list":["post-15067","post","type-post","status-publish","format-standard","has-post-thumbnail","hentry","category-noticias","category-politica","tag-fred-campos"],"magazineBlocksPostFeaturedMedia":{"thumbnail":false,"medium":false,"medium_large":false,"large":false,"1536x1536":false,"2048x2048":false,"colormag-highlighted-post":false,"colormag-featured-post-medium":false,"colormag-featured-post-small":false,"colormag-featured-image":false,"colormag-default-news":false,"colormag-featured-image-large":false},"magazineBlocksPostAuthor":{"name":"maranhaotv","avatar":"https:\/\/secure.gravatar.com\/avatar\/8fadbca458d4cb68b1dd399ae9a40618d747bb1af65ac9fad21c89220a143eb4?s=96&d=mm&r=g"},"magazineBlocksPostCommentsNumber":"0","magazineBlocksPostExcerpt":"Pr\u00e9-candidato a prefeito do Partido Liberal t\u00eam recebido grandes ades\u00f5es ao seu projeto para administrar Pa\u00e7o do Lumiar. Neste \u00faltimo","magazineBlocksPostCategories":["not\u00edcias","pol\u00edtica"],"magazineBlocksPostViewCount":169,"magazineBlocksPostReadTime":2,"magazine_blocks_featured_image_url":{"full":false,"medium":false,"thumbnail":false},"magazine_blocks_author":{"display_name":"maranhaotv","author_link":"https:\/\/maranhaotv.com.br\/index.php\/author\/maranhaotv\/"},"magazine_blocks_comment":0,"magazine_blocks_author_image":"https:\/\/secure.gravatar.com\/avatar\/8fadbca458d4cb68b1dd399ae9a40618d747bb1af65ac9fad21c89220a143eb4?s=96&d=mm&r=g","magazine_blocks_category":"<a href=\"#\" class=\"category-link category-link-2\">not\u00edcias<\/a> <a href=\"#\" class=\"category-link category-link-6\">pol\u00edtica<\/a>","yoast_head":"<!-- This site is optimized with the Yoast SEO plugin v27.4 - https:\/\/yoast.com\/product\/yoast-seo-wordpress\/ -->\n<title>Elei\u00e7\u00f5es 2020: Fred Campos recebe apoio de pastores da Assembl\u00e9ia de Deus - NOT\u00cdCIAS EM TEMPO REAL<\/title>\n<meta name=\"robots\" content=\"index, follow, max-snippet:-1, max-image-preview:large, max-video-preview:-1\" \/>\n<link rel=\"canonical\" href=\"https:\/\/maranhaotv.com.br\/index.php\/2020\/09\/23\/eleicoes-2020-fred-campos-recebe-apoio-de-pastores-da-assembleia-de-deus\/\" \/>\n<meta property=\"og:locale\" content=\"pt_BR\" \/>\n<meta property=\"og:type\" content=\"article\" \/>\n<meta property=\"og:title\" content=\"Elei\u00e7\u00f5es 2020: Fred Campos recebe apoio de pastores da Assembl\u00e9ia de Deus - NOT\u00cdCIAS EM TEMPO REAL\" \/>\n<meta property=\"og:description\" content=\"Pr\u00e9-candidato a prefeito do Partido Liberal t\u00eam recebido grandes ades\u00f5es ao seu projeto para administrar Pa\u00e7o do Lumiar. Neste \u00faltimo\" \/>\n<meta property=\"og:url\" content=\"https:\/\/maranhaotv.com.br\/index.php\/2020\/09\/23\/eleicoes-2020-fred-campos-recebe-apoio-de-pastores-da-assembleia-de-deus\/\" \/>\n<meta property=\"og:site_name\" content=\"NOT\u00cdCIAS EM TEMPO REAL\" \/>\n<meta property=\"article:publisher\" content=\"https:\/\/www.facebook.com\/maiobaotv\" \/>\n<meta property=\"article:published_time\" content=\"2020-09-23T14:48:09+00:00\" \/>\n<meta name=\"author\" content=\"maranhaotv\" \/>\n<meta name=\"twitter:card\" content=\"summary_large_image\" \/>\n<meta name=\"twitter:creator\" content=\"@sitemaranhaotv\" \/>\n<meta name=\"twitter:site\" content=\"@sitemaranhaotv\" \/>\n<meta name=\"twitter:label1\" content=\"Escrito por\" \/>\n\t<meta name=\"twitter:data1\" content=\"maranhaotv\" \/>\n\t<meta name=\"twitter:label2\" content=\"Est. tempo de leitura\" \/>\n\t<meta name=\"twitter:data2\" content=\"1 minuto\" \/>\n<script type=\"application\/ld+json\" class=\"yoast-schema-graph\">{\"@context\":\"https:\\\/\\\/schema.org\",\"@graph\":[{\"@type\":\"Article\",\"@id\":\"https:\\\/\\\/maranhaotv.com.br\\\/index.php\\\/2020\\\/09\\\/23\\\/eleicoes-2020-fred-campos-recebe-apoio-de-pastores-da-assembleia-de-deus\\\/#article\",\"isPartOf\":{\"@id\":\"https:\\\/\\\/maranhaotv.com.br\\\/index.php\\\/2020\\\/09\\\/23\\\/eleicoes-2020-fred-campos-recebe-apoio-de-pastores-da-assembleia-de-deus\\\/\"},\"author\":{\"name\":\"maranhaotv\",\"@id\":\"https:\\\/\\\/maranhaotv.com.br\\\/#\\\/schema\\\/person\\\/3d54238e86b20bb5c89ab2fdb8f8829a\"},\"headline\":\"Elei\u00e7\u00f5es 2020: Fred Campos recebe apoio de pastores da Assembl\u00e9ia de Deus\",\"datePublished\":\"2020-09-23T14:48:09+00:00\",\"mainEntityOfPage\":{\"@id\":\"https:\\\/\\\/maranhaotv.com.br\\\/index.php\\\/2020\\\/09\\\/23\\\/eleicoes-2020-fred-campos-recebe-apoio-de-pastores-da-assembleia-de-deus\\\/\"},\"wordCount\":229,\"commentCount\":0,\"publisher\":{\"@id\":\"https:\\\/\\\/maranhaotv.com.br\\\/#organization\"},\"image\":{\"@id\":\"https:\\\/\\\/maranhaotv.com.br\\\/index.php\\\/2020\\\/09\\\/23\\\/eleicoes-2020-fred-campos-recebe-apoio-de-pastores-da-assembleia-de-deus\\\/#primaryimage\"},\"thumbnailUrl\":\"\",\"keywords\":[\"Fred Campos\"],\"articleSection\":[\"not\u00edcias\",\"pol\u00edtica\"],\"inLanguage\":\"pt-BR\",\"potentialAction\":[{\"@type\":\"CommentAction\",\"name\":\"Comment\",\"target\":[\"https:\\\/\\\/maranhaotv.com.br\\\/index.php\\\/2020\\\/09\\\/23\\\/eleicoes-2020-fred-campos-recebe-apoio-de-pastores-da-assembleia-de-deus\\\/#respond\"]}]},{\"@type\":\"WebPage\",\"@id\":\"https:\\\/\\\/maranhaotv.com.br\\\/index.php\\\/2020\\\/09\\\/23\\\/eleicoes-2020-fred-campos-recebe-apoio-de-pastores-da-assembleia-de-deus\\\/\",\"url\":\"https:\\\/\\\/maranhaotv.com.br\\\/index.php\\\/2020\\\/09\\\/23\\\/eleicoes-2020-fred-campos-recebe-apoio-de-pastores-da-assembleia-de-deus\\\/\",\"name\":\"Elei\u00e7\u00f5es 2020: Fred Campos recebe apoio de pastores da Assembl\u00e9ia de Deus - NOT\u00cdCIAS EM TEMPO REAL\",\"isPartOf\":{\"@id\":\"https:\\\/\\\/maranhaotv.com.br\\\/#website\"},\"primaryImageOfPage\":{\"@id\":\"https:\\\/\\\/maranhaotv.com.br\\\/index.php\\\/2020\\\/09\\\/23\\\/eleicoes-2020-fred-campos-recebe-apoio-de-pastores-da-assembleia-de-deus\\\/#primaryimage\"},\"image\":{\"@id\":\"https:\\\/\\\/maranhaotv.com.br\\\/index.php\\\/2020\\\/09\\\/23\\\/eleicoes-2020-fred-campos-recebe-apoio-de-pastores-da-assembleia-de-deus\\\/#primaryimage\"},\"thumbnailUrl\":\"\",\"datePublished\":\"2020-09-23T14:48:09+00:00\",\"breadcrumb\":{\"@id\":\"https:\\\/\\\/maranhaotv.com.br\\\/index.php\\\/2020\\\/09\\\/23\\\/eleicoes-2020-fred-campos-recebe-apoio-de-pastores-da-assembleia-de-deus\\\/#breadcrumb\"},\"inLanguage\":\"pt-BR\",\"potentialAction\":[{\"@type\":\"ReadAction\",\"target\":[\"https:\\\/\\\/maranhaotv.com.br\\\/index.php\\\/2020\\\/09\\\/23\\\/eleicoes-2020-fred-campos-recebe-apoio-de-pastores-da-assembleia-de-deus\\\/\"]}]},{\"@type\":\"ImageObject\",\"inLanguage\":\"pt-BR\",\"@id\":\"https:\\\/\\\/maranhaotv.com.br\\\/index.php\\\/2020\\\/09\\\/23\\\/eleicoes-2020-fred-campos-recebe-apoio-de-pastores-da-assembleia-de-deus\\\/#primaryimage\",\"url\":\"\",\"contentUrl\":\"\"},{\"@type\":\"BreadcrumbList\",\"@id\":\"https:\\\/\\\/maranhaotv.com.br\\\/index.php\\\/2020\\\/09\\\/23\\\/eleicoes-2020-fred-campos-recebe-apoio-de-pastores-da-assembleia-de-deus\\\/#breadcrumb\",\"itemListElement\":[{\"@type\":\"ListItem\",\"position\":1,\"name\":\"In\u00edcio\",\"item\":\"https:\\\/\\\/maranhaotv.com.br\\\/\"},{\"@type\":\"ListItem\",\"position\":2,\"name\":\"Elei\u00e7\u00f5es 2020: Fred Campos recebe apoio de pastores da Assembl\u00e9ia de Deus\"}]},{\"@type\":\"WebSite\",\"@id\":\"https:\\\/\\\/maranhaotv.com.br\\\/#website\",\"url\":\"https:\\\/\\\/maranhaotv.com.br\\\/\",\"name\":\"Maranh\u00e3oTV\",\"description\":\"\",\"publisher\":{\"@id\":\"https:\\\/\\\/maranhaotv.com.br\\\/#organization\"},\"potentialAction\":[{\"@type\":\"SearchAction\",\"target\":{\"@type\":\"EntryPoint\",\"urlTemplate\":\"https:\\\/\\\/maranhaotv.com.br\\\/?s={search_term_string}\"},\"query-input\":{\"@type\":\"PropertyValueSpecification\",\"valueRequired\":true,\"valueName\":\"search_term_string\"}}],\"inLanguage\":\"pt-BR\"},{\"@type\":\"Organization\",\"@id\":\"https:\\\/\\\/maranhaotv.com.br\\\/#organization\",\"name\":\"Portal de Not\u00edcias\",\"url\":\"https:\\\/\\\/maranhaotv.com.br\\\/\",\"logo\":{\"@type\":\"ImageObject\",\"inLanguage\":\"pt-BR\",\"@id\":\"https:\\\/\\\/maranhaotv.com.br\\\/#\\\/schema\\\/logo\\\/image\\\/\",\"url\":\"https:\\\/\\\/maranhaotv.com.br\\\/wp-content\\\/uploads\\\/2024\\\/05\\\/cropped-cropped-avatar-1.png\",\"contentUrl\":\"https:\\\/\\\/maranhaotv.com.br\\\/wp-content\\\/uploads\\\/2024\\\/05\\\/cropped-cropped-avatar-1.png\",\"width\":792,\"height\":428,\"caption\":\"Portal de Not\u00edcias\"},\"image\":{\"@id\":\"https:\\\/\\\/maranhaotv.com.br\\\/#\\\/schema\\\/logo\\\/image\\\/\"},\"sameAs\":[\"https:\\\/\\\/www.facebook.com\\\/maiobaotv\",\"https:\\\/\\\/x.com\\\/sitemaranhaotv\",\"https:\\\/\\\/www.instagram.com\\\/maranhao.tv\",\"https:\\\/\\\/www.threads.net\\\/@maranhao.tv\"]},{\"@type\":\"Person\",\"@id\":\"https:\\\/\\\/maranhaotv.com.br\\\/#\\\/schema\\\/person\\\/3d54238e86b20bb5c89ab2fdb8f8829a\",\"name\":\"maranhaotv\",\"image\":{\"@type\":\"ImageObject\",\"inLanguage\":\"pt-BR\",\"@id\":\"https:\\\/\\\/secure.gravatar.com\\\/avatar\\\/8fadbca458d4cb68b1dd399ae9a40618d747bb1af65ac9fad21c89220a143eb4?s=96&d=mm&r=g\",\"url\":\"https:\\\/\\\/secure.gravatar.com\\\/avatar\\\/8fadbca458d4cb68b1dd399ae9a40618d747bb1af65ac9fad21c89220a143eb4?s=96&d=mm&r=g\",\"contentUrl\":\"https:\\\/\\\/secure.gravatar.com\\\/avatar\\\/8fadbca458d4cb68b1dd399ae9a40618d747bb1af65ac9fad21c89220a143eb4?s=96&d=mm&r=g\",\"caption\":\"maranhaotv\"},\"sameAs\":[\"https:\\\/\\\/maranhaotv.com.br\\\/\"],\"url\":\"https:\\\/\\\/maranhaotv.com.br\\\/index.php\\\/author\\\/maranhaotv\\\/\"}]}<\/script>\n<!-- \/ Yoast SEO plugin. -->","yoast_head_json":{"title":"Elei\u00e7\u00f5es 2020: Fred Campos recebe apoio de pastores da Assembl\u00e9ia de Deus - NOT\u00cdCIAS EM TEMPO REAL","robots":{"index":"index","follow":"follow","max-snippet":"max-snippet:-1","max-image-preview":"max-image-preview:large","max-video-preview":"max-video-preview:-1"},"canonical":"https:\/\/maranhaotv.com.br\/index.php\/2020\/09\/23\/eleicoes-2020-fred-campos-recebe-apoio-de-pastores-da-assembleia-de-deus\/","og_locale":"pt_BR","og_type":"article","og_title":"Elei\u00e7\u00f5es 2020: Fred Campos recebe apoio de pastores da Assembl\u00e9ia de Deus - NOT\u00cdCIAS EM TEMPO REAL","og_description":"Pr\u00e9-candidato a prefeito do Partido Liberal t\u00eam recebido grandes ades\u00f5es ao seu projeto para administrar Pa\u00e7o do Lumiar. Neste \u00faltimo","og_url":"https:\/\/maranhaotv.com.br\/index.php\/2020\/09\/23\/eleicoes-2020-fred-campos-recebe-apoio-de-pastores-da-assembleia-de-deus\/","og_site_name":"NOT\u00cdCIAS EM TEMPO REAL","article_publisher":"https:\/\/www.facebook.com\/maiobaotv","article_published_time":"2020-09-23T14:48:09+00:00","author":"maranhaotv","twitter_card":"summary_large_image","twitter_creator":"@sitemaranhaotv","twitter_site":"@sitemaranhaotv","twitter_misc":{"Escrito por":"maranhaotv","Est. tempo de leitura":"1 minuto"},"schema":{"@context":"https:\/\/schema.org","@graph":[{"@type":"Article","@id":"https:\/\/maranhaotv.com.br\/index.php\/2020\/09\/23\/eleicoes-2020-fred-campos-recebe-apoio-de-pastores-da-assembleia-de-deus\/#article","isPartOf":{"@id":"https:\/\/maranhaotv.com.br\/index.php\/2020\/09\/23\/eleicoes-2020-fred-campos-recebe-apoio-de-pastores-da-assembleia-de-deus\/"},"author":{"name":"maranhaotv","@id":"https:\/\/maranhaotv.com.br\/#\/schema\/person\/3d54238e86b20bb5c89ab2fdb8f8829a"},"headline":"Elei\u00e7\u00f5es 2020: Fred Campos recebe apoio de pastores da Assembl\u00e9ia de Deus","datePublished":"2020-09-23T14:48:09+00:00","mainEntityOfPage":{"@id":"https:\/\/maranhaotv.com.br\/index.php\/2020\/09\/23\/eleicoes-2020-fred-campos-recebe-apoio-de-pastores-da-assembleia-de-deus\/"},"wordCount":229,"commentCount":0,"publisher":{"@id":"https:\/\/maranhaotv.com.br\/#organization"},"image":{"@id":"https:\/\/maranhaotv.com.br\/index.php\/2020\/09\/23\/eleicoes-2020-fred-campos-recebe-apoio-de-pastores-da-assembleia-de-deus\/#primaryimage"},"thumbnailUrl":"","keywords":["Fred Campos"],"articleSection":["not\u00edcias","pol\u00edtica"],"inLanguage":"pt-BR","potentialAction":[{"@type":"CommentAction","name":"Comment","target":["https:\/\/maranhaotv.com.br\/index.php\/2020\/09\/23\/eleicoes-2020-fred-campos-recebe-apoio-de-pastores-da-assembleia-de-deus\/#respond"]}]},{"@type":"WebPage","@id":"https:\/\/maranhaotv.com.br\/index.php\/2020\/09\/23\/eleicoes-2020-fred-campos-recebe-apoio-de-pastores-da-assembleia-de-deus\/","url":"https:\/\/maranhaotv.com.br\/index.php\/2020\/09\/23\/eleicoes-2020-fred-campos-recebe-apoio-de-pastores-da-assembleia-de-deus\/","name":"Elei\u00e7\u00f5es 2020: Fred Campos recebe apoio de pastores da Assembl\u00e9ia de Deus - NOT\u00cdCIAS EM TEMPO REAL","isPartOf":{"@id":"https:\/\/maranhaotv.com.br\/#website"},"primaryImageOfPage":{"@id":"https:\/\/maranhaotv.com.br\/index.php\/2020\/09\/23\/eleicoes-2020-fred-campos-recebe-apoio-de-pastores-da-assembleia-de-deus\/#primaryimage"},"image":{"@id":"https:\/\/maranhaotv.com.br\/index.php\/2020\/09\/23\/eleicoes-2020-fred-campos-recebe-apoio-de-pastores-da-assembleia-de-deus\/#primaryimage"},"thumbnailUrl":"","datePublished":"2020-09-23T14:48:09+00:00","breadcrumb":{"@id":"https:\/\/maranhaotv.com.br\/index.php\/2020\/09\/23\/eleicoes-2020-fred-campos-recebe-apoio-de-pastores-da-assembleia-de-deus\/#breadcrumb"},"inLanguage":"pt-BR","potentialAction":[{"@type":"ReadAction","target":["https:\/\/maranhaotv.com.br\/index.php\/2020\/09\/23\/eleicoes-2020-fred-campos-recebe-apoio-de-pastores-da-assembleia-de-deus\/"]}]},{"@type":"ImageObject","inLanguage":"pt-BR","@id":"https:\/\/maranhaotv.com.br\/index.php\/2020\/09\/23\/eleicoes-2020-fred-campos-recebe-apoio-de-pastores-da-assembleia-de-deus\/#primaryimage","url":"","contentUrl":""},{"@type":"BreadcrumbList","@id":"https:\/\/maranhaotv.com.br\/index.php\/2020\/09\/23\/eleicoes-2020-fred-campos-recebe-apoio-de-pastores-da-assembleia-de-deus\/#breadcrumb","itemListElement":[{"@type":"ListItem","position":1,"name":"In\u00edcio","item":"https:\/\/maranhaotv.com.br\/"},{"@type":"ListItem","position":2,"name":"Elei\u00e7\u00f5es 2020: Fred Campos recebe apoio de pastores da Assembl\u00e9ia de Deus"}]},{"@type":"WebSite","@id":"https:\/\/maranhaotv.com.br\/#website","url":"https:\/\/maranhaotv.com.br\/","name":"Maranh\u00e3oTV","description":"","publisher":{"@id":"https:\/\/maranhaotv.com.br\/#organization"},"potentialAction":[{"@type":"SearchAction","target":{"@type":"EntryPoint","urlTemplate":"https:\/\/maranhaotv.com.br\/?s={search_term_string}"},"query-input":{"@type":"PropertyValueSpecification","valueRequired":true,"valueName":"search_term_string"}}],"inLanguage":"pt-BR"},{"@type":"Organization","@id":"https:\/\/maranhaotv.com.br\/#organization","name":"Portal de Not\u00edcias","url":"https:\/\/maranhaotv.com.br\/","logo":{"@type":"ImageObject","inLanguage":"pt-BR","@id":"https:\/\/maranhaotv.com.br\/#\/schema\/logo\/image\/","url":"https:\/\/maranhaotv.com.br\/wp-content\/uploads\/2024\/05\/cropped-cropped-avatar-1.png","contentUrl":"https:\/\/maranhaotv.com.br\/wp-content\/uploads\/2024\/05\/cropped-cropped-avatar-1.png","width":792,"height":428,"caption":"Portal de Not\u00edcias"},"image":{"@id":"https:\/\/maranhaotv.com.br\/#\/schema\/logo\/image\/"},"sameAs":["https:\/\/www.facebook.com\/maiobaotv","https:\/\/x.com\/sitemaranhaotv","https:\/\/www.instagram.com\/maranhao.tv","https:\/\/www.threads.net\/@maranhao.tv"]},{"@type":"Person","@id":"https:\/\/maranhaotv.com.br\/#\/schema\/person\/3d54238e86b20bb5c89ab2fdb8f8829a","name":"maranhaotv","image":{"@type":"ImageObject","inLanguage":"pt-BR","@id":"https:\/\/secure.gravatar.com\/avatar\/8fadbca458d4cb68b1dd399ae9a40618d747bb1af65ac9fad21c89220a143eb4?s=96&d=mm&r=g","url":"https:\/\/secure.gravatar.com\/avatar\/8fadbca458d4cb68b1dd399ae9a40618d747bb1af65ac9fad21c89220a143eb4?s=96&d=mm&r=g","contentUrl":"https:\/\/secure.gravatar.com\/avatar\/8fadbca458d4cb68b1dd399ae9a40618d747bb1af65ac9fad21c89220a143eb4?s=96&d=mm&r=g","caption":"maranhaotv"},"sameAs":["https:\/\/maranhaotv.com.br\/"],"url":"https:\/\/maranhaotv.com.br\/index.php\/author\/maranhaotv\/"}]}},"jetpack_featured_media_url":"","jetpack_sharing_enabled":true,"_links":{"self":[{"href":"https:\/\/maranhaotv.com.br\/index.php\/wp-json\/wp\/v2\/posts\/15067","targetHints":{"allow":["GET"]}}],"collection":[{"href":"https:\/\/maranhaotv.com.br\/index.php\/wp-json\/wp\/v2\/posts"}],"about":[{"href":"https:\/\/maranhaotv.com.br\/index.php\/wp-json\/wp\/v2\/types\/post"}],"author":[{"embeddable":true,"href":"https:\/\/maranhaotv.com.br\/index.php\/wp-json\/wp\/v2\/users\/2"}],"replies":[{"embeddable":true,"href":"https:\/\/maranhaotv.com.br\/index.php\/wp-json\/wp\/v2\/comments?post=15067"}],"version-history":[{"count":0,"href":"https:\/\/maranhaotv.com.br\/index.php\/wp-json\/wp\/v2\/posts\/15067\/revisions"}],"wp:featuredmedia":[{"embeddable":true,"href":"https:\/\/maranhaotv.com.br\/index.php\/wp-json\/"}],"wp:attachment":[{"href":"https:\/\/maranhaotv.com.br\/index.php\/wp-json\/wp\/v2\/media?parent=15067"}],"wp:term":[{"taxonomy":"category","embeddable":true,"href":"https:\/\/maranhaotv.com.br\/index.php\/wp-json\/wp\/v2\/categories?post=15067"},{"taxonomy":"post_tag","embeddable":true,"href":"https:\/\/maranhaotv.com.br\/index.php\/wp-json\/wp\/v2\/tags?post=15067"}],"curies":[{"name":"wp","href":"https:\/\/api.w.org\/{rel}","templated":true}]}}