{"id":15076,"date":"2020-09-23T16:39:04","date_gmt":"2020-09-23T19:39:04","guid":{"rendered":"https:\/\/maiobaotv.com.br\/?p=15076"},"modified":"2020-09-23T16:39:04","modified_gmt":"2020-09-23T19:39:04","slug":"alo-mp-prefeita-paula-contrata-empresa-por-mais-r-3-milhoes-faltando-pouco-mais-tres-meses-do-fim-de-seu-governo","status":"publish","type":"post","link":"https:\/\/maranhaotv.com.br\/index.php\/2020\/09\/23\/alo-mp-prefeita-paula-contrata-empresa-por-mais-r-3-milhoes-faltando-pouco-mais-tres-meses-do-fim-de-seu-governo\/","title":{"rendered":"Al\u00f4 MP! Prefeita Paula contrata empresa por mais R$ 3 milh\u00f5es faltando pouco mais tr\u00eas meses do fim de seu governo"},"content":{"rendered":"<h5>Prefeita de Pa\u00e7o do Lumiar acelera ritmo dos gastos p\u00fablicos pr\u00f3ximo do fim do mandato do executivo<\/h5>\n<p>\u00c0s v\u00e9speras das elei\u00e7\u00f5es municipais e a menos de quatro meses do fim do mandato, o despacho de homologa\u00e7\u00e3o do preg\u00e3o presencial foi publicado no Di\u00e1rio Oficial dos Munic\u00edpio, na edi\u00e7\u00e3o desta \u00faltima quinta-feira (17).<\/p>\n<p>A prefeita Paula da Pindoba (PCdoB), pretende gastar os valores exorbitantes de R$ 3.117.252,27 (tr\u00eas milh\u00f5es, cento e dezessete mil, duzentos e cinquenta e dois reais e vinte e sete centavos) para a contrata\u00e7\u00e3o de empresa para presta\u00e7\u00e3o de servi\u00e7os de implanta\u00e7\u00e3o de sistema simplificado de abastecimento de \u00e1gua e servi\u00e7os de manuten\u00e7\u00e3o preventiva e corretiva de po\u00e7os artesianos.<\/p>\n<p>O portal Maiob\u00e3o TV alerta aos \u00f3rg\u00e3os fiscalizadores sobre a celebra\u00e7\u00e3o e acompanhamento dos servi\u00e7os que ser\u00e3o prestados pela empresa ribamarense PESE \u2013 PERFURA\u00c7\u00c3O DE PO\u00c7OS E SERVI\u00c7OS LTDA, pois o per\u00edodo eleitoral e o t\u00e9rmino do mandato da prefeita levanta a suspei\u00e7\u00e3o sob estes contratos.<\/p>\n<p><img decoding=\"async\" data-wpid=\"325\" src=\"\/data\/user\/0\/org.wordpress.android\/cache\/img-20200923-wa03485881123111206738683.jpg\" class=\"uploading size-full\"><\/p>\n","protected":false},"excerpt":{"rendered":"<p>Prefeita de Pa\u00e7o do Lumiar acelera ritmo dos gastos p\u00fablicos pr\u00f3ximo do fim do mandato do executivo \u00c0s v\u00e9speras das<\/p>\n","protected":false},"author":2,"featured_media":15078,"comment_status":"open","ping_status":"open","sticky":false,"template":"","format":"standard","meta":{"colormag_page_container_layout":"default_layout","colormag_page_sidebar_layout":"default_layout","_jetpack_memberships_contains_paid_content":false,"footnotes":""},"categories":[2],"tags":[95],"class_list":["post-15076","post","type-post","status-publish","format-standard","has-post-thumbnail","hentry","category-noticias","tag-paula-azevedo"],"magazineBlocksPostFeaturedMedia":{"thumbnail":false,"medium":false,"medium_large":false,"large":false,"1536x1536":false,"2048x2048":false,"colormag-highlighted-post":false,"colormag-featured-post-medium":false,"colormag-featured-post-small":false,"colormag-featured-image":false,"colormag-default-news":false,"colormag-featured-image-large":false},"magazineBlocksPostAuthor":{"name":"maranhaotv","avatar":"https:\/\/secure.gravatar.com\/avatar\/8fadbca458d4cb68b1dd399ae9a40618d747bb1af65ac9fad21c89220a143eb4?s=96&d=mm&r=g"},"magazineBlocksPostCommentsNumber":"0","magazineBlocksPostExcerpt":"Prefeita de Pa\u00e7o do Lumiar acelera ritmo dos gastos p\u00fablicos pr\u00f3ximo do fim do mandato do executivo \u00c0s v\u00e9speras das","magazineBlocksPostCategories":["not\u00edcias"],"magazineBlocksPostViewCount":182,"magazineBlocksPostReadTime":1,"magazine_blocks_featured_image_url":{"full":false,"medium":false,"thumbnail":false},"magazine_blocks_author":{"display_name":"maranhaotv","author_link":"https:\/\/maranhaotv.com.br\/index.php\/author\/maranhaotv\/"},"magazine_blocks_comment":0,"magazine_blocks_author_image":"https:\/\/secure.gravatar.com\/avatar\/8fadbca458d4cb68b1dd399ae9a40618d747bb1af65ac9fad21c89220a143eb4?s=96&d=mm&r=g","magazine_blocks_category":"<a href=\"#\" class=\"category-link category-link-2\">not\u00edcias<\/a>","yoast_head":"<!-- This site is optimized with the Yoast SEO plugin v27.4 - https:\/\/yoast.com\/product\/yoast-seo-wordpress\/ -->\n<title>Al\u00f4 MP! Prefeita Paula contrata empresa por mais R$ 3 milh\u00f5es faltando pouco mais tr\u00eas meses do fim de seu governo - NOT\u00cdCIAS EM TEMPO REAL<\/title>\n<meta name=\"robots\" content=\"index, follow, max-snippet:-1, max-image-preview:large, max-video-preview:-1\" \/>\n<link rel=\"canonical\" href=\"https:\/\/maranhaotv.com.br\/index.php\/2020\/09\/23\/alo-mp-prefeita-paula-contrata-empresa-por-mais-r-3-milhoes-faltando-pouco-mais-tres-meses-do-fim-de-seu-governo\/\" \/>\n<meta property=\"og:locale\" content=\"pt_BR\" \/>\n<meta property=\"og:type\" content=\"article\" \/>\n<meta property=\"og:title\" content=\"Al\u00f4 MP! Prefeita Paula contrata empresa por mais R$ 3 milh\u00f5es faltando pouco mais tr\u00eas meses do fim de seu governo - NOT\u00cdCIAS EM TEMPO REAL\" \/>\n<meta property=\"og:description\" content=\"Prefeita de Pa\u00e7o do Lumiar acelera ritmo dos gastos p\u00fablicos pr\u00f3ximo do fim do mandato do executivo \u00c0s v\u00e9speras das\" \/>\n<meta property=\"og:url\" content=\"https:\/\/maranhaotv.com.br\/index.php\/2020\/09\/23\/alo-mp-prefeita-paula-contrata-empresa-por-mais-r-3-milhoes-faltando-pouco-mais-tres-meses-do-fim-de-seu-governo\/\" \/>\n<meta property=\"og:site_name\" content=\"NOT\u00cdCIAS EM TEMPO REAL\" \/>\n<meta property=\"article:publisher\" content=\"https:\/\/www.facebook.com\/maiobaotv\" \/>\n<meta property=\"article:published_time\" content=\"2020-09-23T19:39:04+00:00\" \/>\n<meta name=\"author\" content=\"maranhaotv\" \/>\n<meta name=\"twitter:card\" content=\"summary_large_image\" \/>\n<meta name=\"twitter:creator\" content=\"@sitemaranhaotv\" \/>\n<meta name=\"twitter:site\" content=\"@sitemaranhaotv\" \/>\n<meta name=\"twitter:label1\" content=\"Escrito por\" \/>\n\t<meta name=\"twitter:data1\" content=\"maranhaotv\" \/>\n\t<meta name=\"twitter:label2\" content=\"Est. tempo de leitura\" \/>\n\t<meta name=\"twitter:data2\" content=\"1 minuto\" \/>\n<script type=\"application\/ld+json\" class=\"yoast-schema-graph\">{\"@context\":\"https:\\\/\\\/schema.org\",\"@graph\":[{\"@type\":\"Article\",\"@id\":\"https:\\\/\\\/maranhaotv.com.br\\\/index.php\\\/2020\\\/09\\\/23\\\/alo-mp-prefeita-paula-contrata-empresa-por-mais-r-3-milhoes-faltando-pouco-mais-tres-meses-do-fim-de-seu-governo\\\/#article\",\"isPartOf\":{\"@id\":\"https:\\\/\\\/maranhaotv.com.br\\\/index.php\\\/2020\\\/09\\\/23\\\/alo-mp-prefeita-paula-contrata-empresa-por-mais-r-3-milhoes-faltando-pouco-mais-tres-meses-do-fim-de-seu-governo\\\/\"},\"author\":{\"name\":\"maranhaotv\",\"@id\":\"https:\\\/\\\/maranhaotv.com.br\\\/#\\\/schema\\\/person\\\/3d54238e86b20bb5c89ab2fdb8f8829a\"},\"headline\":\"Al\u00f4 MP! Prefeita Paula contrata empresa por mais R$ 3 milh\u00f5es faltando pouco mais tr\u00eas meses do fim de seu governo\",\"datePublished\":\"2020-09-23T19:39:04+00:00\",\"mainEntityOfPage\":{\"@id\":\"https:\\\/\\\/maranhaotv.com.br\\\/index.php\\\/2020\\\/09\\\/23\\\/alo-mp-prefeita-paula-contrata-empresa-por-mais-r-3-milhoes-faltando-pouco-mais-tres-meses-do-fim-de-seu-governo\\\/\"},\"wordCount\":206,\"commentCount\":0,\"publisher\":{\"@id\":\"https:\\\/\\\/maranhaotv.com.br\\\/#organization\"},\"image\":{\"@id\":\"https:\\\/\\\/maranhaotv.com.br\\\/index.php\\\/2020\\\/09\\\/23\\\/alo-mp-prefeita-paula-contrata-empresa-por-mais-r-3-milhoes-faltando-pouco-mais-tres-meses-do-fim-de-seu-governo\\\/#primaryimage\"},\"thumbnailUrl\":\"\",\"keywords\":[\"Paula Azevedo\"],\"articleSection\":[\"not\u00edcias\"],\"inLanguage\":\"pt-BR\",\"potentialAction\":[{\"@type\":\"CommentAction\",\"name\":\"Comment\",\"target\":[\"https:\\\/\\\/maranhaotv.com.br\\\/index.php\\\/2020\\\/09\\\/23\\\/alo-mp-prefeita-paula-contrata-empresa-por-mais-r-3-milhoes-faltando-pouco-mais-tres-meses-do-fim-de-seu-governo\\\/#respond\"]}]},{\"@type\":\"WebPage\",\"@id\":\"https:\\\/\\\/maranhaotv.com.br\\\/index.php\\\/2020\\\/09\\\/23\\\/alo-mp-prefeita-paula-contrata-empresa-por-mais-r-3-milhoes-faltando-pouco-mais-tres-meses-do-fim-de-seu-governo\\\/\",\"url\":\"https:\\\/\\\/maranhaotv.com.br\\\/index.php\\\/2020\\\/09\\\/23\\\/alo-mp-prefeita-paula-contrata-empresa-por-mais-r-3-milhoes-faltando-pouco-mais-tres-meses-do-fim-de-seu-governo\\\/\",\"name\":\"Al\u00f4 MP! Prefeita Paula contrata empresa por mais R$ 3 milh\u00f5es faltando pouco mais tr\u00eas meses do fim de seu governo - NOT\u00cdCIAS EM TEMPO REAL\",\"isPartOf\":{\"@id\":\"https:\\\/\\\/maranhaotv.com.br\\\/#website\"},\"primaryImageOfPage\":{\"@id\":\"https:\\\/\\\/maranhaotv.com.br\\\/index.php\\\/2020\\\/09\\\/23\\\/alo-mp-prefeita-paula-contrata-empresa-por-mais-r-3-milhoes-faltando-pouco-mais-tres-meses-do-fim-de-seu-governo\\\/#primaryimage\"},\"image\":{\"@id\":\"https:\\\/\\\/maranhaotv.com.br\\\/index.php\\\/2020\\\/09\\\/23\\\/alo-mp-prefeita-paula-contrata-empresa-por-mais-r-3-milhoes-faltando-pouco-mais-tres-meses-do-fim-de-seu-governo\\\/#primaryimage\"},\"thumbnailUrl\":\"\",\"datePublished\":\"2020-09-23T19:39:04+00:00\",\"breadcrumb\":{\"@id\":\"https:\\\/\\\/maranhaotv.com.br\\\/index.php\\\/2020\\\/09\\\/23\\\/alo-mp-prefeita-paula-contrata-empresa-por-mais-r-3-milhoes-faltando-pouco-mais-tres-meses-do-fim-de-seu-governo\\\/#breadcrumb\"},\"inLanguage\":\"pt-BR\",\"potentialAction\":[{\"@type\":\"ReadAction\",\"target\":[\"https:\\\/\\\/maranhaotv.com.br\\\/index.php\\\/2020\\\/09\\\/23\\\/alo-mp-prefeita-paula-contrata-empresa-por-mais-r-3-milhoes-faltando-pouco-mais-tres-meses-do-fim-de-seu-governo\\\/\"]}]},{\"@type\":\"ImageObject\",\"inLanguage\":\"pt-BR\",\"@id\":\"https:\\\/\\\/maranhaotv.com.br\\\/index.php\\\/2020\\\/09\\\/23\\\/alo-mp-prefeita-paula-contrata-empresa-por-mais-r-3-milhoes-faltando-pouco-mais-tres-meses-do-fim-de-seu-governo\\\/#primaryimage\",\"url\":\"\",\"contentUrl\":\"\"},{\"@type\":\"BreadcrumbList\",\"@id\":\"https:\\\/\\\/maranhaotv.com.br\\\/index.php\\\/2020\\\/09\\\/23\\\/alo-mp-prefeita-paula-contrata-empresa-por-mais-r-3-milhoes-faltando-pouco-mais-tres-meses-do-fim-de-seu-governo\\\/#breadcrumb\",\"itemListElement\":[{\"@type\":\"ListItem\",\"position\":1,\"name\":\"In\u00edcio\",\"item\":\"https:\\\/\\\/maranhaotv.com.br\\\/\"},{\"@type\":\"ListItem\",\"position\":2,\"name\":\"Al\u00f4 MP! Prefeita Paula contrata empresa por mais R$ 3 milh\u00f5es faltando pouco mais tr\u00eas meses do fim de seu governo\"}]},{\"@type\":\"WebSite\",\"@id\":\"https:\\\/\\\/maranhaotv.com.br\\\/#website\",\"url\":\"https:\\\/\\\/maranhaotv.com.br\\\/\",\"name\":\"Maranh\u00e3oTV\",\"description\":\"\",\"publisher\":{\"@id\":\"https:\\\/\\\/maranhaotv.com.br\\\/#organization\"},\"potentialAction\":[{\"@type\":\"SearchAction\",\"target\":{\"@type\":\"EntryPoint\",\"urlTemplate\":\"https:\\\/\\\/maranhaotv.com.br\\\/?s={search_term_string}\"},\"query-input\":{\"@type\":\"PropertyValueSpecification\",\"valueRequired\":true,\"valueName\":\"search_term_string\"}}],\"inLanguage\":\"pt-BR\"},{\"@type\":\"Organization\",\"@id\":\"https:\\\/\\\/maranhaotv.com.br\\\/#organization\",\"name\":\"Portal de Not\u00edcias\",\"url\":\"https:\\\/\\\/maranhaotv.com.br\\\/\",\"logo\":{\"@type\":\"ImageObject\",\"inLanguage\":\"pt-BR\",\"@id\":\"https:\\\/\\\/maranhaotv.com.br\\\/#\\\/schema\\\/logo\\\/image\\\/\",\"url\":\"https:\\\/\\\/maranhaotv.com.br\\\/wp-content\\\/uploads\\\/2024\\\/05\\\/cropped-cropped-avatar-1.png\",\"contentUrl\":\"https:\\\/\\\/maranhaotv.com.br\\\/wp-content\\\/uploads\\\/2024\\\/05\\\/cropped-cropped-avatar-1.png\",\"width\":792,\"height\":428,\"caption\":\"Portal de Not\u00edcias\"},\"image\":{\"@id\":\"https:\\\/\\\/maranhaotv.com.br\\\/#\\\/schema\\\/logo\\\/image\\\/\"},\"sameAs\":[\"https:\\\/\\\/www.facebook.com\\\/maiobaotv\",\"https:\\\/\\\/x.com\\\/sitemaranhaotv\",\"https:\\\/\\\/www.instagram.com\\\/maranhao.tv\",\"https:\\\/\\\/www.threads.net\\\/@maranhao.tv\"]},{\"@type\":\"Person\",\"@id\":\"https:\\\/\\\/maranhaotv.com.br\\\/#\\\/schema\\\/person\\\/3d54238e86b20bb5c89ab2fdb8f8829a\",\"name\":\"maranhaotv\",\"image\":{\"@type\":\"ImageObject\",\"inLanguage\":\"pt-BR\",\"@id\":\"https:\\\/\\\/secure.gravatar.com\\\/avatar\\\/8fadbca458d4cb68b1dd399ae9a40618d747bb1af65ac9fad21c89220a143eb4?s=96&d=mm&r=g\",\"url\":\"https:\\\/\\\/secure.gravatar.com\\\/avatar\\\/8fadbca458d4cb68b1dd399ae9a40618d747bb1af65ac9fad21c89220a143eb4?s=96&d=mm&r=g\",\"contentUrl\":\"https:\\\/\\\/secure.gravatar.com\\\/avatar\\\/8fadbca458d4cb68b1dd399ae9a40618d747bb1af65ac9fad21c89220a143eb4?s=96&d=mm&r=g\",\"caption\":\"maranhaotv\"},\"sameAs\":[\"https:\\\/\\\/maranhaotv.com.br\\\/\"],\"url\":\"https:\\\/\\\/maranhaotv.com.br\\\/index.php\\\/author\\\/maranhaotv\\\/\"}]}<\/script>\n<!-- \/ Yoast SEO plugin. -->","yoast_head_json":{"title":"Al\u00f4 MP! Prefeita Paula contrata empresa por mais R$ 3 milh\u00f5es faltando pouco mais tr\u00eas meses do fim de seu governo - NOT\u00cdCIAS EM TEMPO REAL","robots":{"index":"index","follow":"follow","max-snippet":"max-snippet:-1","max-image-preview":"max-image-preview:large","max-video-preview":"max-video-preview:-1"},"canonical":"https:\/\/maranhaotv.com.br\/index.php\/2020\/09\/23\/alo-mp-prefeita-paula-contrata-empresa-por-mais-r-3-milhoes-faltando-pouco-mais-tres-meses-do-fim-de-seu-governo\/","og_locale":"pt_BR","og_type":"article","og_title":"Al\u00f4 MP! Prefeita Paula contrata empresa por mais R$ 3 milh\u00f5es faltando pouco mais tr\u00eas meses do fim de seu governo - NOT\u00cdCIAS EM TEMPO REAL","og_description":"Prefeita de Pa\u00e7o do Lumiar acelera ritmo dos gastos p\u00fablicos pr\u00f3ximo do fim do mandato do executivo \u00c0s v\u00e9speras das","og_url":"https:\/\/maranhaotv.com.br\/index.php\/2020\/09\/23\/alo-mp-prefeita-paula-contrata-empresa-por-mais-r-3-milhoes-faltando-pouco-mais-tres-meses-do-fim-de-seu-governo\/","og_site_name":"NOT\u00cdCIAS EM TEMPO REAL","article_publisher":"https:\/\/www.facebook.com\/maiobaotv","article_published_time":"2020-09-23T19:39:04+00:00","author":"maranhaotv","twitter_card":"summary_large_image","twitter_creator":"@sitemaranhaotv","twitter_site":"@sitemaranhaotv","twitter_misc":{"Escrito por":"maranhaotv","Est. tempo de leitura":"1 minuto"},"schema":{"@context":"https:\/\/schema.org","@graph":[{"@type":"Article","@id":"https:\/\/maranhaotv.com.br\/index.php\/2020\/09\/23\/alo-mp-prefeita-paula-contrata-empresa-por-mais-r-3-milhoes-faltando-pouco-mais-tres-meses-do-fim-de-seu-governo\/#article","isPartOf":{"@id":"https:\/\/maranhaotv.com.br\/index.php\/2020\/09\/23\/alo-mp-prefeita-paula-contrata-empresa-por-mais-r-3-milhoes-faltando-pouco-mais-tres-meses-do-fim-de-seu-governo\/"},"author":{"name":"maranhaotv","@id":"https:\/\/maranhaotv.com.br\/#\/schema\/person\/3d54238e86b20bb5c89ab2fdb8f8829a"},"headline":"Al\u00f4 MP! Prefeita Paula contrata empresa por mais R$ 3 milh\u00f5es faltando pouco mais tr\u00eas meses do fim de seu governo","datePublished":"2020-09-23T19:39:04+00:00","mainEntityOfPage":{"@id":"https:\/\/maranhaotv.com.br\/index.php\/2020\/09\/23\/alo-mp-prefeita-paula-contrata-empresa-por-mais-r-3-milhoes-faltando-pouco-mais-tres-meses-do-fim-de-seu-governo\/"},"wordCount":206,"commentCount":0,"publisher":{"@id":"https:\/\/maranhaotv.com.br\/#organization"},"image":{"@id":"https:\/\/maranhaotv.com.br\/index.php\/2020\/09\/23\/alo-mp-prefeita-paula-contrata-empresa-por-mais-r-3-milhoes-faltando-pouco-mais-tres-meses-do-fim-de-seu-governo\/#primaryimage"},"thumbnailUrl":"","keywords":["Paula Azevedo"],"articleSection":["not\u00edcias"],"inLanguage":"pt-BR","potentialAction":[{"@type":"CommentAction","name":"Comment","target":["https:\/\/maranhaotv.com.br\/index.php\/2020\/09\/23\/alo-mp-prefeita-paula-contrata-empresa-por-mais-r-3-milhoes-faltando-pouco-mais-tres-meses-do-fim-de-seu-governo\/#respond"]}]},{"@type":"WebPage","@id":"https:\/\/maranhaotv.com.br\/index.php\/2020\/09\/23\/alo-mp-prefeita-paula-contrata-empresa-por-mais-r-3-milhoes-faltando-pouco-mais-tres-meses-do-fim-de-seu-governo\/","url":"https:\/\/maranhaotv.com.br\/index.php\/2020\/09\/23\/alo-mp-prefeita-paula-contrata-empresa-por-mais-r-3-milhoes-faltando-pouco-mais-tres-meses-do-fim-de-seu-governo\/","name":"Al\u00f4 MP! Prefeita Paula contrata empresa por mais R$ 3 milh\u00f5es faltando pouco mais tr\u00eas meses do fim de seu governo - NOT\u00cdCIAS EM TEMPO REAL","isPartOf":{"@id":"https:\/\/maranhaotv.com.br\/#website"},"primaryImageOfPage":{"@id":"https:\/\/maranhaotv.com.br\/index.php\/2020\/09\/23\/alo-mp-prefeita-paula-contrata-empresa-por-mais-r-3-milhoes-faltando-pouco-mais-tres-meses-do-fim-de-seu-governo\/#primaryimage"},"image":{"@id":"https:\/\/maranhaotv.com.br\/index.php\/2020\/09\/23\/alo-mp-prefeita-paula-contrata-empresa-por-mais-r-3-milhoes-faltando-pouco-mais-tres-meses-do-fim-de-seu-governo\/#primaryimage"},"thumbnailUrl":"","datePublished":"2020-09-23T19:39:04+00:00","breadcrumb":{"@id":"https:\/\/maranhaotv.com.br\/index.php\/2020\/09\/23\/alo-mp-prefeita-paula-contrata-empresa-por-mais-r-3-milhoes-faltando-pouco-mais-tres-meses-do-fim-de-seu-governo\/#breadcrumb"},"inLanguage":"pt-BR","potentialAction":[{"@type":"ReadAction","target":["https:\/\/maranhaotv.com.br\/index.php\/2020\/09\/23\/alo-mp-prefeita-paula-contrata-empresa-por-mais-r-3-milhoes-faltando-pouco-mais-tres-meses-do-fim-de-seu-governo\/"]}]},{"@type":"ImageObject","inLanguage":"pt-BR","@id":"https:\/\/maranhaotv.com.br\/index.php\/2020\/09\/23\/alo-mp-prefeita-paula-contrata-empresa-por-mais-r-3-milhoes-faltando-pouco-mais-tres-meses-do-fim-de-seu-governo\/#primaryimage","url":"","contentUrl":""},{"@type":"BreadcrumbList","@id":"https:\/\/maranhaotv.com.br\/index.php\/2020\/09\/23\/alo-mp-prefeita-paula-contrata-empresa-por-mais-r-3-milhoes-faltando-pouco-mais-tres-meses-do-fim-de-seu-governo\/#breadcrumb","itemListElement":[{"@type":"ListItem","position":1,"name":"In\u00edcio","item":"https:\/\/maranhaotv.com.br\/"},{"@type":"ListItem","position":2,"name":"Al\u00f4 MP! Prefeita Paula contrata empresa por mais R$ 3 milh\u00f5es faltando pouco mais tr\u00eas meses do fim de seu governo"}]},{"@type":"WebSite","@id":"https:\/\/maranhaotv.com.br\/#website","url":"https:\/\/maranhaotv.com.br\/","name":"Maranh\u00e3oTV","description":"","publisher":{"@id":"https:\/\/maranhaotv.com.br\/#organization"},"potentialAction":[{"@type":"SearchAction","target":{"@type":"EntryPoint","urlTemplate":"https:\/\/maranhaotv.com.br\/?s={search_term_string}"},"query-input":{"@type":"PropertyValueSpecification","valueRequired":true,"valueName":"search_term_string"}}],"inLanguage":"pt-BR"},{"@type":"Organization","@id":"https:\/\/maranhaotv.com.br\/#organization","name":"Portal de Not\u00edcias","url":"https:\/\/maranhaotv.com.br\/","logo":{"@type":"ImageObject","inLanguage":"pt-BR","@id":"https:\/\/maranhaotv.com.br\/#\/schema\/logo\/image\/","url":"https:\/\/maranhaotv.com.br\/wp-content\/uploads\/2024\/05\/cropped-cropped-avatar-1.png","contentUrl":"https:\/\/maranhaotv.com.br\/wp-content\/uploads\/2024\/05\/cropped-cropped-avatar-1.png","width":792,"height":428,"caption":"Portal de Not\u00edcias"},"image":{"@id":"https:\/\/maranhaotv.com.br\/#\/schema\/logo\/image\/"},"sameAs":["https:\/\/www.facebook.com\/maiobaotv","https:\/\/x.com\/sitemaranhaotv","https:\/\/www.instagram.com\/maranhao.tv","https:\/\/www.threads.net\/@maranhao.tv"]},{"@type":"Person","@id":"https:\/\/maranhaotv.com.br\/#\/schema\/person\/3d54238e86b20bb5c89ab2fdb8f8829a","name":"maranhaotv","image":{"@type":"ImageObject","inLanguage":"pt-BR","@id":"https:\/\/secure.gravatar.com\/avatar\/8fadbca458d4cb68b1dd399ae9a40618d747bb1af65ac9fad21c89220a143eb4?s=96&d=mm&r=g","url":"https:\/\/secure.gravatar.com\/avatar\/8fadbca458d4cb68b1dd399ae9a40618d747bb1af65ac9fad21c89220a143eb4?s=96&d=mm&r=g","contentUrl":"https:\/\/secure.gravatar.com\/avatar\/8fadbca458d4cb68b1dd399ae9a40618d747bb1af65ac9fad21c89220a143eb4?s=96&d=mm&r=g","caption":"maranhaotv"},"sameAs":["https:\/\/maranhaotv.com.br\/"],"url":"https:\/\/maranhaotv.com.br\/index.php\/author\/maranhaotv\/"}]}},"jetpack_featured_media_url":"","jetpack_sharing_enabled":true,"_links":{"self":[{"href":"https:\/\/maranhaotv.com.br\/index.php\/wp-json\/wp\/v2\/posts\/15076","targetHints":{"allow":["GET"]}}],"collection":[{"href":"https:\/\/maranhaotv.com.br\/index.php\/wp-json\/wp\/v2\/posts"}],"about":[{"href":"https:\/\/maranhaotv.com.br\/index.php\/wp-json\/wp\/v2\/types\/post"}],"author":[{"embeddable":true,"href":"https:\/\/maranhaotv.com.br\/index.php\/wp-json\/wp\/v2\/users\/2"}],"replies":[{"embeddable":true,"href":"https:\/\/maranhaotv.com.br\/index.php\/wp-json\/wp\/v2\/comments?post=15076"}],"version-history":[{"count":0,"href":"https:\/\/maranhaotv.com.br\/index.php\/wp-json\/wp\/v2\/posts\/15076\/revisions"}],"wp:featuredmedia":[{"embeddable":true,"href":"https:\/\/maranhaotv.com.br\/index.php\/wp-json\/"}],"wp:attachment":[{"href":"https:\/\/maranhaotv.com.br\/index.php\/wp-json\/wp\/v2\/media?parent=15076"}],"wp:term":[{"taxonomy":"category","embeddable":true,"href":"https:\/\/maranhaotv.com.br\/index.php\/wp-json\/wp\/v2\/categories?post=15076"},{"taxonomy":"post_tag","embeddable":true,"href":"https:\/\/maranhaotv.com.br\/index.php\/wp-json\/wp\/v2\/tags?post=15076"}],"curies":[{"name":"wp","href":"https:\/\/api.w.org\/{rel}","templated":true}]}}