{"id":15082,"date":"2020-09-24T08:46:14","date_gmt":"2020-09-24T11:46:14","guid":{"rendered":"https:\/\/maiobaotv.com.br\/?p=15082"},"modified":"2020-09-24T08:46:14","modified_gmt":"2020-09-24T11:46:14","slug":"viana-estrada-das-colhereiras-comeca-a-receber-pavimentacao-e-moradores-comemoram","status":"publish","type":"post","link":"https:\/\/maranhaotv.com.br\/index.php\/2020\/09\/24\/viana-estrada-das-colhereiras-comeca-a-receber-pavimentacao-e-moradores-comemoram\/","title":{"rendered":"Viana: Estrada das Colhereiras come\u00e7a a receber pavimenta\u00e7\u00e3o e moradores comemoram"},"content":{"rendered":"<p>A Prefeitura de Viana iniciou os servi\u00e7os para pavimentar a Estrada das Colhereiras, um sonho realizado pelos moradores da regi\u00e3o, que j\u00e1 sofrem h\u00e1 anos com a estrada em m\u00e1s condi\u00e7\u00f5es.<br \/>\nViana que tem recebido diversos trabalhos de Infraestrutura, como a pavimenta\u00e7\u00e3o da Avenida Lu\u00eds de Almeida Couto, este j\u00e1 sendo finalizado.<br \/>\nAgora, o asfalto chegou aos moradores do Vinagre e Colhereiras, j\u00e1 que a pavimenta\u00e7\u00e3o come\u00e7a desde a Avenida Vasco da Gama e vai at\u00e9 o fim da Estrada.<\/p>\n<p>Magrado Barros que esteve no local h\u00e1 alguns meses atr\u00e1s, acompanhado do Chefe da Casa Civil, Marcelo Tavares, e alguns vereadores da base, disse que esse era um dos compromissos dele com os moradores da regi\u00e3o e que realizaria isso antes do seu primeiro mandato acabar. Magrado que \u00e9 pr\u00e9 candidato a reelei\u00e7\u00e3o em Viana.<\/p>\n<p>As obras encontram-se no per\u00edodo de drenagem e terraplanagem e em seguida a camada asf\u00e1ltica.<br \/>\nPara  empres\u00e1rios locais, como Seu Francico, o asfalto \u00e9 sin\u00f4nimo de aumento nas vendas. Ele j\u00e1 come\u00e7a a planejar a reforma do seu estabelecimento para atrair mais clientes.<\/p>\n<blockquote><p>\u201cEst\u00e1 ficando muito bom, com certeza vai melhorar nosso com\u00e9rcio. Aqui s\u00f3 tinha poeira e lama. E agora, com o asfalto, vai ser bem melhor. Com certeza vai melhorar as minhas vendas. E eu vou aproveitar e dar uma melhorada no com\u00e9rcio\u201d, vislumbra o comerciante, com entusiasmo.<\/p><\/blockquote>\n<p><img loading=\"lazy\" decoding=\"async\" src=\"https:\/\/maiobaotv.com.br\/wp-content\/uploads\/2020\/09\/img-20200923-wa0412783946354574701675.jpg\" class=\"wp-image-15084 alignnone size-full\" width=\"1280\" height=\"853\"><\/p>\n<p><img loading=\"lazy\" decoding=\"async\" src=\"https:\/\/maiobaotv.com.br\/wp-content\/uploads\/2020\/09\/img-20200923-wa0416362359797077469278.jpg\" class=\"wp-image-15085 alignnone size-full\" width=\"853\" height=\"1280\"><\/p>\n<p><img loading=\"lazy\" decoding=\"async\" src=\"https:\/\/maiobaotv.com.br\/wp-content\/uploads\/2020\/09\/img-20200923-wa04149120045885383541097.jpg\" class=\"alignnone size-full wp-image-15087\" width=\"1280\" height=\"853\"><\/p>\n<p><img loading=\"lazy\" decoding=\"async\" src=\"https:\/\/maiobaotv.com.br\/wp-content\/uploads\/2020\/09\/img-20200923-wa04158743081646067487818.jpg\" class=\"alignnone size-full wp-image-15086\" width=\"1280\" height=\"853\"><\/p>\n","protected":false},"excerpt":{"rendered":"<p>A Prefeitura de Viana iniciou os servi\u00e7os para pavimentar a Estrada das Colhereiras, um sonho realizado pelos moradores da regi\u00e3o,<\/p>\n","protected":false},"author":2,"featured_media":15089,"comment_status":"open","ping_status":"open","sticky":false,"template":"","format":"standard","meta":{"colormag_page_container_layout":"default_layout","colormag_page_sidebar_layout":"default_layout","_jetpack_memberships_contains_paid_content":false,"footnotes":""},"categories":[2],"tags":[17,5],"class_list":["post-15082","post","type-post","status-publish","format-standard","has-post-thumbnail","hentry","category-noticias","tag-magrado-barros","tag-viana"],"magazineBlocksPostFeaturedMedia":{"thumbnail":false,"medium":false,"medium_large":false,"large":false,"1536x1536":false,"2048x2048":false,"colormag-highlighted-post":false,"colormag-featured-post-medium":false,"colormag-featured-post-small":false,"colormag-featured-image":false,"colormag-default-news":false,"colormag-featured-image-large":false},"magazineBlocksPostAuthor":{"name":"maranhaotv","avatar":"https:\/\/secure.gravatar.com\/avatar\/8fadbca458d4cb68b1dd399ae9a40618d747bb1af65ac9fad21c89220a143eb4?s=96&d=mm&r=g"},"magazineBlocksPostCommentsNumber":"0","magazineBlocksPostExcerpt":"A Prefeitura de Viana iniciou os servi\u00e7os para pavimentar a Estrada das Colhereiras, um sonho realizado pelos moradores da regi\u00e3o,","magazineBlocksPostCategories":["not\u00edcias"],"magazineBlocksPostViewCount":205,"magazineBlocksPostReadTime":2,"magazine_blocks_featured_image_url":{"full":false,"medium":false,"thumbnail":false},"magazine_blocks_author":{"display_name":"maranhaotv","author_link":"https:\/\/maranhaotv.com.br\/index.php\/author\/maranhaotv\/"},"magazine_blocks_comment":0,"magazine_blocks_author_image":"https:\/\/secure.gravatar.com\/avatar\/8fadbca458d4cb68b1dd399ae9a40618d747bb1af65ac9fad21c89220a143eb4?s=96&d=mm&r=g","magazine_blocks_category":"<a href=\"#\" class=\"category-link category-link-2\">not\u00edcias<\/a>","yoast_head":"<!-- This site is optimized with the Yoast SEO plugin v27.4 - https:\/\/yoast.com\/product\/yoast-seo-wordpress\/ -->\n<title>Viana: Estrada das Colhereiras come\u00e7a a receber pavimenta\u00e7\u00e3o e moradores comemoram - NOT\u00cdCIAS EM TEMPO REAL<\/title>\n<meta name=\"robots\" content=\"index, follow, max-snippet:-1, max-image-preview:large, max-video-preview:-1\" \/>\n<link rel=\"canonical\" href=\"https:\/\/maranhaotv.com.br\/index.php\/2020\/09\/24\/viana-estrada-das-colhereiras-comeca-a-receber-pavimentacao-e-moradores-comemoram\/\" \/>\n<meta property=\"og:locale\" content=\"pt_BR\" \/>\n<meta property=\"og:type\" content=\"article\" \/>\n<meta property=\"og:title\" content=\"Viana: Estrada das Colhereiras come\u00e7a a receber pavimenta\u00e7\u00e3o e moradores comemoram - NOT\u00cdCIAS EM TEMPO REAL\" \/>\n<meta property=\"og:description\" content=\"A Prefeitura de Viana iniciou os servi\u00e7os para pavimentar a Estrada das Colhereiras, um sonho realizado pelos moradores da regi\u00e3o,\" \/>\n<meta property=\"og:url\" content=\"https:\/\/maranhaotv.com.br\/index.php\/2020\/09\/24\/viana-estrada-das-colhereiras-comeca-a-receber-pavimentacao-e-moradores-comemoram\/\" \/>\n<meta property=\"og:site_name\" content=\"NOT\u00cdCIAS EM TEMPO REAL\" \/>\n<meta property=\"article:publisher\" content=\"https:\/\/www.facebook.com\/maiobaotv\" \/>\n<meta property=\"article:published_time\" content=\"2020-09-24T11:46:14+00:00\" \/>\n<meta name=\"author\" content=\"maranhaotv\" \/>\n<meta name=\"twitter:card\" content=\"summary_large_image\" \/>\n<meta name=\"twitter:creator\" content=\"@sitemaranhaotv\" \/>\n<meta name=\"twitter:site\" content=\"@sitemaranhaotv\" \/>\n<meta name=\"twitter:label1\" content=\"Escrito por\" \/>\n\t<meta name=\"twitter:data1\" content=\"maranhaotv\" \/>\n\t<meta name=\"twitter:label2\" content=\"Est. tempo de leitura\" \/>\n\t<meta name=\"twitter:data2\" content=\"1 minuto\" \/>\n<script type=\"application\/ld+json\" class=\"yoast-schema-graph\">{\"@context\":\"https:\\\/\\\/schema.org\",\"@graph\":[{\"@type\":\"Article\",\"@id\":\"https:\\\/\\\/maranhaotv.com.br\\\/index.php\\\/2020\\\/09\\\/24\\\/viana-estrada-das-colhereiras-comeca-a-receber-pavimentacao-e-moradores-comemoram\\\/#article\",\"isPartOf\":{\"@id\":\"https:\\\/\\\/maranhaotv.com.br\\\/index.php\\\/2020\\\/09\\\/24\\\/viana-estrada-das-colhereiras-comeca-a-receber-pavimentacao-e-moradores-comemoram\\\/\"},\"author\":{\"name\":\"maranhaotv\",\"@id\":\"https:\\\/\\\/maranhaotv.com.br\\\/#\\\/schema\\\/person\\\/3d54238e86b20bb5c89ab2fdb8f8829a\"},\"headline\":\"Viana: Estrada das Colhereiras come\u00e7a a receber pavimenta\u00e7\u00e3o e moradores comemoram\",\"datePublished\":\"2020-09-24T11:46:14+00:00\",\"mainEntityOfPage\":{\"@id\":\"https:\\\/\\\/maranhaotv.com.br\\\/index.php\\\/2020\\\/09\\\/24\\\/viana-estrada-das-colhereiras-comeca-a-receber-pavimentacao-e-moradores-comemoram\\\/\"},\"wordCount\":254,\"commentCount\":0,\"publisher\":{\"@id\":\"https:\\\/\\\/maranhaotv.com.br\\\/#organization\"},\"image\":{\"@id\":\"https:\\\/\\\/maranhaotv.com.br\\\/index.php\\\/2020\\\/09\\\/24\\\/viana-estrada-das-colhereiras-comeca-a-receber-pavimentacao-e-moradores-comemoram\\\/#primaryimage\"},\"thumbnailUrl\":\"\",\"keywords\":[\"Magrado Barros\",\"Viana\"],\"articleSection\":[\"not\u00edcias\"],\"inLanguage\":\"pt-BR\",\"potentialAction\":[{\"@type\":\"CommentAction\",\"name\":\"Comment\",\"target\":[\"https:\\\/\\\/maranhaotv.com.br\\\/index.php\\\/2020\\\/09\\\/24\\\/viana-estrada-das-colhereiras-comeca-a-receber-pavimentacao-e-moradores-comemoram\\\/#respond\"]}]},{\"@type\":\"WebPage\",\"@id\":\"https:\\\/\\\/maranhaotv.com.br\\\/index.php\\\/2020\\\/09\\\/24\\\/viana-estrada-das-colhereiras-comeca-a-receber-pavimentacao-e-moradores-comemoram\\\/\",\"url\":\"https:\\\/\\\/maranhaotv.com.br\\\/index.php\\\/2020\\\/09\\\/24\\\/viana-estrada-das-colhereiras-comeca-a-receber-pavimentacao-e-moradores-comemoram\\\/\",\"name\":\"Viana: Estrada das Colhereiras come\u00e7a a receber pavimenta\u00e7\u00e3o e moradores comemoram - NOT\u00cdCIAS EM TEMPO REAL\",\"isPartOf\":{\"@id\":\"https:\\\/\\\/maranhaotv.com.br\\\/#website\"},\"primaryImageOfPage\":{\"@id\":\"https:\\\/\\\/maranhaotv.com.br\\\/index.php\\\/2020\\\/09\\\/24\\\/viana-estrada-das-colhereiras-comeca-a-receber-pavimentacao-e-moradores-comemoram\\\/#primaryimage\"},\"image\":{\"@id\":\"https:\\\/\\\/maranhaotv.com.br\\\/index.php\\\/2020\\\/09\\\/24\\\/viana-estrada-das-colhereiras-comeca-a-receber-pavimentacao-e-moradores-comemoram\\\/#primaryimage\"},\"thumbnailUrl\":\"\",\"datePublished\":\"2020-09-24T11:46:14+00:00\",\"breadcrumb\":{\"@id\":\"https:\\\/\\\/maranhaotv.com.br\\\/index.php\\\/2020\\\/09\\\/24\\\/viana-estrada-das-colhereiras-comeca-a-receber-pavimentacao-e-moradores-comemoram\\\/#breadcrumb\"},\"inLanguage\":\"pt-BR\",\"potentialAction\":[{\"@type\":\"ReadAction\",\"target\":[\"https:\\\/\\\/maranhaotv.com.br\\\/index.php\\\/2020\\\/09\\\/24\\\/viana-estrada-das-colhereiras-comeca-a-receber-pavimentacao-e-moradores-comemoram\\\/\"]}]},{\"@type\":\"ImageObject\",\"inLanguage\":\"pt-BR\",\"@id\":\"https:\\\/\\\/maranhaotv.com.br\\\/index.php\\\/2020\\\/09\\\/24\\\/viana-estrada-das-colhereiras-comeca-a-receber-pavimentacao-e-moradores-comemoram\\\/#primaryimage\",\"url\":\"\",\"contentUrl\":\"\"},{\"@type\":\"BreadcrumbList\",\"@id\":\"https:\\\/\\\/maranhaotv.com.br\\\/index.php\\\/2020\\\/09\\\/24\\\/viana-estrada-das-colhereiras-comeca-a-receber-pavimentacao-e-moradores-comemoram\\\/#breadcrumb\",\"itemListElement\":[{\"@type\":\"ListItem\",\"position\":1,\"name\":\"In\u00edcio\",\"item\":\"https:\\\/\\\/maranhaotv.com.br\\\/\"},{\"@type\":\"ListItem\",\"position\":2,\"name\":\"Viana: Estrada das Colhereiras come\u00e7a a receber pavimenta\u00e7\u00e3o e moradores comemoram\"}]},{\"@type\":\"WebSite\",\"@id\":\"https:\\\/\\\/maranhaotv.com.br\\\/#website\",\"url\":\"https:\\\/\\\/maranhaotv.com.br\\\/\",\"name\":\"Maranh\u00e3oTV\",\"description\":\"\",\"publisher\":{\"@id\":\"https:\\\/\\\/maranhaotv.com.br\\\/#organization\"},\"potentialAction\":[{\"@type\":\"SearchAction\",\"target\":{\"@type\":\"EntryPoint\",\"urlTemplate\":\"https:\\\/\\\/maranhaotv.com.br\\\/?s={search_term_string}\"},\"query-input\":{\"@type\":\"PropertyValueSpecification\",\"valueRequired\":true,\"valueName\":\"search_term_string\"}}],\"inLanguage\":\"pt-BR\"},{\"@type\":\"Organization\",\"@id\":\"https:\\\/\\\/maranhaotv.com.br\\\/#organization\",\"name\":\"Portal de Not\u00edcias\",\"url\":\"https:\\\/\\\/maranhaotv.com.br\\\/\",\"logo\":{\"@type\":\"ImageObject\",\"inLanguage\":\"pt-BR\",\"@id\":\"https:\\\/\\\/maranhaotv.com.br\\\/#\\\/schema\\\/logo\\\/image\\\/\",\"url\":\"https:\\\/\\\/maranhaotv.com.br\\\/wp-content\\\/uploads\\\/2024\\\/05\\\/cropped-cropped-avatar-1.png\",\"contentUrl\":\"https:\\\/\\\/maranhaotv.com.br\\\/wp-content\\\/uploads\\\/2024\\\/05\\\/cropped-cropped-avatar-1.png\",\"width\":792,\"height\":428,\"caption\":\"Portal de Not\u00edcias\"},\"image\":{\"@id\":\"https:\\\/\\\/maranhaotv.com.br\\\/#\\\/schema\\\/logo\\\/image\\\/\"},\"sameAs\":[\"https:\\\/\\\/www.facebook.com\\\/maiobaotv\",\"https:\\\/\\\/x.com\\\/sitemaranhaotv\",\"https:\\\/\\\/www.instagram.com\\\/maranhao.tv\",\"https:\\\/\\\/www.threads.net\\\/@maranhao.tv\"]},{\"@type\":\"Person\",\"@id\":\"https:\\\/\\\/maranhaotv.com.br\\\/#\\\/schema\\\/person\\\/3d54238e86b20bb5c89ab2fdb8f8829a\",\"name\":\"maranhaotv\",\"image\":{\"@type\":\"ImageObject\",\"inLanguage\":\"pt-BR\",\"@id\":\"https:\\\/\\\/secure.gravatar.com\\\/avatar\\\/8fadbca458d4cb68b1dd399ae9a40618d747bb1af65ac9fad21c89220a143eb4?s=96&d=mm&r=g\",\"url\":\"https:\\\/\\\/secure.gravatar.com\\\/avatar\\\/8fadbca458d4cb68b1dd399ae9a40618d747bb1af65ac9fad21c89220a143eb4?s=96&d=mm&r=g\",\"contentUrl\":\"https:\\\/\\\/secure.gravatar.com\\\/avatar\\\/8fadbca458d4cb68b1dd399ae9a40618d747bb1af65ac9fad21c89220a143eb4?s=96&d=mm&r=g\",\"caption\":\"maranhaotv\"},\"sameAs\":[\"https:\\\/\\\/maranhaotv.com.br\\\/\"],\"url\":\"https:\\\/\\\/maranhaotv.com.br\\\/index.php\\\/author\\\/maranhaotv\\\/\"}]}<\/script>\n<!-- \/ Yoast SEO plugin. -->","yoast_head_json":{"title":"Viana: Estrada das Colhereiras come\u00e7a a receber pavimenta\u00e7\u00e3o e moradores comemoram - NOT\u00cdCIAS EM TEMPO REAL","robots":{"index":"index","follow":"follow","max-snippet":"max-snippet:-1","max-image-preview":"max-image-preview:large","max-video-preview":"max-video-preview:-1"},"canonical":"https:\/\/maranhaotv.com.br\/index.php\/2020\/09\/24\/viana-estrada-das-colhereiras-comeca-a-receber-pavimentacao-e-moradores-comemoram\/","og_locale":"pt_BR","og_type":"article","og_title":"Viana: Estrada das Colhereiras come\u00e7a a receber pavimenta\u00e7\u00e3o e moradores comemoram - NOT\u00cdCIAS EM TEMPO REAL","og_description":"A Prefeitura de Viana iniciou os servi\u00e7os para pavimentar a Estrada das Colhereiras, um sonho realizado pelos moradores da regi\u00e3o,","og_url":"https:\/\/maranhaotv.com.br\/index.php\/2020\/09\/24\/viana-estrada-das-colhereiras-comeca-a-receber-pavimentacao-e-moradores-comemoram\/","og_site_name":"NOT\u00cdCIAS EM TEMPO REAL","article_publisher":"https:\/\/www.facebook.com\/maiobaotv","article_published_time":"2020-09-24T11:46:14+00:00","author":"maranhaotv","twitter_card":"summary_large_image","twitter_creator":"@sitemaranhaotv","twitter_site":"@sitemaranhaotv","twitter_misc":{"Escrito por":"maranhaotv","Est. tempo de leitura":"1 minuto"},"schema":{"@context":"https:\/\/schema.org","@graph":[{"@type":"Article","@id":"https:\/\/maranhaotv.com.br\/index.php\/2020\/09\/24\/viana-estrada-das-colhereiras-comeca-a-receber-pavimentacao-e-moradores-comemoram\/#article","isPartOf":{"@id":"https:\/\/maranhaotv.com.br\/index.php\/2020\/09\/24\/viana-estrada-das-colhereiras-comeca-a-receber-pavimentacao-e-moradores-comemoram\/"},"author":{"name":"maranhaotv","@id":"https:\/\/maranhaotv.com.br\/#\/schema\/person\/3d54238e86b20bb5c89ab2fdb8f8829a"},"headline":"Viana: Estrada das Colhereiras come\u00e7a a receber pavimenta\u00e7\u00e3o e moradores comemoram","datePublished":"2020-09-24T11:46:14+00:00","mainEntityOfPage":{"@id":"https:\/\/maranhaotv.com.br\/index.php\/2020\/09\/24\/viana-estrada-das-colhereiras-comeca-a-receber-pavimentacao-e-moradores-comemoram\/"},"wordCount":254,"commentCount":0,"publisher":{"@id":"https:\/\/maranhaotv.com.br\/#organization"},"image":{"@id":"https:\/\/maranhaotv.com.br\/index.php\/2020\/09\/24\/viana-estrada-das-colhereiras-comeca-a-receber-pavimentacao-e-moradores-comemoram\/#primaryimage"},"thumbnailUrl":"","keywords":["Magrado Barros","Viana"],"articleSection":["not\u00edcias"],"inLanguage":"pt-BR","potentialAction":[{"@type":"CommentAction","name":"Comment","target":["https:\/\/maranhaotv.com.br\/index.php\/2020\/09\/24\/viana-estrada-das-colhereiras-comeca-a-receber-pavimentacao-e-moradores-comemoram\/#respond"]}]},{"@type":"WebPage","@id":"https:\/\/maranhaotv.com.br\/index.php\/2020\/09\/24\/viana-estrada-das-colhereiras-comeca-a-receber-pavimentacao-e-moradores-comemoram\/","url":"https:\/\/maranhaotv.com.br\/index.php\/2020\/09\/24\/viana-estrada-das-colhereiras-comeca-a-receber-pavimentacao-e-moradores-comemoram\/","name":"Viana: Estrada das Colhereiras come\u00e7a a receber pavimenta\u00e7\u00e3o e moradores comemoram - NOT\u00cdCIAS EM TEMPO REAL","isPartOf":{"@id":"https:\/\/maranhaotv.com.br\/#website"},"primaryImageOfPage":{"@id":"https:\/\/maranhaotv.com.br\/index.php\/2020\/09\/24\/viana-estrada-das-colhereiras-comeca-a-receber-pavimentacao-e-moradores-comemoram\/#primaryimage"},"image":{"@id":"https:\/\/maranhaotv.com.br\/index.php\/2020\/09\/24\/viana-estrada-das-colhereiras-comeca-a-receber-pavimentacao-e-moradores-comemoram\/#primaryimage"},"thumbnailUrl":"","datePublished":"2020-09-24T11:46:14+00:00","breadcrumb":{"@id":"https:\/\/maranhaotv.com.br\/index.php\/2020\/09\/24\/viana-estrada-das-colhereiras-comeca-a-receber-pavimentacao-e-moradores-comemoram\/#breadcrumb"},"inLanguage":"pt-BR","potentialAction":[{"@type":"ReadAction","target":["https:\/\/maranhaotv.com.br\/index.php\/2020\/09\/24\/viana-estrada-das-colhereiras-comeca-a-receber-pavimentacao-e-moradores-comemoram\/"]}]},{"@type":"ImageObject","inLanguage":"pt-BR","@id":"https:\/\/maranhaotv.com.br\/index.php\/2020\/09\/24\/viana-estrada-das-colhereiras-comeca-a-receber-pavimentacao-e-moradores-comemoram\/#primaryimage","url":"","contentUrl":""},{"@type":"BreadcrumbList","@id":"https:\/\/maranhaotv.com.br\/index.php\/2020\/09\/24\/viana-estrada-das-colhereiras-comeca-a-receber-pavimentacao-e-moradores-comemoram\/#breadcrumb","itemListElement":[{"@type":"ListItem","position":1,"name":"In\u00edcio","item":"https:\/\/maranhaotv.com.br\/"},{"@type":"ListItem","position":2,"name":"Viana: Estrada das Colhereiras come\u00e7a a receber pavimenta\u00e7\u00e3o e moradores comemoram"}]},{"@type":"WebSite","@id":"https:\/\/maranhaotv.com.br\/#website","url":"https:\/\/maranhaotv.com.br\/","name":"Maranh\u00e3oTV","description":"","publisher":{"@id":"https:\/\/maranhaotv.com.br\/#organization"},"potentialAction":[{"@type":"SearchAction","target":{"@type":"EntryPoint","urlTemplate":"https:\/\/maranhaotv.com.br\/?s={search_term_string}"},"query-input":{"@type":"PropertyValueSpecification","valueRequired":true,"valueName":"search_term_string"}}],"inLanguage":"pt-BR"},{"@type":"Organization","@id":"https:\/\/maranhaotv.com.br\/#organization","name":"Portal de Not\u00edcias","url":"https:\/\/maranhaotv.com.br\/","logo":{"@type":"ImageObject","inLanguage":"pt-BR","@id":"https:\/\/maranhaotv.com.br\/#\/schema\/logo\/image\/","url":"https:\/\/maranhaotv.com.br\/wp-content\/uploads\/2024\/05\/cropped-cropped-avatar-1.png","contentUrl":"https:\/\/maranhaotv.com.br\/wp-content\/uploads\/2024\/05\/cropped-cropped-avatar-1.png","width":792,"height":428,"caption":"Portal de Not\u00edcias"},"image":{"@id":"https:\/\/maranhaotv.com.br\/#\/schema\/logo\/image\/"},"sameAs":["https:\/\/www.facebook.com\/maiobaotv","https:\/\/x.com\/sitemaranhaotv","https:\/\/www.instagram.com\/maranhao.tv","https:\/\/www.threads.net\/@maranhao.tv"]},{"@type":"Person","@id":"https:\/\/maranhaotv.com.br\/#\/schema\/person\/3d54238e86b20bb5c89ab2fdb8f8829a","name":"maranhaotv","image":{"@type":"ImageObject","inLanguage":"pt-BR","@id":"https:\/\/secure.gravatar.com\/avatar\/8fadbca458d4cb68b1dd399ae9a40618d747bb1af65ac9fad21c89220a143eb4?s=96&d=mm&r=g","url":"https:\/\/secure.gravatar.com\/avatar\/8fadbca458d4cb68b1dd399ae9a40618d747bb1af65ac9fad21c89220a143eb4?s=96&d=mm&r=g","contentUrl":"https:\/\/secure.gravatar.com\/avatar\/8fadbca458d4cb68b1dd399ae9a40618d747bb1af65ac9fad21c89220a143eb4?s=96&d=mm&r=g","caption":"maranhaotv"},"sameAs":["https:\/\/maranhaotv.com.br\/"],"url":"https:\/\/maranhaotv.com.br\/index.php\/author\/maranhaotv\/"}]}},"jetpack_featured_media_url":"","jetpack_sharing_enabled":true,"_links":{"self":[{"href":"https:\/\/maranhaotv.com.br\/index.php\/wp-json\/wp\/v2\/posts\/15082","targetHints":{"allow":["GET"]}}],"collection":[{"href":"https:\/\/maranhaotv.com.br\/index.php\/wp-json\/wp\/v2\/posts"}],"about":[{"href":"https:\/\/maranhaotv.com.br\/index.php\/wp-json\/wp\/v2\/types\/post"}],"author":[{"embeddable":true,"href":"https:\/\/maranhaotv.com.br\/index.php\/wp-json\/wp\/v2\/users\/2"}],"replies":[{"embeddable":true,"href":"https:\/\/maranhaotv.com.br\/index.php\/wp-json\/wp\/v2\/comments?post=15082"}],"version-history":[{"count":0,"href":"https:\/\/maranhaotv.com.br\/index.php\/wp-json\/wp\/v2\/posts\/15082\/revisions"}],"wp:featuredmedia":[{"embeddable":true,"href":"https:\/\/maranhaotv.com.br\/index.php\/wp-json\/"}],"wp:attachment":[{"href":"https:\/\/maranhaotv.com.br\/index.php\/wp-json\/wp\/v2\/media?parent=15082"}],"wp:term":[{"taxonomy":"category","embeddable":true,"href":"https:\/\/maranhaotv.com.br\/index.php\/wp-json\/wp\/v2\/categories?post=15082"},{"taxonomy":"post_tag","embeddable":true,"href":"https:\/\/maranhaotv.com.br\/index.php\/wp-json\/wp\/v2\/tags?post=15082"}],"curies":[{"name":"wp","href":"https:\/\/api.w.org\/{rel}","templated":true}]}}