{"id":15106,"date":"2020-09-24T17:36:16","date_gmt":"2020-09-24T20:36:16","guid":{"rendered":"https:\/\/maiobaotv.com.br\/?p=15106"},"modified":"2020-09-24T17:36:16","modified_gmt":"2020-09-24T20:36:16","slug":"ex-prefeita-ostentacao-e-condenada-a-devolver-mais-de-r-1-milhao-aos-cofres-publicos","status":"publish","type":"post","link":"https:\/\/maranhaotv.com.br\/index.php\/2020\/09\/24\/ex-prefeita-ostentacao-e-condenada-a-devolver-mais-de-r-1-milhao-aos-cofres-publicos\/","title":{"rendered":"Ex-prefeita ostenta\u00e7\u00e3o \u00e9 condenada a devolver mais de R$ 1 milh\u00e3o aos cofres p\u00fablicos"},"content":{"rendered":"<p>A ex-prefeita do munic\u00edpio de Bom Jardim (2013-2015), Lidiane Leite da Silva, foi condenada pelo TCE-MA, em dois processos por conv\u00eanios considerados irregulares, a devolver aos cofres p\u00fablicos a quantia de R$ 1.066.024,79 e a pagar multas no valor de R$106.602,47.<\/p>\n<p>O conselheiro-substituto, Melquizedeque Nava, acatou parecer do Minist\u00e9rio P\u00fablico de Contas no processo 1760\/2018, pelo julgamento irregular das contas do Conv\u00eanio n\u00ba19\/2013, feito com a Secretaria de Cidades e Desenvolvimento Urbano \u2013 Secid, em quen\u00e3o houve presta\u00e7\u00e3o de contas dos recursos recebidos pelo munic\u00edpio.Nesse processo, a ex-prefeita foi condenada ao pagamento de R$ 601.522,65, com os devidos acr\u00e9scimos legais, al\u00e9m da aplica\u00e7\u00e3o de multa de R$ 60.152,26.<\/p>\n<p>Malrinete dos Santos Matos, que assumiu definitivamente a prefeitura em setembro de 2015, foi condenada a pagar uma multa de R$ 5.000,00 (cinco mil reais), por n\u00e3o haver recomendado ao \u00f3rg\u00e3o competente a instaura\u00e7\u00e3o de tomada de contas especial.<\/p>\n<p>No processo n\u00ba 1790\/2018, o conselheiro-substituto Melquizedeque Nava tamb\u00e9m acatou parecer do Minist\u00e9rio P\u00fablico de Contas, condenando Lidiane Leite da Silva ao pagamento de R$ 464.502,14, com os devidos acr\u00e9scimos legais, por conta do munic\u00edpio de Bom Jardim n\u00e3o ter prestado contas da primeira parcela do Conv\u00eanio n\u00ba 253\/2013, tamb\u00e9m com a Secid. Foi aplicada ainda \u00e0 Lidiane Silva a multa de R$ 46.450,21.<\/p>\n<p>Tamb\u00e9m neste processo Malrinete dos Santos Matos, prefeita de Bom Jardim a partir de 09\/2015, foi condenada ao pagamento de multa de R$ 5.000,00, pelo mesmo motivo do processo anterior.<\/p>\n<p>Prefeita ostenta\u00e7\u00e3o \u2013 Lidiane Silva ficou conhecida nacional e internacionalmente como prefeita ostenta\u00e7\u00e3o por exibir sem qualquer preocupa\u00e7\u00e3o fotos de luxo nas redes sociais e por ser acusada de desvio da verba da merenda escolar. A prefeita chamou aten\u00e7\u00e3o com a rotina de viagens, festas, roupas caras, ve\u00edculos e passeios de luxo, incompat\u00edvel com o sal\u00e1rio de pouco mais de R$ 12 mil que recebia como prefeita de Bom Jardim. Em um dos seus posts mais pol\u00eamicos, ela afirmava: &#8220;Devia era comprar um carro mais luxuoso pq gra\u00e7as a Deus o dinheiro ta sobrando (sic)&#8221;.<\/p>\n<p>Em agosto de 2014, Lidiane tornou-se alvo da Opera\u00e7\u00e3o \u00c9den da Pol\u00edcia Federal do Maranh\u00e3o. A gestora foi acusada de desviar recursos do Fundeb, do PNAE (Programa Nacional de Alimenta\u00e7\u00e3o Escolar), da reforma das escolas e das refei\u00e7\u00f5es destinadas aos estudantes. Ap\u00f3s onze dias presa, Lidiane Leite conseguiu obter na justi\u00e7a a revoga\u00e7\u00e3o de sua pris\u00e3o. Por\u00e9m, foi decidido que passaria a usar uma tornozeleira.<\/p>\n<p>Em 09 de agosto de 2016, Lidiane foi reempossada como prefeita de Bom Jardim. A volta se devia ao fato da C\u00e2mara Municipal de Bom Jardim ter revogado um decreto que havia decidido pela perda do mandato de Lidiane. Em 11 de agosto de 2016, Lidiane \u00e9 novamente afastada (pela quinta vez), a pedido do promotor F\u00e1bio Santos de Oliveira, titular do munic\u00edpio, e acatado pela ju\u00edza Leoneide Delfina Barros, da 2\u00ba Comarca de Z\u00e9 Doca.<\/p>\n<p>Em novembro de 2019, Lidiane foi condenada a seis anos e quatro meses de pris\u00e3o em regime semiaberto por desvio de R$ 3,5 milh\u00f5es em contratos superfaturados para execu\u00e7\u00e3o de obras de infraestrutura em estradas vicinais na zona rural do munic\u00edpio. De acordo com o Minist\u00e9rio P\u00fablico do Maranh\u00e3o, os servi\u00e7os foram contratados por licita\u00e7\u00e3o fraudulenta<\/p>\n","protected":false},"excerpt":{"rendered":"<p>A ex-prefeita do munic\u00edpio de Bom Jardim (2013-2015), Lidiane Leite da Silva, foi condenada pelo TCE-MA, em dois processos por<\/p>\n","protected":false},"author":2,"featured_media":15108,"comment_status":"open","ping_status":"open","sticky":false,"template":"","format":"standard","meta":{"colormag_page_container_layout":"default_layout","colormag_page_sidebar_layout":"default_layout","_jetpack_memberships_contains_paid_content":false,"footnotes":""},"categories":[2],"tags":[249],"class_list":["post-15106","post","type-post","status-publish","format-standard","has-post-thumbnail","hentry","category-noticias","tag-bom-jardim"],"magazineBlocksPostFeaturedMedia":{"thumbnail":false,"medium":false,"medium_large":false,"large":false,"1536x1536":false,"2048x2048":false,"colormag-highlighted-post":false,"colormag-featured-post-medium":false,"colormag-featured-post-small":false,"colormag-featured-image":false,"colormag-default-news":false,"colormag-featured-image-large":false},"magazineBlocksPostAuthor":{"name":"maranhaotv","avatar":"https:\/\/secure.gravatar.com\/avatar\/8fadbca458d4cb68b1dd399ae9a40618d747bb1af65ac9fad21c89220a143eb4?s=96&d=mm&r=g"},"magazineBlocksPostCommentsNumber":"0","magazineBlocksPostExcerpt":"A ex-prefeita do munic\u00edpio de Bom Jardim (2013-2015), Lidiane Leite da Silva, foi condenada pelo TCE-MA, em dois processos por","magazineBlocksPostCategories":["not\u00edcias"],"magazineBlocksPostViewCount":310,"magazineBlocksPostReadTime":3,"magazine_blocks_featured_image_url":{"full":false,"medium":false,"thumbnail":false},"magazine_blocks_author":{"display_name":"maranhaotv","author_link":"https:\/\/maranhaotv.com.br\/index.php\/author\/maranhaotv\/"},"magazine_blocks_comment":0,"magazine_blocks_author_image":"https:\/\/secure.gravatar.com\/avatar\/8fadbca458d4cb68b1dd399ae9a40618d747bb1af65ac9fad21c89220a143eb4?s=96&d=mm&r=g","magazine_blocks_category":"<a href=\"#\" class=\"category-link category-link-2\">not\u00edcias<\/a>","yoast_head":"<!-- This site is optimized with the Yoast SEO plugin v27.4 - https:\/\/yoast.com\/product\/yoast-seo-wordpress\/ -->\n<title>Ex-prefeita ostenta\u00e7\u00e3o \u00e9 condenada a devolver mais de R$ 1 milh\u00e3o aos cofres p\u00fablicos - NOT\u00cdCIAS EM TEMPO REAL<\/title>\n<meta name=\"robots\" content=\"index, follow, max-snippet:-1, max-image-preview:large, max-video-preview:-1\" \/>\n<link rel=\"canonical\" href=\"https:\/\/maranhaotv.com.br\/index.php\/2020\/09\/24\/ex-prefeita-ostentacao-e-condenada-a-devolver-mais-de-r-1-milhao-aos-cofres-publicos\/\" \/>\n<meta property=\"og:locale\" content=\"pt_BR\" \/>\n<meta property=\"og:type\" content=\"article\" \/>\n<meta property=\"og:title\" content=\"Ex-prefeita ostenta\u00e7\u00e3o \u00e9 condenada a devolver mais de R$ 1 milh\u00e3o aos cofres p\u00fablicos - NOT\u00cdCIAS EM TEMPO REAL\" \/>\n<meta property=\"og:description\" content=\"A ex-prefeita do munic\u00edpio de Bom Jardim (2013-2015), Lidiane Leite da Silva, foi condenada pelo TCE-MA, em dois processos por\" \/>\n<meta property=\"og:url\" content=\"https:\/\/maranhaotv.com.br\/index.php\/2020\/09\/24\/ex-prefeita-ostentacao-e-condenada-a-devolver-mais-de-r-1-milhao-aos-cofres-publicos\/\" \/>\n<meta property=\"og:site_name\" content=\"NOT\u00cdCIAS EM TEMPO REAL\" \/>\n<meta property=\"article:publisher\" content=\"https:\/\/www.facebook.com\/maiobaotv\" \/>\n<meta property=\"article:published_time\" content=\"2020-09-24T20:36:16+00:00\" \/>\n<meta name=\"author\" content=\"maranhaotv\" \/>\n<meta name=\"twitter:card\" content=\"summary_large_image\" \/>\n<meta name=\"twitter:creator\" content=\"@sitemaranhaotv\" \/>\n<meta name=\"twitter:site\" content=\"@sitemaranhaotv\" \/>\n<meta name=\"twitter:label1\" content=\"Escrito por\" \/>\n\t<meta name=\"twitter:data1\" content=\"maranhaotv\" \/>\n\t<meta name=\"twitter:label2\" content=\"Est. tempo de leitura\" \/>\n\t<meta name=\"twitter:data2\" content=\"3 minutos\" \/>\n<script type=\"application\/ld+json\" class=\"yoast-schema-graph\">{\"@context\":\"https:\\\/\\\/schema.org\",\"@graph\":[{\"@type\":\"Article\",\"@id\":\"https:\\\/\\\/maranhaotv.com.br\\\/index.php\\\/2020\\\/09\\\/24\\\/ex-prefeita-ostentacao-e-condenada-a-devolver-mais-de-r-1-milhao-aos-cofres-publicos\\\/#article\",\"isPartOf\":{\"@id\":\"https:\\\/\\\/maranhaotv.com.br\\\/index.php\\\/2020\\\/09\\\/24\\\/ex-prefeita-ostentacao-e-condenada-a-devolver-mais-de-r-1-milhao-aos-cofres-publicos\\\/\"},\"author\":{\"name\":\"maranhaotv\",\"@id\":\"https:\\\/\\\/maranhaotv.com.br\\\/#\\\/schema\\\/person\\\/3d54238e86b20bb5c89ab2fdb8f8829a\"},\"headline\":\"Ex-prefeita ostenta\u00e7\u00e3o \u00e9 condenada a devolver mais de R$ 1 milh\u00e3o aos cofres p\u00fablicos\",\"datePublished\":\"2020-09-24T20:36:16+00:00\",\"mainEntityOfPage\":{\"@id\":\"https:\\\/\\\/maranhaotv.com.br\\\/index.php\\\/2020\\\/09\\\/24\\\/ex-prefeita-ostentacao-e-condenada-a-devolver-mais-de-r-1-milhao-aos-cofres-publicos\\\/\"},\"wordCount\":580,\"commentCount\":0,\"publisher\":{\"@id\":\"https:\\\/\\\/maranhaotv.com.br\\\/#organization\"},\"image\":{\"@id\":\"https:\\\/\\\/maranhaotv.com.br\\\/index.php\\\/2020\\\/09\\\/24\\\/ex-prefeita-ostentacao-e-condenada-a-devolver-mais-de-r-1-milhao-aos-cofres-publicos\\\/#primaryimage\"},\"thumbnailUrl\":\"\",\"keywords\":[\"Bom Jardim\"],\"articleSection\":[\"not\u00edcias\"],\"inLanguage\":\"pt-BR\",\"potentialAction\":[{\"@type\":\"CommentAction\",\"name\":\"Comment\",\"target\":[\"https:\\\/\\\/maranhaotv.com.br\\\/index.php\\\/2020\\\/09\\\/24\\\/ex-prefeita-ostentacao-e-condenada-a-devolver-mais-de-r-1-milhao-aos-cofres-publicos\\\/#respond\"]}]},{\"@type\":\"WebPage\",\"@id\":\"https:\\\/\\\/maranhaotv.com.br\\\/index.php\\\/2020\\\/09\\\/24\\\/ex-prefeita-ostentacao-e-condenada-a-devolver-mais-de-r-1-milhao-aos-cofres-publicos\\\/\",\"url\":\"https:\\\/\\\/maranhaotv.com.br\\\/index.php\\\/2020\\\/09\\\/24\\\/ex-prefeita-ostentacao-e-condenada-a-devolver-mais-de-r-1-milhao-aos-cofres-publicos\\\/\",\"name\":\"Ex-prefeita ostenta\u00e7\u00e3o \u00e9 condenada a devolver mais de R$ 1 milh\u00e3o aos cofres p\u00fablicos - NOT\u00cdCIAS EM TEMPO REAL\",\"isPartOf\":{\"@id\":\"https:\\\/\\\/maranhaotv.com.br\\\/#website\"},\"primaryImageOfPage\":{\"@id\":\"https:\\\/\\\/maranhaotv.com.br\\\/index.php\\\/2020\\\/09\\\/24\\\/ex-prefeita-ostentacao-e-condenada-a-devolver-mais-de-r-1-milhao-aos-cofres-publicos\\\/#primaryimage\"},\"image\":{\"@id\":\"https:\\\/\\\/maranhaotv.com.br\\\/index.php\\\/2020\\\/09\\\/24\\\/ex-prefeita-ostentacao-e-condenada-a-devolver-mais-de-r-1-milhao-aos-cofres-publicos\\\/#primaryimage\"},\"thumbnailUrl\":\"\",\"datePublished\":\"2020-09-24T20:36:16+00:00\",\"breadcrumb\":{\"@id\":\"https:\\\/\\\/maranhaotv.com.br\\\/index.php\\\/2020\\\/09\\\/24\\\/ex-prefeita-ostentacao-e-condenada-a-devolver-mais-de-r-1-milhao-aos-cofres-publicos\\\/#breadcrumb\"},\"inLanguage\":\"pt-BR\",\"potentialAction\":[{\"@type\":\"ReadAction\",\"target\":[\"https:\\\/\\\/maranhaotv.com.br\\\/index.php\\\/2020\\\/09\\\/24\\\/ex-prefeita-ostentacao-e-condenada-a-devolver-mais-de-r-1-milhao-aos-cofres-publicos\\\/\"]}]},{\"@type\":\"ImageObject\",\"inLanguage\":\"pt-BR\",\"@id\":\"https:\\\/\\\/maranhaotv.com.br\\\/index.php\\\/2020\\\/09\\\/24\\\/ex-prefeita-ostentacao-e-condenada-a-devolver-mais-de-r-1-milhao-aos-cofres-publicos\\\/#primaryimage\",\"url\":\"\",\"contentUrl\":\"\"},{\"@type\":\"BreadcrumbList\",\"@id\":\"https:\\\/\\\/maranhaotv.com.br\\\/index.php\\\/2020\\\/09\\\/24\\\/ex-prefeita-ostentacao-e-condenada-a-devolver-mais-de-r-1-milhao-aos-cofres-publicos\\\/#breadcrumb\",\"itemListElement\":[{\"@type\":\"ListItem\",\"position\":1,\"name\":\"In\u00edcio\",\"item\":\"https:\\\/\\\/maranhaotv.com.br\\\/\"},{\"@type\":\"ListItem\",\"position\":2,\"name\":\"Ex-prefeita ostenta\u00e7\u00e3o \u00e9 condenada a devolver mais de R$ 1 milh\u00e3o aos cofres p\u00fablicos\"}]},{\"@type\":\"WebSite\",\"@id\":\"https:\\\/\\\/maranhaotv.com.br\\\/#website\",\"url\":\"https:\\\/\\\/maranhaotv.com.br\\\/\",\"name\":\"Maranh\u00e3oTV\",\"description\":\"\",\"publisher\":{\"@id\":\"https:\\\/\\\/maranhaotv.com.br\\\/#organization\"},\"potentialAction\":[{\"@type\":\"SearchAction\",\"target\":{\"@type\":\"EntryPoint\",\"urlTemplate\":\"https:\\\/\\\/maranhaotv.com.br\\\/?s={search_term_string}\"},\"query-input\":{\"@type\":\"PropertyValueSpecification\",\"valueRequired\":true,\"valueName\":\"search_term_string\"}}],\"inLanguage\":\"pt-BR\"},{\"@type\":\"Organization\",\"@id\":\"https:\\\/\\\/maranhaotv.com.br\\\/#organization\",\"name\":\"Portal de Not\u00edcias\",\"url\":\"https:\\\/\\\/maranhaotv.com.br\\\/\",\"logo\":{\"@type\":\"ImageObject\",\"inLanguage\":\"pt-BR\",\"@id\":\"https:\\\/\\\/maranhaotv.com.br\\\/#\\\/schema\\\/logo\\\/image\\\/\",\"url\":\"https:\\\/\\\/maranhaotv.com.br\\\/wp-content\\\/uploads\\\/2024\\\/05\\\/cropped-cropped-avatar-1.png\",\"contentUrl\":\"https:\\\/\\\/maranhaotv.com.br\\\/wp-content\\\/uploads\\\/2024\\\/05\\\/cropped-cropped-avatar-1.png\",\"width\":792,\"height\":428,\"caption\":\"Portal de Not\u00edcias\"},\"image\":{\"@id\":\"https:\\\/\\\/maranhaotv.com.br\\\/#\\\/schema\\\/logo\\\/image\\\/\"},\"sameAs\":[\"https:\\\/\\\/www.facebook.com\\\/maiobaotv\",\"https:\\\/\\\/x.com\\\/sitemaranhaotv\",\"https:\\\/\\\/www.instagram.com\\\/maranhao.tv\",\"https:\\\/\\\/www.threads.net\\\/@maranhao.tv\"]},{\"@type\":\"Person\",\"@id\":\"https:\\\/\\\/maranhaotv.com.br\\\/#\\\/schema\\\/person\\\/3d54238e86b20bb5c89ab2fdb8f8829a\",\"name\":\"maranhaotv\",\"image\":{\"@type\":\"ImageObject\",\"inLanguage\":\"pt-BR\",\"@id\":\"https:\\\/\\\/secure.gravatar.com\\\/avatar\\\/8fadbca458d4cb68b1dd399ae9a40618d747bb1af65ac9fad21c89220a143eb4?s=96&d=mm&r=g\",\"url\":\"https:\\\/\\\/secure.gravatar.com\\\/avatar\\\/8fadbca458d4cb68b1dd399ae9a40618d747bb1af65ac9fad21c89220a143eb4?s=96&d=mm&r=g\",\"contentUrl\":\"https:\\\/\\\/secure.gravatar.com\\\/avatar\\\/8fadbca458d4cb68b1dd399ae9a40618d747bb1af65ac9fad21c89220a143eb4?s=96&d=mm&r=g\",\"caption\":\"maranhaotv\"},\"sameAs\":[\"https:\\\/\\\/maranhaotv.com.br\\\/\"],\"url\":\"https:\\\/\\\/maranhaotv.com.br\\\/index.php\\\/author\\\/maranhaotv\\\/\"}]}<\/script>\n<!-- \/ Yoast SEO plugin. -->","yoast_head_json":{"title":"Ex-prefeita ostenta\u00e7\u00e3o \u00e9 condenada a devolver mais de R$ 1 milh\u00e3o aos cofres p\u00fablicos - NOT\u00cdCIAS EM TEMPO REAL","robots":{"index":"index","follow":"follow","max-snippet":"max-snippet:-1","max-image-preview":"max-image-preview:large","max-video-preview":"max-video-preview:-1"},"canonical":"https:\/\/maranhaotv.com.br\/index.php\/2020\/09\/24\/ex-prefeita-ostentacao-e-condenada-a-devolver-mais-de-r-1-milhao-aos-cofres-publicos\/","og_locale":"pt_BR","og_type":"article","og_title":"Ex-prefeita ostenta\u00e7\u00e3o \u00e9 condenada a devolver mais de R$ 1 milh\u00e3o aos cofres p\u00fablicos - NOT\u00cdCIAS EM TEMPO REAL","og_description":"A ex-prefeita do munic\u00edpio de Bom Jardim (2013-2015), Lidiane Leite da Silva, foi condenada pelo TCE-MA, em dois processos por","og_url":"https:\/\/maranhaotv.com.br\/index.php\/2020\/09\/24\/ex-prefeita-ostentacao-e-condenada-a-devolver-mais-de-r-1-milhao-aos-cofres-publicos\/","og_site_name":"NOT\u00cdCIAS EM TEMPO REAL","article_publisher":"https:\/\/www.facebook.com\/maiobaotv","article_published_time":"2020-09-24T20:36:16+00:00","author":"maranhaotv","twitter_card":"summary_large_image","twitter_creator":"@sitemaranhaotv","twitter_site":"@sitemaranhaotv","twitter_misc":{"Escrito por":"maranhaotv","Est. tempo de leitura":"3 minutos"},"schema":{"@context":"https:\/\/schema.org","@graph":[{"@type":"Article","@id":"https:\/\/maranhaotv.com.br\/index.php\/2020\/09\/24\/ex-prefeita-ostentacao-e-condenada-a-devolver-mais-de-r-1-milhao-aos-cofres-publicos\/#article","isPartOf":{"@id":"https:\/\/maranhaotv.com.br\/index.php\/2020\/09\/24\/ex-prefeita-ostentacao-e-condenada-a-devolver-mais-de-r-1-milhao-aos-cofres-publicos\/"},"author":{"name":"maranhaotv","@id":"https:\/\/maranhaotv.com.br\/#\/schema\/person\/3d54238e86b20bb5c89ab2fdb8f8829a"},"headline":"Ex-prefeita ostenta\u00e7\u00e3o \u00e9 condenada a devolver mais de R$ 1 milh\u00e3o aos cofres p\u00fablicos","datePublished":"2020-09-24T20:36:16+00:00","mainEntityOfPage":{"@id":"https:\/\/maranhaotv.com.br\/index.php\/2020\/09\/24\/ex-prefeita-ostentacao-e-condenada-a-devolver-mais-de-r-1-milhao-aos-cofres-publicos\/"},"wordCount":580,"commentCount":0,"publisher":{"@id":"https:\/\/maranhaotv.com.br\/#organization"},"image":{"@id":"https:\/\/maranhaotv.com.br\/index.php\/2020\/09\/24\/ex-prefeita-ostentacao-e-condenada-a-devolver-mais-de-r-1-milhao-aos-cofres-publicos\/#primaryimage"},"thumbnailUrl":"","keywords":["Bom Jardim"],"articleSection":["not\u00edcias"],"inLanguage":"pt-BR","potentialAction":[{"@type":"CommentAction","name":"Comment","target":["https:\/\/maranhaotv.com.br\/index.php\/2020\/09\/24\/ex-prefeita-ostentacao-e-condenada-a-devolver-mais-de-r-1-milhao-aos-cofres-publicos\/#respond"]}]},{"@type":"WebPage","@id":"https:\/\/maranhaotv.com.br\/index.php\/2020\/09\/24\/ex-prefeita-ostentacao-e-condenada-a-devolver-mais-de-r-1-milhao-aos-cofres-publicos\/","url":"https:\/\/maranhaotv.com.br\/index.php\/2020\/09\/24\/ex-prefeita-ostentacao-e-condenada-a-devolver-mais-de-r-1-milhao-aos-cofres-publicos\/","name":"Ex-prefeita ostenta\u00e7\u00e3o \u00e9 condenada a devolver mais de R$ 1 milh\u00e3o aos cofres p\u00fablicos - NOT\u00cdCIAS EM TEMPO REAL","isPartOf":{"@id":"https:\/\/maranhaotv.com.br\/#website"},"primaryImageOfPage":{"@id":"https:\/\/maranhaotv.com.br\/index.php\/2020\/09\/24\/ex-prefeita-ostentacao-e-condenada-a-devolver-mais-de-r-1-milhao-aos-cofres-publicos\/#primaryimage"},"image":{"@id":"https:\/\/maranhaotv.com.br\/index.php\/2020\/09\/24\/ex-prefeita-ostentacao-e-condenada-a-devolver-mais-de-r-1-milhao-aos-cofres-publicos\/#primaryimage"},"thumbnailUrl":"","datePublished":"2020-09-24T20:36:16+00:00","breadcrumb":{"@id":"https:\/\/maranhaotv.com.br\/index.php\/2020\/09\/24\/ex-prefeita-ostentacao-e-condenada-a-devolver-mais-de-r-1-milhao-aos-cofres-publicos\/#breadcrumb"},"inLanguage":"pt-BR","potentialAction":[{"@type":"ReadAction","target":["https:\/\/maranhaotv.com.br\/index.php\/2020\/09\/24\/ex-prefeita-ostentacao-e-condenada-a-devolver-mais-de-r-1-milhao-aos-cofres-publicos\/"]}]},{"@type":"ImageObject","inLanguage":"pt-BR","@id":"https:\/\/maranhaotv.com.br\/index.php\/2020\/09\/24\/ex-prefeita-ostentacao-e-condenada-a-devolver-mais-de-r-1-milhao-aos-cofres-publicos\/#primaryimage","url":"","contentUrl":""},{"@type":"BreadcrumbList","@id":"https:\/\/maranhaotv.com.br\/index.php\/2020\/09\/24\/ex-prefeita-ostentacao-e-condenada-a-devolver-mais-de-r-1-milhao-aos-cofres-publicos\/#breadcrumb","itemListElement":[{"@type":"ListItem","position":1,"name":"In\u00edcio","item":"https:\/\/maranhaotv.com.br\/"},{"@type":"ListItem","position":2,"name":"Ex-prefeita ostenta\u00e7\u00e3o \u00e9 condenada a devolver mais de R$ 1 milh\u00e3o aos cofres p\u00fablicos"}]},{"@type":"WebSite","@id":"https:\/\/maranhaotv.com.br\/#website","url":"https:\/\/maranhaotv.com.br\/","name":"Maranh\u00e3oTV","description":"","publisher":{"@id":"https:\/\/maranhaotv.com.br\/#organization"},"potentialAction":[{"@type":"SearchAction","target":{"@type":"EntryPoint","urlTemplate":"https:\/\/maranhaotv.com.br\/?s={search_term_string}"},"query-input":{"@type":"PropertyValueSpecification","valueRequired":true,"valueName":"search_term_string"}}],"inLanguage":"pt-BR"},{"@type":"Organization","@id":"https:\/\/maranhaotv.com.br\/#organization","name":"Portal de Not\u00edcias","url":"https:\/\/maranhaotv.com.br\/","logo":{"@type":"ImageObject","inLanguage":"pt-BR","@id":"https:\/\/maranhaotv.com.br\/#\/schema\/logo\/image\/","url":"https:\/\/maranhaotv.com.br\/wp-content\/uploads\/2024\/05\/cropped-cropped-avatar-1.png","contentUrl":"https:\/\/maranhaotv.com.br\/wp-content\/uploads\/2024\/05\/cropped-cropped-avatar-1.png","width":792,"height":428,"caption":"Portal de Not\u00edcias"},"image":{"@id":"https:\/\/maranhaotv.com.br\/#\/schema\/logo\/image\/"},"sameAs":["https:\/\/www.facebook.com\/maiobaotv","https:\/\/x.com\/sitemaranhaotv","https:\/\/www.instagram.com\/maranhao.tv","https:\/\/www.threads.net\/@maranhao.tv"]},{"@type":"Person","@id":"https:\/\/maranhaotv.com.br\/#\/schema\/person\/3d54238e86b20bb5c89ab2fdb8f8829a","name":"maranhaotv","image":{"@type":"ImageObject","inLanguage":"pt-BR","@id":"https:\/\/secure.gravatar.com\/avatar\/8fadbca458d4cb68b1dd399ae9a40618d747bb1af65ac9fad21c89220a143eb4?s=96&d=mm&r=g","url":"https:\/\/secure.gravatar.com\/avatar\/8fadbca458d4cb68b1dd399ae9a40618d747bb1af65ac9fad21c89220a143eb4?s=96&d=mm&r=g","contentUrl":"https:\/\/secure.gravatar.com\/avatar\/8fadbca458d4cb68b1dd399ae9a40618d747bb1af65ac9fad21c89220a143eb4?s=96&d=mm&r=g","caption":"maranhaotv"},"sameAs":["https:\/\/maranhaotv.com.br\/"],"url":"https:\/\/maranhaotv.com.br\/index.php\/author\/maranhaotv\/"}]}},"jetpack_featured_media_url":"","jetpack_sharing_enabled":true,"_links":{"self":[{"href":"https:\/\/maranhaotv.com.br\/index.php\/wp-json\/wp\/v2\/posts\/15106","targetHints":{"allow":["GET"]}}],"collection":[{"href":"https:\/\/maranhaotv.com.br\/index.php\/wp-json\/wp\/v2\/posts"}],"about":[{"href":"https:\/\/maranhaotv.com.br\/index.php\/wp-json\/wp\/v2\/types\/post"}],"author":[{"embeddable":true,"href":"https:\/\/maranhaotv.com.br\/index.php\/wp-json\/wp\/v2\/users\/2"}],"replies":[{"embeddable":true,"href":"https:\/\/maranhaotv.com.br\/index.php\/wp-json\/wp\/v2\/comments?post=15106"}],"version-history":[{"count":0,"href":"https:\/\/maranhaotv.com.br\/index.php\/wp-json\/wp\/v2\/posts\/15106\/revisions"}],"wp:featuredmedia":[{"embeddable":true,"href":"https:\/\/maranhaotv.com.br\/index.php\/wp-json\/"}],"wp:attachment":[{"href":"https:\/\/maranhaotv.com.br\/index.php\/wp-json\/wp\/v2\/media?parent=15106"}],"wp:term":[{"taxonomy":"category","embeddable":true,"href":"https:\/\/maranhaotv.com.br\/index.php\/wp-json\/wp\/v2\/categories?post=15106"},{"taxonomy":"post_tag","embeddable":true,"href":"https:\/\/maranhaotv.com.br\/index.php\/wp-json\/wp\/v2\/tags?post=15106"}],"curies":[{"name":"wp","href":"https:\/\/api.w.org\/{rel}","templated":true}]}}