{"id":15125,"date":"2020-09-25T15:11:08","date_gmt":"2020-09-25T18:11:08","guid":{"rendered":"https:\/\/maiobaotv.com.br\/?p=15125"},"modified":"2020-09-25T15:11:08","modified_gmt":"2020-09-25T18:11:08","slug":"fred-campos-e-tiago-do-iesf-participam-de-missa-em-acao-de-gracas-na-igreja-sao-francisco-de-assis","status":"publish","type":"post","link":"https:\/\/maranhaotv.com.br\/index.php\/2020\/09\/25\/fred-campos-e-tiago-do-iesf-participam-de-missa-em-acao-de-gracas-na-igreja-sao-francisco-de-assis\/","title":{"rendered":"Fred Campos e Tiago do IESF participam de Missa em A\u00e7\u00e3o de Gra\u00e7as na Igreja S\u00e3o Francisco de Assis"},"content":{"rendered":"<p>O pr\u00e9-candidato a prefeito de Pa\u00e7o do Lumiar, Fred Campos (PL), participou na noite desta quarta-feira (23), da missa de A\u00e7\u00e3o de Gra\u00e7as celebrada pelo padre Henrrique, na igreja S\u00e3o Francisco de Assis, no Maiob\u00e3o. Fred assistiu a celebra\u00e7\u00e3o na primeira fila ao lado da esposa Maedja Campos e do seu pr\u00e9-candidato a vice-prefeito, Tiago do IESF (PDT), al\u00e9m de v\u00e1rios pr\u00e9-candidatos a vereador de seu grupo e demais lideran\u00e7as pol\u00edticas.<\/p>\n<blockquote><p>\u201cO nosso desejo hoje aqui da par\u00f3quia de S\u00e3o Francisco de Assis \u00e9 de orar e oferecer a nossa ora\u00e7\u00e3o para todos os pol\u00edticos, para que todos eles procurem produzir, junto conosco, bons frutos. Diante da forma como a pol\u00edtica est\u00e1 organizada hoje no Brasil, estamos precisando de \u00e1rvores sadias e boas. E pol\u00edticos bons s\u00f3 podem dar bons frutos para a na\u00e7\u00e3o. A Igreja reza e pede a Deus que ilumine o cora\u00e7\u00e3o do povo para que fa\u00e7am uma escolha consciente\u201d. Disse o padre Henrrique.<\/p><\/blockquote>\n<p>Ap\u00f3s findar a celebra\u00e7\u00e3o, Fred Campos agradeceu \u00e0 toda comunidade cat\u00f3lica e reafirmou compromisso com a cidade.<\/p>\n<blockquote><p>\u201cEu achei muito especial a iniciativa do padre Henrique de promover este momento, porque n\u00f3s sempre necessitamos de ora\u00e7\u00e3o, renova\u00e7\u00e3o espiritual e de estarmos em sintonia com os princ\u00edpios crist\u00e3os. N\u00f3s que atuamos na \u00e1rea pol\u00edtica precisamos lutar pelas fam\u00edlias e dar o testemunho, porque \u00e9 poss\u00edvel sim ser crist\u00e3o e dar testemunho na pol\u00edtica. E se for da vontade de Deus, a partir de janeiro j\u00e1 teremos uma cidade mais digna e justa aos luminenses\u201d, falou Fred Campos.<\/p><\/blockquote>\n<p><img loading=\"lazy\" decoding=\"async\" src=\"https:\/\/maiobaotv.com.br\/wp-content\/uploads\/2020\/09\/img-20200925-wa04487397816069273273678.jpg\" class=\"wp-image-15127 alignnone size-full\" width=\"1280\" height=\"853\"><\/p>\n<p><img loading=\"lazy\" decoding=\"async\" src=\"https:\/\/maiobaotv.com.br\/wp-content\/uploads\/2020\/09\/img-20200925-wa04496447012914514881216.jpg\" class=\"wp-image-15128 alignnone size-full\" width=\"1280\" height=\"853\"><\/p>\n<p><img loading=\"lazy\" decoding=\"async\" src=\"https:\/\/maiobaotv.com.br\/wp-content\/uploads\/2020\/09\/img-20200925-wa04461220482557588109374.jpg\" class=\"wp-image-15129 alignnone size-full\" width=\"1280\" height=\"853\"><\/p>\n<p><img loading=\"lazy\" decoding=\"async\" src=\"https:\/\/maiobaotv.com.br\/wp-content\/uploads\/2020\/09\/img-20200925-wa04452123748723279895707.jpg\" class=\"alignnone size-full wp-image-15131\" width=\"1280\" height=\"853\"><\/p>\n<p><img loading=\"lazy\" decoding=\"async\" src=\"https:\/\/maiobaotv.com.br\/wp-content\/uploads\/2020\/09\/img-20200925-wa04476696449616052557915.jpg\" class=\"alignnone size-full wp-image-15130\" width=\"1280\" height=\"853\"><\/p>\n","protected":false},"excerpt":{"rendered":"<p>O pr\u00e9-candidato a prefeito de Pa\u00e7o do Lumiar, Fred Campos (PL), participou na noite desta quarta-feira (23), da missa de<\/p>\n","protected":false},"author":2,"featured_media":15133,"comment_status":"open","ping_status":"open","sticky":false,"template":"","format":"standard","meta":{"colormag_page_container_layout":"default_layout","colormag_page_sidebar_layout":"default_layout","_jetpack_memberships_contains_paid_content":false,"footnotes":""},"categories":[2],"tags":[43,250],"class_list":["post-15125","post","type-post","status-publish","format-standard","has-post-thumbnail","hentry","category-noticias","tag-fred-campos","tag-tiago-do-iesf"],"magazineBlocksPostFeaturedMedia":{"thumbnail":false,"medium":false,"medium_large":false,"large":false,"1536x1536":false,"2048x2048":false,"colormag-highlighted-post":false,"colormag-featured-post-medium":false,"colormag-featured-post-small":false,"colormag-featured-image":false,"colormag-default-news":false,"colormag-featured-image-large":false},"magazineBlocksPostAuthor":{"name":"maranhaotv","avatar":"https:\/\/secure.gravatar.com\/avatar\/8fadbca458d4cb68b1dd399ae9a40618d747bb1af65ac9fad21c89220a143eb4?s=96&d=mm&r=g"},"magazineBlocksPostCommentsNumber":"0","magazineBlocksPostExcerpt":"O pr\u00e9-candidato a prefeito de Pa\u00e7o do Lumiar, Fred Campos (PL), participou na noite desta quarta-feira (23), da missa de","magazineBlocksPostCategories":["not\u00edcias"],"magazineBlocksPostViewCount":133,"magazineBlocksPostReadTime":2,"magazine_blocks_featured_image_url":{"full":false,"medium":false,"thumbnail":false},"magazine_blocks_author":{"display_name":"maranhaotv","author_link":"https:\/\/maranhaotv.com.br\/index.php\/author\/maranhaotv\/"},"magazine_blocks_comment":0,"magazine_blocks_author_image":"https:\/\/secure.gravatar.com\/avatar\/8fadbca458d4cb68b1dd399ae9a40618d747bb1af65ac9fad21c89220a143eb4?s=96&d=mm&r=g","magazine_blocks_category":"<a href=\"#\" class=\"category-link category-link-2\">not\u00edcias<\/a>","yoast_head":"<!-- This site is optimized with the Yoast SEO plugin v27.4 - https:\/\/yoast.com\/product\/yoast-seo-wordpress\/ -->\n<title>Fred Campos e Tiago do IESF participam de Missa em A\u00e7\u00e3o de Gra\u00e7as na Igreja S\u00e3o Francisco de Assis - NOT\u00cdCIAS EM TEMPO REAL<\/title>\n<meta name=\"robots\" content=\"index, follow, max-snippet:-1, max-image-preview:large, max-video-preview:-1\" \/>\n<link rel=\"canonical\" href=\"https:\/\/maranhaotv.com.br\/index.php\/2020\/09\/25\/fred-campos-e-tiago-do-iesf-participam-de-missa-em-acao-de-gracas-na-igreja-sao-francisco-de-assis\/\" \/>\n<meta property=\"og:locale\" content=\"pt_BR\" \/>\n<meta property=\"og:type\" content=\"article\" \/>\n<meta property=\"og:title\" content=\"Fred Campos e Tiago do IESF participam de Missa em A\u00e7\u00e3o de Gra\u00e7as na Igreja S\u00e3o Francisco de Assis - NOT\u00cdCIAS EM TEMPO REAL\" \/>\n<meta property=\"og:description\" content=\"O pr\u00e9-candidato a prefeito de Pa\u00e7o do Lumiar, Fred Campos (PL), participou na noite desta quarta-feira (23), da missa de\" \/>\n<meta property=\"og:url\" content=\"https:\/\/maranhaotv.com.br\/index.php\/2020\/09\/25\/fred-campos-e-tiago-do-iesf-participam-de-missa-em-acao-de-gracas-na-igreja-sao-francisco-de-assis\/\" \/>\n<meta property=\"og:site_name\" content=\"NOT\u00cdCIAS EM TEMPO REAL\" \/>\n<meta property=\"article:publisher\" content=\"https:\/\/www.facebook.com\/maiobaotv\" \/>\n<meta property=\"article:published_time\" content=\"2020-09-25T18:11:08+00:00\" \/>\n<meta name=\"author\" content=\"maranhaotv\" \/>\n<meta name=\"twitter:card\" content=\"summary_large_image\" \/>\n<meta name=\"twitter:creator\" content=\"@sitemaranhaotv\" \/>\n<meta name=\"twitter:site\" content=\"@sitemaranhaotv\" \/>\n<meta name=\"twitter:label1\" content=\"Escrito por\" \/>\n\t<meta name=\"twitter:data1\" content=\"maranhaotv\" \/>\n\t<meta name=\"twitter:label2\" content=\"Est. tempo de leitura\" \/>\n\t<meta name=\"twitter:data2\" content=\"1 minuto\" \/>\n<script type=\"application\/ld+json\" class=\"yoast-schema-graph\">{\"@context\":\"https:\\\/\\\/schema.org\",\"@graph\":[{\"@type\":\"Article\",\"@id\":\"https:\\\/\\\/maranhaotv.com.br\\\/index.php\\\/2020\\\/09\\\/25\\\/fred-campos-e-tiago-do-iesf-participam-de-missa-em-acao-de-gracas-na-igreja-sao-francisco-de-assis\\\/#article\",\"isPartOf\":{\"@id\":\"https:\\\/\\\/maranhaotv.com.br\\\/index.php\\\/2020\\\/09\\\/25\\\/fred-campos-e-tiago-do-iesf-participam-de-missa-em-acao-de-gracas-na-igreja-sao-francisco-de-assis\\\/\"},\"author\":{\"name\":\"maranhaotv\",\"@id\":\"https:\\\/\\\/maranhaotv.com.br\\\/#\\\/schema\\\/person\\\/3d54238e86b20bb5c89ab2fdb8f8829a\"},\"headline\":\"Fred Campos e Tiago do IESF participam de Missa em A\u00e7\u00e3o de Gra\u00e7as na Igreja S\u00e3o Francisco de Assis\",\"datePublished\":\"2020-09-25T18:11:08+00:00\",\"mainEntityOfPage\":{\"@id\":\"https:\\\/\\\/maranhaotv.com.br\\\/index.php\\\/2020\\\/09\\\/25\\\/fred-campos-e-tiago-do-iesf-participam-de-missa-em-acao-de-gracas-na-igreja-sao-francisco-de-assis\\\/\"},\"wordCount\":307,\"commentCount\":0,\"publisher\":{\"@id\":\"https:\\\/\\\/maranhaotv.com.br\\\/#organization\"},\"image\":{\"@id\":\"https:\\\/\\\/maranhaotv.com.br\\\/index.php\\\/2020\\\/09\\\/25\\\/fred-campos-e-tiago-do-iesf-participam-de-missa-em-acao-de-gracas-na-igreja-sao-francisco-de-assis\\\/#primaryimage\"},\"thumbnailUrl\":\"\",\"keywords\":[\"Fred Campos\",\"Tiago do IESF\"],\"articleSection\":[\"not\u00edcias\"],\"inLanguage\":\"pt-BR\",\"potentialAction\":[{\"@type\":\"CommentAction\",\"name\":\"Comment\",\"target\":[\"https:\\\/\\\/maranhaotv.com.br\\\/index.php\\\/2020\\\/09\\\/25\\\/fred-campos-e-tiago-do-iesf-participam-de-missa-em-acao-de-gracas-na-igreja-sao-francisco-de-assis\\\/#respond\"]}]},{\"@type\":\"WebPage\",\"@id\":\"https:\\\/\\\/maranhaotv.com.br\\\/index.php\\\/2020\\\/09\\\/25\\\/fred-campos-e-tiago-do-iesf-participam-de-missa-em-acao-de-gracas-na-igreja-sao-francisco-de-assis\\\/\",\"url\":\"https:\\\/\\\/maranhaotv.com.br\\\/index.php\\\/2020\\\/09\\\/25\\\/fred-campos-e-tiago-do-iesf-participam-de-missa-em-acao-de-gracas-na-igreja-sao-francisco-de-assis\\\/\",\"name\":\"Fred Campos e Tiago do IESF participam de Missa em A\u00e7\u00e3o de Gra\u00e7as na Igreja S\u00e3o Francisco de Assis - NOT\u00cdCIAS EM TEMPO REAL\",\"isPartOf\":{\"@id\":\"https:\\\/\\\/maranhaotv.com.br\\\/#website\"},\"primaryImageOfPage\":{\"@id\":\"https:\\\/\\\/maranhaotv.com.br\\\/index.php\\\/2020\\\/09\\\/25\\\/fred-campos-e-tiago-do-iesf-participam-de-missa-em-acao-de-gracas-na-igreja-sao-francisco-de-assis\\\/#primaryimage\"},\"image\":{\"@id\":\"https:\\\/\\\/maranhaotv.com.br\\\/index.php\\\/2020\\\/09\\\/25\\\/fred-campos-e-tiago-do-iesf-participam-de-missa-em-acao-de-gracas-na-igreja-sao-francisco-de-assis\\\/#primaryimage\"},\"thumbnailUrl\":\"\",\"datePublished\":\"2020-09-25T18:11:08+00:00\",\"breadcrumb\":{\"@id\":\"https:\\\/\\\/maranhaotv.com.br\\\/index.php\\\/2020\\\/09\\\/25\\\/fred-campos-e-tiago-do-iesf-participam-de-missa-em-acao-de-gracas-na-igreja-sao-francisco-de-assis\\\/#breadcrumb\"},\"inLanguage\":\"pt-BR\",\"potentialAction\":[{\"@type\":\"ReadAction\",\"target\":[\"https:\\\/\\\/maranhaotv.com.br\\\/index.php\\\/2020\\\/09\\\/25\\\/fred-campos-e-tiago-do-iesf-participam-de-missa-em-acao-de-gracas-na-igreja-sao-francisco-de-assis\\\/\"]}]},{\"@type\":\"ImageObject\",\"inLanguage\":\"pt-BR\",\"@id\":\"https:\\\/\\\/maranhaotv.com.br\\\/index.php\\\/2020\\\/09\\\/25\\\/fred-campos-e-tiago-do-iesf-participam-de-missa-em-acao-de-gracas-na-igreja-sao-francisco-de-assis\\\/#primaryimage\",\"url\":\"\",\"contentUrl\":\"\"},{\"@type\":\"BreadcrumbList\",\"@id\":\"https:\\\/\\\/maranhaotv.com.br\\\/index.php\\\/2020\\\/09\\\/25\\\/fred-campos-e-tiago-do-iesf-participam-de-missa-em-acao-de-gracas-na-igreja-sao-francisco-de-assis\\\/#breadcrumb\",\"itemListElement\":[{\"@type\":\"ListItem\",\"position\":1,\"name\":\"In\u00edcio\",\"item\":\"https:\\\/\\\/maranhaotv.com.br\\\/\"},{\"@type\":\"ListItem\",\"position\":2,\"name\":\"Fred Campos e Tiago do IESF participam de Missa em A\u00e7\u00e3o de Gra\u00e7as na Igreja S\u00e3o Francisco de Assis\"}]},{\"@type\":\"WebSite\",\"@id\":\"https:\\\/\\\/maranhaotv.com.br\\\/#website\",\"url\":\"https:\\\/\\\/maranhaotv.com.br\\\/\",\"name\":\"Maranh\u00e3oTV\",\"description\":\"\",\"publisher\":{\"@id\":\"https:\\\/\\\/maranhaotv.com.br\\\/#organization\"},\"potentialAction\":[{\"@type\":\"SearchAction\",\"target\":{\"@type\":\"EntryPoint\",\"urlTemplate\":\"https:\\\/\\\/maranhaotv.com.br\\\/?s={search_term_string}\"},\"query-input\":{\"@type\":\"PropertyValueSpecification\",\"valueRequired\":true,\"valueName\":\"search_term_string\"}}],\"inLanguage\":\"pt-BR\"},{\"@type\":\"Organization\",\"@id\":\"https:\\\/\\\/maranhaotv.com.br\\\/#organization\",\"name\":\"Portal de Not\u00edcias\",\"url\":\"https:\\\/\\\/maranhaotv.com.br\\\/\",\"logo\":{\"@type\":\"ImageObject\",\"inLanguage\":\"pt-BR\",\"@id\":\"https:\\\/\\\/maranhaotv.com.br\\\/#\\\/schema\\\/logo\\\/image\\\/\",\"url\":\"https:\\\/\\\/maranhaotv.com.br\\\/wp-content\\\/uploads\\\/2024\\\/05\\\/cropped-cropped-avatar-1.png\",\"contentUrl\":\"https:\\\/\\\/maranhaotv.com.br\\\/wp-content\\\/uploads\\\/2024\\\/05\\\/cropped-cropped-avatar-1.png\",\"width\":792,\"height\":428,\"caption\":\"Portal de Not\u00edcias\"},\"image\":{\"@id\":\"https:\\\/\\\/maranhaotv.com.br\\\/#\\\/schema\\\/logo\\\/image\\\/\"},\"sameAs\":[\"https:\\\/\\\/www.facebook.com\\\/maiobaotv\",\"https:\\\/\\\/x.com\\\/sitemaranhaotv\",\"https:\\\/\\\/www.instagram.com\\\/maranhao.tv\",\"https:\\\/\\\/www.threads.net\\\/@maranhao.tv\"]},{\"@type\":\"Person\",\"@id\":\"https:\\\/\\\/maranhaotv.com.br\\\/#\\\/schema\\\/person\\\/3d54238e86b20bb5c89ab2fdb8f8829a\",\"name\":\"maranhaotv\",\"image\":{\"@type\":\"ImageObject\",\"inLanguage\":\"pt-BR\",\"@id\":\"https:\\\/\\\/secure.gravatar.com\\\/avatar\\\/8fadbca458d4cb68b1dd399ae9a40618d747bb1af65ac9fad21c89220a143eb4?s=96&d=mm&r=g\",\"url\":\"https:\\\/\\\/secure.gravatar.com\\\/avatar\\\/8fadbca458d4cb68b1dd399ae9a40618d747bb1af65ac9fad21c89220a143eb4?s=96&d=mm&r=g\",\"contentUrl\":\"https:\\\/\\\/secure.gravatar.com\\\/avatar\\\/8fadbca458d4cb68b1dd399ae9a40618d747bb1af65ac9fad21c89220a143eb4?s=96&d=mm&r=g\",\"caption\":\"maranhaotv\"},\"sameAs\":[\"https:\\\/\\\/maranhaotv.com.br\\\/\"],\"url\":\"https:\\\/\\\/maranhaotv.com.br\\\/index.php\\\/author\\\/maranhaotv\\\/\"}]}<\/script>\n<!-- \/ Yoast SEO plugin. -->","yoast_head_json":{"title":"Fred Campos e Tiago do IESF participam de Missa em A\u00e7\u00e3o de Gra\u00e7as na Igreja S\u00e3o Francisco de Assis - NOT\u00cdCIAS EM TEMPO REAL","robots":{"index":"index","follow":"follow","max-snippet":"max-snippet:-1","max-image-preview":"max-image-preview:large","max-video-preview":"max-video-preview:-1"},"canonical":"https:\/\/maranhaotv.com.br\/index.php\/2020\/09\/25\/fred-campos-e-tiago-do-iesf-participam-de-missa-em-acao-de-gracas-na-igreja-sao-francisco-de-assis\/","og_locale":"pt_BR","og_type":"article","og_title":"Fred Campos e Tiago do IESF participam de Missa em A\u00e7\u00e3o de Gra\u00e7as na Igreja S\u00e3o Francisco de Assis - NOT\u00cdCIAS EM TEMPO REAL","og_description":"O pr\u00e9-candidato a prefeito de Pa\u00e7o do Lumiar, Fred Campos (PL), participou na noite desta quarta-feira (23), da missa de","og_url":"https:\/\/maranhaotv.com.br\/index.php\/2020\/09\/25\/fred-campos-e-tiago-do-iesf-participam-de-missa-em-acao-de-gracas-na-igreja-sao-francisco-de-assis\/","og_site_name":"NOT\u00cdCIAS EM TEMPO REAL","article_publisher":"https:\/\/www.facebook.com\/maiobaotv","article_published_time":"2020-09-25T18:11:08+00:00","author":"maranhaotv","twitter_card":"summary_large_image","twitter_creator":"@sitemaranhaotv","twitter_site":"@sitemaranhaotv","twitter_misc":{"Escrito por":"maranhaotv","Est. tempo de leitura":"1 minuto"},"schema":{"@context":"https:\/\/schema.org","@graph":[{"@type":"Article","@id":"https:\/\/maranhaotv.com.br\/index.php\/2020\/09\/25\/fred-campos-e-tiago-do-iesf-participam-de-missa-em-acao-de-gracas-na-igreja-sao-francisco-de-assis\/#article","isPartOf":{"@id":"https:\/\/maranhaotv.com.br\/index.php\/2020\/09\/25\/fred-campos-e-tiago-do-iesf-participam-de-missa-em-acao-de-gracas-na-igreja-sao-francisco-de-assis\/"},"author":{"name":"maranhaotv","@id":"https:\/\/maranhaotv.com.br\/#\/schema\/person\/3d54238e86b20bb5c89ab2fdb8f8829a"},"headline":"Fred Campos e Tiago do IESF participam de Missa em A\u00e7\u00e3o de Gra\u00e7as na Igreja S\u00e3o Francisco de Assis","datePublished":"2020-09-25T18:11:08+00:00","mainEntityOfPage":{"@id":"https:\/\/maranhaotv.com.br\/index.php\/2020\/09\/25\/fred-campos-e-tiago-do-iesf-participam-de-missa-em-acao-de-gracas-na-igreja-sao-francisco-de-assis\/"},"wordCount":307,"commentCount":0,"publisher":{"@id":"https:\/\/maranhaotv.com.br\/#organization"},"image":{"@id":"https:\/\/maranhaotv.com.br\/index.php\/2020\/09\/25\/fred-campos-e-tiago-do-iesf-participam-de-missa-em-acao-de-gracas-na-igreja-sao-francisco-de-assis\/#primaryimage"},"thumbnailUrl":"","keywords":["Fred Campos","Tiago do IESF"],"articleSection":["not\u00edcias"],"inLanguage":"pt-BR","potentialAction":[{"@type":"CommentAction","name":"Comment","target":["https:\/\/maranhaotv.com.br\/index.php\/2020\/09\/25\/fred-campos-e-tiago-do-iesf-participam-de-missa-em-acao-de-gracas-na-igreja-sao-francisco-de-assis\/#respond"]}]},{"@type":"WebPage","@id":"https:\/\/maranhaotv.com.br\/index.php\/2020\/09\/25\/fred-campos-e-tiago-do-iesf-participam-de-missa-em-acao-de-gracas-na-igreja-sao-francisco-de-assis\/","url":"https:\/\/maranhaotv.com.br\/index.php\/2020\/09\/25\/fred-campos-e-tiago-do-iesf-participam-de-missa-em-acao-de-gracas-na-igreja-sao-francisco-de-assis\/","name":"Fred Campos e Tiago do IESF participam de Missa em A\u00e7\u00e3o de Gra\u00e7as na Igreja S\u00e3o Francisco de Assis - NOT\u00cdCIAS EM TEMPO REAL","isPartOf":{"@id":"https:\/\/maranhaotv.com.br\/#website"},"primaryImageOfPage":{"@id":"https:\/\/maranhaotv.com.br\/index.php\/2020\/09\/25\/fred-campos-e-tiago-do-iesf-participam-de-missa-em-acao-de-gracas-na-igreja-sao-francisco-de-assis\/#primaryimage"},"image":{"@id":"https:\/\/maranhaotv.com.br\/index.php\/2020\/09\/25\/fred-campos-e-tiago-do-iesf-participam-de-missa-em-acao-de-gracas-na-igreja-sao-francisco-de-assis\/#primaryimage"},"thumbnailUrl":"","datePublished":"2020-09-25T18:11:08+00:00","breadcrumb":{"@id":"https:\/\/maranhaotv.com.br\/index.php\/2020\/09\/25\/fred-campos-e-tiago-do-iesf-participam-de-missa-em-acao-de-gracas-na-igreja-sao-francisco-de-assis\/#breadcrumb"},"inLanguage":"pt-BR","potentialAction":[{"@type":"ReadAction","target":["https:\/\/maranhaotv.com.br\/index.php\/2020\/09\/25\/fred-campos-e-tiago-do-iesf-participam-de-missa-em-acao-de-gracas-na-igreja-sao-francisco-de-assis\/"]}]},{"@type":"ImageObject","inLanguage":"pt-BR","@id":"https:\/\/maranhaotv.com.br\/index.php\/2020\/09\/25\/fred-campos-e-tiago-do-iesf-participam-de-missa-em-acao-de-gracas-na-igreja-sao-francisco-de-assis\/#primaryimage","url":"","contentUrl":""},{"@type":"BreadcrumbList","@id":"https:\/\/maranhaotv.com.br\/index.php\/2020\/09\/25\/fred-campos-e-tiago-do-iesf-participam-de-missa-em-acao-de-gracas-na-igreja-sao-francisco-de-assis\/#breadcrumb","itemListElement":[{"@type":"ListItem","position":1,"name":"In\u00edcio","item":"https:\/\/maranhaotv.com.br\/"},{"@type":"ListItem","position":2,"name":"Fred Campos e Tiago do IESF participam de Missa em A\u00e7\u00e3o de Gra\u00e7as na Igreja S\u00e3o Francisco de Assis"}]},{"@type":"WebSite","@id":"https:\/\/maranhaotv.com.br\/#website","url":"https:\/\/maranhaotv.com.br\/","name":"Maranh\u00e3oTV","description":"","publisher":{"@id":"https:\/\/maranhaotv.com.br\/#organization"},"potentialAction":[{"@type":"SearchAction","target":{"@type":"EntryPoint","urlTemplate":"https:\/\/maranhaotv.com.br\/?s={search_term_string}"},"query-input":{"@type":"PropertyValueSpecification","valueRequired":true,"valueName":"search_term_string"}}],"inLanguage":"pt-BR"},{"@type":"Organization","@id":"https:\/\/maranhaotv.com.br\/#organization","name":"Portal de Not\u00edcias","url":"https:\/\/maranhaotv.com.br\/","logo":{"@type":"ImageObject","inLanguage":"pt-BR","@id":"https:\/\/maranhaotv.com.br\/#\/schema\/logo\/image\/","url":"https:\/\/maranhaotv.com.br\/wp-content\/uploads\/2024\/05\/cropped-cropped-avatar-1.png","contentUrl":"https:\/\/maranhaotv.com.br\/wp-content\/uploads\/2024\/05\/cropped-cropped-avatar-1.png","width":792,"height":428,"caption":"Portal de Not\u00edcias"},"image":{"@id":"https:\/\/maranhaotv.com.br\/#\/schema\/logo\/image\/"},"sameAs":["https:\/\/www.facebook.com\/maiobaotv","https:\/\/x.com\/sitemaranhaotv","https:\/\/www.instagram.com\/maranhao.tv","https:\/\/www.threads.net\/@maranhao.tv"]},{"@type":"Person","@id":"https:\/\/maranhaotv.com.br\/#\/schema\/person\/3d54238e86b20bb5c89ab2fdb8f8829a","name":"maranhaotv","image":{"@type":"ImageObject","inLanguage":"pt-BR","@id":"https:\/\/secure.gravatar.com\/avatar\/8fadbca458d4cb68b1dd399ae9a40618d747bb1af65ac9fad21c89220a143eb4?s=96&d=mm&r=g","url":"https:\/\/secure.gravatar.com\/avatar\/8fadbca458d4cb68b1dd399ae9a40618d747bb1af65ac9fad21c89220a143eb4?s=96&d=mm&r=g","contentUrl":"https:\/\/secure.gravatar.com\/avatar\/8fadbca458d4cb68b1dd399ae9a40618d747bb1af65ac9fad21c89220a143eb4?s=96&d=mm&r=g","caption":"maranhaotv"},"sameAs":["https:\/\/maranhaotv.com.br\/"],"url":"https:\/\/maranhaotv.com.br\/index.php\/author\/maranhaotv\/"}]}},"jetpack_featured_media_url":"","jetpack_sharing_enabled":true,"_links":{"self":[{"href":"https:\/\/maranhaotv.com.br\/index.php\/wp-json\/wp\/v2\/posts\/15125","targetHints":{"allow":["GET"]}}],"collection":[{"href":"https:\/\/maranhaotv.com.br\/index.php\/wp-json\/wp\/v2\/posts"}],"about":[{"href":"https:\/\/maranhaotv.com.br\/index.php\/wp-json\/wp\/v2\/types\/post"}],"author":[{"embeddable":true,"href":"https:\/\/maranhaotv.com.br\/index.php\/wp-json\/wp\/v2\/users\/2"}],"replies":[{"embeddable":true,"href":"https:\/\/maranhaotv.com.br\/index.php\/wp-json\/wp\/v2\/comments?post=15125"}],"version-history":[{"count":0,"href":"https:\/\/maranhaotv.com.br\/index.php\/wp-json\/wp\/v2\/posts\/15125\/revisions"}],"wp:featuredmedia":[{"embeddable":true,"href":"https:\/\/maranhaotv.com.br\/index.php\/wp-json\/"}],"wp:attachment":[{"href":"https:\/\/maranhaotv.com.br\/index.php\/wp-json\/wp\/v2\/media?parent=15125"}],"wp:term":[{"taxonomy":"category","embeddable":true,"href":"https:\/\/maranhaotv.com.br\/index.php\/wp-json\/wp\/v2\/categories?post=15125"},{"taxonomy":"post_tag","embeddable":true,"href":"https:\/\/maranhaotv.com.br\/index.php\/wp-json\/wp\/v2\/tags?post=15125"}],"curies":[{"name":"wp","href":"https:\/\/api.w.org\/{rel}","templated":true}]}}