{"id":15135,"date":"2020-09-25T17:16:01","date_gmt":"2020-09-25T20:16:01","guid":{"rendered":"https:\/\/maiobaotv.com.br\/?p=15135"},"modified":"2020-09-25T17:16:01","modified_gmt":"2020-09-25T20:16:01","slug":"viana-em-grande-encontro-mais-de-60-liderancas-da-zona-rural-declaram-apoio-a-magrado-barros","status":"publish","type":"post","link":"https:\/\/maranhaotv.com.br\/index.php\/2020\/09\/25\/viana-em-grande-encontro-mais-de-60-liderancas-da-zona-rural-declaram-apoio-a-magrado-barros\/","title":{"rendered":"Viana: Em grande encontro, mais de 60 lideran\u00e7as da Zona Rural declaram apoio a Magrado Barros"},"content":{"rendered":"<p>Um grande reuni\u00e3o aconteceu na manh\u00e3 de hoje, 25, na cidade de Viana. Mais de 60 lideran\u00e7as da Zona Rural declaram total apoio ao projeto de reelei\u00e7\u00e3o do prefeito Magrado Barros (DEM).<\/p>\n<p>No encontro, Magrado reafirmou seu compromisso com a popula\u00e7\u00e3o da Zona Rural e destacou a rela\u00e7\u00e3o de parceria e respeito que sempre teve com as lideran\u00e7as e moradores da regi\u00e3o. O prefeito e pr\u00e9 candidato destacou os avan\u00e7os e os investimentos feitos na \u00e1rea rural de Viana nos \u00faltimos anos, como acessibilidade das estradas, reforma de escolas, postos de sa\u00fade, dentre outros.<\/p>\n<blockquote><p>Nunca, em toda a hist\u00f3ria, recebemos tanto a visita de um gestor ou visitamos tanto a prefeitura como tem acontecido no Governo Magrado Barros. Acreditamos que muito ainda pode ser feito pela Zona Rural do nosso munic\u00edpio. As nossas solicita\u00e7\u00f5es, dentro do que pode a gest\u00e3o, tem sido sempre atendida\u201d, afirmou uma das lideran\u00e7as presente.<\/p><\/blockquote>\n<p>Magrado ressaltou a import\u00e2ncia desses encontros, que aproximam o pol\u00edtico das comunidades rurais, que tanto necessitam dos servi\u00e7os do poder p\u00fablico:<\/p>\n<blockquote><p>\u201cVamos nos reunir com mais frequ\u00eancia com os l\u00edderes comunit\u00e1rios, pois eles conhecem os anseios das comunidades e nos trazem as solicita\u00e7\u00f5es do que cada localidade mais precisa. Estivemos, passo a passo, atendendo as reivindica\u00e7\u00f5es, mas tudo demanda um certo tempo, pois necessitamos de recursos para viabilizar as obras estruturantes que cada regi\u00e3o precisa, e temos coragem e for\u00e7a para continuar essa luta.&#8221;<\/p><\/blockquote>\n<p>Estes apoios mostram que o grupo Magrado t\u00eam aglutinando for\u00e7as pol\u00edticas importantes nessas elei\u00e7\u00f5es, j\u00e1 que s\u00e3o lideran\u00e7as de mais de 60 localidades rurais, mostrando assim a grande lideran\u00e7a que \u00e9 o prefeito de Viana, at\u00e9 mesmo porque Magrado \u00e9 filho da zona rural.<\/p>\n<p>No encontro estavam lideran\u00e7as como Z\u00e9 Dona, da Comunidade S\u00e3o Raimundo, Pedrinho do Caru, Silmar da Comunidade Livramento, Lucicleide de Capoeira dos Baias, Virgulino da Comunidade Progresso, Jorge de Santa Maria, Adriana do Povoado Batas, Jo\u00e3o Everton do Laranjal e muitos outros grandes nomes da zona rural de Viana.<br \/>\nDessa forma, Magrado consolida seu nome na zona rural recebendo apoio importantes desses l\u00edderes e de seus respectivos povoados.<\/p>\n<p><img loading=\"lazy\" decoding=\"async\" src=\"https:\/\/maiobaotv.com.br\/wp-content\/uploads\/2020\/09\/img-20200925-wa05355032092321444642176.jpg\" class=\"wp-image-15137 alignnone size-full\" width=\"1280\" height=\"853\"><\/p>\n<p><img loading=\"lazy\" decoding=\"async\" src=\"https:\/\/maiobaotv.com.br\/wp-content\/uploads\/2020\/09\/img-20200925-wa05517903266262426120305.jpg\" class=\"wp-image-15139 alignnone size-full\" width=\"1280\" height=\"853\"><\/p>\n<p><img loading=\"lazy\" decoding=\"async\" src=\"https:\/\/maiobaotv.com.br\/wp-content\/uploads\/2020\/09\/img-20200925-wa05493389456151587379893.jpg\" class=\"wp-image-15138 alignnone size-full\" width=\"1280\" height=\"853\"><\/p>\n<p><img loading=\"lazy\" decoding=\"async\" src=\"https:\/\/maiobaotv.com.br\/wp-content\/uploads\/2020\/09\/img-20200925-wa0546432019098398654103.jpg\" class=\"wp-image-15140 alignnone size-full\" width=\"1280\" height=\"853\"><\/p>\n<p><img loading=\"lazy\" decoding=\"async\" src=\"https:\/\/maiobaotv.com.br\/wp-content\/uploads\/2020\/09\/img-20200925-wa01995451841235757562582.jpg\" class=\"alignnone size-full wp-image-15142\" width=\"1024\" height=\"768\"><\/p>\n<p><img loading=\"lazy\" decoding=\"async\" src=\"https:\/\/maiobaotv.com.br\/wp-content\/uploads\/2020\/09\/img-20200925-wa05243454131260191421903.jpg\" class=\"wp-image-15143 alignnone size-full\" width=\"1280\" height=\"853\"><br \/>\n<img loading=\"lazy\" decoding=\"async\" src=\"https:\/\/maiobaotv.com.br\/wp-content\/uploads\/2020\/09\/img-20200925-wa04007358560833500646769.jpg\" class=\"wp-image-15145 alignnone size-full\" width=\"1280\" height=\"853\"><\/p>\n<p>Magrado e sua esposa Haydna Amorim<\/p>\n<p><img loading=\"lazy\" decoding=\"async\" src=\"https:\/\/maiobaotv.com.br\/wp-content\/uploads\/2020\/09\/img-20200925-wa02017998539925902685302.jpg\" class=\"wp-image-15147 alignnone size-full\" width=\"1024\" height=\"683\"><\/p>\n<p><img loading=\"lazy\" decoding=\"async\" src=\"https:\/\/maiobaotv.com.br\/wp-content\/uploads\/2020\/09\/img-20200925-wa05231736755831027999823.jpg\" class=\"wp-image-15148 alignnone size-full\" width=\"1280\" height=\"853\"><\/p>\n<p><img loading=\"lazy\" decoding=\"async\" src=\"https:\/\/maiobaotv.com.br\/wp-content\/uploads\/2020\/09\/img-20200925-wa05286284357989497177072.jpg\" class=\"wp-image-15150 alignnone size-full\" width=\"1280\" height=\"853\"><\/p>\n","protected":false},"excerpt":{"rendered":"<p>Um grande reuni\u00e3o aconteceu na manh\u00e3 de hoje, 25, na cidade de Viana. Mais de 60 lideran\u00e7as da Zona Rural<\/p>\n","protected":false},"author":2,"featured_media":15152,"comment_status":"open","ping_status":"open","sticky":false,"template":"","format":"standard","meta":{"colormag_page_container_layout":"default_layout","colormag_page_sidebar_layout":"default_layout","_jetpack_memberships_contains_paid_content":false,"footnotes":""},"categories":[2,6],"tags":[16,17,5],"class_list":["post-15135","post","type-post","status-publish","format-standard","has-post-thumbnail","hentry","category-noticias","category-politica","tag-eleicoes-2020","tag-magrado-barros","tag-viana"],"magazineBlocksPostFeaturedMedia":{"thumbnail":false,"medium":false,"medium_large":false,"large":false,"1536x1536":false,"2048x2048":false,"colormag-highlighted-post":false,"colormag-featured-post-medium":false,"colormag-featured-post-small":false,"colormag-featured-image":false,"colormag-default-news":false,"colormag-featured-image-large":false},"magazineBlocksPostAuthor":{"name":"maranhaotv","avatar":"https:\/\/secure.gravatar.com\/avatar\/8fadbca458d4cb68b1dd399ae9a40618d747bb1af65ac9fad21c89220a143eb4?s=96&d=mm&r=g"},"magazineBlocksPostCommentsNumber":"0","magazineBlocksPostExcerpt":"Um grande reuni\u00e3o aconteceu na manh\u00e3 de hoje, 25, na cidade de Viana. Mais de 60 lideran\u00e7as da Zona Rural","magazineBlocksPostCategories":["not\u00edcias","pol\u00edtica"],"magazineBlocksPostViewCount":119,"magazineBlocksPostReadTime":2,"magazine_blocks_featured_image_url":{"full":false,"medium":false,"thumbnail":false},"magazine_blocks_author":{"display_name":"maranhaotv","author_link":"https:\/\/maranhaotv.com.br\/index.php\/author\/maranhaotv\/"},"magazine_blocks_comment":0,"magazine_blocks_author_image":"https:\/\/secure.gravatar.com\/avatar\/8fadbca458d4cb68b1dd399ae9a40618d747bb1af65ac9fad21c89220a143eb4?s=96&d=mm&r=g","magazine_blocks_category":"<a href=\"#\" class=\"category-link category-link-2\">not\u00edcias<\/a> <a href=\"#\" class=\"category-link category-link-6\">pol\u00edtica<\/a>","yoast_head":"<!-- This site is optimized with the Yoast SEO plugin v27.4 - https:\/\/yoast.com\/product\/yoast-seo-wordpress\/ -->\n<title>Viana: Em grande encontro, mais de 60 lideran\u00e7as da Zona Rural declaram apoio a Magrado Barros - NOT\u00cdCIAS EM TEMPO REAL<\/title>\n<meta name=\"robots\" content=\"index, follow, max-snippet:-1, max-image-preview:large, max-video-preview:-1\" \/>\n<link rel=\"canonical\" href=\"https:\/\/maranhaotv.com.br\/index.php\/2020\/09\/25\/viana-em-grande-encontro-mais-de-60-liderancas-da-zona-rural-declaram-apoio-a-magrado-barros\/\" \/>\n<meta property=\"og:locale\" content=\"pt_BR\" \/>\n<meta property=\"og:type\" content=\"article\" \/>\n<meta property=\"og:title\" content=\"Viana: Em grande encontro, mais de 60 lideran\u00e7as da Zona Rural declaram apoio a Magrado Barros - NOT\u00cdCIAS EM TEMPO REAL\" \/>\n<meta property=\"og:description\" content=\"Um grande reuni\u00e3o aconteceu na manh\u00e3 de hoje, 25, na cidade de Viana. Mais de 60 lideran\u00e7as da Zona Rural\" \/>\n<meta property=\"og:url\" content=\"https:\/\/maranhaotv.com.br\/index.php\/2020\/09\/25\/viana-em-grande-encontro-mais-de-60-liderancas-da-zona-rural-declaram-apoio-a-magrado-barros\/\" \/>\n<meta property=\"og:site_name\" content=\"NOT\u00cdCIAS EM TEMPO REAL\" \/>\n<meta property=\"article:publisher\" content=\"https:\/\/www.facebook.com\/maiobaotv\" \/>\n<meta property=\"article:published_time\" content=\"2020-09-25T20:16:01+00:00\" \/>\n<meta name=\"author\" content=\"maranhaotv\" \/>\n<meta name=\"twitter:card\" content=\"summary_large_image\" \/>\n<meta name=\"twitter:creator\" content=\"@sitemaranhaotv\" \/>\n<meta name=\"twitter:site\" content=\"@sitemaranhaotv\" \/>\n<meta name=\"twitter:label1\" content=\"Escrito por\" \/>\n\t<meta name=\"twitter:data1\" content=\"maranhaotv\" \/>\n\t<meta name=\"twitter:label2\" content=\"Est. tempo de leitura\" \/>\n\t<meta name=\"twitter:data2\" content=\"2 minutos\" \/>\n<script type=\"application\/ld+json\" class=\"yoast-schema-graph\">{\"@context\":\"https:\\\/\\\/schema.org\",\"@graph\":[{\"@type\":\"Article\",\"@id\":\"https:\\\/\\\/maranhaotv.com.br\\\/index.php\\\/2020\\\/09\\\/25\\\/viana-em-grande-encontro-mais-de-60-liderancas-da-zona-rural-declaram-apoio-a-magrado-barros\\\/#article\",\"isPartOf\":{\"@id\":\"https:\\\/\\\/maranhaotv.com.br\\\/index.php\\\/2020\\\/09\\\/25\\\/viana-em-grande-encontro-mais-de-60-liderancas-da-zona-rural-declaram-apoio-a-magrado-barros\\\/\"},\"author\":{\"name\":\"maranhaotv\",\"@id\":\"https:\\\/\\\/maranhaotv.com.br\\\/#\\\/schema\\\/person\\\/3d54238e86b20bb5c89ab2fdb8f8829a\"},\"headline\":\"Viana: Em grande encontro, mais de 60 lideran\u00e7as da Zona Rural declaram apoio a Magrado Barros\",\"datePublished\":\"2020-09-25T20:16:01+00:00\",\"mainEntityOfPage\":{\"@id\":\"https:\\\/\\\/maranhaotv.com.br\\\/index.php\\\/2020\\\/09\\\/25\\\/viana-em-grande-encontro-mais-de-60-liderancas-da-zona-rural-declaram-apoio-a-magrado-barros\\\/\"},\"wordCount\":398,\"commentCount\":0,\"publisher\":{\"@id\":\"https:\\\/\\\/maranhaotv.com.br\\\/#organization\"},\"image\":{\"@id\":\"https:\\\/\\\/maranhaotv.com.br\\\/index.php\\\/2020\\\/09\\\/25\\\/viana-em-grande-encontro-mais-de-60-liderancas-da-zona-rural-declaram-apoio-a-magrado-barros\\\/#primaryimage\"},\"thumbnailUrl\":\"\",\"keywords\":[\"Elei\u00e7\u00f5es 2020\",\"Magrado Barros\",\"Viana\"],\"articleSection\":[\"not\u00edcias\",\"pol\u00edtica\"],\"inLanguage\":\"pt-BR\",\"potentialAction\":[{\"@type\":\"CommentAction\",\"name\":\"Comment\",\"target\":[\"https:\\\/\\\/maranhaotv.com.br\\\/index.php\\\/2020\\\/09\\\/25\\\/viana-em-grande-encontro-mais-de-60-liderancas-da-zona-rural-declaram-apoio-a-magrado-barros\\\/#respond\"]}]},{\"@type\":\"WebPage\",\"@id\":\"https:\\\/\\\/maranhaotv.com.br\\\/index.php\\\/2020\\\/09\\\/25\\\/viana-em-grande-encontro-mais-de-60-liderancas-da-zona-rural-declaram-apoio-a-magrado-barros\\\/\",\"url\":\"https:\\\/\\\/maranhaotv.com.br\\\/index.php\\\/2020\\\/09\\\/25\\\/viana-em-grande-encontro-mais-de-60-liderancas-da-zona-rural-declaram-apoio-a-magrado-barros\\\/\",\"name\":\"Viana: Em grande encontro, mais de 60 lideran\u00e7as da Zona Rural declaram apoio a Magrado Barros - NOT\u00cdCIAS EM TEMPO REAL\",\"isPartOf\":{\"@id\":\"https:\\\/\\\/maranhaotv.com.br\\\/#website\"},\"primaryImageOfPage\":{\"@id\":\"https:\\\/\\\/maranhaotv.com.br\\\/index.php\\\/2020\\\/09\\\/25\\\/viana-em-grande-encontro-mais-de-60-liderancas-da-zona-rural-declaram-apoio-a-magrado-barros\\\/#primaryimage\"},\"image\":{\"@id\":\"https:\\\/\\\/maranhaotv.com.br\\\/index.php\\\/2020\\\/09\\\/25\\\/viana-em-grande-encontro-mais-de-60-liderancas-da-zona-rural-declaram-apoio-a-magrado-barros\\\/#primaryimage\"},\"thumbnailUrl\":\"\",\"datePublished\":\"2020-09-25T20:16:01+00:00\",\"breadcrumb\":{\"@id\":\"https:\\\/\\\/maranhaotv.com.br\\\/index.php\\\/2020\\\/09\\\/25\\\/viana-em-grande-encontro-mais-de-60-liderancas-da-zona-rural-declaram-apoio-a-magrado-barros\\\/#breadcrumb\"},\"inLanguage\":\"pt-BR\",\"potentialAction\":[{\"@type\":\"ReadAction\",\"target\":[\"https:\\\/\\\/maranhaotv.com.br\\\/index.php\\\/2020\\\/09\\\/25\\\/viana-em-grande-encontro-mais-de-60-liderancas-da-zona-rural-declaram-apoio-a-magrado-barros\\\/\"]}]},{\"@type\":\"ImageObject\",\"inLanguage\":\"pt-BR\",\"@id\":\"https:\\\/\\\/maranhaotv.com.br\\\/index.php\\\/2020\\\/09\\\/25\\\/viana-em-grande-encontro-mais-de-60-liderancas-da-zona-rural-declaram-apoio-a-magrado-barros\\\/#primaryimage\",\"url\":\"\",\"contentUrl\":\"\"},{\"@type\":\"BreadcrumbList\",\"@id\":\"https:\\\/\\\/maranhaotv.com.br\\\/index.php\\\/2020\\\/09\\\/25\\\/viana-em-grande-encontro-mais-de-60-liderancas-da-zona-rural-declaram-apoio-a-magrado-barros\\\/#breadcrumb\",\"itemListElement\":[{\"@type\":\"ListItem\",\"position\":1,\"name\":\"In\u00edcio\",\"item\":\"https:\\\/\\\/maranhaotv.com.br\\\/\"},{\"@type\":\"ListItem\",\"position\":2,\"name\":\"Viana: Em grande encontro, mais de 60 lideran\u00e7as da Zona Rural declaram apoio a Magrado Barros\"}]},{\"@type\":\"WebSite\",\"@id\":\"https:\\\/\\\/maranhaotv.com.br\\\/#website\",\"url\":\"https:\\\/\\\/maranhaotv.com.br\\\/\",\"name\":\"Maranh\u00e3oTV\",\"description\":\"\",\"publisher\":{\"@id\":\"https:\\\/\\\/maranhaotv.com.br\\\/#organization\"},\"potentialAction\":[{\"@type\":\"SearchAction\",\"target\":{\"@type\":\"EntryPoint\",\"urlTemplate\":\"https:\\\/\\\/maranhaotv.com.br\\\/?s={search_term_string}\"},\"query-input\":{\"@type\":\"PropertyValueSpecification\",\"valueRequired\":true,\"valueName\":\"search_term_string\"}}],\"inLanguage\":\"pt-BR\"},{\"@type\":\"Organization\",\"@id\":\"https:\\\/\\\/maranhaotv.com.br\\\/#organization\",\"name\":\"Portal de Not\u00edcias\",\"url\":\"https:\\\/\\\/maranhaotv.com.br\\\/\",\"logo\":{\"@type\":\"ImageObject\",\"inLanguage\":\"pt-BR\",\"@id\":\"https:\\\/\\\/maranhaotv.com.br\\\/#\\\/schema\\\/logo\\\/image\\\/\",\"url\":\"https:\\\/\\\/maranhaotv.com.br\\\/wp-content\\\/uploads\\\/2024\\\/05\\\/cropped-cropped-avatar-1.png\",\"contentUrl\":\"https:\\\/\\\/maranhaotv.com.br\\\/wp-content\\\/uploads\\\/2024\\\/05\\\/cropped-cropped-avatar-1.png\",\"width\":792,\"height\":428,\"caption\":\"Portal de Not\u00edcias\"},\"image\":{\"@id\":\"https:\\\/\\\/maranhaotv.com.br\\\/#\\\/schema\\\/logo\\\/image\\\/\"},\"sameAs\":[\"https:\\\/\\\/www.facebook.com\\\/maiobaotv\",\"https:\\\/\\\/x.com\\\/sitemaranhaotv\",\"https:\\\/\\\/www.instagram.com\\\/maranhao.tv\",\"https:\\\/\\\/www.threads.net\\\/@maranhao.tv\"]},{\"@type\":\"Person\",\"@id\":\"https:\\\/\\\/maranhaotv.com.br\\\/#\\\/schema\\\/person\\\/3d54238e86b20bb5c89ab2fdb8f8829a\",\"name\":\"maranhaotv\",\"image\":{\"@type\":\"ImageObject\",\"inLanguage\":\"pt-BR\",\"@id\":\"https:\\\/\\\/secure.gravatar.com\\\/avatar\\\/8fadbca458d4cb68b1dd399ae9a40618d747bb1af65ac9fad21c89220a143eb4?s=96&d=mm&r=g\",\"url\":\"https:\\\/\\\/secure.gravatar.com\\\/avatar\\\/8fadbca458d4cb68b1dd399ae9a40618d747bb1af65ac9fad21c89220a143eb4?s=96&d=mm&r=g\",\"contentUrl\":\"https:\\\/\\\/secure.gravatar.com\\\/avatar\\\/8fadbca458d4cb68b1dd399ae9a40618d747bb1af65ac9fad21c89220a143eb4?s=96&d=mm&r=g\",\"caption\":\"maranhaotv\"},\"sameAs\":[\"https:\\\/\\\/maranhaotv.com.br\\\/\"],\"url\":\"https:\\\/\\\/maranhaotv.com.br\\\/index.php\\\/author\\\/maranhaotv\\\/\"}]}<\/script>\n<!-- \/ Yoast SEO plugin. -->","yoast_head_json":{"title":"Viana: Em grande encontro, mais de 60 lideran\u00e7as da Zona Rural declaram apoio a Magrado Barros - NOT\u00cdCIAS EM TEMPO REAL","robots":{"index":"index","follow":"follow","max-snippet":"max-snippet:-1","max-image-preview":"max-image-preview:large","max-video-preview":"max-video-preview:-1"},"canonical":"https:\/\/maranhaotv.com.br\/index.php\/2020\/09\/25\/viana-em-grande-encontro-mais-de-60-liderancas-da-zona-rural-declaram-apoio-a-magrado-barros\/","og_locale":"pt_BR","og_type":"article","og_title":"Viana: Em grande encontro, mais de 60 lideran\u00e7as da Zona Rural declaram apoio a Magrado Barros - NOT\u00cdCIAS EM TEMPO REAL","og_description":"Um grande reuni\u00e3o aconteceu na manh\u00e3 de hoje, 25, na cidade de Viana. Mais de 60 lideran\u00e7as da Zona Rural","og_url":"https:\/\/maranhaotv.com.br\/index.php\/2020\/09\/25\/viana-em-grande-encontro-mais-de-60-liderancas-da-zona-rural-declaram-apoio-a-magrado-barros\/","og_site_name":"NOT\u00cdCIAS EM TEMPO REAL","article_publisher":"https:\/\/www.facebook.com\/maiobaotv","article_published_time":"2020-09-25T20:16:01+00:00","author":"maranhaotv","twitter_card":"summary_large_image","twitter_creator":"@sitemaranhaotv","twitter_site":"@sitemaranhaotv","twitter_misc":{"Escrito por":"maranhaotv","Est. tempo de leitura":"2 minutos"},"schema":{"@context":"https:\/\/schema.org","@graph":[{"@type":"Article","@id":"https:\/\/maranhaotv.com.br\/index.php\/2020\/09\/25\/viana-em-grande-encontro-mais-de-60-liderancas-da-zona-rural-declaram-apoio-a-magrado-barros\/#article","isPartOf":{"@id":"https:\/\/maranhaotv.com.br\/index.php\/2020\/09\/25\/viana-em-grande-encontro-mais-de-60-liderancas-da-zona-rural-declaram-apoio-a-magrado-barros\/"},"author":{"name":"maranhaotv","@id":"https:\/\/maranhaotv.com.br\/#\/schema\/person\/3d54238e86b20bb5c89ab2fdb8f8829a"},"headline":"Viana: Em grande encontro, mais de 60 lideran\u00e7as da Zona Rural declaram apoio a Magrado Barros","datePublished":"2020-09-25T20:16:01+00:00","mainEntityOfPage":{"@id":"https:\/\/maranhaotv.com.br\/index.php\/2020\/09\/25\/viana-em-grande-encontro-mais-de-60-liderancas-da-zona-rural-declaram-apoio-a-magrado-barros\/"},"wordCount":398,"commentCount":0,"publisher":{"@id":"https:\/\/maranhaotv.com.br\/#organization"},"image":{"@id":"https:\/\/maranhaotv.com.br\/index.php\/2020\/09\/25\/viana-em-grande-encontro-mais-de-60-liderancas-da-zona-rural-declaram-apoio-a-magrado-barros\/#primaryimage"},"thumbnailUrl":"","keywords":["Elei\u00e7\u00f5es 2020","Magrado Barros","Viana"],"articleSection":["not\u00edcias","pol\u00edtica"],"inLanguage":"pt-BR","potentialAction":[{"@type":"CommentAction","name":"Comment","target":["https:\/\/maranhaotv.com.br\/index.php\/2020\/09\/25\/viana-em-grande-encontro-mais-de-60-liderancas-da-zona-rural-declaram-apoio-a-magrado-barros\/#respond"]}]},{"@type":"WebPage","@id":"https:\/\/maranhaotv.com.br\/index.php\/2020\/09\/25\/viana-em-grande-encontro-mais-de-60-liderancas-da-zona-rural-declaram-apoio-a-magrado-barros\/","url":"https:\/\/maranhaotv.com.br\/index.php\/2020\/09\/25\/viana-em-grande-encontro-mais-de-60-liderancas-da-zona-rural-declaram-apoio-a-magrado-barros\/","name":"Viana: Em grande encontro, mais de 60 lideran\u00e7as da Zona Rural declaram apoio a Magrado Barros - NOT\u00cdCIAS EM TEMPO REAL","isPartOf":{"@id":"https:\/\/maranhaotv.com.br\/#website"},"primaryImageOfPage":{"@id":"https:\/\/maranhaotv.com.br\/index.php\/2020\/09\/25\/viana-em-grande-encontro-mais-de-60-liderancas-da-zona-rural-declaram-apoio-a-magrado-barros\/#primaryimage"},"image":{"@id":"https:\/\/maranhaotv.com.br\/index.php\/2020\/09\/25\/viana-em-grande-encontro-mais-de-60-liderancas-da-zona-rural-declaram-apoio-a-magrado-barros\/#primaryimage"},"thumbnailUrl":"","datePublished":"2020-09-25T20:16:01+00:00","breadcrumb":{"@id":"https:\/\/maranhaotv.com.br\/index.php\/2020\/09\/25\/viana-em-grande-encontro-mais-de-60-liderancas-da-zona-rural-declaram-apoio-a-magrado-barros\/#breadcrumb"},"inLanguage":"pt-BR","potentialAction":[{"@type":"ReadAction","target":["https:\/\/maranhaotv.com.br\/index.php\/2020\/09\/25\/viana-em-grande-encontro-mais-de-60-liderancas-da-zona-rural-declaram-apoio-a-magrado-barros\/"]}]},{"@type":"ImageObject","inLanguage":"pt-BR","@id":"https:\/\/maranhaotv.com.br\/index.php\/2020\/09\/25\/viana-em-grande-encontro-mais-de-60-liderancas-da-zona-rural-declaram-apoio-a-magrado-barros\/#primaryimage","url":"","contentUrl":""},{"@type":"BreadcrumbList","@id":"https:\/\/maranhaotv.com.br\/index.php\/2020\/09\/25\/viana-em-grande-encontro-mais-de-60-liderancas-da-zona-rural-declaram-apoio-a-magrado-barros\/#breadcrumb","itemListElement":[{"@type":"ListItem","position":1,"name":"In\u00edcio","item":"https:\/\/maranhaotv.com.br\/"},{"@type":"ListItem","position":2,"name":"Viana: Em grande encontro, mais de 60 lideran\u00e7as da Zona Rural declaram apoio a Magrado Barros"}]},{"@type":"WebSite","@id":"https:\/\/maranhaotv.com.br\/#website","url":"https:\/\/maranhaotv.com.br\/","name":"Maranh\u00e3oTV","description":"","publisher":{"@id":"https:\/\/maranhaotv.com.br\/#organization"},"potentialAction":[{"@type":"SearchAction","target":{"@type":"EntryPoint","urlTemplate":"https:\/\/maranhaotv.com.br\/?s={search_term_string}"},"query-input":{"@type":"PropertyValueSpecification","valueRequired":true,"valueName":"search_term_string"}}],"inLanguage":"pt-BR"},{"@type":"Organization","@id":"https:\/\/maranhaotv.com.br\/#organization","name":"Portal de Not\u00edcias","url":"https:\/\/maranhaotv.com.br\/","logo":{"@type":"ImageObject","inLanguage":"pt-BR","@id":"https:\/\/maranhaotv.com.br\/#\/schema\/logo\/image\/","url":"https:\/\/maranhaotv.com.br\/wp-content\/uploads\/2024\/05\/cropped-cropped-avatar-1.png","contentUrl":"https:\/\/maranhaotv.com.br\/wp-content\/uploads\/2024\/05\/cropped-cropped-avatar-1.png","width":792,"height":428,"caption":"Portal de Not\u00edcias"},"image":{"@id":"https:\/\/maranhaotv.com.br\/#\/schema\/logo\/image\/"},"sameAs":["https:\/\/www.facebook.com\/maiobaotv","https:\/\/x.com\/sitemaranhaotv","https:\/\/www.instagram.com\/maranhao.tv","https:\/\/www.threads.net\/@maranhao.tv"]},{"@type":"Person","@id":"https:\/\/maranhaotv.com.br\/#\/schema\/person\/3d54238e86b20bb5c89ab2fdb8f8829a","name":"maranhaotv","image":{"@type":"ImageObject","inLanguage":"pt-BR","@id":"https:\/\/secure.gravatar.com\/avatar\/8fadbca458d4cb68b1dd399ae9a40618d747bb1af65ac9fad21c89220a143eb4?s=96&d=mm&r=g","url":"https:\/\/secure.gravatar.com\/avatar\/8fadbca458d4cb68b1dd399ae9a40618d747bb1af65ac9fad21c89220a143eb4?s=96&d=mm&r=g","contentUrl":"https:\/\/secure.gravatar.com\/avatar\/8fadbca458d4cb68b1dd399ae9a40618d747bb1af65ac9fad21c89220a143eb4?s=96&d=mm&r=g","caption":"maranhaotv"},"sameAs":["https:\/\/maranhaotv.com.br\/"],"url":"https:\/\/maranhaotv.com.br\/index.php\/author\/maranhaotv\/"}]}},"jetpack_featured_media_url":"","jetpack_sharing_enabled":true,"_links":{"self":[{"href":"https:\/\/maranhaotv.com.br\/index.php\/wp-json\/wp\/v2\/posts\/15135","targetHints":{"allow":["GET"]}}],"collection":[{"href":"https:\/\/maranhaotv.com.br\/index.php\/wp-json\/wp\/v2\/posts"}],"about":[{"href":"https:\/\/maranhaotv.com.br\/index.php\/wp-json\/wp\/v2\/types\/post"}],"author":[{"embeddable":true,"href":"https:\/\/maranhaotv.com.br\/index.php\/wp-json\/wp\/v2\/users\/2"}],"replies":[{"embeddable":true,"href":"https:\/\/maranhaotv.com.br\/index.php\/wp-json\/wp\/v2\/comments?post=15135"}],"version-history":[{"count":0,"href":"https:\/\/maranhaotv.com.br\/index.php\/wp-json\/wp\/v2\/posts\/15135\/revisions"}],"wp:featuredmedia":[{"embeddable":true,"href":"https:\/\/maranhaotv.com.br\/index.php\/wp-json\/"}],"wp:attachment":[{"href":"https:\/\/maranhaotv.com.br\/index.php\/wp-json\/wp\/v2\/media?parent=15135"}],"wp:term":[{"taxonomy":"category","embeddable":true,"href":"https:\/\/maranhaotv.com.br\/index.php\/wp-json\/wp\/v2\/categories?post=15135"},{"taxonomy":"post_tag","embeddable":true,"href":"https:\/\/maranhaotv.com.br\/index.php\/wp-json\/wp\/v2\/tags?post=15135"}],"curies":[{"name":"wp","href":"https:\/\/api.w.org\/{rel}","templated":true}]}}