{"id":15156,"date":"2020-09-25T20:53:56","date_gmt":"2020-09-25T23:53:56","guid":{"rendered":"https:\/\/maiobaotv.com.br\/?p=15156"},"modified":"2020-09-25T20:53:56","modified_gmt":"2020-09-25T23:53:56","slug":"indicado-de-marcio-jerry-teria-acumulado-supersalarios-em-sao-luis-e-paco-do-lumiar","status":"publish","type":"post","link":"https:\/\/maranhaotv.com.br\/index.php\/2020\/09\/25\/indicado-de-marcio-jerry-teria-acumulado-supersalarios-em-sao-luis-e-paco-do-lumiar\/","title":{"rendered":"Indicado de M\u00e1rcio Jerry teria acumulado &#8220;supersal\u00e1rios&#8221; em S\u00e3o Lu\u00eds e Pa\u00e7o do Lumiar"},"content":{"rendered":"<p>Falta de transpar\u00eancia no governo da prefeita Paula da Pindoba (PCdoB) faz de Pa\u00e7o do Lumiar uma farra de cabide de empregos de figur\u00f5es da pol\u00edticas de todo Estado<\/p>\n<p>Cl\u00e1udio Alves Gomes, hoje SUPERINTENDENTE DE MATERIAIS DE PATRIM\u00d4NIO (nomeado dia 11\/08\/2020, de acordo com o DOM \/SL N\u00b0 156, mesmo sem saber nada sobre sua \u00e1rea, foi indicado e inserido por Lula Filho enquanto Secret\u00e1rio de Sa\u00fade do Munic\u00edpio de S\u00c3O LU\u00cdS.<\/p>\n<p>Cl\u00e1udio foi chamado primeiramente por Lula Filho, por ter empresa de auditoria e ficou respons\u00e1vel por auditar os processos da SEMUS, ap\u00f3s a secretaria entrar na mira da PF por conta dos gastos n\u00e3o declarados para o tratamento da COVID.<\/p>\n<p>Com a exonera\u00e7\u00e3o da ex-superintendente Andreia Mar\u00e3o, chamaram o Cl\u00e1udio Alves para sentar na cadeira e preencher vaga, ganhando hoje at\u00e9 mais que o pr\u00f3prio secret\u00e1rio atual de sa\u00fade.<\/p>\n<p>Mas por ele ser muito sol\u00edcito na Secretaria de Sa\u00fade do Munic\u00edpio de S\u00e3o Lu\u00eds, muito \u201cdado\u201d, acabaram descobrindo que ele tamb\u00e9m estava lotado na Prefeitura de Pa\u00e7o do Lumiar, por ser casado com a sobrinha de de M\u00e1rcio Jerry, outro mandante da atual gest\u00e3o Paula Azevedo e se mant\u00e9m com o sal\u00e1rio de R$15mil, exercendo o cargo de Secret\u00e1rio Adjunto da Secretaria de Fazenda &#8211; SEMFAZ.<\/p>\n<p>Agora a pergunta: se ele ganha R$15mil em Pa\u00e7o do Lumiar que \u00e9 um municipio pequeno, imagina quanto ele ganha na Secretaria de Sa\u00fade do Munic\u00edpio de S\u00e3o Lu\u00eds?Essa m\u00e1fia de Paula da Pindoba tem mesmo gana por dinheiro.<\/p>\n<p>At\u00e9 hoje a popula\u00e7\u00e3o aguarda que a C\u00e2mara de Vereadores de Pa\u00e7o do Lumiar abra um processo de investiga\u00e7\u00e3o sobre a farra dos &#8220;supersal\u00e1rios&#8221;, e de supostos funcion\u00e1rios fantasmas da folha de pagamento da prefeitura.<\/p>\n<p><img loading=\"lazy\" decoding=\"async\" class=\"wp-image-15158 alignnone size-full\" src=\"https:\/\/maiobaotv.com.br\/wp-content\/uploads\/2020\/09\/img-20200925-wa06833459440297839520046.jpg\" width=\"718\" height=\"645\"><\/p>\n<p><img loading=\"lazy\" decoding=\"async\" class=\"wp-image-15159 alignnone size-full\" src=\"https:\/\/maiobaotv.com.br\/wp-content\/uploads\/2020\/09\/img-20200925-wa06822510537177137790951.jpg\" width=\"720\" height=\"1280\"><\/p>\n","protected":false},"excerpt":{"rendered":"<p>Falta de transpar\u00eancia no governo da prefeita Paula da Pindoba (PCdoB) faz de Pa\u00e7o do Lumiar uma farra de cabide<\/p>\n","protected":false},"author":2,"featured_media":15155,"comment_status":"open","ping_status":"open","sticky":false,"template":"","format":"standard","meta":{"colormag_page_container_layout":"default_layout","colormag_page_sidebar_layout":"default_layout","_jetpack_memberships_contains_paid_content":false,"footnotes":""},"categories":[2,6],"tags":[],"class_list":["post-15156","post","type-post","status-publish","format-standard","has-post-thumbnail","hentry","category-noticias","category-politica"],"magazineBlocksPostFeaturedMedia":{"thumbnail":false,"medium":false,"medium_large":false,"large":false,"1536x1536":false,"2048x2048":false,"colormag-highlighted-post":false,"colormag-featured-post-medium":false,"colormag-featured-post-small":false,"colormag-featured-image":false,"colormag-default-news":false,"colormag-featured-image-large":false},"magazineBlocksPostAuthor":{"name":"maranhaotv","avatar":"https:\/\/secure.gravatar.com\/avatar\/8fadbca458d4cb68b1dd399ae9a40618d747bb1af65ac9fad21c89220a143eb4?s=96&d=mm&r=g"},"magazineBlocksPostCommentsNumber":"0","magazineBlocksPostExcerpt":"Falta de transpar\u00eancia no governo da prefeita Paula da Pindoba (PCdoB) faz de Pa\u00e7o do Lumiar uma farra de cabide","magazineBlocksPostCategories":["not\u00edcias","pol\u00edtica"],"magazineBlocksPostViewCount":167,"magazineBlocksPostReadTime":2,"magazine_blocks_featured_image_url":{"full":false,"medium":false,"thumbnail":false},"magazine_blocks_author":{"display_name":"maranhaotv","author_link":"https:\/\/maranhaotv.com.br\/index.php\/author\/maranhaotv\/"},"magazine_blocks_comment":0,"magazine_blocks_author_image":"https:\/\/secure.gravatar.com\/avatar\/8fadbca458d4cb68b1dd399ae9a40618d747bb1af65ac9fad21c89220a143eb4?s=96&d=mm&r=g","magazine_blocks_category":"<a href=\"#\" class=\"category-link category-link-2\">not\u00edcias<\/a> <a href=\"#\" class=\"category-link category-link-6\">pol\u00edtica<\/a>","yoast_head":"<!-- This site is optimized with the Yoast SEO plugin v27.4 - https:\/\/yoast.com\/product\/yoast-seo-wordpress\/ -->\n<title>Indicado de M\u00e1rcio Jerry teria acumulado &quot;supersal\u00e1rios&quot; em S\u00e3o Lu\u00eds e Pa\u00e7o do Lumiar - NOT\u00cdCIAS EM TEMPO REAL<\/title>\n<meta name=\"robots\" content=\"index, follow, max-snippet:-1, max-image-preview:large, max-video-preview:-1\" \/>\n<link rel=\"canonical\" href=\"https:\/\/maranhaotv.com.br\/index.php\/2020\/09\/25\/indicado-de-marcio-jerry-teria-acumulado-supersalarios-em-sao-luis-e-paco-do-lumiar\/\" \/>\n<meta property=\"og:locale\" content=\"pt_BR\" \/>\n<meta property=\"og:type\" content=\"article\" \/>\n<meta property=\"og:title\" content=\"Indicado de M\u00e1rcio Jerry teria acumulado &quot;supersal\u00e1rios&quot; em S\u00e3o Lu\u00eds e Pa\u00e7o do Lumiar - NOT\u00cdCIAS EM TEMPO REAL\" \/>\n<meta property=\"og:description\" content=\"Falta de transpar\u00eancia no governo da prefeita Paula da Pindoba (PCdoB) faz de Pa\u00e7o do Lumiar uma farra de cabide\" \/>\n<meta property=\"og:url\" content=\"https:\/\/maranhaotv.com.br\/index.php\/2020\/09\/25\/indicado-de-marcio-jerry-teria-acumulado-supersalarios-em-sao-luis-e-paco-do-lumiar\/\" \/>\n<meta property=\"og:site_name\" content=\"NOT\u00cdCIAS EM TEMPO REAL\" \/>\n<meta property=\"article:publisher\" content=\"https:\/\/www.facebook.com\/maiobaotv\" \/>\n<meta property=\"article:published_time\" content=\"2020-09-25T23:53:56+00:00\" \/>\n<meta name=\"author\" content=\"maranhaotv\" \/>\n<meta name=\"twitter:card\" content=\"summary_large_image\" \/>\n<meta name=\"twitter:creator\" content=\"@sitemaranhaotv\" \/>\n<meta name=\"twitter:site\" content=\"@sitemaranhaotv\" \/>\n<meta name=\"twitter:label1\" content=\"Escrito por\" \/>\n\t<meta name=\"twitter:data1\" content=\"maranhaotv\" \/>\n\t<meta name=\"twitter:label2\" content=\"Est. tempo de leitura\" \/>\n\t<meta name=\"twitter:data2\" content=\"2 minutos\" \/>\n<script type=\"application\/ld+json\" class=\"yoast-schema-graph\">{\"@context\":\"https:\\\/\\\/schema.org\",\"@graph\":[{\"@type\":\"Article\",\"@id\":\"https:\\\/\\\/maranhaotv.com.br\\\/index.php\\\/2020\\\/09\\\/25\\\/indicado-de-marcio-jerry-teria-acumulado-supersalarios-em-sao-luis-e-paco-do-lumiar\\\/#article\",\"isPartOf\":{\"@id\":\"https:\\\/\\\/maranhaotv.com.br\\\/index.php\\\/2020\\\/09\\\/25\\\/indicado-de-marcio-jerry-teria-acumulado-supersalarios-em-sao-luis-e-paco-do-lumiar\\\/\"},\"author\":{\"name\":\"maranhaotv\",\"@id\":\"https:\\\/\\\/maranhaotv.com.br\\\/#\\\/schema\\\/person\\\/3d54238e86b20bb5c89ab2fdb8f8829a\"},\"headline\":\"Indicado de M\u00e1rcio Jerry teria acumulado &#8220;supersal\u00e1rios&#8221; em S\u00e3o Lu\u00eds e Pa\u00e7o do Lumiar\",\"datePublished\":\"2020-09-25T23:53:56+00:00\",\"mainEntityOfPage\":{\"@id\":\"https:\\\/\\\/maranhaotv.com.br\\\/index.php\\\/2020\\\/09\\\/25\\\/indicado-de-marcio-jerry-teria-acumulado-supersalarios-em-sao-luis-e-paco-do-lumiar\\\/\"},\"wordCount\":346,\"commentCount\":0,\"publisher\":{\"@id\":\"https:\\\/\\\/maranhaotv.com.br\\\/#organization\"},\"image\":{\"@id\":\"https:\\\/\\\/maranhaotv.com.br\\\/index.php\\\/2020\\\/09\\\/25\\\/indicado-de-marcio-jerry-teria-acumulado-supersalarios-em-sao-luis-e-paco-do-lumiar\\\/#primaryimage\"},\"thumbnailUrl\":\"\",\"articleSection\":[\"not\u00edcias\",\"pol\u00edtica\"],\"inLanguage\":\"pt-BR\",\"potentialAction\":[{\"@type\":\"CommentAction\",\"name\":\"Comment\",\"target\":[\"https:\\\/\\\/maranhaotv.com.br\\\/index.php\\\/2020\\\/09\\\/25\\\/indicado-de-marcio-jerry-teria-acumulado-supersalarios-em-sao-luis-e-paco-do-lumiar\\\/#respond\"]}]},{\"@type\":\"WebPage\",\"@id\":\"https:\\\/\\\/maranhaotv.com.br\\\/index.php\\\/2020\\\/09\\\/25\\\/indicado-de-marcio-jerry-teria-acumulado-supersalarios-em-sao-luis-e-paco-do-lumiar\\\/\",\"url\":\"https:\\\/\\\/maranhaotv.com.br\\\/index.php\\\/2020\\\/09\\\/25\\\/indicado-de-marcio-jerry-teria-acumulado-supersalarios-em-sao-luis-e-paco-do-lumiar\\\/\",\"name\":\"Indicado de M\u00e1rcio Jerry teria acumulado \\\"supersal\u00e1rios\\\" em S\u00e3o Lu\u00eds e Pa\u00e7o do Lumiar - NOT\u00cdCIAS EM TEMPO REAL\",\"isPartOf\":{\"@id\":\"https:\\\/\\\/maranhaotv.com.br\\\/#website\"},\"primaryImageOfPage\":{\"@id\":\"https:\\\/\\\/maranhaotv.com.br\\\/index.php\\\/2020\\\/09\\\/25\\\/indicado-de-marcio-jerry-teria-acumulado-supersalarios-em-sao-luis-e-paco-do-lumiar\\\/#primaryimage\"},\"image\":{\"@id\":\"https:\\\/\\\/maranhaotv.com.br\\\/index.php\\\/2020\\\/09\\\/25\\\/indicado-de-marcio-jerry-teria-acumulado-supersalarios-em-sao-luis-e-paco-do-lumiar\\\/#primaryimage\"},\"thumbnailUrl\":\"\",\"datePublished\":\"2020-09-25T23:53:56+00:00\",\"breadcrumb\":{\"@id\":\"https:\\\/\\\/maranhaotv.com.br\\\/index.php\\\/2020\\\/09\\\/25\\\/indicado-de-marcio-jerry-teria-acumulado-supersalarios-em-sao-luis-e-paco-do-lumiar\\\/#breadcrumb\"},\"inLanguage\":\"pt-BR\",\"potentialAction\":[{\"@type\":\"ReadAction\",\"target\":[\"https:\\\/\\\/maranhaotv.com.br\\\/index.php\\\/2020\\\/09\\\/25\\\/indicado-de-marcio-jerry-teria-acumulado-supersalarios-em-sao-luis-e-paco-do-lumiar\\\/\"]}]},{\"@type\":\"ImageObject\",\"inLanguage\":\"pt-BR\",\"@id\":\"https:\\\/\\\/maranhaotv.com.br\\\/index.php\\\/2020\\\/09\\\/25\\\/indicado-de-marcio-jerry-teria-acumulado-supersalarios-em-sao-luis-e-paco-do-lumiar\\\/#primaryimage\",\"url\":\"\",\"contentUrl\":\"\"},{\"@type\":\"BreadcrumbList\",\"@id\":\"https:\\\/\\\/maranhaotv.com.br\\\/index.php\\\/2020\\\/09\\\/25\\\/indicado-de-marcio-jerry-teria-acumulado-supersalarios-em-sao-luis-e-paco-do-lumiar\\\/#breadcrumb\",\"itemListElement\":[{\"@type\":\"ListItem\",\"position\":1,\"name\":\"In\u00edcio\",\"item\":\"https:\\\/\\\/maranhaotv.com.br\\\/\"},{\"@type\":\"ListItem\",\"position\":2,\"name\":\"Indicado de M\u00e1rcio Jerry teria acumulado &#8220;supersal\u00e1rios&#8221; em S\u00e3o Lu\u00eds e Pa\u00e7o do Lumiar\"}]},{\"@type\":\"WebSite\",\"@id\":\"https:\\\/\\\/maranhaotv.com.br\\\/#website\",\"url\":\"https:\\\/\\\/maranhaotv.com.br\\\/\",\"name\":\"Maranh\u00e3oTV\",\"description\":\"\",\"publisher\":{\"@id\":\"https:\\\/\\\/maranhaotv.com.br\\\/#organization\"},\"potentialAction\":[{\"@type\":\"SearchAction\",\"target\":{\"@type\":\"EntryPoint\",\"urlTemplate\":\"https:\\\/\\\/maranhaotv.com.br\\\/?s={search_term_string}\"},\"query-input\":{\"@type\":\"PropertyValueSpecification\",\"valueRequired\":true,\"valueName\":\"search_term_string\"}}],\"inLanguage\":\"pt-BR\"},{\"@type\":\"Organization\",\"@id\":\"https:\\\/\\\/maranhaotv.com.br\\\/#organization\",\"name\":\"Portal de Not\u00edcias\",\"url\":\"https:\\\/\\\/maranhaotv.com.br\\\/\",\"logo\":{\"@type\":\"ImageObject\",\"inLanguage\":\"pt-BR\",\"@id\":\"https:\\\/\\\/maranhaotv.com.br\\\/#\\\/schema\\\/logo\\\/image\\\/\",\"url\":\"https:\\\/\\\/maranhaotv.com.br\\\/wp-content\\\/uploads\\\/2024\\\/05\\\/cropped-cropped-avatar-1.png\",\"contentUrl\":\"https:\\\/\\\/maranhaotv.com.br\\\/wp-content\\\/uploads\\\/2024\\\/05\\\/cropped-cropped-avatar-1.png\",\"width\":792,\"height\":428,\"caption\":\"Portal de Not\u00edcias\"},\"image\":{\"@id\":\"https:\\\/\\\/maranhaotv.com.br\\\/#\\\/schema\\\/logo\\\/image\\\/\"},\"sameAs\":[\"https:\\\/\\\/www.facebook.com\\\/maiobaotv\",\"https:\\\/\\\/x.com\\\/sitemaranhaotv\",\"https:\\\/\\\/www.instagram.com\\\/maranhao.tv\",\"https:\\\/\\\/www.threads.net\\\/@maranhao.tv\"]},{\"@type\":\"Person\",\"@id\":\"https:\\\/\\\/maranhaotv.com.br\\\/#\\\/schema\\\/person\\\/3d54238e86b20bb5c89ab2fdb8f8829a\",\"name\":\"maranhaotv\",\"image\":{\"@type\":\"ImageObject\",\"inLanguage\":\"pt-BR\",\"@id\":\"https:\\\/\\\/secure.gravatar.com\\\/avatar\\\/8fadbca458d4cb68b1dd399ae9a40618d747bb1af65ac9fad21c89220a143eb4?s=96&d=mm&r=g\",\"url\":\"https:\\\/\\\/secure.gravatar.com\\\/avatar\\\/8fadbca458d4cb68b1dd399ae9a40618d747bb1af65ac9fad21c89220a143eb4?s=96&d=mm&r=g\",\"contentUrl\":\"https:\\\/\\\/secure.gravatar.com\\\/avatar\\\/8fadbca458d4cb68b1dd399ae9a40618d747bb1af65ac9fad21c89220a143eb4?s=96&d=mm&r=g\",\"caption\":\"maranhaotv\"},\"sameAs\":[\"https:\\\/\\\/maranhaotv.com.br\\\/\"],\"url\":\"https:\\\/\\\/maranhaotv.com.br\\\/index.php\\\/author\\\/maranhaotv\\\/\"}]}<\/script>\n<!-- \/ Yoast SEO plugin. -->","yoast_head_json":{"title":"Indicado de M\u00e1rcio Jerry teria acumulado \"supersal\u00e1rios\" em S\u00e3o Lu\u00eds e Pa\u00e7o do Lumiar - NOT\u00cdCIAS EM TEMPO REAL","robots":{"index":"index","follow":"follow","max-snippet":"max-snippet:-1","max-image-preview":"max-image-preview:large","max-video-preview":"max-video-preview:-1"},"canonical":"https:\/\/maranhaotv.com.br\/index.php\/2020\/09\/25\/indicado-de-marcio-jerry-teria-acumulado-supersalarios-em-sao-luis-e-paco-do-lumiar\/","og_locale":"pt_BR","og_type":"article","og_title":"Indicado de M\u00e1rcio Jerry teria acumulado \"supersal\u00e1rios\" em S\u00e3o Lu\u00eds e Pa\u00e7o do Lumiar - NOT\u00cdCIAS EM TEMPO REAL","og_description":"Falta de transpar\u00eancia no governo da prefeita Paula da Pindoba (PCdoB) faz de Pa\u00e7o do Lumiar uma farra de cabide","og_url":"https:\/\/maranhaotv.com.br\/index.php\/2020\/09\/25\/indicado-de-marcio-jerry-teria-acumulado-supersalarios-em-sao-luis-e-paco-do-lumiar\/","og_site_name":"NOT\u00cdCIAS EM TEMPO REAL","article_publisher":"https:\/\/www.facebook.com\/maiobaotv","article_published_time":"2020-09-25T23:53:56+00:00","author":"maranhaotv","twitter_card":"summary_large_image","twitter_creator":"@sitemaranhaotv","twitter_site":"@sitemaranhaotv","twitter_misc":{"Escrito por":"maranhaotv","Est. tempo de leitura":"2 minutos"},"schema":{"@context":"https:\/\/schema.org","@graph":[{"@type":"Article","@id":"https:\/\/maranhaotv.com.br\/index.php\/2020\/09\/25\/indicado-de-marcio-jerry-teria-acumulado-supersalarios-em-sao-luis-e-paco-do-lumiar\/#article","isPartOf":{"@id":"https:\/\/maranhaotv.com.br\/index.php\/2020\/09\/25\/indicado-de-marcio-jerry-teria-acumulado-supersalarios-em-sao-luis-e-paco-do-lumiar\/"},"author":{"name":"maranhaotv","@id":"https:\/\/maranhaotv.com.br\/#\/schema\/person\/3d54238e86b20bb5c89ab2fdb8f8829a"},"headline":"Indicado de M\u00e1rcio Jerry teria acumulado &#8220;supersal\u00e1rios&#8221; em S\u00e3o Lu\u00eds e Pa\u00e7o do Lumiar","datePublished":"2020-09-25T23:53:56+00:00","mainEntityOfPage":{"@id":"https:\/\/maranhaotv.com.br\/index.php\/2020\/09\/25\/indicado-de-marcio-jerry-teria-acumulado-supersalarios-em-sao-luis-e-paco-do-lumiar\/"},"wordCount":346,"commentCount":0,"publisher":{"@id":"https:\/\/maranhaotv.com.br\/#organization"},"image":{"@id":"https:\/\/maranhaotv.com.br\/index.php\/2020\/09\/25\/indicado-de-marcio-jerry-teria-acumulado-supersalarios-em-sao-luis-e-paco-do-lumiar\/#primaryimage"},"thumbnailUrl":"","articleSection":["not\u00edcias","pol\u00edtica"],"inLanguage":"pt-BR","potentialAction":[{"@type":"CommentAction","name":"Comment","target":["https:\/\/maranhaotv.com.br\/index.php\/2020\/09\/25\/indicado-de-marcio-jerry-teria-acumulado-supersalarios-em-sao-luis-e-paco-do-lumiar\/#respond"]}]},{"@type":"WebPage","@id":"https:\/\/maranhaotv.com.br\/index.php\/2020\/09\/25\/indicado-de-marcio-jerry-teria-acumulado-supersalarios-em-sao-luis-e-paco-do-lumiar\/","url":"https:\/\/maranhaotv.com.br\/index.php\/2020\/09\/25\/indicado-de-marcio-jerry-teria-acumulado-supersalarios-em-sao-luis-e-paco-do-lumiar\/","name":"Indicado de M\u00e1rcio Jerry teria acumulado \"supersal\u00e1rios\" em S\u00e3o Lu\u00eds e Pa\u00e7o do Lumiar - NOT\u00cdCIAS EM TEMPO REAL","isPartOf":{"@id":"https:\/\/maranhaotv.com.br\/#website"},"primaryImageOfPage":{"@id":"https:\/\/maranhaotv.com.br\/index.php\/2020\/09\/25\/indicado-de-marcio-jerry-teria-acumulado-supersalarios-em-sao-luis-e-paco-do-lumiar\/#primaryimage"},"image":{"@id":"https:\/\/maranhaotv.com.br\/index.php\/2020\/09\/25\/indicado-de-marcio-jerry-teria-acumulado-supersalarios-em-sao-luis-e-paco-do-lumiar\/#primaryimage"},"thumbnailUrl":"","datePublished":"2020-09-25T23:53:56+00:00","breadcrumb":{"@id":"https:\/\/maranhaotv.com.br\/index.php\/2020\/09\/25\/indicado-de-marcio-jerry-teria-acumulado-supersalarios-em-sao-luis-e-paco-do-lumiar\/#breadcrumb"},"inLanguage":"pt-BR","potentialAction":[{"@type":"ReadAction","target":["https:\/\/maranhaotv.com.br\/index.php\/2020\/09\/25\/indicado-de-marcio-jerry-teria-acumulado-supersalarios-em-sao-luis-e-paco-do-lumiar\/"]}]},{"@type":"ImageObject","inLanguage":"pt-BR","@id":"https:\/\/maranhaotv.com.br\/index.php\/2020\/09\/25\/indicado-de-marcio-jerry-teria-acumulado-supersalarios-em-sao-luis-e-paco-do-lumiar\/#primaryimage","url":"","contentUrl":""},{"@type":"BreadcrumbList","@id":"https:\/\/maranhaotv.com.br\/index.php\/2020\/09\/25\/indicado-de-marcio-jerry-teria-acumulado-supersalarios-em-sao-luis-e-paco-do-lumiar\/#breadcrumb","itemListElement":[{"@type":"ListItem","position":1,"name":"In\u00edcio","item":"https:\/\/maranhaotv.com.br\/"},{"@type":"ListItem","position":2,"name":"Indicado de M\u00e1rcio Jerry teria acumulado &#8220;supersal\u00e1rios&#8221; em S\u00e3o Lu\u00eds e Pa\u00e7o do Lumiar"}]},{"@type":"WebSite","@id":"https:\/\/maranhaotv.com.br\/#website","url":"https:\/\/maranhaotv.com.br\/","name":"Maranh\u00e3oTV","description":"","publisher":{"@id":"https:\/\/maranhaotv.com.br\/#organization"},"potentialAction":[{"@type":"SearchAction","target":{"@type":"EntryPoint","urlTemplate":"https:\/\/maranhaotv.com.br\/?s={search_term_string}"},"query-input":{"@type":"PropertyValueSpecification","valueRequired":true,"valueName":"search_term_string"}}],"inLanguage":"pt-BR"},{"@type":"Organization","@id":"https:\/\/maranhaotv.com.br\/#organization","name":"Portal de Not\u00edcias","url":"https:\/\/maranhaotv.com.br\/","logo":{"@type":"ImageObject","inLanguage":"pt-BR","@id":"https:\/\/maranhaotv.com.br\/#\/schema\/logo\/image\/","url":"https:\/\/maranhaotv.com.br\/wp-content\/uploads\/2024\/05\/cropped-cropped-avatar-1.png","contentUrl":"https:\/\/maranhaotv.com.br\/wp-content\/uploads\/2024\/05\/cropped-cropped-avatar-1.png","width":792,"height":428,"caption":"Portal de Not\u00edcias"},"image":{"@id":"https:\/\/maranhaotv.com.br\/#\/schema\/logo\/image\/"},"sameAs":["https:\/\/www.facebook.com\/maiobaotv","https:\/\/x.com\/sitemaranhaotv","https:\/\/www.instagram.com\/maranhao.tv","https:\/\/www.threads.net\/@maranhao.tv"]},{"@type":"Person","@id":"https:\/\/maranhaotv.com.br\/#\/schema\/person\/3d54238e86b20bb5c89ab2fdb8f8829a","name":"maranhaotv","image":{"@type":"ImageObject","inLanguage":"pt-BR","@id":"https:\/\/secure.gravatar.com\/avatar\/8fadbca458d4cb68b1dd399ae9a40618d747bb1af65ac9fad21c89220a143eb4?s=96&d=mm&r=g","url":"https:\/\/secure.gravatar.com\/avatar\/8fadbca458d4cb68b1dd399ae9a40618d747bb1af65ac9fad21c89220a143eb4?s=96&d=mm&r=g","contentUrl":"https:\/\/secure.gravatar.com\/avatar\/8fadbca458d4cb68b1dd399ae9a40618d747bb1af65ac9fad21c89220a143eb4?s=96&d=mm&r=g","caption":"maranhaotv"},"sameAs":["https:\/\/maranhaotv.com.br\/"],"url":"https:\/\/maranhaotv.com.br\/index.php\/author\/maranhaotv\/"}]}},"jetpack_featured_media_url":"","jetpack_sharing_enabled":true,"_links":{"self":[{"href":"https:\/\/maranhaotv.com.br\/index.php\/wp-json\/wp\/v2\/posts\/15156","targetHints":{"allow":["GET"]}}],"collection":[{"href":"https:\/\/maranhaotv.com.br\/index.php\/wp-json\/wp\/v2\/posts"}],"about":[{"href":"https:\/\/maranhaotv.com.br\/index.php\/wp-json\/wp\/v2\/types\/post"}],"author":[{"embeddable":true,"href":"https:\/\/maranhaotv.com.br\/index.php\/wp-json\/wp\/v2\/users\/2"}],"replies":[{"embeddable":true,"href":"https:\/\/maranhaotv.com.br\/index.php\/wp-json\/wp\/v2\/comments?post=15156"}],"version-history":[{"count":0,"href":"https:\/\/maranhaotv.com.br\/index.php\/wp-json\/wp\/v2\/posts\/15156\/revisions"}],"wp:featuredmedia":[{"embeddable":true,"href":"https:\/\/maranhaotv.com.br\/index.php\/wp-json\/"}],"wp:attachment":[{"href":"https:\/\/maranhaotv.com.br\/index.php\/wp-json\/wp\/v2\/media?parent=15156"}],"wp:term":[{"taxonomy":"category","embeddable":true,"href":"https:\/\/maranhaotv.com.br\/index.php\/wp-json\/wp\/v2\/categories?post=15156"},{"taxonomy":"post_tag","embeddable":true,"href":"https:\/\/maranhaotv.com.br\/index.php\/wp-json\/wp\/v2\/tags?post=15156"}],"curies":[{"name":"wp","href":"https:\/\/api.w.org\/{rel}","templated":true}]}}