{"id":15161,"date":"2020-09-26T08:26:24","date_gmt":"2020-09-26T11:26:24","guid":{"rendered":"https:\/\/maiobaotv.com.br\/?p=15161"},"modified":"2020-09-26T08:26:24","modified_gmt":"2020-09-26T11:26:24","slug":"segundo-suspeito-participar-do-assassinato-do-pm-ricardo-pinheiro-morre-em-confronto-com-a-policia","status":"publish","type":"post","link":"https:\/\/maranhaotv.com.br\/index.php\/2020\/09\/26\/segundo-suspeito-participar-do-assassinato-do-pm-ricardo-pinheiro-morre-em-confronto-com-a-policia\/","title":{"rendered":"Segundo suspeito participar do assassinato do PM Ricardo Pinheiro morre em confronto com a pol\u00edcia"},"content":{"rendered":"<p><span face=\"\" verdanasans-serif=\"verdanasans-serif\" style=\"font-size:13pt; line-height:34.6667px;\">O segundo suspeito de envolvimento no assassinato do policial militar Ricardo Sousa Pinheiro, na noite de quinta-feira (24), no bairro Ipem S\u00e3o Crist\u00f3v\u00e3o, em S\u00e3o Lu\u00eds, morreu ap\u00f3s trocar tiros com a pol\u00edcia nessa sexta-feira (25), por volta de 1h da madrugada, no bairro Cidade Ol\u00edmpica.<\/span><\/p>\n<div class=\"post-body entry-content\" id=\"post-body-7468970029257405453\" itemprop=\"articleBody\" style=\"width:373.091px; font-size:15.84px; line-height:1.3; position:relative; color:rgb(102,102,102); font-family:\" trebuchetmstrebuchetverdanasans-serif=\"trebuchetmstrebuchetverdanasans-serif\" normal=\"white-space:normal\" _400=\"font-weight:_400\" _2text-indent0px=\"orphans:_2text-indent0px\" none=\"text-transform:none\" _2=\"widows:_2\" _0px=\"_-webkit-text-stroke-width:_0px\" rgb255255255=\"background-color:rgb255255255\" initial=\"text-decoration-color:initial\" left=\"text-align:left\">\n<p class=\"MsoNormal\" style=\"line-height:31.68px; margin-bottom:0cm; text-align:left;\"><span face=\"\" verdanasans-serif=\"verdanasans-serif\" style=\"font-size:13pt; line-height:34.6667px;\">O suspeito foi identificado como Neyvison Canind\u00e9 Carvalho, de 21 anos. Ele era comparsa de Wilker Xavier Silva, de 18 anos, que foi alvejado pelo PM e morreu no local.<\/span><\/p>\n<p class=\"MsoNormal\" style=\"line-height:31.68px; margin-bottom:0cm; text-align:left;\"><span face=\"\" verdanasans-serif=\"verdanasans-serif\" style=\"font-size:13pt; line-height:34.6667px;\">Segundo informa\u00e7\u00f5es da pol\u00edcia, Neyvison Canind\u00e9 desceu do carro utilizado na a\u00e7\u00e3o criminosa, pegou a arma do comparsa morto e fugiu do local do crime.<\/span><\/p>\n<p class=\"MsoNormal\" style=\"line-height:31.68px; margin-bottom:0cm; text-align:left;\"><span face=\"\" verdanasans-serif=\"verdanasans-serif\" style=\"font-size:13pt; line-height:34.6667px;\">Ap\u00f3s ser abordado na Cidade Ol\u00edmpica, o suspeito atirou contra os policiais militares, que revidaram e o atingiram. Neyvison n\u00e3o resistiu aos ferimentos e morreu no local.<\/span><\/p>\n<p><span face=\"\" verdanasans-serif=\"verdanasans-serif\" style=\"font-size:13pt; line-height:34.6667px;\"><b>O assassinato do PM<\/b><\/span><\/p>\n<div class=\"separator\" style=\"clear:both; text-align:center;\"><b><a href=\"https:\/\/1.bp.blogspot.com\/-DKbNZPLL1Nk\/X263m1N0kgI\/AAAAAAABc3Y\/dZaQ0rVatq0mkeAPhv3AL059ZJATZuXMwCNcBGAsYHQ\/s1024\/Policial%2Bassassinado%2B%25281%2529.jpg\" style=\"text-decoration: none; color: rgb(136, 136, 136); margin-left: 1em; margin-right: 1em;\"><img loading=\"lazy\" decoding=\"async\" border=\"0\" data-original-height=\"800\" data-original-width=\"1024\" height=\"218\" src=\"https:\/\/1.bp.blogspot.com\/-DKbNZPLL1Nk\/X263m1N0kgI\/AAAAAAABc3Y\/dZaQ0rVatq0mkeAPhv3AL059ZJATZuXMwCNcBGAsYHQ\/w640-h500\/Policial%2Bassassinado%2B%25281%2529.jpg\" width=\"280\" style=\"border: 1px solid rgb(238, 238, 238); position: relative; padding: 5px; background: rgb(255, 255, 255); box-shadow: rgba(0, 0, 0, 0.1) 1px 1px 5px; box-sizing: border-box; max-width: 100%;\"><\/a><\/b><\/div>\n<p class=\"MsoNormal\" style=\"line-height:31.68px; margin-bottom:0cm; text-align:left;\"><span face=\"\" verdanasans-serif=\"verdanasans-serif\" style=\"font-size:13pt; line-height:34.6667px;\">O policial militar Ricardo Sousa Pinheiro, que ingressou na PM em 2016, foi assassinado por dois criminosos ap\u00f3s reagir a um assalto na noite de quinta-feira (24), por volta das 19h15, no bairro Ipem S\u00e3o Crist\u00f3v\u00e3o, em S\u00e3o Lu\u00eds.<\/span><\/p>\n<p class=\"MsoNormal\" style=\"line-height:31.68px; margin-bottom:0cm; text-align:left;\"><span face=\"\" verdanasans-serif=\"verdanasans-serif\" style=\"font-size:13pt; line-height:34.6667px;\">Ricardo era cabo da PM e trabalhava no munic\u00edpio de Pedro do Ros\u00e1rio, a 341 km de S\u00e3o Lu\u00eds.<\/span><\/p>\n<p class=\"MsoNormal\" style=\"line-height:31.68px; margin-bottom:0cm; text-align:left;\"><span face=\"\" verdanasans-serif=\"verdanasans-serif\" style=\"font-size:13pt; line-height:34.6667px;\">Os dois criminosos, que estavam em um carro vermelho, anunciaram o assalto no momento em que o PM estacionou seu ve\u00edculo, um Corsa Classic, em frente \u00e0 casa de sua m\u00e3e, na Rua 39. O cabo Pinheiro, de dentro do carro, reagiu e matou um dos bandidos, mas foi atingido por dois tiros no t\u00f3rax.<\/span><\/p>\n<p class=\"MsoNormal\" style=\"line-height:31.68px; margin-bottom:0cm; text-align:left;\"><span face=\"\" verdanasans-serif=\"verdanasans-serif\" style=\"font-size:13pt; line-height:34.6667px;\">O militar chegou a ser socorrido e encaminhado ao Hospital Clementino Moura, o Socorr\u00e3o 2, mas n\u00e3o resistiu aos ferimentos.<\/span><\/p>\n<p>Gilberto Lima<\/p><\/div>\n","protected":false},"excerpt":{"rendered":"<p>O segundo suspeito de envolvimento no assassinato do policial militar Ricardo Sousa Pinheiro, na noite de quinta-feira (24), no bairro<\/p>\n","protected":false},"author":2,"featured_media":15163,"comment_status":"open","ping_status":"open","sticky":false,"template":"","format":"standard","meta":{"colormag_page_container_layout":"default_layout","colormag_page_sidebar_layout":"default_layout","_jetpack_memberships_contains_paid_content":false,"footnotes":""},"categories":[2,3],"tags":[251,32],"class_list":["post-15161","post","type-post","status-publish","format-standard","has-post-thumbnail","hentry","category-noticias","category-policial","tag-briga-de-faccao","tag-sao-luis"],"magazineBlocksPostFeaturedMedia":{"thumbnail":false,"medium":false,"medium_large":false,"large":false,"1536x1536":false,"2048x2048":false,"colormag-highlighted-post":false,"colormag-featured-post-medium":false,"colormag-featured-post-small":false,"colormag-featured-image":false,"colormag-default-news":false,"colormag-featured-image-large":false},"magazineBlocksPostAuthor":{"name":"maranhaotv","avatar":"https:\/\/secure.gravatar.com\/avatar\/8fadbca458d4cb68b1dd399ae9a40618d747bb1af65ac9fad21c89220a143eb4?s=96&d=mm&r=g"},"magazineBlocksPostCommentsNumber":"0","magazineBlocksPostExcerpt":"O segundo suspeito de envolvimento no assassinato do policial militar Ricardo Sousa Pinheiro, na noite de quinta-feira (24), no bairro","magazineBlocksPostCategories":["not\u00edcias","policial"],"magazineBlocksPostViewCount":200,"magazineBlocksPostReadTime":2,"magazine_blocks_featured_image_url":{"full":false,"medium":false,"thumbnail":false},"magazine_blocks_author":{"display_name":"maranhaotv","author_link":"https:\/\/maranhaotv.com.br\/index.php\/author\/maranhaotv\/"},"magazine_blocks_comment":0,"magazine_blocks_author_image":"https:\/\/secure.gravatar.com\/avatar\/8fadbca458d4cb68b1dd399ae9a40618d747bb1af65ac9fad21c89220a143eb4?s=96&d=mm&r=g","magazine_blocks_category":"<a href=\"#\" class=\"category-link category-link-2\">not\u00edcias<\/a> <a href=\"#\" class=\"category-link category-link-3\">policial<\/a>","yoast_head":"<!-- This site is optimized with the Yoast SEO plugin v27.4 - https:\/\/yoast.com\/product\/yoast-seo-wordpress\/ -->\n<title>Segundo suspeito participar do assassinato do PM Ricardo Pinheiro morre em confronto com a pol\u00edcia - NOT\u00cdCIAS EM TEMPO REAL<\/title>\n<meta name=\"robots\" content=\"index, follow, max-snippet:-1, max-image-preview:large, max-video-preview:-1\" \/>\n<link rel=\"canonical\" href=\"https:\/\/maranhaotv.com.br\/index.php\/2020\/09\/26\/segundo-suspeito-participar-do-assassinato-do-pm-ricardo-pinheiro-morre-em-confronto-com-a-policia\/\" \/>\n<meta property=\"og:locale\" content=\"pt_BR\" \/>\n<meta property=\"og:type\" content=\"article\" \/>\n<meta property=\"og:title\" content=\"Segundo suspeito participar do assassinato do PM Ricardo Pinheiro morre em confronto com a pol\u00edcia - NOT\u00cdCIAS EM TEMPO REAL\" \/>\n<meta property=\"og:description\" content=\"O segundo suspeito de envolvimento no assassinato do policial militar Ricardo Sousa Pinheiro, na noite de quinta-feira (24), no bairro\" \/>\n<meta property=\"og:url\" content=\"https:\/\/maranhaotv.com.br\/index.php\/2020\/09\/26\/segundo-suspeito-participar-do-assassinato-do-pm-ricardo-pinheiro-morre-em-confronto-com-a-policia\/\" \/>\n<meta property=\"og:site_name\" content=\"NOT\u00cdCIAS EM TEMPO REAL\" \/>\n<meta property=\"article:publisher\" content=\"https:\/\/www.facebook.com\/maiobaotv\" \/>\n<meta property=\"article:published_time\" content=\"2020-09-26T11:26:24+00:00\" \/>\n<meta name=\"author\" content=\"maranhaotv\" \/>\n<meta name=\"twitter:card\" content=\"summary_large_image\" \/>\n<meta name=\"twitter:creator\" content=\"@sitemaranhaotv\" \/>\n<meta name=\"twitter:site\" content=\"@sitemaranhaotv\" \/>\n<meta name=\"twitter:label1\" content=\"Escrito por\" \/>\n\t<meta name=\"twitter:data1\" content=\"maranhaotv\" \/>\n\t<meta name=\"twitter:label2\" content=\"Est. tempo de leitura\" \/>\n\t<meta name=\"twitter:data2\" content=\"1 minuto\" \/>\n<script type=\"application\/ld+json\" class=\"yoast-schema-graph\">{\"@context\":\"https:\\\/\\\/schema.org\",\"@graph\":[{\"@type\":\"Article\",\"@id\":\"https:\\\/\\\/maranhaotv.com.br\\\/index.php\\\/2020\\\/09\\\/26\\\/segundo-suspeito-participar-do-assassinato-do-pm-ricardo-pinheiro-morre-em-confronto-com-a-policia\\\/#article\",\"isPartOf\":{\"@id\":\"https:\\\/\\\/maranhaotv.com.br\\\/index.php\\\/2020\\\/09\\\/26\\\/segundo-suspeito-participar-do-assassinato-do-pm-ricardo-pinheiro-morre-em-confronto-com-a-policia\\\/\"},\"author\":{\"name\":\"maranhaotv\",\"@id\":\"https:\\\/\\\/maranhaotv.com.br\\\/#\\\/schema\\\/person\\\/3d54238e86b20bb5c89ab2fdb8f8829a\"},\"headline\":\"Segundo suspeito participar do assassinato do PM Ricardo Pinheiro morre em confronto com a pol\u00edcia\",\"datePublished\":\"2020-09-26T11:26:24+00:00\",\"mainEntityOfPage\":{\"@id\":\"https:\\\/\\\/maranhaotv.com.br\\\/index.php\\\/2020\\\/09\\\/26\\\/segundo-suspeito-participar-do-assassinato-do-pm-ricardo-pinheiro-morre-em-confronto-com-a-policia\\\/\"},\"wordCount\":302,\"commentCount\":0,\"publisher\":{\"@id\":\"https:\\\/\\\/maranhaotv.com.br\\\/#organization\"},\"image\":{\"@id\":\"https:\\\/\\\/maranhaotv.com.br\\\/index.php\\\/2020\\\/09\\\/26\\\/segundo-suspeito-participar-do-assassinato-do-pm-ricardo-pinheiro-morre-em-confronto-com-a-policia\\\/#primaryimage\"},\"thumbnailUrl\":\"\",\"keywords\":[\"briga de fac\u00e7\u00e3o\",\"S\u00e3o Lu\u00eds\"],\"articleSection\":[\"not\u00edcias\",\"policial\"],\"inLanguage\":\"pt-BR\",\"potentialAction\":[{\"@type\":\"CommentAction\",\"name\":\"Comment\",\"target\":[\"https:\\\/\\\/maranhaotv.com.br\\\/index.php\\\/2020\\\/09\\\/26\\\/segundo-suspeito-participar-do-assassinato-do-pm-ricardo-pinheiro-morre-em-confronto-com-a-policia\\\/#respond\"]}]},{\"@type\":\"WebPage\",\"@id\":\"https:\\\/\\\/maranhaotv.com.br\\\/index.php\\\/2020\\\/09\\\/26\\\/segundo-suspeito-participar-do-assassinato-do-pm-ricardo-pinheiro-morre-em-confronto-com-a-policia\\\/\",\"url\":\"https:\\\/\\\/maranhaotv.com.br\\\/index.php\\\/2020\\\/09\\\/26\\\/segundo-suspeito-participar-do-assassinato-do-pm-ricardo-pinheiro-morre-em-confronto-com-a-policia\\\/\",\"name\":\"Segundo suspeito participar do assassinato do PM Ricardo Pinheiro morre em confronto com a pol\u00edcia - NOT\u00cdCIAS EM TEMPO REAL\",\"isPartOf\":{\"@id\":\"https:\\\/\\\/maranhaotv.com.br\\\/#website\"},\"primaryImageOfPage\":{\"@id\":\"https:\\\/\\\/maranhaotv.com.br\\\/index.php\\\/2020\\\/09\\\/26\\\/segundo-suspeito-participar-do-assassinato-do-pm-ricardo-pinheiro-morre-em-confronto-com-a-policia\\\/#primaryimage\"},\"image\":{\"@id\":\"https:\\\/\\\/maranhaotv.com.br\\\/index.php\\\/2020\\\/09\\\/26\\\/segundo-suspeito-participar-do-assassinato-do-pm-ricardo-pinheiro-morre-em-confronto-com-a-policia\\\/#primaryimage\"},\"thumbnailUrl\":\"\",\"datePublished\":\"2020-09-26T11:26:24+00:00\",\"breadcrumb\":{\"@id\":\"https:\\\/\\\/maranhaotv.com.br\\\/index.php\\\/2020\\\/09\\\/26\\\/segundo-suspeito-participar-do-assassinato-do-pm-ricardo-pinheiro-morre-em-confronto-com-a-policia\\\/#breadcrumb\"},\"inLanguage\":\"pt-BR\",\"potentialAction\":[{\"@type\":\"ReadAction\",\"target\":[\"https:\\\/\\\/maranhaotv.com.br\\\/index.php\\\/2020\\\/09\\\/26\\\/segundo-suspeito-participar-do-assassinato-do-pm-ricardo-pinheiro-morre-em-confronto-com-a-policia\\\/\"]}]},{\"@type\":\"ImageObject\",\"inLanguage\":\"pt-BR\",\"@id\":\"https:\\\/\\\/maranhaotv.com.br\\\/index.php\\\/2020\\\/09\\\/26\\\/segundo-suspeito-participar-do-assassinato-do-pm-ricardo-pinheiro-morre-em-confronto-com-a-policia\\\/#primaryimage\",\"url\":\"\",\"contentUrl\":\"\"},{\"@type\":\"BreadcrumbList\",\"@id\":\"https:\\\/\\\/maranhaotv.com.br\\\/index.php\\\/2020\\\/09\\\/26\\\/segundo-suspeito-participar-do-assassinato-do-pm-ricardo-pinheiro-morre-em-confronto-com-a-policia\\\/#breadcrumb\",\"itemListElement\":[{\"@type\":\"ListItem\",\"position\":1,\"name\":\"In\u00edcio\",\"item\":\"https:\\\/\\\/maranhaotv.com.br\\\/\"},{\"@type\":\"ListItem\",\"position\":2,\"name\":\"Segundo suspeito participar do assassinato do PM Ricardo Pinheiro morre em confronto com a pol\u00edcia\"}]},{\"@type\":\"WebSite\",\"@id\":\"https:\\\/\\\/maranhaotv.com.br\\\/#website\",\"url\":\"https:\\\/\\\/maranhaotv.com.br\\\/\",\"name\":\"Maranh\u00e3oTV\",\"description\":\"\",\"publisher\":{\"@id\":\"https:\\\/\\\/maranhaotv.com.br\\\/#organization\"},\"potentialAction\":[{\"@type\":\"SearchAction\",\"target\":{\"@type\":\"EntryPoint\",\"urlTemplate\":\"https:\\\/\\\/maranhaotv.com.br\\\/?s={search_term_string}\"},\"query-input\":{\"@type\":\"PropertyValueSpecification\",\"valueRequired\":true,\"valueName\":\"search_term_string\"}}],\"inLanguage\":\"pt-BR\"},{\"@type\":\"Organization\",\"@id\":\"https:\\\/\\\/maranhaotv.com.br\\\/#organization\",\"name\":\"Portal de Not\u00edcias\",\"url\":\"https:\\\/\\\/maranhaotv.com.br\\\/\",\"logo\":{\"@type\":\"ImageObject\",\"inLanguage\":\"pt-BR\",\"@id\":\"https:\\\/\\\/maranhaotv.com.br\\\/#\\\/schema\\\/logo\\\/image\\\/\",\"url\":\"https:\\\/\\\/maranhaotv.com.br\\\/wp-content\\\/uploads\\\/2024\\\/05\\\/cropped-cropped-avatar-1.png\",\"contentUrl\":\"https:\\\/\\\/maranhaotv.com.br\\\/wp-content\\\/uploads\\\/2024\\\/05\\\/cropped-cropped-avatar-1.png\",\"width\":792,\"height\":428,\"caption\":\"Portal de Not\u00edcias\"},\"image\":{\"@id\":\"https:\\\/\\\/maranhaotv.com.br\\\/#\\\/schema\\\/logo\\\/image\\\/\"},\"sameAs\":[\"https:\\\/\\\/www.facebook.com\\\/maiobaotv\",\"https:\\\/\\\/x.com\\\/sitemaranhaotv\",\"https:\\\/\\\/www.instagram.com\\\/maranhao.tv\",\"https:\\\/\\\/www.threads.net\\\/@maranhao.tv\"]},{\"@type\":\"Person\",\"@id\":\"https:\\\/\\\/maranhaotv.com.br\\\/#\\\/schema\\\/person\\\/3d54238e86b20bb5c89ab2fdb8f8829a\",\"name\":\"maranhaotv\",\"image\":{\"@type\":\"ImageObject\",\"inLanguage\":\"pt-BR\",\"@id\":\"https:\\\/\\\/secure.gravatar.com\\\/avatar\\\/8fadbca458d4cb68b1dd399ae9a40618d747bb1af65ac9fad21c89220a143eb4?s=96&d=mm&r=g\",\"url\":\"https:\\\/\\\/secure.gravatar.com\\\/avatar\\\/8fadbca458d4cb68b1dd399ae9a40618d747bb1af65ac9fad21c89220a143eb4?s=96&d=mm&r=g\",\"contentUrl\":\"https:\\\/\\\/secure.gravatar.com\\\/avatar\\\/8fadbca458d4cb68b1dd399ae9a40618d747bb1af65ac9fad21c89220a143eb4?s=96&d=mm&r=g\",\"caption\":\"maranhaotv\"},\"sameAs\":[\"https:\\\/\\\/maranhaotv.com.br\\\/\"],\"url\":\"https:\\\/\\\/maranhaotv.com.br\\\/index.php\\\/author\\\/maranhaotv\\\/\"}]}<\/script>\n<!-- \/ Yoast SEO plugin. -->","yoast_head_json":{"title":"Segundo suspeito participar do assassinato do PM Ricardo Pinheiro morre em confronto com a pol\u00edcia - NOT\u00cdCIAS EM TEMPO REAL","robots":{"index":"index","follow":"follow","max-snippet":"max-snippet:-1","max-image-preview":"max-image-preview:large","max-video-preview":"max-video-preview:-1"},"canonical":"https:\/\/maranhaotv.com.br\/index.php\/2020\/09\/26\/segundo-suspeito-participar-do-assassinato-do-pm-ricardo-pinheiro-morre-em-confronto-com-a-policia\/","og_locale":"pt_BR","og_type":"article","og_title":"Segundo suspeito participar do assassinato do PM Ricardo Pinheiro morre em confronto com a pol\u00edcia - NOT\u00cdCIAS EM TEMPO REAL","og_description":"O segundo suspeito de envolvimento no assassinato do policial militar Ricardo Sousa Pinheiro, na noite de quinta-feira (24), no bairro","og_url":"https:\/\/maranhaotv.com.br\/index.php\/2020\/09\/26\/segundo-suspeito-participar-do-assassinato-do-pm-ricardo-pinheiro-morre-em-confronto-com-a-policia\/","og_site_name":"NOT\u00cdCIAS EM TEMPO REAL","article_publisher":"https:\/\/www.facebook.com\/maiobaotv","article_published_time":"2020-09-26T11:26:24+00:00","author":"maranhaotv","twitter_card":"summary_large_image","twitter_creator":"@sitemaranhaotv","twitter_site":"@sitemaranhaotv","twitter_misc":{"Escrito por":"maranhaotv","Est. tempo de leitura":"1 minuto"},"schema":{"@context":"https:\/\/schema.org","@graph":[{"@type":"Article","@id":"https:\/\/maranhaotv.com.br\/index.php\/2020\/09\/26\/segundo-suspeito-participar-do-assassinato-do-pm-ricardo-pinheiro-morre-em-confronto-com-a-policia\/#article","isPartOf":{"@id":"https:\/\/maranhaotv.com.br\/index.php\/2020\/09\/26\/segundo-suspeito-participar-do-assassinato-do-pm-ricardo-pinheiro-morre-em-confronto-com-a-policia\/"},"author":{"name":"maranhaotv","@id":"https:\/\/maranhaotv.com.br\/#\/schema\/person\/3d54238e86b20bb5c89ab2fdb8f8829a"},"headline":"Segundo suspeito participar do assassinato do PM Ricardo Pinheiro morre em confronto com a pol\u00edcia","datePublished":"2020-09-26T11:26:24+00:00","mainEntityOfPage":{"@id":"https:\/\/maranhaotv.com.br\/index.php\/2020\/09\/26\/segundo-suspeito-participar-do-assassinato-do-pm-ricardo-pinheiro-morre-em-confronto-com-a-policia\/"},"wordCount":302,"commentCount":0,"publisher":{"@id":"https:\/\/maranhaotv.com.br\/#organization"},"image":{"@id":"https:\/\/maranhaotv.com.br\/index.php\/2020\/09\/26\/segundo-suspeito-participar-do-assassinato-do-pm-ricardo-pinheiro-morre-em-confronto-com-a-policia\/#primaryimage"},"thumbnailUrl":"","keywords":["briga de fac\u00e7\u00e3o","S\u00e3o Lu\u00eds"],"articleSection":["not\u00edcias","policial"],"inLanguage":"pt-BR","potentialAction":[{"@type":"CommentAction","name":"Comment","target":["https:\/\/maranhaotv.com.br\/index.php\/2020\/09\/26\/segundo-suspeito-participar-do-assassinato-do-pm-ricardo-pinheiro-morre-em-confronto-com-a-policia\/#respond"]}]},{"@type":"WebPage","@id":"https:\/\/maranhaotv.com.br\/index.php\/2020\/09\/26\/segundo-suspeito-participar-do-assassinato-do-pm-ricardo-pinheiro-morre-em-confronto-com-a-policia\/","url":"https:\/\/maranhaotv.com.br\/index.php\/2020\/09\/26\/segundo-suspeito-participar-do-assassinato-do-pm-ricardo-pinheiro-morre-em-confronto-com-a-policia\/","name":"Segundo suspeito participar do assassinato do PM Ricardo Pinheiro morre em confronto com a pol\u00edcia - NOT\u00cdCIAS EM TEMPO REAL","isPartOf":{"@id":"https:\/\/maranhaotv.com.br\/#website"},"primaryImageOfPage":{"@id":"https:\/\/maranhaotv.com.br\/index.php\/2020\/09\/26\/segundo-suspeito-participar-do-assassinato-do-pm-ricardo-pinheiro-morre-em-confronto-com-a-policia\/#primaryimage"},"image":{"@id":"https:\/\/maranhaotv.com.br\/index.php\/2020\/09\/26\/segundo-suspeito-participar-do-assassinato-do-pm-ricardo-pinheiro-morre-em-confronto-com-a-policia\/#primaryimage"},"thumbnailUrl":"","datePublished":"2020-09-26T11:26:24+00:00","breadcrumb":{"@id":"https:\/\/maranhaotv.com.br\/index.php\/2020\/09\/26\/segundo-suspeito-participar-do-assassinato-do-pm-ricardo-pinheiro-morre-em-confronto-com-a-policia\/#breadcrumb"},"inLanguage":"pt-BR","potentialAction":[{"@type":"ReadAction","target":["https:\/\/maranhaotv.com.br\/index.php\/2020\/09\/26\/segundo-suspeito-participar-do-assassinato-do-pm-ricardo-pinheiro-morre-em-confronto-com-a-policia\/"]}]},{"@type":"ImageObject","inLanguage":"pt-BR","@id":"https:\/\/maranhaotv.com.br\/index.php\/2020\/09\/26\/segundo-suspeito-participar-do-assassinato-do-pm-ricardo-pinheiro-morre-em-confronto-com-a-policia\/#primaryimage","url":"","contentUrl":""},{"@type":"BreadcrumbList","@id":"https:\/\/maranhaotv.com.br\/index.php\/2020\/09\/26\/segundo-suspeito-participar-do-assassinato-do-pm-ricardo-pinheiro-morre-em-confronto-com-a-policia\/#breadcrumb","itemListElement":[{"@type":"ListItem","position":1,"name":"In\u00edcio","item":"https:\/\/maranhaotv.com.br\/"},{"@type":"ListItem","position":2,"name":"Segundo suspeito participar do assassinato do PM Ricardo Pinheiro morre em confronto com a pol\u00edcia"}]},{"@type":"WebSite","@id":"https:\/\/maranhaotv.com.br\/#website","url":"https:\/\/maranhaotv.com.br\/","name":"Maranh\u00e3oTV","description":"","publisher":{"@id":"https:\/\/maranhaotv.com.br\/#organization"},"potentialAction":[{"@type":"SearchAction","target":{"@type":"EntryPoint","urlTemplate":"https:\/\/maranhaotv.com.br\/?s={search_term_string}"},"query-input":{"@type":"PropertyValueSpecification","valueRequired":true,"valueName":"search_term_string"}}],"inLanguage":"pt-BR"},{"@type":"Organization","@id":"https:\/\/maranhaotv.com.br\/#organization","name":"Portal de Not\u00edcias","url":"https:\/\/maranhaotv.com.br\/","logo":{"@type":"ImageObject","inLanguage":"pt-BR","@id":"https:\/\/maranhaotv.com.br\/#\/schema\/logo\/image\/","url":"https:\/\/maranhaotv.com.br\/wp-content\/uploads\/2024\/05\/cropped-cropped-avatar-1.png","contentUrl":"https:\/\/maranhaotv.com.br\/wp-content\/uploads\/2024\/05\/cropped-cropped-avatar-1.png","width":792,"height":428,"caption":"Portal de Not\u00edcias"},"image":{"@id":"https:\/\/maranhaotv.com.br\/#\/schema\/logo\/image\/"},"sameAs":["https:\/\/www.facebook.com\/maiobaotv","https:\/\/x.com\/sitemaranhaotv","https:\/\/www.instagram.com\/maranhao.tv","https:\/\/www.threads.net\/@maranhao.tv"]},{"@type":"Person","@id":"https:\/\/maranhaotv.com.br\/#\/schema\/person\/3d54238e86b20bb5c89ab2fdb8f8829a","name":"maranhaotv","image":{"@type":"ImageObject","inLanguage":"pt-BR","@id":"https:\/\/secure.gravatar.com\/avatar\/8fadbca458d4cb68b1dd399ae9a40618d747bb1af65ac9fad21c89220a143eb4?s=96&d=mm&r=g","url":"https:\/\/secure.gravatar.com\/avatar\/8fadbca458d4cb68b1dd399ae9a40618d747bb1af65ac9fad21c89220a143eb4?s=96&d=mm&r=g","contentUrl":"https:\/\/secure.gravatar.com\/avatar\/8fadbca458d4cb68b1dd399ae9a40618d747bb1af65ac9fad21c89220a143eb4?s=96&d=mm&r=g","caption":"maranhaotv"},"sameAs":["https:\/\/maranhaotv.com.br\/"],"url":"https:\/\/maranhaotv.com.br\/index.php\/author\/maranhaotv\/"}]}},"jetpack_featured_media_url":"","jetpack_sharing_enabled":true,"_links":{"self":[{"href":"https:\/\/maranhaotv.com.br\/index.php\/wp-json\/wp\/v2\/posts\/15161","targetHints":{"allow":["GET"]}}],"collection":[{"href":"https:\/\/maranhaotv.com.br\/index.php\/wp-json\/wp\/v2\/posts"}],"about":[{"href":"https:\/\/maranhaotv.com.br\/index.php\/wp-json\/wp\/v2\/types\/post"}],"author":[{"embeddable":true,"href":"https:\/\/maranhaotv.com.br\/index.php\/wp-json\/wp\/v2\/users\/2"}],"replies":[{"embeddable":true,"href":"https:\/\/maranhaotv.com.br\/index.php\/wp-json\/wp\/v2\/comments?post=15161"}],"version-history":[{"count":0,"href":"https:\/\/maranhaotv.com.br\/index.php\/wp-json\/wp\/v2\/posts\/15161\/revisions"}],"wp:featuredmedia":[{"embeddable":true,"href":"https:\/\/maranhaotv.com.br\/index.php\/wp-json\/"}],"wp:attachment":[{"href":"https:\/\/maranhaotv.com.br\/index.php\/wp-json\/wp\/v2\/media?parent=15161"}],"wp:term":[{"taxonomy":"category","embeddable":true,"href":"https:\/\/maranhaotv.com.br\/index.php\/wp-json\/wp\/v2\/categories?post=15161"},{"taxonomy":"post_tag","embeddable":true,"href":"https:\/\/maranhaotv.com.br\/index.php\/wp-json\/wp\/v2\/tags?post=15161"}],"curies":[{"name":"wp","href":"https:\/\/api.w.org\/{rel}","templated":true}]}}