{"id":15166,"date":"2020-09-26T11:46:40","date_gmt":"2020-09-26T14:46:40","guid":{"rendered":"https:\/\/maiobaotv.com.br\/?p=15166"},"modified":"2020-09-26T11:46:40","modified_gmt":"2020-09-26T14:46:40","slug":"cultura-viana-recebera-equipe-tecnica-para-esclarecer-lei-aldir-blanc","status":"publish","type":"post","link":"https:\/\/maranhaotv.com.br\/index.php\/2020\/09\/26\/cultura-viana-recebera-equipe-tecnica-para-esclarecer-lei-aldir-blanc\/","title":{"rendered":"Cultura: Viana receber\u00e1 equipe t\u00e9cnica para esclarecer Lei Aldir Blanc"},"content":{"rendered":"<p><h5>Governo do Estado prepara itiner\u00e2ncia da Lei Aldir Blanc pelo Maranh\u00e3o<\/h5><h5><\/h5>O Governo do Estado, por meio da Secretaria de Estado da Cultura (SECMA) realizar\u00e1 o Plant\u00e3o Itinerante da Lei Aldir Blanc no Maranh\u00e3o. Ao todo, 10 munic\u00edpios receber\u00e3o as equipes da SECMA, que v\u00e3o esclarecer as d\u00favidas e perguntas dos artistas e trabalhadores (as) da cultura.<br>As equipes passar\u00e3o por A\u00e7ail\u00e2ndia, Balsas, Imperatriz, Caxias, Viana, Pinheiro, Morros, Itapecuru, Barra do Corda e Bacabal. Cada munic\u00edpio vai abranger regi\u00f5es pr\u00f3ximas, permitindo assim, abranger o m\u00e1ximo de atendimentos poss\u00edveis.<br>Para o secret\u00e1rio de Estado da Cultura, Anderson Lindoso, a medida \u00e9 essencial para que artistas e trabalhadores (as) da cultura tenham ainda mais informa\u00e7\u00f5es para solicitar tanto o Renda B\u00e1sica (aux\u00edlio emergencial da cultura) quanto participar dos editais de fomento \u00e0 cultura lan\u00e7ados pelo Governo. \u201cQueremos que o recurso seja distribu\u00eddo ao maior n\u00famero de pessoas que trabalham no setor cultural e organiza\u00e7\u00f5es culturais maranhenses poss\u00edvel. Descentralizar a informa\u00e7\u00e3o \u00e9 fundamental nesta etapa para garantir que toda a cultura maranhense seja contemplada\u201d, refor\u00e7ou.<br><br>Sobre a Lei Aldir Blanc<br>A Lei Aldir Blanc, de proposi\u00e7\u00e3o da deputada federal Benedita da Silva (PT-RJ), foi criada com o intuito de promover a\u00e7\u00f5es para garantir renda emergencial para trabalhadores da Cultura e manuten\u00e7\u00e3o dos espa\u00e7os culturais brasileiros durante o per\u00edodo de pandemia do Covid\u201019. Dos R$ 3 bi destinados aos estados, o Maranh\u00e3o receber\u00e1, ao todo, R$ 114 mi, a ser repartido com os munic\u00edpios.<br><br>O recurso \u00e9 destinado ao pagamento de uma renda emergencial aos trabalhadores da cultura em tr\u00eas parcelas de R$ 600, retroativa a 1\u00ba de junho, al\u00e9m de subs\u00eddio mensal de R$ 3 mil a R$ 10 mil para manuten\u00e7\u00e3o de micro e pequenas empresas, demais organiza\u00e7\u00f5es comunit\u00e1rias culturais e espa\u00e7os art\u00edsticos que paralisaram as atividades por causa da pandemia; e realiza\u00e7\u00e3o de a\u00e7\u00f5es de incentivo \u00e0 produ\u00e7\u00e3o cultural, como a realiza\u00e7\u00e3o de cursos, editais e pr\u00eamios.<br><br>Confira as datas da itiner\u00e2ncia:<br><br>28\/09 \u2013 Pinheiro<br>28\/09 \u2013 Morros<br>28\/09 \u2013 Viana<br>28\/09 \u2013 Itapecuru<br>29\/09 \u2013 A\u00e7ail\u00e2ndia<br>29\/09 \u2013 Caxias<br>29\/09 &#8211; Barra do Corda<br>30\/09 &#8211; Bacabal<br>30\/09 \u2013 Imperatriz<br>01\/10 \u2013 Balsas<br><br><br><img loading=\"lazy\" decoding=\"async\" src=\"https:\/\/maiobaotv.com.br\/wp-content\/uploads\/2020\/09\/images-184565944569327811338..jpg\" class=\"wp-image-15168 alignnone size-full\" width=\"640\" height=\"480\" \/><\/p>","protected":false},"excerpt":{"rendered":"<p>Governo do Estado prepara itiner\u00e2ncia da Lei Aldir Blanc pelo Maranh\u00e3o O Governo do Estado, por meio da Secretaria de<\/p>\n","protected":false},"author":2,"featured_media":15169,"comment_status":"open","ping_status":"open","sticky":false,"template":"","format":"standard","meta":{"colormag_page_container_layout":"default_layout","colormag_page_sidebar_layout":"default_layout","_jetpack_memberships_contains_paid_content":false,"footnotes":""},"categories":[2],"tags":[42,5],"class_list":["post-15166","post","type-post","status-publish","format-standard","has-post-thumbnail","hentry","category-noticias","tag-prefeitura-de-viana","tag-viana"],"magazineBlocksPostFeaturedMedia":{"thumbnail":false,"medium":false,"medium_large":false,"large":false,"1536x1536":false,"2048x2048":false,"colormag-highlighted-post":false,"colormag-featured-post-medium":false,"colormag-featured-post-small":false,"colormag-featured-image":false,"colormag-default-news":false,"colormag-featured-image-large":false},"magazineBlocksPostAuthor":{"name":"maranhaotv","avatar":"https:\/\/secure.gravatar.com\/avatar\/8fadbca458d4cb68b1dd399ae9a40618d747bb1af65ac9fad21c89220a143eb4?s=96&d=mm&r=g"},"magazineBlocksPostCommentsNumber":"0","magazineBlocksPostExcerpt":"Governo do Estado prepara itiner\u00e2ncia da Lei Aldir Blanc pelo Maranh\u00e3o O Governo do Estado, por meio da Secretaria de","magazineBlocksPostCategories":["not\u00edcias"],"magazineBlocksPostViewCount":156,"magazineBlocksPostReadTime":2,"magazine_blocks_featured_image_url":{"full":false,"medium":false,"thumbnail":false},"magazine_blocks_author":{"display_name":"maranhaotv","author_link":"https:\/\/maranhaotv.com.br\/index.php\/author\/maranhaotv\/"},"magazine_blocks_comment":0,"magazine_blocks_author_image":"https:\/\/secure.gravatar.com\/avatar\/8fadbca458d4cb68b1dd399ae9a40618d747bb1af65ac9fad21c89220a143eb4?s=96&d=mm&r=g","magazine_blocks_category":"<a href=\"#\" class=\"category-link category-link-2\">not\u00edcias<\/a>","yoast_head":"<!-- This site is optimized with the Yoast SEO plugin v27.4 - https:\/\/yoast.com\/product\/yoast-seo-wordpress\/ -->\n<title>Cultura: Viana receber\u00e1 equipe t\u00e9cnica para esclarecer Lei Aldir Blanc - NOT\u00cdCIAS EM TEMPO REAL<\/title>\n<meta name=\"robots\" content=\"index, follow, max-snippet:-1, max-image-preview:large, max-video-preview:-1\" \/>\n<link rel=\"canonical\" href=\"https:\/\/maranhaotv.com.br\/index.php\/2020\/09\/26\/cultura-viana-recebera-equipe-tecnica-para-esclarecer-lei-aldir-blanc\/\" \/>\n<meta property=\"og:locale\" content=\"pt_BR\" \/>\n<meta property=\"og:type\" content=\"article\" \/>\n<meta property=\"og:title\" content=\"Cultura: Viana receber\u00e1 equipe t\u00e9cnica para esclarecer Lei Aldir Blanc - NOT\u00cdCIAS EM TEMPO REAL\" \/>\n<meta property=\"og:description\" content=\"Governo do Estado prepara itiner\u00e2ncia da Lei Aldir Blanc pelo Maranh\u00e3o O Governo do Estado, por meio da Secretaria de\" \/>\n<meta property=\"og:url\" content=\"https:\/\/maranhaotv.com.br\/index.php\/2020\/09\/26\/cultura-viana-recebera-equipe-tecnica-para-esclarecer-lei-aldir-blanc\/\" \/>\n<meta property=\"og:site_name\" content=\"NOT\u00cdCIAS EM TEMPO REAL\" \/>\n<meta property=\"article:publisher\" content=\"https:\/\/www.facebook.com\/maiobaotv\" \/>\n<meta property=\"article:published_time\" content=\"2020-09-26T14:46:40+00:00\" \/>\n<meta name=\"author\" content=\"maranhaotv\" \/>\n<meta name=\"twitter:card\" content=\"summary_large_image\" \/>\n<meta name=\"twitter:creator\" content=\"@sitemaranhaotv\" \/>\n<meta name=\"twitter:site\" content=\"@sitemaranhaotv\" \/>\n<meta name=\"twitter:label1\" content=\"Escrito por\" \/>\n\t<meta name=\"twitter:data1\" content=\"maranhaotv\" \/>\n\t<meta name=\"twitter:label2\" content=\"Est. tempo de leitura\" \/>\n\t<meta name=\"twitter:data2\" content=\"2 minutos\" \/>\n<script type=\"application\/ld+json\" class=\"yoast-schema-graph\">{\"@context\":\"https:\\\/\\\/schema.org\",\"@graph\":[{\"@type\":\"Article\",\"@id\":\"https:\\\/\\\/maranhaotv.com.br\\\/index.php\\\/2020\\\/09\\\/26\\\/cultura-viana-recebera-equipe-tecnica-para-esclarecer-lei-aldir-blanc\\\/#article\",\"isPartOf\":{\"@id\":\"https:\\\/\\\/maranhaotv.com.br\\\/index.php\\\/2020\\\/09\\\/26\\\/cultura-viana-recebera-equipe-tecnica-para-esclarecer-lei-aldir-blanc\\\/\"},\"author\":{\"name\":\"maranhaotv\",\"@id\":\"https:\\\/\\\/maranhaotv.com.br\\\/#\\\/schema\\\/person\\\/3d54238e86b20bb5c89ab2fdb8f8829a\"},\"headline\":\"Cultura: Viana receber\u00e1 equipe t\u00e9cnica para esclarecer Lei Aldir Blanc\",\"datePublished\":\"2020-09-26T14:46:40+00:00\",\"mainEntityOfPage\":{\"@id\":\"https:\\\/\\\/maranhaotv.com.br\\\/index.php\\\/2020\\\/09\\\/26\\\/cultura-viana-recebera-equipe-tecnica-para-esclarecer-lei-aldir-blanc\\\/\"},\"wordCount\":383,\"commentCount\":0,\"publisher\":{\"@id\":\"https:\\\/\\\/maranhaotv.com.br\\\/#organization\"},\"image\":{\"@id\":\"https:\\\/\\\/maranhaotv.com.br\\\/index.php\\\/2020\\\/09\\\/26\\\/cultura-viana-recebera-equipe-tecnica-para-esclarecer-lei-aldir-blanc\\\/#primaryimage\"},\"thumbnailUrl\":\"\",\"keywords\":[\"Prefeitura de Viana\",\"Viana\"],\"articleSection\":[\"not\u00edcias\"],\"inLanguage\":\"pt-BR\",\"potentialAction\":[{\"@type\":\"CommentAction\",\"name\":\"Comment\",\"target\":[\"https:\\\/\\\/maranhaotv.com.br\\\/index.php\\\/2020\\\/09\\\/26\\\/cultura-viana-recebera-equipe-tecnica-para-esclarecer-lei-aldir-blanc\\\/#respond\"]}]},{\"@type\":\"WebPage\",\"@id\":\"https:\\\/\\\/maranhaotv.com.br\\\/index.php\\\/2020\\\/09\\\/26\\\/cultura-viana-recebera-equipe-tecnica-para-esclarecer-lei-aldir-blanc\\\/\",\"url\":\"https:\\\/\\\/maranhaotv.com.br\\\/index.php\\\/2020\\\/09\\\/26\\\/cultura-viana-recebera-equipe-tecnica-para-esclarecer-lei-aldir-blanc\\\/\",\"name\":\"Cultura: Viana receber\u00e1 equipe t\u00e9cnica para esclarecer Lei Aldir Blanc - NOT\u00cdCIAS EM TEMPO REAL\",\"isPartOf\":{\"@id\":\"https:\\\/\\\/maranhaotv.com.br\\\/#website\"},\"primaryImageOfPage\":{\"@id\":\"https:\\\/\\\/maranhaotv.com.br\\\/index.php\\\/2020\\\/09\\\/26\\\/cultura-viana-recebera-equipe-tecnica-para-esclarecer-lei-aldir-blanc\\\/#primaryimage\"},\"image\":{\"@id\":\"https:\\\/\\\/maranhaotv.com.br\\\/index.php\\\/2020\\\/09\\\/26\\\/cultura-viana-recebera-equipe-tecnica-para-esclarecer-lei-aldir-blanc\\\/#primaryimage\"},\"thumbnailUrl\":\"\",\"datePublished\":\"2020-09-26T14:46:40+00:00\",\"breadcrumb\":{\"@id\":\"https:\\\/\\\/maranhaotv.com.br\\\/index.php\\\/2020\\\/09\\\/26\\\/cultura-viana-recebera-equipe-tecnica-para-esclarecer-lei-aldir-blanc\\\/#breadcrumb\"},\"inLanguage\":\"pt-BR\",\"potentialAction\":[{\"@type\":\"ReadAction\",\"target\":[\"https:\\\/\\\/maranhaotv.com.br\\\/index.php\\\/2020\\\/09\\\/26\\\/cultura-viana-recebera-equipe-tecnica-para-esclarecer-lei-aldir-blanc\\\/\"]}]},{\"@type\":\"ImageObject\",\"inLanguage\":\"pt-BR\",\"@id\":\"https:\\\/\\\/maranhaotv.com.br\\\/index.php\\\/2020\\\/09\\\/26\\\/cultura-viana-recebera-equipe-tecnica-para-esclarecer-lei-aldir-blanc\\\/#primaryimage\",\"url\":\"\",\"contentUrl\":\"\"},{\"@type\":\"BreadcrumbList\",\"@id\":\"https:\\\/\\\/maranhaotv.com.br\\\/index.php\\\/2020\\\/09\\\/26\\\/cultura-viana-recebera-equipe-tecnica-para-esclarecer-lei-aldir-blanc\\\/#breadcrumb\",\"itemListElement\":[{\"@type\":\"ListItem\",\"position\":1,\"name\":\"In\u00edcio\",\"item\":\"https:\\\/\\\/maranhaotv.com.br\\\/\"},{\"@type\":\"ListItem\",\"position\":2,\"name\":\"Cultura: Viana receber\u00e1 equipe t\u00e9cnica para esclarecer Lei Aldir Blanc\"}]},{\"@type\":\"WebSite\",\"@id\":\"https:\\\/\\\/maranhaotv.com.br\\\/#website\",\"url\":\"https:\\\/\\\/maranhaotv.com.br\\\/\",\"name\":\"Maranh\u00e3oTV\",\"description\":\"\",\"publisher\":{\"@id\":\"https:\\\/\\\/maranhaotv.com.br\\\/#organization\"},\"potentialAction\":[{\"@type\":\"SearchAction\",\"target\":{\"@type\":\"EntryPoint\",\"urlTemplate\":\"https:\\\/\\\/maranhaotv.com.br\\\/?s={search_term_string}\"},\"query-input\":{\"@type\":\"PropertyValueSpecification\",\"valueRequired\":true,\"valueName\":\"search_term_string\"}}],\"inLanguage\":\"pt-BR\"},{\"@type\":\"Organization\",\"@id\":\"https:\\\/\\\/maranhaotv.com.br\\\/#organization\",\"name\":\"Portal de Not\u00edcias\",\"url\":\"https:\\\/\\\/maranhaotv.com.br\\\/\",\"logo\":{\"@type\":\"ImageObject\",\"inLanguage\":\"pt-BR\",\"@id\":\"https:\\\/\\\/maranhaotv.com.br\\\/#\\\/schema\\\/logo\\\/image\\\/\",\"url\":\"https:\\\/\\\/maranhaotv.com.br\\\/wp-content\\\/uploads\\\/2024\\\/05\\\/cropped-cropped-avatar-1.png\",\"contentUrl\":\"https:\\\/\\\/maranhaotv.com.br\\\/wp-content\\\/uploads\\\/2024\\\/05\\\/cropped-cropped-avatar-1.png\",\"width\":792,\"height\":428,\"caption\":\"Portal de Not\u00edcias\"},\"image\":{\"@id\":\"https:\\\/\\\/maranhaotv.com.br\\\/#\\\/schema\\\/logo\\\/image\\\/\"},\"sameAs\":[\"https:\\\/\\\/www.facebook.com\\\/maiobaotv\",\"https:\\\/\\\/x.com\\\/sitemaranhaotv\",\"https:\\\/\\\/www.instagram.com\\\/maranhao.tv\",\"https:\\\/\\\/www.threads.net\\\/@maranhao.tv\"]},{\"@type\":\"Person\",\"@id\":\"https:\\\/\\\/maranhaotv.com.br\\\/#\\\/schema\\\/person\\\/3d54238e86b20bb5c89ab2fdb8f8829a\",\"name\":\"maranhaotv\",\"image\":{\"@type\":\"ImageObject\",\"inLanguage\":\"pt-BR\",\"@id\":\"https:\\\/\\\/secure.gravatar.com\\\/avatar\\\/8fadbca458d4cb68b1dd399ae9a40618d747bb1af65ac9fad21c89220a143eb4?s=96&d=mm&r=g\",\"url\":\"https:\\\/\\\/secure.gravatar.com\\\/avatar\\\/8fadbca458d4cb68b1dd399ae9a40618d747bb1af65ac9fad21c89220a143eb4?s=96&d=mm&r=g\",\"contentUrl\":\"https:\\\/\\\/secure.gravatar.com\\\/avatar\\\/8fadbca458d4cb68b1dd399ae9a40618d747bb1af65ac9fad21c89220a143eb4?s=96&d=mm&r=g\",\"caption\":\"maranhaotv\"},\"sameAs\":[\"https:\\\/\\\/maranhaotv.com.br\\\/\"],\"url\":\"https:\\\/\\\/maranhaotv.com.br\\\/index.php\\\/author\\\/maranhaotv\\\/\"}]}<\/script>\n<!-- \/ Yoast SEO plugin. -->","yoast_head_json":{"title":"Cultura: Viana receber\u00e1 equipe t\u00e9cnica para esclarecer Lei Aldir Blanc - NOT\u00cdCIAS EM TEMPO REAL","robots":{"index":"index","follow":"follow","max-snippet":"max-snippet:-1","max-image-preview":"max-image-preview:large","max-video-preview":"max-video-preview:-1"},"canonical":"https:\/\/maranhaotv.com.br\/index.php\/2020\/09\/26\/cultura-viana-recebera-equipe-tecnica-para-esclarecer-lei-aldir-blanc\/","og_locale":"pt_BR","og_type":"article","og_title":"Cultura: Viana receber\u00e1 equipe t\u00e9cnica para esclarecer Lei Aldir Blanc - NOT\u00cdCIAS EM TEMPO REAL","og_description":"Governo do Estado prepara itiner\u00e2ncia da Lei Aldir Blanc pelo Maranh\u00e3o O Governo do Estado, por meio da Secretaria de","og_url":"https:\/\/maranhaotv.com.br\/index.php\/2020\/09\/26\/cultura-viana-recebera-equipe-tecnica-para-esclarecer-lei-aldir-blanc\/","og_site_name":"NOT\u00cdCIAS EM TEMPO REAL","article_publisher":"https:\/\/www.facebook.com\/maiobaotv","article_published_time":"2020-09-26T14:46:40+00:00","author":"maranhaotv","twitter_card":"summary_large_image","twitter_creator":"@sitemaranhaotv","twitter_site":"@sitemaranhaotv","twitter_misc":{"Escrito por":"maranhaotv","Est. tempo de leitura":"2 minutos"},"schema":{"@context":"https:\/\/schema.org","@graph":[{"@type":"Article","@id":"https:\/\/maranhaotv.com.br\/index.php\/2020\/09\/26\/cultura-viana-recebera-equipe-tecnica-para-esclarecer-lei-aldir-blanc\/#article","isPartOf":{"@id":"https:\/\/maranhaotv.com.br\/index.php\/2020\/09\/26\/cultura-viana-recebera-equipe-tecnica-para-esclarecer-lei-aldir-blanc\/"},"author":{"name":"maranhaotv","@id":"https:\/\/maranhaotv.com.br\/#\/schema\/person\/3d54238e86b20bb5c89ab2fdb8f8829a"},"headline":"Cultura: Viana receber\u00e1 equipe t\u00e9cnica para esclarecer Lei Aldir Blanc","datePublished":"2020-09-26T14:46:40+00:00","mainEntityOfPage":{"@id":"https:\/\/maranhaotv.com.br\/index.php\/2020\/09\/26\/cultura-viana-recebera-equipe-tecnica-para-esclarecer-lei-aldir-blanc\/"},"wordCount":383,"commentCount":0,"publisher":{"@id":"https:\/\/maranhaotv.com.br\/#organization"},"image":{"@id":"https:\/\/maranhaotv.com.br\/index.php\/2020\/09\/26\/cultura-viana-recebera-equipe-tecnica-para-esclarecer-lei-aldir-blanc\/#primaryimage"},"thumbnailUrl":"","keywords":["Prefeitura de Viana","Viana"],"articleSection":["not\u00edcias"],"inLanguage":"pt-BR","potentialAction":[{"@type":"CommentAction","name":"Comment","target":["https:\/\/maranhaotv.com.br\/index.php\/2020\/09\/26\/cultura-viana-recebera-equipe-tecnica-para-esclarecer-lei-aldir-blanc\/#respond"]}]},{"@type":"WebPage","@id":"https:\/\/maranhaotv.com.br\/index.php\/2020\/09\/26\/cultura-viana-recebera-equipe-tecnica-para-esclarecer-lei-aldir-blanc\/","url":"https:\/\/maranhaotv.com.br\/index.php\/2020\/09\/26\/cultura-viana-recebera-equipe-tecnica-para-esclarecer-lei-aldir-blanc\/","name":"Cultura: Viana receber\u00e1 equipe t\u00e9cnica para esclarecer Lei Aldir Blanc - NOT\u00cdCIAS EM TEMPO REAL","isPartOf":{"@id":"https:\/\/maranhaotv.com.br\/#website"},"primaryImageOfPage":{"@id":"https:\/\/maranhaotv.com.br\/index.php\/2020\/09\/26\/cultura-viana-recebera-equipe-tecnica-para-esclarecer-lei-aldir-blanc\/#primaryimage"},"image":{"@id":"https:\/\/maranhaotv.com.br\/index.php\/2020\/09\/26\/cultura-viana-recebera-equipe-tecnica-para-esclarecer-lei-aldir-blanc\/#primaryimage"},"thumbnailUrl":"","datePublished":"2020-09-26T14:46:40+00:00","breadcrumb":{"@id":"https:\/\/maranhaotv.com.br\/index.php\/2020\/09\/26\/cultura-viana-recebera-equipe-tecnica-para-esclarecer-lei-aldir-blanc\/#breadcrumb"},"inLanguage":"pt-BR","potentialAction":[{"@type":"ReadAction","target":["https:\/\/maranhaotv.com.br\/index.php\/2020\/09\/26\/cultura-viana-recebera-equipe-tecnica-para-esclarecer-lei-aldir-blanc\/"]}]},{"@type":"ImageObject","inLanguage":"pt-BR","@id":"https:\/\/maranhaotv.com.br\/index.php\/2020\/09\/26\/cultura-viana-recebera-equipe-tecnica-para-esclarecer-lei-aldir-blanc\/#primaryimage","url":"","contentUrl":""},{"@type":"BreadcrumbList","@id":"https:\/\/maranhaotv.com.br\/index.php\/2020\/09\/26\/cultura-viana-recebera-equipe-tecnica-para-esclarecer-lei-aldir-blanc\/#breadcrumb","itemListElement":[{"@type":"ListItem","position":1,"name":"In\u00edcio","item":"https:\/\/maranhaotv.com.br\/"},{"@type":"ListItem","position":2,"name":"Cultura: Viana receber\u00e1 equipe t\u00e9cnica para esclarecer Lei Aldir Blanc"}]},{"@type":"WebSite","@id":"https:\/\/maranhaotv.com.br\/#website","url":"https:\/\/maranhaotv.com.br\/","name":"Maranh\u00e3oTV","description":"","publisher":{"@id":"https:\/\/maranhaotv.com.br\/#organization"},"potentialAction":[{"@type":"SearchAction","target":{"@type":"EntryPoint","urlTemplate":"https:\/\/maranhaotv.com.br\/?s={search_term_string}"},"query-input":{"@type":"PropertyValueSpecification","valueRequired":true,"valueName":"search_term_string"}}],"inLanguage":"pt-BR"},{"@type":"Organization","@id":"https:\/\/maranhaotv.com.br\/#organization","name":"Portal de Not\u00edcias","url":"https:\/\/maranhaotv.com.br\/","logo":{"@type":"ImageObject","inLanguage":"pt-BR","@id":"https:\/\/maranhaotv.com.br\/#\/schema\/logo\/image\/","url":"https:\/\/maranhaotv.com.br\/wp-content\/uploads\/2024\/05\/cropped-cropped-avatar-1.png","contentUrl":"https:\/\/maranhaotv.com.br\/wp-content\/uploads\/2024\/05\/cropped-cropped-avatar-1.png","width":792,"height":428,"caption":"Portal de Not\u00edcias"},"image":{"@id":"https:\/\/maranhaotv.com.br\/#\/schema\/logo\/image\/"},"sameAs":["https:\/\/www.facebook.com\/maiobaotv","https:\/\/x.com\/sitemaranhaotv","https:\/\/www.instagram.com\/maranhao.tv","https:\/\/www.threads.net\/@maranhao.tv"]},{"@type":"Person","@id":"https:\/\/maranhaotv.com.br\/#\/schema\/person\/3d54238e86b20bb5c89ab2fdb8f8829a","name":"maranhaotv","image":{"@type":"ImageObject","inLanguage":"pt-BR","@id":"https:\/\/secure.gravatar.com\/avatar\/8fadbca458d4cb68b1dd399ae9a40618d747bb1af65ac9fad21c89220a143eb4?s=96&d=mm&r=g","url":"https:\/\/secure.gravatar.com\/avatar\/8fadbca458d4cb68b1dd399ae9a40618d747bb1af65ac9fad21c89220a143eb4?s=96&d=mm&r=g","contentUrl":"https:\/\/secure.gravatar.com\/avatar\/8fadbca458d4cb68b1dd399ae9a40618d747bb1af65ac9fad21c89220a143eb4?s=96&d=mm&r=g","caption":"maranhaotv"},"sameAs":["https:\/\/maranhaotv.com.br\/"],"url":"https:\/\/maranhaotv.com.br\/index.php\/author\/maranhaotv\/"}]}},"jetpack_featured_media_url":"","jetpack_sharing_enabled":true,"_links":{"self":[{"href":"https:\/\/maranhaotv.com.br\/index.php\/wp-json\/wp\/v2\/posts\/15166","targetHints":{"allow":["GET"]}}],"collection":[{"href":"https:\/\/maranhaotv.com.br\/index.php\/wp-json\/wp\/v2\/posts"}],"about":[{"href":"https:\/\/maranhaotv.com.br\/index.php\/wp-json\/wp\/v2\/types\/post"}],"author":[{"embeddable":true,"href":"https:\/\/maranhaotv.com.br\/index.php\/wp-json\/wp\/v2\/users\/2"}],"replies":[{"embeddable":true,"href":"https:\/\/maranhaotv.com.br\/index.php\/wp-json\/wp\/v2\/comments?post=15166"}],"version-history":[{"count":0,"href":"https:\/\/maranhaotv.com.br\/index.php\/wp-json\/wp\/v2\/posts\/15166\/revisions"}],"wp:featuredmedia":[{"embeddable":true,"href":"https:\/\/maranhaotv.com.br\/index.php\/wp-json\/"}],"wp:attachment":[{"href":"https:\/\/maranhaotv.com.br\/index.php\/wp-json\/wp\/v2\/media?parent=15166"}],"wp:term":[{"taxonomy":"category","embeddable":true,"href":"https:\/\/maranhaotv.com.br\/index.php\/wp-json\/wp\/v2\/categories?post=15166"},{"taxonomy":"post_tag","embeddable":true,"href":"https:\/\/maranhaotv.com.br\/index.php\/wp-json\/wp\/v2\/tags?post=15166"}],"curies":[{"name":"wp","href":"https:\/\/api.w.org\/{rel}","templated":true}]}}