{"id":15181,"date":"2020-09-27T11:06:53","date_gmt":"2020-09-27T14:06:53","guid":{"rendered":"https:\/\/maiobaotv.com.br\/?p=15181"},"modified":"2020-09-27T11:06:53","modified_gmt":"2020-09-27T14:06:53","slug":"fred-campos-lidera-disputa-em-paco-com-11-pontos-a-mais-que-paula-da-pindoba","status":"publish","type":"post","link":"https:\/\/maranhaotv.com.br\/index.php\/2020\/09\/27\/fred-campos-lidera-disputa-em-paco-com-11-pontos-a-mais-que-paula-da-pindoba\/","title":{"rendered":"Fred Campos lidera disputa em Pa\u00e7o com 11 pontos a mais que Paula da Pindoba"},"content":{"rendered":"<p>Levantamento da Premier Pesquisas mostra que o candidato do Partido Liberal \u00e9 favorito e tem 33% das inten\u00e7\u00f5es de voto, contra 22% da atual prefeita do Partido Comunista do Brasil.<\/p>\n<p>O empres\u00e1rio luminense Fred Campos soma 33% das inten\u00e7\u00f5es de voto e lidera com folga a disputa para a prefeitura de Pa\u00e7o do Lumiar, segundo um levantamento divulgado neste domingo, 27, pela Premier Pesquisas. A consulta ao eleitorado foi a primeira que o instituto fez com todos os candidatos definidos oficialmente pelos partidos. A candidata \u00e0 reelei\u00e7\u00e3o, Paula da Pindoba (PCdoB), est\u00e1 na segunda coloca\u00e7\u00e3o com apenas 22%.<\/p>\n<p>No levantamento induzido, Fred Campos \u00e9 o favorito de 33% do eleitorado Luminense, Paula Azevedo aparece em segundo lugar com 22% das inten\u00e7\u00f5es de votos, Karla Maria (PSC) aparece com 9%, Francisco Neto (PSL) 8% e Gilberto Aroso (MDB) com 5%.<\/p>\n<p>A pesquisa foi registrada no TSE com o n\u00famero MA- 05804\/2020, entrevistou 400 pessoas entre os dias 22, 23 e 24 de setembro, a margem de erro \u00e9 de 5%.<\/p>\n<p><img loading=\"lazy\" decoding=\"async\" src=\"https:\/\/maiobaotv.com.br\/wp-content\/uploads\/2020\/09\/img-20200927-wa02204997901533359361312.jpg\" class=\"wp-image-15183 alignnone size-full\" width=\"880\" height=\"630\"><\/p>\n<p><img loading=\"lazy\" decoding=\"async\" src=\"https:\/\/maiobaotv.com.br\/wp-content\/uploads\/2020\/09\/img-20200927-wa02195973223548908500073.jpg\" class=\"wp-image-15184 alignnone size-full\" width=\"1280\" height=\"1280\"><\/p>\n","protected":false},"excerpt":{"rendered":"<p>Levantamento da Premier Pesquisas mostra que o candidato do Partido Liberal \u00e9 favorito e tem 33% das inten\u00e7\u00f5es de voto,<\/p>\n","protected":false},"author":2,"featured_media":15186,"comment_status":"open","ping_status":"open","sticky":false,"template":"","format":"standard","meta":{"colormag_page_container_layout":"default_layout","colormag_page_sidebar_layout":"default_layout","_jetpack_memberships_contains_paid_content":false,"footnotes":""},"categories":[2],"tags":[16,43,15],"class_list":["post-15181","post","type-post","status-publish","format-standard","has-post-thumbnail","hentry","category-noticias","tag-eleicoes-2020","tag-fred-campos","tag-paco-do-lumiar"],"magazineBlocksPostFeaturedMedia":{"thumbnail":false,"medium":false,"medium_large":false,"large":false,"1536x1536":false,"2048x2048":false,"colormag-highlighted-post":false,"colormag-featured-post-medium":false,"colormag-featured-post-small":false,"colormag-featured-image":false,"colormag-default-news":false,"colormag-featured-image-large":false},"magazineBlocksPostAuthor":{"name":"maranhaotv","avatar":"https:\/\/secure.gravatar.com\/avatar\/8fadbca458d4cb68b1dd399ae9a40618d747bb1af65ac9fad21c89220a143eb4?s=96&d=mm&r=g"},"magazineBlocksPostCommentsNumber":"0","magazineBlocksPostExcerpt":"Levantamento da Premier Pesquisas mostra que o candidato do Partido Liberal \u00e9 favorito e tem 33% das inten\u00e7\u00f5es de voto,","magazineBlocksPostCategories":["not\u00edcias"],"magazineBlocksPostViewCount":201,"magazineBlocksPostReadTime":1,"magazine_blocks_featured_image_url":{"full":false,"medium":false,"thumbnail":false},"magazine_blocks_author":{"display_name":"maranhaotv","author_link":"https:\/\/maranhaotv.com.br\/index.php\/author\/maranhaotv\/"},"magazine_blocks_comment":0,"magazine_blocks_author_image":"https:\/\/secure.gravatar.com\/avatar\/8fadbca458d4cb68b1dd399ae9a40618d747bb1af65ac9fad21c89220a143eb4?s=96&d=mm&r=g","magazine_blocks_category":"<a href=\"#\" class=\"category-link category-link-2\">not\u00edcias<\/a>","jetpack_featured_media_url":"","jetpack_sharing_enabled":true,"_links":{"self":[{"href":"https:\/\/maranhaotv.com.br\/index.php\/wp-json\/wp\/v2\/posts\/15181","targetHints":{"allow":["GET"]}}],"collection":[{"href":"https:\/\/maranhaotv.com.br\/index.php\/wp-json\/wp\/v2\/posts"}],"about":[{"href":"https:\/\/maranhaotv.com.br\/index.php\/wp-json\/wp\/v2\/types\/post"}],"author":[{"embeddable":true,"href":"https:\/\/maranhaotv.com.br\/index.php\/wp-json\/wp\/v2\/users\/2"}],"replies":[{"embeddable":true,"href":"https:\/\/maranhaotv.com.br\/index.php\/wp-json\/wp\/v2\/comments?post=15181"}],"version-history":[{"count":0,"href":"https:\/\/maranhaotv.com.br\/index.php\/wp-json\/wp\/v2\/posts\/15181\/revisions"}],"wp:featuredmedia":[{"embeddable":true,"href":"https:\/\/maranhaotv.com.br\/index.php\/wp-json\/"}],"wp:attachment":[{"href":"https:\/\/maranhaotv.com.br\/index.php\/wp-json\/wp\/v2\/media?parent=15181"}],"wp:term":[{"taxonomy":"category","embeddable":true,"href":"https:\/\/maranhaotv.com.br\/index.php\/wp-json\/wp\/v2\/categories?post=15181"},{"taxonomy":"post_tag","embeddable":true,"href":"https:\/\/maranhaotv.com.br\/index.php\/wp-json\/wp\/v2\/tags?post=15181"}],"curies":[{"name":"wp","href":"https:\/\/api.w.org\/{rel}","templated":true}]}}