{"id":15209,"date":"2020-09-28T17:30:36","date_gmt":"2020-09-28T20:30:36","guid":{"rendered":"https:\/\/maiobaotv.com.br\/?p=15209"},"modified":"2020-09-28T17:30:36","modified_gmt":"2020-09-28T20:30:36","slug":"eu-quero-ser-o-seu-candidato-quero-ser-o-candidato-do-povo-pontuou-jeisael","status":"publish","type":"post","link":"https:\/\/maranhaotv.com.br\/index.php\/2020\/09\/28\/eu-quero-ser-o-seu-candidato-quero-ser-o-candidato-do-povo-pontuou-jeisael\/","title":{"rendered":"\u201cEu quero ser o seu candidato, quero ser o candidato do povo\u201d, pontuou Jeisael"},"content":{"rendered":"<p>O candidato \u00e0 Prefeito de S\u00e3o Lu\u00eds, Jeisael Marx (REDE), deu entrevista ao programa Band Cidade 1, na manh\u00e3 desta segunda-feira (28). A entrevista faz parte da s\u00e9rie realizada pela Band Maranh\u00e3o com os candidatos escolhidos em conven\u00e7\u00e3o partid\u00e1ria.<\/p>\n<p>Durante a entrevista, Jeisael falou sobre a mudan\u00e7a de vida ao sair da TV para concorrer \u00e0 Prefeitura de S\u00e3o Lu\u00eds.<\/p>\n<p>\u201cEu sempre procurei dar fun\u00e7\u00e3o social \u00e0 minha profiss\u00e3o, e atuar de forma a contribuir nas solu\u00e7\u00f5es dos problemas das comunidades. Chegou em um determinado momento, onde gostaria de fazer mais. Porque como jornalista, n\u00e3o temos o poder de executar, temos o poder de cobrar. Mas como prefeito, eu vejo que posso fazer\u201d, disse Jeisael.<\/p>\n<p>Jeisael destacou durante a entrevista que nos \u00faltimos 8 anos do mandato do prefeito atual n\u00e3o foi constru\u00edda uma nova escola. E aproveitou para comentar sobre as parcerias realizadas pelo Governo do Estado durante os \u00faltimos anos, propondo a implanta\u00e7\u00e3o de contraturnos em parceria com a iniciativa privada e participa\u00e7\u00e3o da pr\u00f3pria comunidade.<\/p>\n<blockquote><p>\u201cPodemos fechar parcerias p\u00fablico-privadas, as famosas PPP\u2019s, e podemos implantar contraturnos. Isso com as institui\u00e7\u00f5es que j\u00e1 existem dentro dos bairros. A crian\u00e7a estuda pela manh\u00e3 na escola e ela tem um contraturno com outras atividades \u00e0 tarde com outras institui\u00e7\u00f5es\u201d, comenta Jeisael.<\/p><\/blockquote>\n<p>Na ocasi\u00e3o, disse que se ouve falar que h\u00e1 candidatos de Lula, de Fl\u00e1vio Dino, contudo, ressalta que quer ser o candidato do povo.<\/p>\n<p>\u201cEu quero ser o seu candidato, quero ser o candidato do povo. At\u00e9 porque n\u00e3o \u00e9 o Lula que vem governar a Prefeitura de S\u00e3o Lu\u00eds. N\u00e3o \u00e9 Bolsonaro. Fl\u00e1vio Dino j\u00e1 \u00e9 Governador e j\u00e1 faz muito pela capital. Mas precisa de um Prefeito com pulso, que tenha coragem de fazer as coisas e que esteja independente, livre das amarras de grupos pol\u00edticos\u201d, ressaltou Jeisael.<\/p>\n<p><img loading=\"lazy\" decoding=\"async\" src=\"https:\/\/maiobaotv.com.br\/wp-content\/uploads\/2020\/09\/img-20200928-wa03493516818854619173160.jpg\" class=\"wp-image-15211 alignnone size-full\" width=\"1280\" height=\"946\"><\/p>\n","protected":false},"excerpt":{"rendered":"<p>O candidato \u00e0 Prefeito de S\u00e3o Lu\u00eds, Jeisael Marx (REDE), deu entrevista ao programa Band Cidade 1, na manh\u00e3 desta<\/p>\n","protected":false},"author":2,"featured_media":15212,"comment_status":"open","ping_status":"open","sticky":false,"template":"","format":"standard","meta":{"colormag_page_container_layout":"default_layout","colormag_page_sidebar_layout":"default_layout","_jetpack_memberships_contains_paid_content":false,"footnotes":""},"categories":[2,6],"tags":[],"class_list":["post-15209","post","type-post","status-publish","format-standard","has-post-thumbnail","hentry","category-noticias","category-politica"],"magazineBlocksPostFeaturedMedia":{"thumbnail":false,"medium":false,"medium_large":false,"large":false,"1536x1536":false,"2048x2048":false,"colormag-highlighted-post":false,"colormag-featured-post-medium":false,"colormag-featured-post-small":false,"colormag-featured-image":false,"colormag-default-news":false,"colormag-featured-image-large":false},"magazineBlocksPostAuthor":{"name":"maranhaotv","avatar":"https:\/\/secure.gravatar.com\/avatar\/8fadbca458d4cb68b1dd399ae9a40618d747bb1af65ac9fad21c89220a143eb4?s=96&d=mm&r=g"},"magazineBlocksPostCommentsNumber":"0","magazineBlocksPostExcerpt":"O candidato \u00e0 Prefeito de S\u00e3o Lu\u00eds, Jeisael Marx (REDE), deu entrevista ao programa Band Cidade 1, na manh\u00e3 desta","magazineBlocksPostCategories":["not\u00edcias","pol\u00edtica"],"magazineBlocksPostViewCount":160,"magazineBlocksPostReadTime":2,"magazine_blocks_featured_image_url":{"full":false,"medium":false,"thumbnail":false},"magazine_blocks_author":{"display_name":"maranhaotv","author_link":"https:\/\/maranhaotv.com.br\/index.php\/author\/maranhaotv\/"},"magazine_blocks_comment":0,"magazine_blocks_author_image":"https:\/\/secure.gravatar.com\/avatar\/8fadbca458d4cb68b1dd399ae9a40618d747bb1af65ac9fad21c89220a143eb4?s=96&d=mm&r=g","magazine_blocks_category":"<a href=\"#\" class=\"category-link category-link-2\">not\u00edcias<\/a> <a href=\"#\" class=\"category-link category-link-6\">pol\u00edtica<\/a>","jetpack_featured_media_url":"","jetpack_sharing_enabled":true,"_links":{"self":[{"href":"https:\/\/maranhaotv.com.br\/index.php\/wp-json\/wp\/v2\/posts\/15209","targetHints":{"allow":["GET"]}}],"collection":[{"href":"https:\/\/maranhaotv.com.br\/index.php\/wp-json\/wp\/v2\/posts"}],"about":[{"href":"https:\/\/maranhaotv.com.br\/index.php\/wp-json\/wp\/v2\/types\/post"}],"author":[{"embeddable":true,"href":"https:\/\/maranhaotv.com.br\/index.php\/wp-json\/wp\/v2\/users\/2"}],"replies":[{"embeddable":true,"href":"https:\/\/maranhaotv.com.br\/index.php\/wp-json\/wp\/v2\/comments?post=15209"}],"version-history":[{"count":0,"href":"https:\/\/maranhaotv.com.br\/index.php\/wp-json\/wp\/v2\/posts\/15209\/revisions"}],"wp:featuredmedia":[{"embeddable":true,"href":"https:\/\/maranhaotv.com.br\/index.php\/wp-json\/"}],"wp:attachment":[{"href":"https:\/\/maranhaotv.com.br\/index.php\/wp-json\/wp\/v2\/media?parent=15209"}],"wp:term":[{"taxonomy":"category","embeddable":true,"href":"https:\/\/maranhaotv.com.br\/index.php\/wp-json\/wp\/v2\/categories?post=15209"},{"taxonomy":"post_tag","embeddable":true,"href":"https:\/\/maranhaotv.com.br\/index.php\/wp-json\/wp\/v2\/tags?post=15209"}],"curies":[{"name":"wp","href":"https:\/\/api.w.org\/{rel}","templated":true}]}}