{"id":15218,"date":"2020-09-29T08:24:18","date_gmt":"2020-09-29T11:24:18","guid":{"rendered":"https:\/\/maiobaotv.com.br\/?p=15218"},"modified":"2020-09-29T08:24:18","modified_gmt":"2020-09-29T11:24:18","slug":"justica-pode-deixar-prefeito-de-ribamar-eudes-sampaio-fora-da-disputa-eleitoral","status":"publish","type":"post","link":"https:\/\/maranhaotv.com.br\/index.php\/2020\/09\/29\/justica-pode-deixar-prefeito-de-ribamar-eudes-sampaio-fora-da-disputa-eleitoral\/","title":{"rendered":"Justi\u00e7a pode deixar prefeito de Ribamar, Eudes Sampaio, fora da disputa eleitoral"},"content":{"rendered":"<p>Uma reviravolta na elei\u00e7\u00e3o de S\u00e3o Jos\u00e9 de Ribamar deve tirar o atual prefeito Eudes Sampaio (PTB) da disputa.<\/p>\n<p>Os advogados da coliga\u00e7\u00e3o Esperan\u00e7a e Mudan\u00e7a para S\u00e3o Jos\u00e9 de Ribamar protocolaram na noite desta segunda-feira (28), impugna\u00e7\u00e3o ao registro de candidatura do prefeito Eudes Sampaio (PTB), que tentaria a reelei\u00e7\u00e3o.<\/p>\n<p>Tanto o registro quanto o pedido de impugna\u00e7\u00e3o aguardam decis\u00e3o da Justi\u00e7a.<\/p>\n<p>Na pe\u00e7a, os advogados usam como base decis\u00f5es do STF para demonstrar a inelegibilidade de Eudes Sampaio.<\/p>\n<p>A situa\u00e7\u00e3o do gestor ribamarense \u00e9 bem parecida com a da prefeita do munic\u00edpio da Raposa, Talita Laci (PCdoB), que por recomenda\u00e7\u00e3o do seus advogados, preferiu n\u00e3o arriscar e n\u00e3o disputar\u00e1 a elei\u00e7\u00e3o este ano.<\/p>\n<p>Sa\u00edda de Eudes n\u00e3o muda corrida eleitoral<\/p>\n<p>Com o pedido de impugna\u00e7\u00e3o de candidatura de Eudes e uma eventual sa\u00edda da disputa, a corrida eleitoral n\u00e3o mudar\u00e1 quase nada em S\u00e3o Jos\u00e9 de Ribamar, j\u00e1 que segundo a \u00faltima pesquisa eleitoral divulgada pelo Instituto DataIlha, o atual gestor ficaria apenas em terceiro lugar.<\/p>\n<p>O Instituto tamb\u00e9m revelou que Eudes Sampaio \u00e9 o candidato com maior rejei\u00e7\u00e3o entre os eleitores ribamarenses, tendo reprova\u00e7\u00e3o de sua gest\u00e3o por 68,2% dos entrevistados.<\/p>\n<p>At\u00e9 o momento, Eudes Sampaio foi o \u00fanico candidato que teve impugna\u00e7\u00e3o ao Registro de Candidatura protocolado na Justi\u00e7a, e segundo aliados, j\u00e1 estuda a possibilidade de ser substitu\u00eddo por Tiago Fernandes (PP).<\/p>\n<p><img loading=\"lazy\" decoding=\"async\" src=\"https:\/\/maiobaotv.com.br\/wp-content\/uploads\/2020\/09\/img-20200929-wa00658051520526190196675.jpg\" class=\"wp-image-15220 alignnone size-full\" width=\"828\" height=\"469\"><\/p>\n","protected":false},"excerpt":{"rendered":"<p>Uma reviravolta na elei\u00e7\u00e3o de S\u00e3o Jos\u00e9 de Ribamar deve tirar o atual prefeito Eudes Sampaio (PTB) da disputa. Os<\/p>\n","protected":false},"author":2,"featured_media":15223,"comment_status":"open","ping_status":"open","sticky":false,"template":"","format":"standard","meta":{"colormag_page_container_layout":"default_layout","colormag_page_sidebar_layout":"default_layout","_jetpack_memberships_contains_paid_content":false,"footnotes":""},"categories":[2,6],"tags":[],"class_list":["post-15218","post","type-post","status-publish","format-standard","has-post-thumbnail","hentry","category-noticias","category-politica"],"magazineBlocksPostFeaturedMedia":{"thumbnail":false,"medium":false,"medium_large":false,"large":false,"1536x1536":false,"2048x2048":false,"colormag-highlighted-post":false,"colormag-featured-post-medium":false,"colormag-featured-post-small":false,"colormag-featured-image":false,"colormag-default-news":false,"colormag-featured-image-large":false},"magazineBlocksPostAuthor":{"name":"maranhaotv","avatar":"https:\/\/secure.gravatar.com\/avatar\/8fadbca458d4cb68b1dd399ae9a40618d747bb1af65ac9fad21c89220a143eb4?s=96&d=mm&r=g"},"magazineBlocksPostCommentsNumber":"0","magazineBlocksPostExcerpt":"Uma reviravolta na elei\u00e7\u00e3o de S\u00e3o Jos\u00e9 de Ribamar deve tirar o atual prefeito Eudes Sampaio (PTB) da disputa. Os","magazineBlocksPostCategories":["not\u00edcias","pol\u00edtica"],"magazineBlocksPostViewCount":171,"magazineBlocksPostReadTime":2,"magazine_blocks_featured_image_url":{"full":false,"medium":false,"thumbnail":false},"magazine_blocks_author":{"display_name":"maranhaotv","author_link":"https:\/\/maranhaotv.com.br\/index.php\/author\/maranhaotv\/"},"magazine_blocks_comment":0,"magazine_blocks_author_image":"https:\/\/secure.gravatar.com\/avatar\/8fadbca458d4cb68b1dd399ae9a40618d747bb1af65ac9fad21c89220a143eb4?s=96&d=mm&r=g","magazine_blocks_category":"<a href=\"#\" class=\"category-link category-link-2\">not\u00edcias<\/a> <a href=\"#\" class=\"category-link category-link-6\">pol\u00edtica<\/a>","jetpack_featured_media_url":"","jetpack_sharing_enabled":true,"_links":{"self":[{"href":"https:\/\/maranhaotv.com.br\/index.php\/wp-json\/wp\/v2\/posts\/15218","targetHints":{"allow":["GET"]}}],"collection":[{"href":"https:\/\/maranhaotv.com.br\/index.php\/wp-json\/wp\/v2\/posts"}],"about":[{"href":"https:\/\/maranhaotv.com.br\/index.php\/wp-json\/wp\/v2\/types\/post"}],"author":[{"embeddable":true,"href":"https:\/\/maranhaotv.com.br\/index.php\/wp-json\/wp\/v2\/users\/2"}],"replies":[{"embeddable":true,"href":"https:\/\/maranhaotv.com.br\/index.php\/wp-json\/wp\/v2\/comments?post=15218"}],"version-history":[{"count":0,"href":"https:\/\/maranhaotv.com.br\/index.php\/wp-json\/wp\/v2\/posts\/15218\/revisions"}],"wp:featuredmedia":[{"embeddable":true,"href":"https:\/\/maranhaotv.com.br\/index.php\/wp-json\/"}],"wp:attachment":[{"href":"https:\/\/maranhaotv.com.br\/index.php\/wp-json\/wp\/v2\/media?parent=15218"}],"wp:term":[{"taxonomy":"category","embeddable":true,"href":"https:\/\/maranhaotv.com.br\/index.php\/wp-json\/wp\/v2\/categories?post=15218"},{"taxonomy":"post_tag","embeddable":true,"href":"https:\/\/maranhaotv.com.br\/index.php\/wp-json\/wp\/v2\/tags?post=15218"}],"curies":[{"name":"wp","href":"https:\/\/api.w.org\/{rel}","templated":true}]}}