{"id":15224,"date":"2020-09-29T08:32:46","date_gmt":"2020-09-29T11:32:46","guid":{"rendered":"https:\/\/maiobaotv.com.br\/?p=15224"},"modified":"2020-09-29T08:32:46","modified_gmt":"2020-09-29T11:32:46","slug":"fred-campos-inicia-campanha-com-adesivaco-no-maiobao-e-caminhada-no-nova-vida-parque-horizonte-residencial-silvana-e-vila-cafeteira","status":"publish","type":"post","link":"https:\/\/maranhaotv.com.br\/index.php\/2020\/09\/29\/fred-campos-inicia-campanha-com-adesivaco-no-maiobao-e-caminhada-no-nova-vida-parque-horizonte-residencial-silvana-e-vila-cafeteira\/","title":{"rendered":"Fred Campos inicia campanha com \u2018adesiva\u00e7o\u2019 no Maiob\u00e3o e caminhada no Nova Vida, Parque Horizonte, Residencial Silvana e Vila Cafeteira"},"content":{"rendered":"<p>O empres\u00e1rio e candidato a prefeito de Pa\u00e7o do Lumiar pelo Partido Liberal, Fred Campos, deu a largada em sua campanha eleitoral na manh\u00e3 de domingo (27), com um \u201cadesiva\u00e7o\u201d na sede do PL, na avenida 13 do Maiob\u00e3o.<\/p>\n<p>Ao lado do seu postulante a vice, o empres\u00e1rio Tiago do IESF (PDT), de apoiadores e dos candidatos a uma vaga na C\u00e2mara Municipal, ele conversou com pedestres e motoristas que aplicaram o material de campanha em seus ve\u00edculos.<\/p>\n<p>J\u00e1 nesta segunda-feira (28), Fred Campos realizou caminhada nos bairros Nova Vida, Parque Horizonte, Residencial Silvana e Vila Cafeteira.<\/p>\n<p>Al\u00e9m de lideran\u00e7as e apoiadores, o ato que marcou tamb\u00e9m a abertura da campanha, contou com a presen\u00e7a de candidatos a vereadores da coliga\u00e7\u00e3o \u201cCoragem pra Mudar\u201d, que re\u00fane os partidos PL, PDT, PSD, Avante, Democratas, Republicanos, Patriotas, Progressistas, PMB, PTC e Cidadania.<\/p>\n<p><img loading=\"lazy\" decoding=\"async\" src=\"https:\/\/maiobaotv.com.br\/wp-content\/uploads\/2020\/09\/img-20200929-wa00625067870597113250413.jpg\" class=\"wp-image-15226 alignnone size-full\" width=\"960\" height=\"1280\"><\/p>\n<p><img loading=\"lazy\" decoding=\"async\" src=\"https:\/\/maiobaotv.com.br\/wp-content\/uploads\/2020\/09\/img-20200929-wa00726912834791291754144.jpg\" class=\"wp-image-15228 alignnone size-full\" width=\"1280\" height=\"960\"><\/p>\n<p><img loading=\"lazy\" decoding=\"async\" src=\"https:\/\/maiobaotv.com.br\/wp-content\/uploads\/2020\/09\/img-20200929-wa00732497080681967726659.jpg\" class=\"wp-image-15227 alignnone size-full\" width=\"1280\" height=\"960\"><\/p>\n","protected":false},"excerpt":{"rendered":"<p>O empres\u00e1rio e candidato a prefeito de Pa\u00e7o do Lumiar pelo Partido Liberal, Fred Campos, deu a largada em sua<\/p>\n","protected":false},"author":2,"featured_media":15229,"comment_status":"open","ping_status":"open","sticky":false,"template":"","format":"standard","meta":{"colormag_page_container_layout":"default_layout","colormag_page_sidebar_layout":"default_layout","_jetpack_memberships_contains_paid_content":false,"footnotes":""},"categories":[2],"tags":[16,43,15],"class_list":["post-15224","post","type-post","status-publish","format-standard","has-post-thumbnail","hentry","category-noticias","tag-eleicoes-2020","tag-fred-campos","tag-paco-do-lumiar"],"magazineBlocksPostFeaturedMedia":{"thumbnail":false,"medium":false,"medium_large":false,"large":false,"1536x1536":false,"2048x2048":false,"colormag-highlighted-post":false,"colormag-featured-post-medium":false,"colormag-featured-post-small":false,"colormag-featured-image":false,"colormag-default-news":false,"colormag-featured-image-large":false},"magazineBlocksPostAuthor":{"name":"maranhaotv","avatar":"https:\/\/secure.gravatar.com\/avatar\/8fadbca458d4cb68b1dd399ae9a40618d747bb1af65ac9fad21c89220a143eb4?s=96&d=mm&r=g"},"magazineBlocksPostCommentsNumber":"0","magazineBlocksPostExcerpt":"O empres\u00e1rio e candidato a prefeito de Pa\u00e7o do Lumiar pelo Partido Liberal, Fred Campos, deu a largada em sua","magazineBlocksPostCategories":["not\u00edcias"],"magazineBlocksPostViewCount":144,"magazineBlocksPostReadTime":1,"magazine_blocks_featured_image_url":{"full":false,"medium":false,"thumbnail":false},"magazine_blocks_author":{"display_name":"maranhaotv","author_link":"https:\/\/maranhaotv.com.br\/index.php\/author\/maranhaotv\/"},"magazine_blocks_comment":0,"magazine_blocks_author_image":"https:\/\/secure.gravatar.com\/avatar\/8fadbca458d4cb68b1dd399ae9a40618d747bb1af65ac9fad21c89220a143eb4?s=96&d=mm&r=g","magazine_blocks_category":"<a href=\"#\" class=\"category-link category-link-2\">not\u00edcias<\/a>","jetpack_featured_media_url":"","jetpack_sharing_enabled":true,"_links":{"self":[{"href":"https:\/\/maranhaotv.com.br\/index.php\/wp-json\/wp\/v2\/posts\/15224","targetHints":{"allow":["GET"]}}],"collection":[{"href":"https:\/\/maranhaotv.com.br\/index.php\/wp-json\/wp\/v2\/posts"}],"about":[{"href":"https:\/\/maranhaotv.com.br\/index.php\/wp-json\/wp\/v2\/types\/post"}],"author":[{"embeddable":true,"href":"https:\/\/maranhaotv.com.br\/index.php\/wp-json\/wp\/v2\/users\/2"}],"replies":[{"embeddable":true,"href":"https:\/\/maranhaotv.com.br\/index.php\/wp-json\/wp\/v2\/comments?post=15224"}],"version-history":[{"count":0,"href":"https:\/\/maranhaotv.com.br\/index.php\/wp-json\/wp\/v2\/posts\/15224\/revisions"}],"wp:featuredmedia":[{"embeddable":true,"href":"https:\/\/maranhaotv.com.br\/index.php\/wp-json\/"}],"wp:attachment":[{"href":"https:\/\/maranhaotv.com.br\/index.php\/wp-json\/wp\/v2\/media?parent=15224"}],"wp:term":[{"taxonomy":"category","embeddable":true,"href":"https:\/\/maranhaotv.com.br\/index.php\/wp-json\/wp\/v2\/categories?post=15224"},{"taxonomy":"post_tag","embeddable":true,"href":"https:\/\/maranhaotv.com.br\/index.php\/wp-json\/wp\/v2\/tags?post=15224"}],"curies":[{"name":"wp","href":"https:\/\/api.w.org\/{rel}","templated":true}]}}