{"id":15232,"date":"2020-09-29T09:45:12","date_gmt":"2020-09-29T12:45:12","guid":{"rendered":"https:\/\/maiobaotv.com.br\/?p=15232"},"modified":"2020-09-29T09:45:12","modified_gmt":"2020-09-29T12:45:12","slug":"viana-justica-eleitoral-determina-que-carrinho-e-candidato-a-vereador-retirem-publicacao-das-redes-sociais","status":"publish","type":"post","link":"https:\/\/maranhaotv.com.br\/index.php\/2020\/09\/29\/viana-justica-eleitoral-determina-que-carrinho-e-candidato-a-vereador-retirem-publicacao-das-redes-sociais\/","title":{"rendered":"Viana: Justi\u00e7a Eleitoral determina que Carrinho e candidato a vereador retirem publica\u00e7\u00e3o das redes sociais"},"content":{"rendered":"<p>A Justi\u00e7a Eleitoral determinou, em car\u00e1ter liminar, que o candidato a vereador de Viana N\u00e9lio da Paz Muniz Jr. retire, em 24 horas (contadas a partir da intima\u00e7\u00e3o), publica\u00e7\u00f5es em suas redes sociais de v\u00eddeos que caracterizam propaganda irregular de sua candidatura assim como do prefeito Carrinho Cidreira (PL).<\/p>\n<p>Nas imagens e grava\u00e7\u00f5es juntada aos autos, h\u00e1 propaganda antecipada do candidato a vereador N\u00e9lio Muniz em seu perfil no facebook vinculando seu nome ao de vereador e a frase \u201cjuntos somos mais por Viana\u201d e do prefeito de Viana, Carlos Augusto Cidreira (conhecido como Carrinho) percorrendo as ruas e casas da cidade abra\u00e7ando poss\u00edveis eleitores, alguns fazendo men\u00e7\u00e3o ao n\u00famero 22.<\/p>\n<p>A multa individual por descumprimento \u00e9 de R$ 5 mil di\u00e1rios. Veja decis\u00e3o:<\/p>\n<p><img loading=\"lazy\" decoding=\"async\" src=\"https:\/\/maiobaotv.com.br\/wp-content\/uploads\/2020\/09\/img-20200928-wa0551825347992397521140.jpg\" class=\"failed wp-image-15231 alignnone size-full\" width=\"720\" height=\"1102\"><\/p>\n","protected":false},"excerpt":{"rendered":"<p>A Justi\u00e7a Eleitoral determinou, em car\u00e1ter liminar, que o candidato a vereador de Viana N\u00e9lio da Paz Muniz Jr. retire,<\/p>\n","protected":false},"author":2,"featured_media":15234,"comment_status":"open","ping_status":"open","sticky":false,"template":"","format":"standard","meta":{"colormag_page_container_layout":"default_layout","colormag_page_sidebar_layout":"default_layout","_jetpack_memberships_contains_paid_content":false,"footnotes":""},"categories":[2,6],"tags":[4,252,5],"class_list":["post-15232","post","type-post","status-publish","format-standard","has-post-thumbnail","hentry","category-noticias","category-politica","tag-carrinho-cidreira","tag-nelio-junior","tag-viana"],"magazineBlocksPostFeaturedMedia":{"thumbnail":false,"medium":false,"medium_large":false,"large":false,"1536x1536":false,"2048x2048":false,"colormag-highlighted-post":false,"colormag-featured-post-medium":false,"colormag-featured-post-small":false,"colormag-featured-image":false,"colormag-default-news":false,"colormag-featured-image-large":false},"magazineBlocksPostAuthor":{"name":"maranhaotv","avatar":"https:\/\/secure.gravatar.com\/avatar\/8fadbca458d4cb68b1dd399ae9a40618d747bb1af65ac9fad21c89220a143eb4?s=96&d=mm&r=g"},"magazineBlocksPostCommentsNumber":"0","magazineBlocksPostExcerpt":"A Justi\u00e7a Eleitoral determinou, em car\u00e1ter liminar, que o candidato a vereador de Viana N\u00e9lio da Paz Muniz Jr. retire,","magazineBlocksPostCategories":["not\u00edcias","pol\u00edtica"],"magazineBlocksPostViewCount":181,"magazineBlocksPostReadTime":1,"magazine_blocks_featured_image_url":{"full":false,"medium":false,"thumbnail":false},"magazine_blocks_author":{"display_name":"maranhaotv","author_link":"https:\/\/maranhaotv.com.br\/index.php\/author\/maranhaotv\/"},"magazine_blocks_comment":0,"magazine_blocks_author_image":"https:\/\/secure.gravatar.com\/avatar\/8fadbca458d4cb68b1dd399ae9a40618d747bb1af65ac9fad21c89220a143eb4?s=96&d=mm&r=g","magazine_blocks_category":"<a href=\"#\" class=\"category-link category-link-2\">not\u00edcias<\/a> <a href=\"#\" class=\"category-link category-link-6\">pol\u00edtica<\/a>","jetpack_featured_media_url":"","jetpack_sharing_enabled":true,"_links":{"self":[{"href":"https:\/\/maranhaotv.com.br\/index.php\/wp-json\/wp\/v2\/posts\/15232","targetHints":{"allow":["GET"]}}],"collection":[{"href":"https:\/\/maranhaotv.com.br\/index.php\/wp-json\/wp\/v2\/posts"}],"about":[{"href":"https:\/\/maranhaotv.com.br\/index.php\/wp-json\/wp\/v2\/types\/post"}],"author":[{"embeddable":true,"href":"https:\/\/maranhaotv.com.br\/index.php\/wp-json\/wp\/v2\/users\/2"}],"replies":[{"embeddable":true,"href":"https:\/\/maranhaotv.com.br\/index.php\/wp-json\/wp\/v2\/comments?post=15232"}],"version-history":[{"count":0,"href":"https:\/\/maranhaotv.com.br\/index.php\/wp-json\/wp\/v2\/posts\/15232\/revisions"}],"wp:featuredmedia":[{"embeddable":true,"href":"https:\/\/maranhaotv.com.br\/index.php\/wp-json\/"}],"wp:attachment":[{"href":"https:\/\/maranhaotv.com.br\/index.php\/wp-json\/wp\/v2\/media?parent=15232"}],"wp:term":[{"taxonomy":"category","embeddable":true,"href":"https:\/\/maranhaotv.com.br\/index.php\/wp-json\/wp\/v2\/categories?post=15232"},{"taxonomy":"post_tag","embeddable":true,"href":"https:\/\/maranhaotv.com.br\/index.php\/wp-json\/wp\/v2\/tags?post=15232"}],"curies":[{"name":"wp","href":"https:\/\/api.w.org\/{rel}","templated":true}]}}