{"id":15242,"date":"2020-09-29T15:05:29","date_gmt":"2020-09-29T18:05:29","guid":{"rendered":"https:\/\/maiobaotv.com.br\/?p=15242"},"modified":"2020-09-29T15:05:29","modified_gmt":"2020-09-29T18:05:29","slug":"suspeitos-de-assalto-a-residencia-e-roubos-em-paradas-sao-presos-na-vila-conceicao-em-sao-luis","status":"publish","type":"post","link":"https:\/\/maranhaotv.com.br\/index.php\/2020\/09\/29\/suspeitos-de-assalto-a-residencia-e-roubos-em-paradas-sao-presos-na-vila-conceicao-em-sao-luis\/","title":{"rendered":"Suspeitos de assalto a resid\u00eancia e roubos em paradas s\u00e3o presos na Vila Concei\u00e7\u00e3o em S\u00e3o Lu\u00eds"},"content":{"rendered":"<p>A Pol\u00edcia Civil do Maranh\u00e3o cumpriu nesta ter\u00e7a-feira (29) dois mandados de pris\u00e3o preventiva, nos bairros Altos do Calhau e Vila Concei\u00e7\u00e3o, em S\u00e3o Lu\u00eds. A a\u00e7\u00e3o que d\u00e1 continuidade \u00e0 repress\u00e3o de crimes patrimoniais.<\/p>\n<p>De acordo com investiga\u00e7\u00f5es, eles s\u00e3o suspeitos de terem invadido uma resid\u00eancia em julho deste ano, localizada no bairro Planalto Vinhais 2. \u00c0 \u00e9poca, armados, os criminosos abordaram e renderam os moradores e roubaram um autom\u00f3vel, televis\u00e3o, aparelhos celulares e computadores.<br \/>\nSegundo a Pol\u00edcia Civil, o grupo praticava roubos semanalmente nos bairros adjacentes \u00e0 Vila Concei\u00e7\u00e3o, inclusive a moradores que aguardavam em paradas de \u00f4nibus. As investiga\u00e7\u00f5es prosseguem no intuito de esclarecer outros crimes praticados pelo grupo.<\/p>\n<p>Durante a pris\u00e3o de um dos investigados, foi descoberta uma arma de fogo no calibre .12, municiada e papelotes de maconha. O cumprimento dos mandados de pris\u00e3o foi realizado por meio da Superintend\u00eancia de Pol\u00edcia Civil da Capital (SPCC), Delegacia de Roubos e Furtos (DRF), Delegacia de Roubos e Furtos de Ve\u00edculos (RFV) e SAISP OESTE.<\/p>\n<p><img loading=\"lazy\" decoding=\"async\" src=\"https:\/\/maiobaotv.com.br\/wp-content\/uploads\/2020\/09\/img-20200929-wa03168830326474704398792.jpg\" class=\"wp-image-15246 alignnone size-full\" width=\"1024\" height=\"981\"><\/p>\n<p><img loading=\"lazy\" decoding=\"async\" src=\"https:\/\/maiobaotv.com.br\/wp-content\/uploads\/2020\/09\/img-20200929-wa03149009558954561424247.jpg\" class=\"wp-image-15244 alignnone size-full\" width=\"1024\" height=\"779\"><\/p>\n<p>Portal MA10<\/p>\n","protected":false},"excerpt":{"rendered":"<p>A Pol\u00edcia Civil do Maranh\u00e3o cumpriu nesta ter\u00e7a-feira (29) dois mandados de pris\u00e3o preventiva, nos bairros Altos do Calhau e<\/p>\n","protected":false},"author":2,"featured_media":16807,"comment_status":"open","ping_status":"open","sticky":false,"template":"","format":"standard","meta":{"colormag_page_container_layout":"default_layout","colormag_page_sidebar_layout":"default_layout","_jetpack_memberships_contains_paid_content":false,"footnotes":""},"categories":[2,3],"tags":[],"class_list":["post-15242","post","type-post","status-publish","format-standard","has-post-thumbnail","hentry","category-noticias","category-policial"],"magazineBlocksPostFeaturedMedia":{"thumbnail":"https:\/\/maranhaotv.com.br\/wp-content\/uploads\/2020\/09\/11-1-150x150.jpg","medium":"https:\/\/maranhaotv.com.br\/wp-content\/uploads\/2020\/09\/11-1-300x145.jpg","medium_large":"https:\/\/maranhaotv.com.br\/wp-content\/uploads\/2020\/09\/11-1-768x371.jpg","large":"https:\/\/maranhaotv.com.br\/wp-content\/uploads\/2020\/09\/11-1-1024x494.jpg","1536x1536":"https:\/\/maranhaotv.com.br\/wp-content\/uploads\/2020\/09\/11-1.jpg","2048x2048":"https:\/\/maranhaotv.com.br\/wp-content\/uploads\/2020\/09\/11-1.jpg","colormag-highlighted-post":"https:\/\/maranhaotv.com.br\/wp-content\/uploads\/2020\/09\/11-1.jpg","colormag-featured-post-medium":"https:\/\/maranhaotv.com.br\/wp-content\/uploads\/2020\/09\/11-1.jpg","colormag-featured-post-small":"https:\/\/maranhaotv.com.br\/wp-content\/uploads\/2020\/09\/11-1.jpg","colormag-featured-image":"https:\/\/maranhaotv.com.br\/wp-content\/uploads\/2020\/09\/11-1.jpg","colormag-default-news":"https:\/\/maranhaotv.com.br\/wp-content\/uploads\/2020\/09\/11-1.jpg","colormag-featured-image-large":"https:\/\/maranhaotv.com.br\/wp-content\/uploads\/2020\/09\/11-1.jpg"},"magazineBlocksPostAuthor":{"name":"maranhaotv","avatar":"https:\/\/secure.gravatar.com\/avatar\/8fadbca458d4cb68b1dd399ae9a40618d747bb1af65ac9fad21c89220a143eb4?s=96&d=mm&r=g"},"magazineBlocksPostCommentsNumber":"0","magazineBlocksPostExcerpt":"A Pol\u00edcia Civil do Maranh\u00e3o cumpriu nesta ter\u00e7a-feira (29) dois mandados de pris\u00e3o preventiva, nos bairros Altos do Calhau e","magazineBlocksPostCategories":["not\u00edcias","policial"],"magazineBlocksPostViewCount":147,"magazineBlocksPostReadTime":1,"magazine_blocks_featured_image_url":{"full":["https:\/\/maranhaotv.com.br\/wp-content\/uploads\/2020\/09\/11-1.jpg",1160,560,false],"medium":["https:\/\/maranhaotv.com.br\/wp-content\/uploads\/2020\/09\/11-1-300x145.jpg",300,145,true],"thumbnail":["https:\/\/maranhaotv.com.br\/wp-content\/uploads\/2020\/09\/11-1-150x150.jpg",150,150,true]},"magazine_blocks_author":{"display_name":"maranhaotv","author_link":"https:\/\/maranhaotv.com.br\/index.php\/author\/maranhaotv\/"},"magazine_blocks_comment":0,"magazine_blocks_author_image":"https:\/\/secure.gravatar.com\/avatar\/8fadbca458d4cb68b1dd399ae9a40618d747bb1af65ac9fad21c89220a143eb4?s=96&d=mm&r=g","magazine_blocks_category":"<a href=\"#\" class=\"category-link category-link-2\">not\u00edcias<\/a> <a href=\"#\" class=\"category-link category-link-3\">policial<\/a>","jetpack_featured_media_url":"https:\/\/maranhaotv.com.br\/wp-content\/uploads\/2020\/09\/11-1.jpg","jetpack_sharing_enabled":true,"_links":{"self":[{"href":"https:\/\/maranhaotv.com.br\/index.php\/wp-json\/wp\/v2\/posts\/15242","targetHints":{"allow":["GET"]}}],"collection":[{"href":"https:\/\/maranhaotv.com.br\/index.php\/wp-json\/wp\/v2\/posts"}],"about":[{"href":"https:\/\/maranhaotv.com.br\/index.php\/wp-json\/wp\/v2\/types\/post"}],"author":[{"embeddable":true,"href":"https:\/\/maranhaotv.com.br\/index.php\/wp-json\/wp\/v2\/users\/2"}],"replies":[{"embeddable":true,"href":"https:\/\/maranhaotv.com.br\/index.php\/wp-json\/wp\/v2\/comments?post=15242"}],"version-history":[{"count":0,"href":"https:\/\/maranhaotv.com.br\/index.php\/wp-json\/wp\/v2\/posts\/15242\/revisions"}],"wp:featuredmedia":[{"embeddable":true,"href":"https:\/\/maranhaotv.com.br\/index.php\/wp-json\/wp\/v2\/media\/16807"}],"wp:attachment":[{"href":"https:\/\/maranhaotv.com.br\/index.php\/wp-json\/wp\/v2\/media?parent=15242"}],"wp:term":[{"taxonomy":"category","embeddable":true,"href":"https:\/\/maranhaotv.com.br\/index.php\/wp-json\/wp\/v2\/categories?post=15242"},{"taxonomy":"post_tag","embeddable":true,"href":"https:\/\/maranhaotv.com.br\/index.php\/wp-json\/wp\/v2\/tags?post=15242"}],"curies":[{"name":"wp","href":"https:\/\/api.w.org\/{rel}","templated":true}]}}