{"id":15249,"date":"2020-09-29T15:36:38","date_gmt":"2020-09-29T18:36:38","guid":{"rendered":"https:\/\/maiobaotv.com.br\/?p=15249"},"modified":"2020-09-29T15:36:38","modified_gmt":"2020-09-29T18:36:38","slug":"prefeita-paula-pcdob-e-impugnada-na-justica-e-deve-ficar-fora-da-disputa-eleitoral-em-paco-do-lumiar","status":"publish","type":"post","link":"https:\/\/maranhaotv.com.br\/index.php\/2020\/09\/29\/prefeita-paula-pcdob-e-impugnada-na-justica-e-deve-ficar-fora-da-disputa-eleitoral-em-paco-do-lumiar\/","title":{"rendered":"Prefeita Paula (PCdoB) \u00e9 impugnada na Justi\u00e7a e deve ficar fora da disputa eleitoral em Pa\u00e7o do Lumiar"},"content":{"rendered":"<h5>Falta de transpar\u00eancia em gastos de R$ 10,5 milh\u00f5es de verba federal com Covid 19 e sonega\u00e7\u00e3o de bens em declara\u00e7\u00e3o de renda endossam pedido<\/h5>\n<p>A situa\u00e7\u00e3o da prefeita interina e candidata \u00e0 reelei\u00e7\u00e3o, Paula Azevedo (PCdoB), a cada dia que passa fica mais complicada e a Justi\u00e7a Eleitoral em breve deve dar o parecer em rela\u00e7\u00e3o ao processo de impugna\u00e7\u00e3o de N\u00ba 0600271-86.2020.6.10.0093, um dos principais motivos que devem tirar o sono da chapa comunista e pesedebista em Pa\u00e7o do Lumiar.<\/p>\n<p>A falta de transpar\u00eancia sobre gastos de recursos federais com a pandemia, fato que tem dado pris\u00f5es a chefes dos executivos em todo o Brasil, onde Pa\u00e7o do Lumiar recebeu em torno de R$ 10,5 milh\u00f5es em recursos, um ato grav\u00edssimo que inclusive j\u00e1 foi noticiado no site Maiob\u00e3o TV, onde a Promotoria de Justi\u00e7a do munic\u00edpio abriu inqu\u00e9rito com mais de 300 p\u00e1ginas para apurar poss\u00edveis crimes contra o er\u00e1rio p\u00fablico.<\/p>\n<p>Um outro fato curioso sobre o pedido de impugna\u00e7\u00e3o foi a omiss\u00e3o de bens nas declara\u00e7\u00f5es das rendas dos membros da chapa majorit\u00e1ria, a prefeita Paula omitiu o patrim\u00f4nio com valor aproximado de R$ 340 mil, declarado nas elei\u00e7\u00f5es de 2016 e o postulante a vice, Inaldo Pereira que tamb\u00e9m sonegou em sua declara\u00e7\u00e3o de renda a ic\u00f4nica Pajero modelo TR4 de cor preta, adquirida \u00e0s v\u00e9speras das elei\u00e7\u00f5es de 2018.<\/p>\n<p>Com isso, o sinal de alerta paira sobre a coordena\u00e7\u00e3o da campanha da prefeita interina, que ter\u00e3o que se preocupar com mais um processo para se defender na justi\u00e7a.<\/p>\n<p><img loading=\"lazy\" decoding=\"async\" class=\"alignnone size-full wp-image-15251\" src=\"https:\/\/maiobaotv.com.br\/wp-content\/uploads\/2020\/09\/img_20200929_1535363456560908620699572.jpg\" width=\"955\" height=\"1376\"><\/p>\n<p><img loading=\"lazy\" decoding=\"async\" class=\"alignnone size-full wp-image-15252\" src=\"https:\/\/maiobaotv.com.br\/wp-content\/uploads\/2020\/09\/img_20200929_1535525173878012661676754.jpg\" width=\"987\" height=\"1243\"><\/p>\n","protected":false},"excerpt":{"rendered":"<p>Falta de transpar\u00eancia em gastos de R$ 10,5 milh\u00f5es de verba federal com Covid 19 e sonega\u00e7\u00e3o de bens em<\/p>\n","protected":false},"author":2,"featured_media":15254,"comment_status":"open","ping_status":"open","sticky":false,"template":"","format":"standard","meta":{"colormag_page_container_layout":"default_layout","colormag_page_sidebar_layout":"default_layout","_jetpack_memberships_contains_paid_content":false,"footnotes":""},"categories":[2],"tags":[95,116],"class_list":["post-15249","post","type-post","status-publish","format-standard","has-post-thumbnail","hentry","category-noticias","tag-paula-azevedo","tag-paula-da-pindoba"],"magazineBlocksPostFeaturedMedia":{"thumbnail":false,"medium":false,"medium_large":false,"large":false,"1536x1536":false,"2048x2048":false,"colormag-highlighted-post":false,"colormag-featured-post-medium":false,"colormag-featured-post-small":false,"colormag-featured-image":false,"colormag-default-news":false,"colormag-featured-image-large":false},"magazineBlocksPostAuthor":{"name":"maranhaotv","avatar":"https:\/\/secure.gravatar.com\/avatar\/8fadbca458d4cb68b1dd399ae9a40618d747bb1af65ac9fad21c89220a143eb4?s=96&d=mm&r=g"},"magazineBlocksPostCommentsNumber":"0","magazineBlocksPostExcerpt":"Falta de transpar\u00eancia em gastos de R$ 10,5 milh\u00f5es de verba federal com Covid 19 e sonega\u00e7\u00e3o de bens em","magazineBlocksPostCategories":["not\u00edcias"],"magazineBlocksPostViewCount":175,"magazineBlocksPostReadTime":2,"magazine_blocks_featured_image_url":{"full":false,"medium":false,"thumbnail":false},"magazine_blocks_author":{"display_name":"maranhaotv","author_link":"https:\/\/maranhaotv.com.br\/index.php\/author\/maranhaotv\/"},"magazine_blocks_comment":0,"magazine_blocks_author_image":"https:\/\/secure.gravatar.com\/avatar\/8fadbca458d4cb68b1dd399ae9a40618d747bb1af65ac9fad21c89220a143eb4?s=96&d=mm&r=g","magazine_blocks_category":"<a href=\"#\" class=\"category-link category-link-2\">not\u00edcias<\/a>","jetpack_featured_media_url":"","jetpack_sharing_enabled":true,"_links":{"self":[{"href":"https:\/\/maranhaotv.com.br\/index.php\/wp-json\/wp\/v2\/posts\/15249","targetHints":{"allow":["GET"]}}],"collection":[{"href":"https:\/\/maranhaotv.com.br\/index.php\/wp-json\/wp\/v2\/posts"}],"about":[{"href":"https:\/\/maranhaotv.com.br\/index.php\/wp-json\/wp\/v2\/types\/post"}],"author":[{"embeddable":true,"href":"https:\/\/maranhaotv.com.br\/index.php\/wp-json\/wp\/v2\/users\/2"}],"replies":[{"embeddable":true,"href":"https:\/\/maranhaotv.com.br\/index.php\/wp-json\/wp\/v2\/comments?post=15249"}],"version-history":[{"count":0,"href":"https:\/\/maranhaotv.com.br\/index.php\/wp-json\/wp\/v2\/posts\/15249\/revisions"}],"wp:featuredmedia":[{"embeddable":true,"href":"https:\/\/maranhaotv.com.br\/index.php\/wp-json\/"}],"wp:attachment":[{"href":"https:\/\/maranhaotv.com.br\/index.php\/wp-json\/wp\/v2\/media?parent=15249"}],"wp:term":[{"taxonomy":"category","embeddable":true,"href":"https:\/\/maranhaotv.com.br\/index.php\/wp-json\/wp\/v2\/categories?post=15249"},{"taxonomy":"post_tag","embeddable":true,"href":"https:\/\/maranhaotv.com.br\/index.php\/wp-json\/wp\/v2\/tags?post=15249"}],"curies":[{"name":"wp","href":"https:\/\/api.w.org\/{rel}","templated":true}]}}