{"id":15257,"date":"2020-09-29T17:59:22","date_gmt":"2020-09-29T20:59:22","guid":{"rendered":"https:\/\/maiobaotv.com.br\/?p=15257"},"modified":"2020-09-29T17:59:22","modified_gmt":"2020-09-29T20:59:22","slug":"ivaldo-ricci-lanca-candidatura-a-vereador-de-sao-luis","status":"publish","type":"post","link":"https:\/\/maranhaotv.com.br\/index.php\/2020\/09\/29\/ivaldo-ricci-lanca-candidatura-a-vereador-de-sao-luis\/","title":{"rendered":"Ivaldo Ricci lan\u00e7a candidatura a vereador de S\u00e3o Lu\u00eds"},"content":{"rendered":"<p>Uma grande festa popular marcou, no \u00faltimo domingo, o lan\u00e7amento da campanha ao cargo de vereador de S\u00e3o Lu\u00eds do advogado Ivaldo Ricci (Novo \u2013 30.300).<\/p>\n<p>O evento, realizado nas depend\u00eancias de uma loja ma\u00e7\u00f4nica no bairro do Bequim\u00e3o, reuniu centenas de apoiadores do candidato.<\/p>\n<p>Disputando o pleito proporcional pela primeira vez, Ivaldo recebeu in\u00fameras manifesta\u00e7\u00f5es de apoio e carinho.<\/p>\n<p>\u201cTrata-se de um advogado militante e que possui excelentes propostas de desenvolvimento para S\u00e3o Lu\u00eds. Ivaldo pensa, de fato, a pol\u00edtica como um mecanismo fundamental para mudar a vida das pessoas para muito melhor. Ser\u00e1, tenho certeza, um excelente vereador\u201d, afirmou o funcion\u00e1rio p\u00fablico Wellington Concei\u00e7\u00e3o.<\/p>\n<p>Em seu discurso, o candidato ratificou alguns compromissos j\u00e1 estabelecidos em seu plano de trabalho e que j\u00e1 foram apresentados em v\u00e1rias reuni\u00f5es que o mesmo promoveu em comunidades e junto a segmentos de classe, como o empresariado.<\/p>\n<blockquote><p>\u201c\u00c9 necess\u00e1rio desburocratizar a pol\u00edtica da cidade, tornando sem efeito Leis Municipais que nunca, de fato, foram cumpridas; s\u00e3o consideradas in\u00fateis; e que s\u00f3 atrapalham a vida do empreendedor. Tamb\u00e9m defendo um projeto de lei que d\u00ea mais transpar\u00eancia a m\u00e1quina p\u00fablica, facilitando, desta forma, a abertura de novos neg\u00f3cios e, consequentemente, ampliando a gera\u00e7\u00e3o de mais empregos e renda. S\u00e3o Lu\u00eds precisa se adequar a nova realidade nacional. Seguindo o exemplo do que j\u00e1 acontece em S\u00e3o Paulo, proponho que a capital, por meio do seu Parlamento, obtenha mecanismos capazes de inseri-la no processo de liberdade econ\u00f4mica\u201d, destacou.<\/p><\/blockquote>\n<p>Ivaldo agradeceu o carinho e apoio recebidos. \u201cEstamos fazendo uma campanha p\u00e9 no ch\u00e3o, com poucos recursos, mas contando com muitos apoios. \u00c9 desta forma, unidos e trabalhando por uma S\u00e3o Lu\u00eds melhor, que chegaremos \u00e0 vit\u00f3ria no dia 15 de novembro\u201d, finalizou.<\/p>\n<p><img loading=\"lazy\" decoding=\"async\" src=\"https:\/\/maiobaotv.com.br\/wp-content\/uploads\/2020\/09\/ivaldo-15085846223594493016.jpg\" class=\"wp-image-15260 alignnone size-full\" width=\"1040\" height=\"586\"><\/p>\n<p><img loading=\"lazy\" decoding=\"async\" src=\"https:\/\/maiobaotv.com.br\/wp-content\/uploads\/2020\/09\/ivaldo-29049605547475706617.jpg\" class=\"wp-image-15259 alignnone size-full\" width=\"772\" height=\"356\"><\/p>\n","protected":false},"excerpt":{"rendered":"<p>Uma grande festa popular marcou, no \u00faltimo domingo, o lan\u00e7amento da campanha ao cargo de vereador de S\u00e3o Lu\u00eds do<\/p>\n","protected":false},"author":2,"featured_media":15262,"comment_status":"open","ping_status":"open","sticky":false,"template":"","format":"standard","meta":{"colormag_page_container_layout":"default_layout","colormag_page_sidebar_layout":"default_layout","_jetpack_memberships_contains_paid_content":false,"footnotes":""},"categories":[2],"tags":[248],"class_list":["post-15257","post","type-post","status-publish","format-standard","has-post-thumbnail","hentry","category-noticias","tag-ivaldo-ricci"],"magazineBlocksPostFeaturedMedia":{"thumbnail":false,"medium":false,"medium_large":false,"large":false,"1536x1536":false,"2048x2048":false,"colormag-highlighted-post":false,"colormag-featured-post-medium":false,"colormag-featured-post-small":false,"colormag-featured-image":false,"colormag-default-news":false,"colormag-featured-image-large":false},"magazineBlocksPostAuthor":{"name":"maranhaotv","avatar":"https:\/\/secure.gravatar.com\/avatar\/8fadbca458d4cb68b1dd399ae9a40618d747bb1af65ac9fad21c89220a143eb4?s=96&d=mm&r=g"},"magazineBlocksPostCommentsNumber":"0","magazineBlocksPostExcerpt":"Uma grande festa popular marcou, no \u00faltimo domingo, o lan\u00e7amento da campanha ao cargo de vereador de S\u00e3o Lu\u00eds do","magazineBlocksPostCategories":["not\u00edcias"],"magazineBlocksPostViewCount":202,"magazineBlocksPostReadTime":2,"magazine_blocks_featured_image_url":{"full":false,"medium":false,"thumbnail":false},"magazine_blocks_author":{"display_name":"maranhaotv","author_link":"https:\/\/maranhaotv.com.br\/index.php\/author\/maranhaotv\/"},"magazine_blocks_comment":0,"magazine_blocks_author_image":"https:\/\/secure.gravatar.com\/avatar\/8fadbca458d4cb68b1dd399ae9a40618d747bb1af65ac9fad21c89220a143eb4?s=96&d=mm&r=g","magazine_blocks_category":"<a href=\"#\" class=\"category-link category-link-2\">not\u00edcias<\/a>","jetpack_featured_media_url":"","jetpack_sharing_enabled":true,"_links":{"self":[{"href":"https:\/\/maranhaotv.com.br\/index.php\/wp-json\/wp\/v2\/posts\/15257","targetHints":{"allow":["GET"]}}],"collection":[{"href":"https:\/\/maranhaotv.com.br\/index.php\/wp-json\/wp\/v2\/posts"}],"about":[{"href":"https:\/\/maranhaotv.com.br\/index.php\/wp-json\/wp\/v2\/types\/post"}],"author":[{"embeddable":true,"href":"https:\/\/maranhaotv.com.br\/index.php\/wp-json\/wp\/v2\/users\/2"}],"replies":[{"embeddable":true,"href":"https:\/\/maranhaotv.com.br\/index.php\/wp-json\/wp\/v2\/comments?post=15257"}],"version-history":[{"count":0,"href":"https:\/\/maranhaotv.com.br\/index.php\/wp-json\/wp\/v2\/posts\/15257\/revisions"}],"wp:featuredmedia":[{"embeddable":true,"href":"https:\/\/maranhaotv.com.br\/index.php\/wp-json\/"}],"wp:attachment":[{"href":"https:\/\/maranhaotv.com.br\/index.php\/wp-json\/wp\/v2\/media?parent=15257"}],"wp:term":[{"taxonomy":"category","embeddable":true,"href":"https:\/\/maranhaotv.com.br\/index.php\/wp-json\/wp\/v2\/categories?post=15257"},{"taxonomy":"post_tag","embeddable":true,"href":"https:\/\/maranhaotv.com.br\/index.php\/wp-json\/wp\/v2\/tags?post=15257"}],"curies":[{"name":"wp","href":"https:\/\/api.w.org\/{rel}","templated":true}]}}