{"id":15264,"date":"2020-09-30T08:58:42","date_gmt":"2020-09-30T11:58:42","guid":{"rendered":"https:\/\/maiobaotv.com.br\/?p=15264"},"modified":"2020-09-30T08:58:42","modified_gmt":"2020-09-30T11:58:42","slug":"nos-queremos-ampliar-a-atencao-basica-como-forma-de-incremento-a-saude-preventiva-afirma-jeisael","status":"publish","type":"post","link":"https:\/\/maranhaotv.com.br\/index.php\/2020\/09\/30\/nos-queremos-ampliar-a-atencao-basica-como-forma-de-incremento-a-saude-preventiva-afirma-jeisael\/","title":{"rendered":"\u201cN\u00f3s queremos ampliar a aten\u00e7\u00e3o b\u00e1sica como forma de incremento a sa\u00fade preventiva\u201d, afirma Jeisael"},"content":{"rendered":"<p>O candidato \u00e0 Prefeitura de S\u00e3o Lu\u00eds, Jeisael Marx (REDE), visitou o Centro de Sa\u00fade da Vila Embratel durante sua caminhada pelo bairro. A unidade de sa\u00fade \u00e9 administrada pela Prefeitura de S\u00e3o Lu\u00eds.<\/p>\n<blockquote><p>\u201cHoje em nossa visita a Vila Embratel, n\u00f3s fomos ao Centro de Sa\u00fade do bairro e o pessoal estava reclamando que n\u00e3o tinha nem copo para beber \u00e1gua\u201d, lamentou o candidato.<\/p><\/blockquote>\n<p>O jornalista ainda relatou que, durante a visita, o m\u00e9dico que residia no Centro de Sa\u00fade tinha faltado e quem estava atendendo os pacientes no dia era uma enfermeira. \u201cTem gente esperando atendimento desde as seis horas da manh\u00e3\u201d, criticou Jeisael.<\/p>\n<p>Jeisael argumentou que, como Prefeito, tem como meta aumentar a cobertura de sa\u00fade b\u00e1sica, que hoje chega apenas a 36% em S\u00e3o Lu\u00eds; aumentar a quantidade de equipes de sa\u00fade da fam\u00edlia; e modernizar o sistema de marca\u00e7\u00e3o de consulta e exames, via aplicativo, com confirma\u00e7\u00e3o do agendamento.<\/p>\n<blockquote><p>\u201cQuase metade dos procedimentos deixam de ser realizados por falta de comparecimento e isso desperdi\u00e7a o dinheiro p\u00fablico. N\u00f3s queremos ampliar a aten\u00e7\u00e3o b\u00e1sica como forma de incremento \u00e0 sa\u00fade preventiva\u201d, enfatizou Jeisael.<\/p><\/blockquote>\n<p><img loading=\"lazy\" decoding=\"async\" src=\"https:\/\/maiobaotv.com.br\/wp-content\/uploads\/2020\/09\/img-20200930-wa00944561523946791890572.jpg\" class=\"wp-image-15266 alignnone size-full\" width=\"1080\" height=\"1080\"><\/p>\n","protected":false},"excerpt":{"rendered":"<p>O candidato \u00e0 Prefeitura de S\u00e3o Lu\u00eds, Jeisael Marx (REDE), visitou o Centro de Sa\u00fade da Vila Embratel durante sua<\/p>\n","protected":false},"author":2,"featured_media":15267,"comment_status":"open","ping_status":"open","sticky":false,"template":"","format":"standard","meta":{"colormag_page_container_layout":"default_layout","colormag_page_sidebar_layout":"default_layout","_jetpack_memberships_contains_paid_content":false,"footnotes":""},"categories":[2],"tags":[253],"class_list":["post-15264","post","type-post","status-publish","format-standard","has-post-thumbnail","hentry","category-noticias","tag-jeisael-marx"],"magazineBlocksPostFeaturedMedia":{"thumbnail":false,"medium":false,"medium_large":false,"large":false,"1536x1536":false,"2048x2048":false,"colormag-highlighted-post":false,"colormag-featured-post-medium":false,"colormag-featured-post-small":false,"colormag-featured-image":false,"colormag-default-news":false,"colormag-featured-image-large":false},"magazineBlocksPostAuthor":{"name":"maranhaotv","avatar":"https:\/\/secure.gravatar.com\/avatar\/8fadbca458d4cb68b1dd399ae9a40618d747bb1af65ac9fad21c89220a143eb4?s=96&d=mm&r=g"},"magazineBlocksPostCommentsNumber":"0","magazineBlocksPostExcerpt":"O candidato \u00e0 Prefeitura de S\u00e3o Lu\u00eds, Jeisael Marx (REDE), visitou o Centro de Sa\u00fade da Vila Embratel durante sua","magazineBlocksPostCategories":["not\u00edcias"],"magazineBlocksPostViewCount":191,"magazineBlocksPostReadTime":2,"magazine_blocks_featured_image_url":{"full":false,"medium":false,"thumbnail":false},"magazine_blocks_author":{"display_name":"maranhaotv","author_link":"https:\/\/maranhaotv.com.br\/index.php\/author\/maranhaotv\/"},"magazine_blocks_comment":0,"magazine_blocks_author_image":"https:\/\/secure.gravatar.com\/avatar\/8fadbca458d4cb68b1dd399ae9a40618d747bb1af65ac9fad21c89220a143eb4?s=96&d=mm&r=g","magazine_blocks_category":"<a href=\"#\" class=\"category-link category-link-2\">not\u00edcias<\/a>","jetpack_featured_media_url":"","jetpack_sharing_enabled":true,"_links":{"self":[{"href":"https:\/\/maranhaotv.com.br\/index.php\/wp-json\/wp\/v2\/posts\/15264","targetHints":{"allow":["GET"]}}],"collection":[{"href":"https:\/\/maranhaotv.com.br\/index.php\/wp-json\/wp\/v2\/posts"}],"about":[{"href":"https:\/\/maranhaotv.com.br\/index.php\/wp-json\/wp\/v2\/types\/post"}],"author":[{"embeddable":true,"href":"https:\/\/maranhaotv.com.br\/index.php\/wp-json\/wp\/v2\/users\/2"}],"replies":[{"embeddable":true,"href":"https:\/\/maranhaotv.com.br\/index.php\/wp-json\/wp\/v2\/comments?post=15264"}],"version-history":[{"count":0,"href":"https:\/\/maranhaotv.com.br\/index.php\/wp-json\/wp\/v2\/posts\/15264\/revisions"}],"wp:featuredmedia":[{"embeddable":true,"href":"https:\/\/maranhaotv.com.br\/index.php\/wp-json\/"}],"wp:attachment":[{"href":"https:\/\/maranhaotv.com.br\/index.php\/wp-json\/wp\/v2\/media?parent=15264"}],"wp:term":[{"taxonomy":"category","embeddable":true,"href":"https:\/\/maranhaotv.com.br\/index.php\/wp-json\/wp\/v2\/categories?post=15264"},{"taxonomy":"post_tag","embeddable":true,"href":"https:\/\/maranhaotv.com.br\/index.php\/wp-json\/wp\/v2\/tags?post=15264"}],"curies":[{"name":"wp","href":"https:\/\/api.w.org\/{rel}","templated":true}]}}