{"id":15272,"date":"2020-09-30T09:02:51","date_gmt":"2020-09-30T12:02:51","guid":{"rendered":"https:\/\/maiobaotv.com.br\/?p=15272"},"modified":"2020-09-30T09:02:51","modified_gmt":"2020-09-30T12:02:51","slug":"partido-liberal-promoveu-conversa-entre-mulheres-em-paco-do-lumiar","status":"publish","type":"post","link":"https:\/\/maranhaotv.com.br\/index.php\/2020\/09\/30\/partido-liberal-promoveu-conversa-entre-mulheres-em-paco-do-lumiar\/","title":{"rendered":"Partido Liberal promoveu \u201cConversa entre Mulheres&#8221; em Pa\u00e7o do Lumiar"},"content":{"rendered":"<p>Sob a condu\u00e7\u00e3o da deputada estadual Detinha e Maedja Campos, temas como a participa\u00e7\u00e3o feminina na pol\u00edtica e comportamento nas organiza\u00e7\u00f5es governamentais foram dialogados na reuni\u00e3o.<br><br>O Partido Liberal (PL) realizou nesta segunda-feira, 28, o \u201cConversa entre Mulheres &#8211; A mulher e a for\u00e7a do cora\u00e7\u00e3o na pol\u00edtica\u201d, que teve o prop\u00f3sito de fomentar o debate sobre a import\u00e2ncia de se ampliar a representatividade feminina na pol\u00edtica e nos espa\u00e7os de governan\u00e7a. O encontro que aconteceu na resid\u00eancia da fam\u00edlia Campos no S\u00edtio Grande em Pa\u00e7o do Lumiar, reuniu centenas de mulheres candidatas, esposas de candidatos e lideran\u00e7as pol\u00edticas femininas de grande express\u00e3o do munic\u00edpio.<br><br>&#8220;Quero agradecer ao convite da Maedja, futura primeira dama do munic\u00edpio, esposa do candidato a prefeito Fred Campos, por ter participado desse encontro de fortalecimento com as mulheres luminenses.<br><br>A mulher no cen\u00e1rio pol\u00edtico \u00e9 de grande import\u00e2ncia para a transforma\u00e7\u00e3o do processo social. Me alegro muito em participar desse momento, com tantas mulheres fortes reunidas em busca de um s\u00f3 objetivo: transformar Pa\u00e7o do Lumiar.<br><br>Vamos caminhar juntas, mulheres. Um novo momento para Pa\u00e7o do Lumiar est\u00e1 chegando e se inicia com Fred Campos prefeito 22!&#8221; Declarou a deputada estadual Detinha (PL).<br><br>Maedja Campos convocou as mulheres para a participa\u00e7\u00e3o efetiva na campanha eleitoral, pois considera a participa\u00e7\u00e3o feminina crucial e decisiva no processo democr\u00e1tico<br><br>&#8220;O Conversa entre Mulheres foi maravilhoso e muito produtivo, a deputada estadual Detinha, ilustrou o tema perfeitamente, e tenho certeza que n\u00f3s mulheres luminenses, representadas neste evento por candidatas e esposas de candidatos e convidadas da comunidade em geral, iniciamos a nossa grande jornada em dire\u00e7\u00e3o a um Pa\u00e7o melhor com perfume de mulher! Juntas, demos o primeiro grito oficial pela mudan\u00e7a t\u00e3o aguardada em nosso munic\u00edpio. Nossa miss\u00e3o come\u00e7a oficialmente agora. Vamos, ao lado de Fred Campos, caminhar por um Pa\u00e7o do Lumiar inclusivo, feito pela nossa gente e voltado para o social, e para as pessoas que vivem aqui&#8221;, disse Maedja.<\/p> <p><\/p> <figure class=\"wp-block-image size-large\"><img decoding=\"async\" class=\"wp-image-15269\" src=\"https:\/\/maiobaotv.com.br\/wp-content\/uploads\/2020\/09\/img-20200930-wa00988113309114439256456.jpg\" alt=\"\" \/><br><br><img loading=\"lazy\" decoding=\"async\" src=\"https:\/\/maiobaotv.com.br\/wp-content\/uploads\/2020\/09\/img-20200930-wa00995263729296423719927.jpg\" class=\"wp-image-15270 alignnone size-full\" width=\"1280\" height=\"853\" \/><\/figure><img loading=\"lazy\" decoding=\"async\" src=\"https:\/\/maiobaotv.com.br\/wp-content\/uploads\/2020\/09\/img-20200930-wa00967948460495312829347.jpg\" class=\"wp-image-15271 alignnone size-full\" width=\"1080\" height=\"684\" \/> ","protected":false},"excerpt":{"rendered":"<p>Sob a condu\u00e7\u00e3o da deputada estadual Detinha e Maedja Campos, temas como a participa\u00e7\u00e3o feminina na pol\u00edtica e comportamento nas<\/p>\n","protected":false},"author":2,"featured_media":15274,"comment_status":"open","ping_status":"open","sticky":false,"template":"","format":"standard","meta":{"colormag_page_container_layout":"default_layout","colormag_page_sidebar_layout":"default_layout","_jetpack_memberships_contains_paid_content":false,"footnotes":""},"categories":[2],"tags":[],"class_list":["post-15272","post","type-post","status-publish","format-standard","has-post-thumbnail","hentry","category-noticias"],"magazineBlocksPostFeaturedMedia":{"thumbnail":false,"medium":false,"medium_large":false,"large":false,"1536x1536":false,"2048x2048":false,"colormag-highlighted-post":false,"colormag-featured-post-medium":false,"colormag-featured-post-small":false,"colormag-featured-image":false,"colormag-default-news":false,"colormag-featured-image-large":false},"magazineBlocksPostAuthor":{"name":"maranhaotv","avatar":"https:\/\/secure.gravatar.com\/avatar\/8fadbca458d4cb68b1dd399ae9a40618d747bb1af65ac9fad21c89220a143eb4?s=96&d=mm&r=g"},"magazineBlocksPostCommentsNumber":"0","magazineBlocksPostExcerpt":"Sob a condu\u00e7\u00e3o da deputada estadual Detinha e Maedja Campos, temas como a participa\u00e7\u00e3o feminina na pol\u00edtica e comportamento nas","magazineBlocksPostCategories":["not\u00edcias"],"magazineBlocksPostViewCount":193,"magazineBlocksPostReadTime":2,"magazine_blocks_featured_image_url":{"full":false,"medium":false,"thumbnail":false},"magazine_blocks_author":{"display_name":"maranhaotv","author_link":"https:\/\/maranhaotv.com.br\/index.php\/author\/maranhaotv\/"},"magazine_blocks_comment":0,"magazine_blocks_author_image":"https:\/\/secure.gravatar.com\/avatar\/8fadbca458d4cb68b1dd399ae9a40618d747bb1af65ac9fad21c89220a143eb4?s=96&d=mm&r=g","magazine_blocks_category":"<a href=\"#\" class=\"category-link category-link-2\">not\u00edcias<\/a>","jetpack_featured_media_url":"","jetpack_sharing_enabled":true,"_links":{"self":[{"href":"https:\/\/maranhaotv.com.br\/index.php\/wp-json\/wp\/v2\/posts\/15272","targetHints":{"allow":["GET"]}}],"collection":[{"href":"https:\/\/maranhaotv.com.br\/index.php\/wp-json\/wp\/v2\/posts"}],"about":[{"href":"https:\/\/maranhaotv.com.br\/index.php\/wp-json\/wp\/v2\/types\/post"}],"author":[{"embeddable":true,"href":"https:\/\/maranhaotv.com.br\/index.php\/wp-json\/wp\/v2\/users\/2"}],"replies":[{"embeddable":true,"href":"https:\/\/maranhaotv.com.br\/index.php\/wp-json\/wp\/v2\/comments?post=15272"}],"version-history":[{"count":0,"href":"https:\/\/maranhaotv.com.br\/index.php\/wp-json\/wp\/v2\/posts\/15272\/revisions"}],"wp:featuredmedia":[{"embeddable":true,"href":"https:\/\/maranhaotv.com.br\/index.php\/wp-json\/"}],"wp:attachment":[{"href":"https:\/\/maranhaotv.com.br\/index.php\/wp-json\/wp\/v2\/media?parent=15272"}],"wp:term":[{"taxonomy":"category","embeddable":true,"href":"https:\/\/maranhaotv.com.br\/index.php\/wp-json\/wp\/v2\/categories?post=15272"},{"taxonomy":"post_tag","embeddable":true,"href":"https:\/\/maranhaotv.com.br\/index.php\/wp-json\/wp\/v2\/tags?post=15272"}],"curies":[{"name":"wp","href":"https:\/\/api.w.org\/{rel}","templated":true}]}}