{"id":15374,"date":"2020-10-02T16:13:38","date_gmt":"2020-10-02T19:13:38","guid":{"rendered":"https:\/\/maiobaotv.com.br\/?p=15374"},"modified":"2020-10-02T16:13:38","modified_gmt":"2020-10-02T19:13:38","slug":"apoiador-da-melhor-idade-penha-comemora-dia-internacional-da-pessoa-idosa","status":"publish","type":"post","link":"https:\/\/maranhaotv.com.br\/index.php\/2020\/10\/02\/apoiador-da-melhor-idade-penha-comemora-dia-internacional-da-pessoa-idosa\/","title":{"rendered":"Apoiador da Melhor Idade, Penha comemora Dia Internacional da Pessoa Idosa"},"content":{"rendered":"<p>Em homenagem ao Dia Internacional da Pessoa Idosa, comemorado nesta \u00faltima quinta-feira (01), o vereador Raimundo Penha (PDT) participou de v\u00e1rias atividades em alus\u00e3o \u00e0 data em S\u00e3o Lu\u00eds.<\/p>\n<p>Penha esteve no Parque do Bom Menino acompanhando atividades de grupos da Terceira Idade que participam do projeto S\u00e3o Lu\u00eds Saud\u00e1vel, criado por ele quando exerceu o cargo de secret\u00e1rio Municipal de Esporte e Lazer.<\/p>\n<p>Tamb\u00e9m participou de caf\u00e9 da manh\u00e3 com idosos que residem no bairro da Cohab e marcou presen\u00e7a em evento da Defensoria P\u00fablica do Estado do Maranh\u00e3o.<\/p>\n<p>Como parlamentar e agente p\u00fablico, Penha sempre foi um apoiador da chamada Melhor Idade.<\/p>\n<p>Ele destinou R$ 200 mil em recursos, oriundos de emenda parlamentar, para reforma do Centro de Aten\u00e7\u00e3o Integral a Sa\u00fade do Idoso (CAISI) e compra de novo mobili\u00e1rio para unidade especializada localizada no bairro do Filipinho.<\/p>\n<p>Tamb\u00e9m destinou recursos de emenda parlamentar para serem investidos em um projeto de extens\u00e3o, cujo p\u00fablico alvo s\u00e3o idosos que estudam na Universidade Integrada da Terceira Idade (UNIT), da Universidade Federal do Maranh\u00e3o (UFMA).<\/p>\n<p>O vereador articulou a oferta, de forma gratuita, do curso de Cuidador de Idosos, via Instituto Estadual de Educa\u00e7\u00e3o, Ci\u00eancia e Tecnologia (IEMA).<\/p>\n<p>Raimundo Penha \u00e9 idealizador do projeto SuperA\u00e7\u00e3o, que consolidou-se na capital como importante ferramenta que vem melhorando a qualidade de vida dos ludovicenses, em especial o p\u00fablico da Melhor Idade, que passaram a ter contato direto com atividades gratuitas esportivas e de lazer, como treinamento funcional, aulas de zumba e dan\u00e7a.<\/p>\n<p><img loading=\"lazy\" decoding=\"async\" src=\"https:\/\/maiobaotv.com.br\/wp-content\/uploads\/2020\/10\/img-20201002-wa0327181958498018893034.jpg\" class=\"wp-image-15377 alignnone size-full\" width=\"1280\" height=\"856\"><\/p>\n<p><img loading=\"lazy\" decoding=\"async\" src=\"https:\/\/maiobaotv.com.br\/wp-content\/uploads\/2020\/10\/img-20201002-wa03287098635018501161308.jpg\" class=\"wp-image-15376 alignnone size-full\" width=\"1280\" height=\"853\"><\/p>\n","protected":false},"excerpt":{"rendered":"<p>Em homenagem ao Dia Internacional da Pessoa Idosa, comemorado nesta \u00faltima quinta-feira (01), o vereador Raimundo Penha (PDT) participou de<\/p>\n","protected":false},"author":2,"featured_media":15378,"comment_status":"open","ping_status":"open","sticky":false,"template":"","format":"standard","meta":{"colormag_page_container_layout":"default_layout","colormag_page_sidebar_layout":"default_layout","_jetpack_memberships_contains_paid_content":false,"footnotes":""},"categories":[2],"tags":[],"class_list":["post-15374","post","type-post","status-publish","format-standard","has-post-thumbnail","hentry","category-noticias"],"magazineBlocksPostFeaturedMedia":{"thumbnail":false,"medium":false,"medium_large":false,"large":false,"1536x1536":false,"2048x2048":false,"colormag-highlighted-post":false,"colormag-featured-post-medium":false,"colormag-featured-post-small":false,"colormag-featured-image":false,"colormag-default-news":false,"colormag-featured-image-large":false},"magazineBlocksPostAuthor":{"name":"maranhaotv","avatar":"https:\/\/secure.gravatar.com\/avatar\/8fadbca458d4cb68b1dd399ae9a40618d747bb1af65ac9fad21c89220a143eb4?s=96&d=mm&r=g"},"magazineBlocksPostCommentsNumber":"0","magazineBlocksPostExcerpt":"Em homenagem ao Dia Internacional da Pessoa Idosa, comemorado nesta \u00faltima quinta-feira (01), o vereador Raimundo Penha (PDT) participou de","magazineBlocksPostCategories":["not\u00edcias"],"magazineBlocksPostViewCount":188,"magazineBlocksPostReadTime":2,"magazine_blocks_featured_image_url":{"full":false,"medium":false,"thumbnail":false},"magazine_blocks_author":{"display_name":"maranhaotv","author_link":"https:\/\/maranhaotv.com.br\/index.php\/author\/maranhaotv\/"},"magazine_blocks_comment":0,"magazine_blocks_author_image":"https:\/\/secure.gravatar.com\/avatar\/8fadbca458d4cb68b1dd399ae9a40618d747bb1af65ac9fad21c89220a143eb4?s=96&d=mm&r=g","magazine_blocks_category":"<a href=\"#\" class=\"category-link category-link-2\">not\u00edcias<\/a>","jetpack_featured_media_url":"","jetpack_sharing_enabled":true,"_links":{"self":[{"href":"https:\/\/maranhaotv.com.br\/index.php\/wp-json\/wp\/v2\/posts\/15374","targetHints":{"allow":["GET"]}}],"collection":[{"href":"https:\/\/maranhaotv.com.br\/index.php\/wp-json\/wp\/v2\/posts"}],"about":[{"href":"https:\/\/maranhaotv.com.br\/index.php\/wp-json\/wp\/v2\/types\/post"}],"author":[{"embeddable":true,"href":"https:\/\/maranhaotv.com.br\/index.php\/wp-json\/wp\/v2\/users\/2"}],"replies":[{"embeddable":true,"href":"https:\/\/maranhaotv.com.br\/index.php\/wp-json\/wp\/v2\/comments?post=15374"}],"version-history":[{"count":0,"href":"https:\/\/maranhaotv.com.br\/index.php\/wp-json\/wp\/v2\/posts\/15374\/revisions"}],"wp:featuredmedia":[{"embeddable":true,"href":"https:\/\/maranhaotv.com.br\/index.php\/wp-json\/"}],"wp:attachment":[{"href":"https:\/\/maranhaotv.com.br\/index.php\/wp-json\/wp\/v2\/media?parent=15374"}],"wp:term":[{"taxonomy":"category","embeddable":true,"href":"https:\/\/maranhaotv.com.br\/index.php\/wp-json\/wp\/v2\/categories?post=15374"},{"taxonomy":"post_tag","embeddable":true,"href":"https:\/\/maranhaotv.com.br\/index.php\/wp-json\/wp\/v2\/tags?post=15374"}],"curies":[{"name":"wp","href":"https:\/\/api.w.org\/{rel}","templated":true}]}}