{"id":15380,"date":"2020-10-02T16:53:31","date_gmt":"2020-10-02T19:53:31","guid":{"rendered":"https:\/\/maiobaotv.com.br\/?p=15380"},"modified":"2020-10-02T16:53:31","modified_gmt":"2020-10-02T19:53:31","slug":"eleicoes-2020-favorito-em-viana-magrado-barros-realiza-grande-carreata-amanha-03","status":"publish","type":"post","link":"https:\/\/maranhaotv.com.br\/index.php\/2020\/10\/02\/eleicoes-2020-favorito-em-viana-magrado-barros-realiza-grande-carreata-amanha-03\/","title":{"rendered":"Elei\u00e7\u00f5es 2020: Favorito em Viana, Magrado Barros realiza grande carreata amanh\u00e3, 03."},"content":{"rendered":"<p>Favorito nas elei\u00e7\u00f5es em Viana, Magrado Barros realiza grande carreata amanh\u00e3, 03.<\/p>\n<p>O prefeito Magrado Barros (DEM) e candidato a reelei\u00e7\u00e3o na cidade de Viana realizar\u00e1 uma grande carreata neste s\u00e1bado, dia 03.<br \/>\nMagrado vem se consolidando como a maior lideran\u00e7a do munic\u00edpio e da regi\u00e3o da baixada, com o maior grupo pol\u00edtico, Barros deve conseguir ser reeleito.<\/p>\n<p>A campanha eleitoral que teve in\u00edcio oficialmente dia 27, teve, a pedido do pr\u00f3prio Magrado os compromissos suspensos na semana passada em respeito ao falecimento de tr\u00eas vianenses. Sendo marcado para amanh\u00e3 um dos primeiros grandes atos da campanha de seu grupo.<\/p>\n<p>Confira local e hor\u00e1rios de concentra\u00e7\u00e3o da Carreata:<\/p>\n<p><img loading=\"lazy\" decoding=\"async\" src=\"https:\/\/maiobaotv.com.br\/wp-content\/uploads\/2020\/10\/img-20201001-wa03615258638528470619865.jpg\" class=\"wp-image-15382 alignnone size-full\" width=\"1080\" height=\"1080\"><\/p>\n","protected":false},"excerpt":{"rendered":"<p>Favorito nas elei\u00e7\u00f5es em Viana, Magrado Barros realiza grande carreata amanh\u00e3, 03. O prefeito Magrado Barros (DEM) e candidato a<\/p>\n","protected":false},"author":2,"featured_media":15385,"comment_status":"open","ping_status":"open","sticky":false,"template":"","format":"standard","meta":{"colormag_page_container_layout":"default_layout","colormag_page_sidebar_layout":"default_layout","_jetpack_memberships_contains_paid_content":false,"footnotes":""},"categories":[2,6],"tags":[17,5],"class_list":["post-15380","post","type-post","status-publish","format-standard","has-post-thumbnail","hentry","category-noticias","category-politica","tag-magrado-barros","tag-viana"],"magazineBlocksPostFeaturedMedia":{"thumbnail":false,"medium":false,"medium_large":false,"large":false,"1536x1536":false,"2048x2048":false,"colormag-highlighted-post":false,"colormag-featured-post-medium":false,"colormag-featured-post-small":false,"colormag-featured-image":false,"colormag-default-news":false,"colormag-featured-image-large":false},"magazineBlocksPostAuthor":{"name":"maranhaotv","avatar":"https:\/\/secure.gravatar.com\/avatar\/8fadbca458d4cb68b1dd399ae9a40618d747bb1af65ac9fad21c89220a143eb4?s=96&d=mm&r=g"},"magazineBlocksPostCommentsNumber":"0","magazineBlocksPostExcerpt":"Favorito nas elei\u00e7\u00f5es em Viana, Magrado Barros realiza grande carreata amanh\u00e3, 03. O prefeito Magrado Barros (DEM) e candidato a","magazineBlocksPostCategories":["not\u00edcias","pol\u00edtica"],"magazineBlocksPostViewCount":140,"magazineBlocksPostReadTime":1,"magazine_blocks_featured_image_url":{"full":false,"medium":false,"thumbnail":false},"magazine_blocks_author":{"display_name":"maranhaotv","author_link":"https:\/\/maranhaotv.com.br\/index.php\/author\/maranhaotv\/"},"magazine_blocks_comment":0,"magazine_blocks_author_image":"https:\/\/secure.gravatar.com\/avatar\/8fadbca458d4cb68b1dd399ae9a40618d747bb1af65ac9fad21c89220a143eb4?s=96&d=mm&r=g","magazine_blocks_category":"<a href=\"#\" class=\"category-link category-link-2\">not\u00edcias<\/a> <a href=\"#\" class=\"category-link category-link-6\">pol\u00edtica<\/a>","jetpack_featured_media_url":"","jetpack_sharing_enabled":true,"_links":{"self":[{"href":"https:\/\/maranhaotv.com.br\/index.php\/wp-json\/wp\/v2\/posts\/15380","targetHints":{"allow":["GET"]}}],"collection":[{"href":"https:\/\/maranhaotv.com.br\/index.php\/wp-json\/wp\/v2\/posts"}],"about":[{"href":"https:\/\/maranhaotv.com.br\/index.php\/wp-json\/wp\/v2\/types\/post"}],"author":[{"embeddable":true,"href":"https:\/\/maranhaotv.com.br\/index.php\/wp-json\/wp\/v2\/users\/2"}],"replies":[{"embeddable":true,"href":"https:\/\/maranhaotv.com.br\/index.php\/wp-json\/wp\/v2\/comments?post=15380"}],"version-history":[{"count":0,"href":"https:\/\/maranhaotv.com.br\/index.php\/wp-json\/wp\/v2\/posts\/15380\/revisions"}],"wp:featuredmedia":[{"embeddable":true,"href":"https:\/\/maranhaotv.com.br\/index.php\/wp-json\/"}],"wp:attachment":[{"href":"https:\/\/maranhaotv.com.br\/index.php\/wp-json\/wp\/v2\/media?parent=15380"}],"wp:term":[{"taxonomy":"category","embeddable":true,"href":"https:\/\/maranhaotv.com.br\/index.php\/wp-json\/wp\/v2\/categories?post=15380"},{"taxonomy":"post_tag","embeddable":true,"href":"https:\/\/maranhaotv.com.br\/index.php\/wp-json\/wp\/v2\/tags?post=15380"}],"curies":[{"name":"wp","href":"https:\/\/api.w.org\/{rel}","templated":true}]}}