{"id":15709,"date":"2020-10-09T08:10:47","date_gmt":"2020-10-09T11:10:47","guid":{"rendered":"https:\/\/maiobaotv.com.br\/?p=15709"},"modified":"2020-10-09T08:10:47","modified_gmt":"2020-10-09T11:10:47","slug":"veja-o-que-abre-e-fecha-no-feriado-de-12-de-outubro-em-sao-luis","status":"publish","type":"post","link":"https:\/\/maranhaotv.com.br\/index.php\/2020\/10\/09\/veja-o-que-abre-e-fecha-no-feriado-de-12-de-outubro-em-sao-luis\/","title":{"rendered":"Veja o que abre e fecha no feriado de 12 de outubro em S\u00e3o Lu\u00eds"},"content":{"rendered":"<p>Na pr\u00f3xima segunda-feira (12) \u00e9 feriado nacional, Dia de Nossa Senhora Aparecida \u2013 e, tamb\u00e9m, Dia das Crian\u00e7as \u2013. Com isso, parte dos servi\u00e7os p\u00fablicos da capital maranhense, centro comercial e outros locais ter\u00e3o hor\u00e1rio diferenciado de funcionamento.<\/p>\n<p>Por isso, fizemos um levantamento dos estabelecimentos que podem ou n\u00e3o funcionar no dia 12 de outubro. Veja o que abre e fecha no feriado em S\u00e3o Lu\u00eds.<\/p>\n<p>Centro comercial<\/p>\n<p>A Federa\u00e7\u00e3o do Com\u00e9rcio de Bens, Servi\u00e7os e Turismo do Estado do Maranh\u00e3o (Fecom\u00e9rcio-MA) informou que o com\u00e9rcio lojista de S\u00e3o Lu\u00eds tem autoriza\u00e7\u00e3o para funcionar no dia 12 de outubro de 2020 (segunda-feira), feriado nacional de Nossa Senhora Aparecida e padroeira do Brasil.<\/p>\n<p>Os estabelecimentos comerciais situados em ruas, avenidas, galerias e centros comerciais poder\u00e3o abrir as portas nesse dia das 08h \u00e0s 18h, enquanto as lojas situadas nos Shopping Centers poder\u00e3o funcionar das 10h \u00e0s 22h.<\/p>\n<p>Correios<\/p>\n<p>As ag\u00eancias dos Correios estar\u00e3o fechadas e as unidades distribui\u00e7\u00e3o funcionar\u00e3o em regime de plant\u00e3o. Os Correios devem abrir normalmente na ter\u00e7a-feira, 13.<\/p>\n<p>Farm\u00e1cias<\/p>\n<p>As farm\u00e1cias funcionar\u00e3o normalmente, No entanto, algumas unidades da regi\u00e3o central da capital podem n\u00e3o abrir no feriado.<\/p>\n<p>UPAs<\/p>\n<p>As Unidades de Pronto Atendimento (UPAs) estar\u00e3o dispon\u00edveis para atendimentos de urg\u00eancia e emerg\u00eancia.<\/p>\n<p>Shoppings<\/p>\n<p>Os shoppings da capital j\u00e1 anunciaram que ir\u00e3o funcionar em hor\u00e1rio normal, das 10h \u00e0s 22h. <\/p>\n<p>Restaurantes populares<\/p>\n<p>A Secretaria de Estado de Desenvolvimento Social-Sedes informou que os restaurantes populares n\u00e3o funcionar\u00e3o no dia 12 de outubro, devido ao feriado nacional. <\/p>\n<p>Supermercados<\/p>\n<p>A maioria dos supermercados ir\u00e1 funcionar em hor\u00e1rio normal. Outros estabelecimentos podem fechar \u00e0s 12h, dependendo do acordo feito entre empregados e empregadores.<\/p>\n<p>Bancos<\/p>\n<p>Os bancos estar\u00e3o fechados no feriado de 12 de outubro. A Federa\u00e7\u00e3o Brasileira de Bancos (Febraban) informa que as ag\u00eancias banc\u00e1rias n\u00e3o funcionam durante feriados ociais \u2014 sejam municipais, estaduais ou federais.<\/p>\n<p>As contas com vencimento marcado para segunda-feira, 12, poder\u00e3o ser pagas atrav\u00e9s dos canais eletr\u00f4nicos, caixas eletr\u00f4nicos, ou no dia \u00fatil seguinte, ter\u00e7a-feira, 13, sem incid\u00eancia de multa.<\/p>\n<p>\u00d3rg\u00e3os P\u00fablicos<\/p>\n<p>Os \u00f3rg\u00e3os p\u00fablicos n\u00e3o funcionar\u00e3o nesta segunda-feira (12), e retomar\u00e3o atendimento na ter\u00e7a-feira (13.)<\/p>\n<p>Portal MA10<\/p>\n","protected":false},"excerpt":{"rendered":"<p>Na pr\u00f3xima segunda-feira (12) \u00e9 feriado nacional, Dia de Nossa Senhora Aparecida \u2013 e, tamb\u00e9m, Dia das Crian\u00e7as \u2013. Com<\/p>\n","protected":false},"author":2,"featured_media":15708,"comment_status":"open","ping_status":"open","sticky":false,"template":"","format":"standard","meta":{"colormag_page_container_layout":"default_layout","colormag_page_sidebar_layout":"default_layout","_jetpack_memberships_contains_paid_content":false,"footnotes":""},"categories":[2,6],"tags":[],"class_list":["post-15709","post","type-post","status-publish","format-standard","has-post-thumbnail","hentry","category-noticias","category-politica"],"magazineBlocksPostFeaturedMedia":{"thumbnail":false,"medium":false,"medium_large":false,"large":false,"1536x1536":false,"2048x2048":false,"colormag-highlighted-post":false,"colormag-featured-post-medium":false,"colormag-featured-post-small":false,"colormag-featured-image":false,"colormag-default-news":false,"colormag-featured-image-large":false},"magazineBlocksPostAuthor":{"name":"maranhaotv","avatar":"https:\/\/secure.gravatar.com\/avatar\/8fadbca458d4cb68b1dd399ae9a40618d747bb1af65ac9fad21c89220a143eb4?s=96&d=mm&r=g"},"magazineBlocksPostCommentsNumber":"0","magazineBlocksPostExcerpt":"Na pr\u00f3xima segunda-feira (12) \u00e9 feriado nacional, Dia de Nossa Senhora Aparecida \u2013 e, tamb\u00e9m, Dia das Crian\u00e7as \u2013. Com","magazineBlocksPostCategories":["not\u00edcias","pol\u00edtica"],"magazineBlocksPostViewCount":245,"magazineBlocksPostReadTime":2,"magazine_blocks_featured_image_url":{"full":false,"medium":false,"thumbnail":false},"magazine_blocks_author":{"display_name":"maranhaotv","author_link":"https:\/\/maranhaotv.com.br\/index.php\/author\/maranhaotv\/"},"magazine_blocks_comment":0,"magazine_blocks_author_image":"https:\/\/secure.gravatar.com\/avatar\/8fadbca458d4cb68b1dd399ae9a40618d747bb1af65ac9fad21c89220a143eb4?s=96&d=mm&r=g","magazine_blocks_category":"<a href=\"#\" class=\"category-link category-link-2\">not\u00edcias<\/a> <a href=\"#\" class=\"category-link category-link-6\">pol\u00edtica<\/a>","jetpack_featured_media_url":"","jetpack_sharing_enabled":true,"_links":{"self":[{"href":"https:\/\/maranhaotv.com.br\/index.php\/wp-json\/wp\/v2\/posts\/15709","targetHints":{"allow":["GET"]}}],"collection":[{"href":"https:\/\/maranhaotv.com.br\/index.php\/wp-json\/wp\/v2\/posts"}],"about":[{"href":"https:\/\/maranhaotv.com.br\/index.php\/wp-json\/wp\/v2\/types\/post"}],"author":[{"embeddable":true,"href":"https:\/\/maranhaotv.com.br\/index.php\/wp-json\/wp\/v2\/users\/2"}],"replies":[{"embeddable":true,"href":"https:\/\/maranhaotv.com.br\/index.php\/wp-json\/wp\/v2\/comments?post=15709"}],"version-history":[{"count":0,"href":"https:\/\/maranhaotv.com.br\/index.php\/wp-json\/wp\/v2\/posts\/15709\/revisions"}],"wp:featuredmedia":[{"embeddable":true,"href":"https:\/\/maranhaotv.com.br\/index.php\/wp-json\/"}],"wp:attachment":[{"href":"https:\/\/maranhaotv.com.br\/index.php\/wp-json\/wp\/v2\/media?parent=15709"}],"wp:term":[{"taxonomy":"category","embeddable":true,"href":"https:\/\/maranhaotv.com.br\/index.php\/wp-json\/wp\/v2\/categories?post=15709"},{"taxonomy":"post_tag","embeddable":true,"href":"https:\/\/maranhaotv.com.br\/index.php\/wp-json\/wp\/v2\/tags?post=15709"}],"curies":[{"name":"wp","href":"https:\/\/api.w.org\/{rel}","templated":true}]}}