{"id":15712,"date":"2020-10-09T10:37:56","date_gmt":"2020-10-09T13:37:56","guid":{"rendered":"https:\/\/maiobaotv.com.br\/?p=15712"},"modified":"2020-10-09T10:37:56","modified_gmt":"2020-10-09T13:37:56","slug":"glalbert-cutrim-anuncia-frente-de-apoio-a-ze-pequeno-em-davinopolis","status":"publish","type":"post","link":"https:\/\/maranhaotv.com.br\/index.php\/2020\/10\/09\/glalbert-cutrim-anuncia-frente-de-apoio-a-ze-pequeno-em-davinopolis\/","title":{"rendered":"Glalbert Cutrim anuncia frente de apoio \u00e0 Z\u00e9 Pequeno em Davin\u00f3polis"},"content":{"rendered":"<p>O vice-presidente da Assembleia, deputado estadual Glalbert Cutrim (PDT), esteve nesta quinta-feira (08), em mais um ato de campanha do candidato a prefeito de Davin\u00f3polis, Z\u00e9 Pequeno (PDT).<\/p>\n<p>Com grande for\u00e7a popular, o candidato pedetista ouviu do deputado, a certeza de que ter\u00e1 uma frente de apoio para transformar a gest\u00e3o do munic\u00edpio em refer\u00eancia para a regi\u00e3o.<\/p>\n<p>\u201cDavin\u00f3polis precisa de voc\u00ea para cuidar da popula\u00e7\u00e3o, instalar o progresso no munic\u00edpio e garantir dias melhores para essa gente. Conte comigo, com o senador Weverton Rocha e com todo nosso grupo pol\u00edtico.\u201d Garantiu Glalbert Cutrim.<\/p>\n<p>Para Z\u00e9 Pequeno, a presen\u00e7a do deputado no munic\u00edpio j\u00e1 \u00e9 um indicativo de que Davin\u00f3polis ter\u00e1 um deputado presente. \u201cApesar de muito novo, vejo que o Glalbert \u00e9 um dos deputados mais atuante do Maranh\u00e3o. Quando penso que ele t\u00e1 em uma cidade de manh\u00e3, a tarde est\u00e1 em outra e a noite j\u00e1 est\u00e1 em compromisso em outra cidade. O homem n\u00e3o para. Aqui em Davin\u00f3polis, j\u00e1 esteve duas vezes em menos de trinta dias, o que demonstra que teremos um deputado presente, que resultar\u00e1 em muitos benef\u00edcios para nossa cidade.\u201d Concluiu Z\u00e9 Pequeno.<\/p>\n<p><img loading=\"lazy\" decoding=\"async\" src=\"https:\/\/maiobaotv.com.br\/wp-content\/uploads\/2020\/10\/img-20201009-wa01518172103852663655630.jpg\" class=\"wp-image-15711 alignnone size-full\" width=\"828\" height=\"617\"><\/p>\n","protected":false},"excerpt":{"rendered":"<p>O vice-presidente da Assembleia, deputado estadual Glalbert Cutrim (PDT), esteve nesta quinta-feira (08), em mais um ato de campanha do<\/p>\n","protected":false},"author":2,"featured_media":15714,"comment_status":"open","ping_status":"open","sticky":false,"template":"","format":"standard","meta":{"colormag_page_container_layout":"default_layout","colormag_page_sidebar_layout":"default_layout","_jetpack_memberships_contains_paid_content":false,"footnotes":""},"categories":[2],"tags":[],"class_list":["post-15712","post","type-post","status-publish","format-standard","has-post-thumbnail","hentry","category-noticias"],"magazineBlocksPostFeaturedMedia":{"thumbnail":false,"medium":false,"medium_large":false,"large":false,"1536x1536":false,"2048x2048":false,"colormag-highlighted-post":false,"colormag-featured-post-medium":false,"colormag-featured-post-small":false,"colormag-featured-image":false,"colormag-default-news":false,"colormag-featured-image-large":false},"magazineBlocksPostAuthor":{"name":"maranhaotv","avatar":"https:\/\/secure.gravatar.com\/avatar\/8fadbca458d4cb68b1dd399ae9a40618d747bb1af65ac9fad21c89220a143eb4?s=96&d=mm&r=g"},"magazineBlocksPostCommentsNumber":"0","magazineBlocksPostExcerpt":"O vice-presidente da Assembleia, deputado estadual Glalbert Cutrim (PDT), esteve nesta quinta-feira (08), em mais um ato de campanha do","magazineBlocksPostCategories":["not\u00edcias"],"magazineBlocksPostViewCount":187,"magazineBlocksPostReadTime":2,"magazine_blocks_featured_image_url":{"full":false,"medium":false,"thumbnail":false},"magazine_blocks_author":{"display_name":"maranhaotv","author_link":"https:\/\/maranhaotv.com.br\/index.php\/author\/maranhaotv\/"},"magazine_blocks_comment":0,"magazine_blocks_author_image":"https:\/\/secure.gravatar.com\/avatar\/8fadbca458d4cb68b1dd399ae9a40618d747bb1af65ac9fad21c89220a143eb4?s=96&d=mm&r=g","magazine_blocks_category":"<a href=\"#\" class=\"category-link category-link-2\">not\u00edcias<\/a>","jetpack_featured_media_url":"","jetpack_sharing_enabled":true,"_links":{"self":[{"href":"https:\/\/maranhaotv.com.br\/index.php\/wp-json\/wp\/v2\/posts\/15712","targetHints":{"allow":["GET"]}}],"collection":[{"href":"https:\/\/maranhaotv.com.br\/index.php\/wp-json\/wp\/v2\/posts"}],"about":[{"href":"https:\/\/maranhaotv.com.br\/index.php\/wp-json\/wp\/v2\/types\/post"}],"author":[{"embeddable":true,"href":"https:\/\/maranhaotv.com.br\/index.php\/wp-json\/wp\/v2\/users\/2"}],"replies":[{"embeddable":true,"href":"https:\/\/maranhaotv.com.br\/index.php\/wp-json\/wp\/v2\/comments?post=15712"}],"version-history":[{"count":0,"href":"https:\/\/maranhaotv.com.br\/index.php\/wp-json\/wp\/v2\/posts\/15712\/revisions"}],"wp:featuredmedia":[{"embeddable":true,"href":"https:\/\/maranhaotv.com.br\/index.php\/wp-json\/"}],"wp:attachment":[{"href":"https:\/\/maranhaotv.com.br\/index.php\/wp-json\/wp\/v2\/media?parent=15712"}],"wp:term":[{"taxonomy":"category","embeddable":true,"href":"https:\/\/maranhaotv.com.br\/index.php\/wp-json\/wp\/v2\/categories?post=15712"},{"taxonomy":"post_tag","embeddable":true,"href":"https:\/\/maranhaotv.com.br\/index.php\/wp-json\/wp\/v2\/tags?post=15712"}],"curies":[{"name":"wp","href":"https:\/\/api.w.org\/{rel}","templated":true}]}}