{"id":15717,"date":"2020-10-09T11:07:37","date_gmt":"2020-10-09T14:07:37","guid":{"rendered":"https:\/\/maiobaotv.com.br\/?p=15717"},"modified":"2020-10-09T11:07:37","modified_gmt":"2020-10-09T14:07:37","slug":"coronavirus-flavio-dino-confirma-casos-de-reinfeccao-em-sao-luis","status":"publish","type":"post","link":"https:\/\/maranhaotv.com.br\/index.php\/2020\/10\/09\/coronavirus-flavio-dino-confirma-casos-de-reinfeccao-em-sao-luis\/","title":{"rendered":"Coronav\u00edrus: Fl\u00e1vio Dino confirma casos de reinfec\u00e7\u00e3o em S\u00e3o Lu\u00eds"},"content":{"rendered":"<p>Em entrevista coletiva, realizada na manh\u00e3 desta sexta-feira (09), o governador do Estado do Maranh\u00e3o, Fl\u00e1vio Dino (PCdoB), informou que h\u00e1 tr\u00eas casos de reinfec\u00e7\u00e3o pelo novo coronav\u00edrus (Covid-19) registrados na capital S\u00e3o Lu\u00eds.<\/p>\n<p>Segundo o governador Fl\u00e1vio Dino, tr\u00eas pessoas voltaram a apresentar os sintomas da doen\u00e7a, mas desta vez mais leves, e testaram positivo para a doen\u00e7a.<\/p>\n<p>\u201cTemos nesse momento casos de reinfec\u00e7\u00e3o. Que est\u00e3o sendo objetos de an\u00e1lise. Ainda h\u00e1 muita imprevisibilidade acerca dessa doen\u00e7a\u201d, afirmou o governador.<\/p>\n","protected":false},"excerpt":{"rendered":"<p>Em entrevista coletiva, realizada na manh\u00e3 desta sexta-feira (09), o governador do Estado do Maranh\u00e3o, Fl\u00e1vio Dino (PCdoB), informou que<\/p>\n","protected":false},"author":2,"featured_media":15716,"comment_status":"open","ping_status":"open","sticky":false,"template":"","format":"standard","meta":{"colormag_page_container_layout":"default_layout","colormag_page_sidebar_layout":"default_layout","_jetpack_memberships_contains_paid_content":false,"footnotes":""},"categories":[2,54],"tags":[],"class_list":["post-15717","post","type-post","status-publish","format-standard","has-post-thumbnail","hentry","category-noticias","category-saude"],"magazineBlocksPostFeaturedMedia":{"thumbnail":false,"medium":false,"medium_large":false,"large":false,"1536x1536":false,"2048x2048":false,"colormag-highlighted-post":false,"colormag-featured-post-medium":false,"colormag-featured-post-small":false,"colormag-featured-image":false,"colormag-default-news":false,"colormag-featured-image-large":false},"magazineBlocksPostAuthor":{"name":"maranhaotv","avatar":"https:\/\/secure.gravatar.com\/avatar\/8fadbca458d4cb68b1dd399ae9a40618d747bb1af65ac9fad21c89220a143eb4?s=96&d=mm&r=g"},"magazineBlocksPostCommentsNumber":"0","magazineBlocksPostExcerpt":"Em entrevista coletiva, realizada na manh\u00e3 desta sexta-feira (09), o governador do Estado do Maranh\u00e3o, Fl\u00e1vio Dino (PCdoB), informou que","magazineBlocksPostCategories":["not\u00edcias","sa\u00fade"],"magazineBlocksPostViewCount":148,"magazineBlocksPostReadTime":1,"magazine_blocks_featured_image_url":{"full":false,"medium":false,"thumbnail":false},"magazine_blocks_author":{"display_name":"maranhaotv","author_link":"https:\/\/maranhaotv.com.br\/index.php\/author\/maranhaotv\/"},"magazine_blocks_comment":0,"magazine_blocks_author_image":"https:\/\/secure.gravatar.com\/avatar\/8fadbca458d4cb68b1dd399ae9a40618d747bb1af65ac9fad21c89220a143eb4?s=96&d=mm&r=g","magazine_blocks_category":"<a href=\"#\" class=\"category-link category-link-2\">not\u00edcias<\/a> <a href=\"#\" class=\"category-link category-link-54\">sa\u00fade<\/a>","jetpack_featured_media_url":"","jetpack_sharing_enabled":true,"_links":{"self":[{"href":"https:\/\/maranhaotv.com.br\/index.php\/wp-json\/wp\/v2\/posts\/15717","targetHints":{"allow":["GET"]}}],"collection":[{"href":"https:\/\/maranhaotv.com.br\/index.php\/wp-json\/wp\/v2\/posts"}],"about":[{"href":"https:\/\/maranhaotv.com.br\/index.php\/wp-json\/wp\/v2\/types\/post"}],"author":[{"embeddable":true,"href":"https:\/\/maranhaotv.com.br\/index.php\/wp-json\/wp\/v2\/users\/2"}],"replies":[{"embeddable":true,"href":"https:\/\/maranhaotv.com.br\/index.php\/wp-json\/wp\/v2\/comments?post=15717"}],"version-history":[{"count":0,"href":"https:\/\/maranhaotv.com.br\/index.php\/wp-json\/wp\/v2\/posts\/15717\/revisions"}],"wp:featuredmedia":[{"embeddable":true,"href":"https:\/\/maranhaotv.com.br\/index.php\/wp-json\/"}],"wp:attachment":[{"href":"https:\/\/maranhaotv.com.br\/index.php\/wp-json\/wp\/v2\/media?parent=15717"}],"wp:term":[{"taxonomy":"category","embeddable":true,"href":"https:\/\/maranhaotv.com.br\/index.php\/wp-json\/wp\/v2\/categories?post=15717"},{"taxonomy":"post_tag","embeddable":true,"href":"https:\/\/maranhaotv.com.br\/index.php\/wp-json\/wp\/v2\/tags?post=15717"}],"curies":[{"name":"wp","href":"https:\/\/api.w.org\/{rel}","templated":true}]}}