{"id":15748,"date":"2020-10-09T17:47:15","date_gmt":"2020-10-09T20:47:15","guid":{"rendered":"https:\/\/maiobaotv.com.br\/?p=15748"},"modified":"2020-10-09T17:47:15","modified_gmt":"2020-10-09T20:47:15","slug":"prefeita-paula-silencia-sobre-nomeacao-de-genro-de-inaldo-que-mora-no-rj","status":"publish","type":"post","link":"https:\/\/maranhaotv.com.br\/index.php\/2020\/10\/09\/prefeita-paula-silencia-sobre-nomeacao-de-genro-de-inaldo-que-mora-no-rj\/","title":{"rendered":"Prefeita Paula silencia sobre nomea\u00e7\u00e3o de genro de Inaldo que mora no RJ"},"content":{"rendered":"<p>Candidato a vice Inaldo Pereira (PSDB) nem ganhou a elei\u00e7\u00e3o e j\u00e1 emplaca parentes (at\u00e9 morador de outro Estado) na gest\u00e3o da prefeita interina Paula Azevedo (PCdoB).<\/p>\n<p>Ap\u00f3s a revela\u00e7\u00e3o do novo contratado da gest\u00e3o de Pindoba ser morador do Rio de Janeiro, Paula, silenciou.<br \/>\nA prefeita de Pa\u00e7o do Lumiar, parece n\u00e3o querer dar explica\u00e7\u00f5es aos moradores do munic\u00edpio e justificar o porqu\u00ea de contratar o genro de Inaldo como Subprocurador, com sal\u00e1rios que beiram R$ 9 mil.<\/p>\n<p>Subestimando a intelig\u00eancia do luminense o governo segue com atos inescrupulosos, em pleno per\u00edodo eleiroral.<\/p>\n<p>Se Inaldo j\u00e1 come\u00e7ou a lotear a Prefeitura antes mesmo de ganhar a elei\u00e7\u00e3o, imagina, depois de 15 de Novembro, caso venha ser eleito.<\/p>\n<p>Reveja mat\u00e9ria <a href=\"https:\/\/maiobaotv.com.br\/index.php\/2020\/10\/07\/escandalo-prefeita-paula-coloca-genro-de-inaldo-que-reside-no-rj-em-folha-de-pagamento\/\">aqui<\/a>!<\/p>\n<p><img loading=\"lazy\" decoding=\"async\" src=\"https:\/\/maiobaotv.com.br\/wp-content\/uploads\/2020\/10\/img-20201009-wa04632797157572230390961.jpg\" class=\"wp-image-15747 alignnone size-full\" width=\"1280\" height=\"854\"><\/p>\n","protected":false},"excerpt":{"rendered":"<p>Candidato a vice Inaldo Pereira (PSDB) nem ganhou a elei\u00e7\u00e3o e j\u00e1 emplaca parentes (at\u00e9 morador de outro Estado) na<\/p>\n","protected":false},"author":2,"featured_media":15750,"comment_status":"open","ping_status":"open","sticky":false,"template":"","format":"standard","meta":{"colormag_page_container_layout":"default_layout","colormag_page_sidebar_layout":"default_layout","_jetpack_memberships_contains_paid_content":false,"footnotes":""},"categories":[2],"tags":[262,236,95],"class_list":["post-15748","post","type-post","status-publish","format-standard","has-post-thumbnail","hentry","category-noticias","tag-abner-vellasco","tag-inaldo-pereira","tag-paula-azevedo"],"magazineBlocksPostFeaturedMedia":{"thumbnail":false,"medium":false,"medium_large":false,"large":false,"1536x1536":false,"2048x2048":false,"colormag-highlighted-post":false,"colormag-featured-post-medium":false,"colormag-featured-post-small":false,"colormag-featured-image":false,"colormag-default-news":false,"colormag-featured-image-large":false},"magazineBlocksPostAuthor":{"name":"maranhaotv","avatar":"https:\/\/secure.gravatar.com\/avatar\/8fadbca458d4cb68b1dd399ae9a40618d747bb1af65ac9fad21c89220a143eb4?s=96&d=mm&r=g"},"magazineBlocksPostCommentsNumber":"0","magazineBlocksPostExcerpt":"Candidato a vice Inaldo Pereira (PSDB) nem ganhou a elei\u00e7\u00e3o e j\u00e1 emplaca parentes (at\u00e9 morador de outro Estado) na","magazineBlocksPostCategories":["not\u00edcias"],"magazineBlocksPostViewCount":224,"magazineBlocksPostReadTime":1,"magazine_blocks_featured_image_url":{"full":false,"medium":false,"thumbnail":false},"magazine_blocks_author":{"display_name":"maranhaotv","author_link":"https:\/\/maranhaotv.com.br\/index.php\/author\/maranhaotv\/"},"magazine_blocks_comment":0,"magazine_blocks_author_image":"https:\/\/secure.gravatar.com\/avatar\/8fadbca458d4cb68b1dd399ae9a40618d747bb1af65ac9fad21c89220a143eb4?s=96&d=mm&r=g","magazine_blocks_category":"<a href=\"#\" class=\"category-link category-link-2\">not\u00edcias<\/a>","yoast_head":"<!-- This site is optimized with the Yoast SEO plugin v27.4 - https:\/\/yoast.com\/product\/yoast-seo-wordpress\/ -->\n<title>Prefeita Paula silencia sobre nomea\u00e7\u00e3o de genro de Inaldo que mora no RJ - NOT\u00cdCIAS EM TEMPO REAL<\/title>\n<meta name=\"robots\" content=\"index, follow, max-snippet:-1, max-image-preview:large, max-video-preview:-1\" \/>\n<link rel=\"canonical\" href=\"https:\/\/maranhaotv.com.br\/index.php\/2020\/10\/09\/prefeita-paula-silencia-sobre-nomeacao-de-genro-de-inaldo-que-mora-no-rj\/\" \/>\n<meta property=\"og:locale\" content=\"pt_BR\" \/>\n<meta property=\"og:type\" content=\"article\" \/>\n<meta property=\"og:title\" content=\"Prefeita Paula silencia sobre nomea\u00e7\u00e3o de genro de Inaldo que mora no RJ - NOT\u00cdCIAS EM TEMPO REAL\" \/>\n<meta property=\"og:description\" content=\"Candidato a vice Inaldo Pereira (PSDB) nem ganhou a elei\u00e7\u00e3o e j\u00e1 emplaca parentes (at\u00e9 morador de outro Estado) na\" \/>\n<meta property=\"og:url\" content=\"https:\/\/maranhaotv.com.br\/index.php\/2020\/10\/09\/prefeita-paula-silencia-sobre-nomeacao-de-genro-de-inaldo-que-mora-no-rj\/\" \/>\n<meta property=\"og:site_name\" content=\"NOT\u00cdCIAS EM TEMPO REAL\" \/>\n<meta property=\"article:publisher\" content=\"https:\/\/www.facebook.com\/maiobaotv\" \/>\n<meta property=\"article:published_time\" content=\"2020-10-09T20:47:15+00:00\" \/>\n<meta name=\"author\" content=\"maranhaotv\" \/>\n<meta name=\"twitter:card\" content=\"summary_large_image\" \/>\n<meta name=\"twitter:creator\" content=\"@sitemaranhaotv\" \/>\n<meta name=\"twitter:site\" content=\"@sitemaranhaotv\" \/>\n<meta name=\"twitter:label1\" content=\"Escrito por\" \/>\n\t<meta name=\"twitter:data1\" content=\"maranhaotv\" \/>\n\t<meta name=\"twitter:label2\" content=\"Est. tempo de leitura\" \/>\n\t<meta name=\"twitter:data2\" content=\"1 minuto\" \/>\n<script type=\"application\/ld+json\" class=\"yoast-schema-graph\">{\"@context\":\"https:\\\/\\\/schema.org\",\"@graph\":[{\"@type\":\"Article\",\"@id\":\"https:\\\/\\\/maranhaotv.com.br\\\/index.php\\\/2020\\\/10\\\/09\\\/prefeita-paula-silencia-sobre-nomeacao-de-genro-de-inaldo-que-mora-no-rj\\\/#article\",\"isPartOf\":{\"@id\":\"https:\\\/\\\/maranhaotv.com.br\\\/index.php\\\/2020\\\/10\\\/09\\\/prefeita-paula-silencia-sobre-nomeacao-de-genro-de-inaldo-que-mora-no-rj\\\/\"},\"author\":{\"name\":\"maranhaotv\",\"@id\":\"https:\\\/\\\/maranhaotv.com.br\\\/#\\\/schema\\\/person\\\/3d54238e86b20bb5c89ab2fdb8f8829a\"},\"headline\":\"Prefeita Paula silencia sobre nomea\u00e7\u00e3o de genro de Inaldo que mora no RJ\",\"datePublished\":\"2020-10-09T20:47:15+00:00\",\"mainEntityOfPage\":{\"@id\":\"https:\\\/\\\/maranhaotv.com.br\\\/index.php\\\/2020\\\/10\\\/09\\\/prefeita-paula-silencia-sobre-nomeacao-de-genro-de-inaldo-que-mora-no-rj\\\/\"},\"wordCount\":148,\"commentCount\":0,\"publisher\":{\"@id\":\"https:\\\/\\\/maranhaotv.com.br\\\/#organization\"},\"image\":{\"@id\":\"https:\\\/\\\/maranhaotv.com.br\\\/index.php\\\/2020\\\/10\\\/09\\\/prefeita-paula-silencia-sobre-nomeacao-de-genro-de-inaldo-que-mora-no-rj\\\/#primaryimage\"},\"thumbnailUrl\":\"\",\"keywords\":[\"Abner Vellasco\",\"Inaldo Pereira\",\"Paula Azevedo\"],\"articleSection\":[\"not\u00edcias\"],\"inLanguage\":\"pt-BR\",\"potentialAction\":[{\"@type\":\"CommentAction\",\"name\":\"Comment\",\"target\":[\"https:\\\/\\\/maranhaotv.com.br\\\/index.php\\\/2020\\\/10\\\/09\\\/prefeita-paula-silencia-sobre-nomeacao-de-genro-de-inaldo-que-mora-no-rj\\\/#respond\"]}]},{\"@type\":\"WebPage\",\"@id\":\"https:\\\/\\\/maranhaotv.com.br\\\/index.php\\\/2020\\\/10\\\/09\\\/prefeita-paula-silencia-sobre-nomeacao-de-genro-de-inaldo-que-mora-no-rj\\\/\",\"url\":\"https:\\\/\\\/maranhaotv.com.br\\\/index.php\\\/2020\\\/10\\\/09\\\/prefeita-paula-silencia-sobre-nomeacao-de-genro-de-inaldo-que-mora-no-rj\\\/\",\"name\":\"Prefeita Paula silencia sobre nomea\u00e7\u00e3o de genro de Inaldo que mora no RJ - NOT\u00cdCIAS EM TEMPO REAL\",\"isPartOf\":{\"@id\":\"https:\\\/\\\/maranhaotv.com.br\\\/#website\"},\"primaryImageOfPage\":{\"@id\":\"https:\\\/\\\/maranhaotv.com.br\\\/index.php\\\/2020\\\/10\\\/09\\\/prefeita-paula-silencia-sobre-nomeacao-de-genro-de-inaldo-que-mora-no-rj\\\/#primaryimage\"},\"image\":{\"@id\":\"https:\\\/\\\/maranhaotv.com.br\\\/index.php\\\/2020\\\/10\\\/09\\\/prefeita-paula-silencia-sobre-nomeacao-de-genro-de-inaldo-que-mora-no-rj\\\/#primaryimage\"},\"thumbnailUrl\":\"\",\"datePublished\":\"2020-10-09T20:47:15+00:00\",\"breadcrumb\":{\"@id\":\"https:\\\/\\\/maranhaotv.com.br\\\/index.php\\\/2020\\\/10\\\/09\\\/prefeita-paula-silencia-sobre-nomeacao-de-genro-de-inaldo-que-mora-no-rj\\\/#breadcrumb\"},\"inLanguage\":\"pt-BR\",\"potentialAction\":[{\"@type\":\"ReadAction\",\"target\":[\"https:\\\/\\\/maranhaotv.com.br\\\/index.php\\\/2020\\\/10\\\/09\\\/prefeita-paula-silencia-sobre-nomeacao-de-genro-de-inaldo-que-mora-no-rj\\\/\"]}]},{\"@type\":\"ImageObject\",\"inLanguage\":\"pt-BR\",\"@id\":\"https:\\\/\\\/maranhaotv.com.br\\\/index.php\\\/2020\\\/10\\\/09\\\/prefeita-paula-silencia-sobre-nomeacao-de-genro-de-inaldo-que-mora-no-rj\\\/#primaryimage\",\"url\":\"\",\"contentUrl\":\"\"},{\"@type\":\"BreadcrumbList\",\"@id\":\"https:\\\/\\\/maranhaotv.com.br\\\/index.php\\\/2020\\\/10\\\/09\\\/prefeita-paula-silencia-sobre-nomeacao-de-genro-de-inaldo-que-mora-no-rj\\\/#breadcrumb\",\"itemListElement\":[{\"@type\":\"ListItem\",\"position\":1,\"name\":\"In\u00edcio\",\"item\":\"https:\\\/\\\/maranhaotv.com.br\\\/\"},{\"@type\":\"ListItem\",\"position\":2,\"name\":\"Prefeita Paula silencia sobre nomea\u00e7\u00e3o de genro de Inaldo que mora no RJ\"}]},{\"@type\":\"WebSite\",\"@id\":\"https:\\\/\\\/maranhaotv.com.br\\\/#website\",\"url\":\"https:\\\/\\\/maranhaotv.com.br\\\/\",\"name\":\"Maranh\u00e3oTV\",\"description\":\"\",\"publisher\":{\"@id\":\"https:\\\/\\\/maranhaotv.com.br\\\/#organization\"},\"potentialAction\":[{\"@type\":\"SearchAction\",\"target\":{\"@type\":\"EntryPoint\",\"urlTemplate\":\"https:\\\/\\\/maranhaotv.com.br\\\/?s={search_term_string}\"},\"query-input\":{\"@type\":\"PropertyValueSpecification\",\"valueRequired\":true,\"valueName\":\"search_term_string\"}}],\"inLanguage\":\"pt-BR\"},{\"@type\":\"Organization\",\"@id\":\"https:\\\/\\\/maranhaotv.com.br\\\/#organization\",\"name\":\"Portal de Not\u00edcias\",\"url\":\"https:\\\/\\\/maranhaotv.com.br\\\/\",\"logo\":{\"@type\":\"ImageObject\",\"inLanguage\":\"pt-BR\",\"@id\":\"https:\\\/\\\/maranhaotv.com.br\\\/#\\\/schema\\\/logo\\\/image\\\/\",\"url\":\"https:\\\/\\\/maranhaotv.com.br\\\/wp-content\\\/uploads\\\/2024\\\/05\\\/cropped-cropped-avatar-1.png\",\"contentUrl\":\"https:\\\/\\\/maranhaotv.com.br\\\/wp-content\\\/uploads\\\/2024\\\/05\\\/cropped-cropped-avatar-1.png\",\"width\":792,\"height\":428,\"caption\":\"Portal de Not\u00edcias\"},\"image\":{\"@id\":\"https:\\\/\\\/maranhaotv.com.br\\\/#\\\/schema\\\/logo\\\/image\\\/\"},\"sameAs\":[\"https:\\\/\\\/www.facebook.com\\\/maiobaotv\",\"https:\\\/\\\/x.com\\\/sitemaranhaotv\",\"https:\\\/\\\/www.instagram.com\\\/maranhao.tv\",\"https:\\\/\\\/www.threads.net\\\/@maranhao.tv\"]},{\"@type\":\"Person\",\"@id\":\"https:\\\/\\\/maranhaotv.com.br\\\/#\\\/schema\\\/person\\\/3d54238e86b20bb5c89ab2fdb8f8829a\",\"name\":\"maranhaotv\",\"image\":{\"@type\":\"ImageObject\",\"inLanguage\":\"pt-BR\",\"@id\":\"https:\\\/\\\/secure.gravatar.com\\\/avatar\\\/8fadbca458d4cb68b1dd399ae9a40618d747bb1af65ac9fad21c89220a143eb4?s=96&d=mm&r=g\",\"url\":\"https:\\\/\\\/secure.gravatar.com\\\/avatar\\\/8fadbca458d4cb68b1dd399ae9a40618d747bb1af65ac9fad21c89220a143eb4?s=96&d=mm&r=g\",\"contentUrl\":\"https:\\\/\\\/secure.gravatar.com\\\/avatar\\\/8fadbca458d4cb68b1dd399ae9a40618d747bb1af65ac9fad21c89220a143eb4?s=96&d=mm&r=g\",\"caption\":\"maranhaotv\"},\"sameAs\":[\"https:\\\/\\\/maranhaotv.com.br\\\/\"],\"url\":\"https:\\\/\\\/maranhaotv.com.br\\\/index.php\\\/author\\\/maranhaotv\\\/\"}]}<\/script>\n<!-- \/ Yoast SEO plugin. -->","yoast_head_json":{"title":"Prefeita Paula silencia sobre nomea\u00e7\u00e3o de genro de Inaldo que mora no RJ - NOT\u00cdCIAS EM TEMPO REAL","robots":{"index":"index","follow":"follow","max-snippet":"max-snippet:-1","max-image-preview":"max-image-preview:large","max-video-preview":"max-video-preview:-1"},"canonical":"https:\/\/maranhaotv.com.br\/index.php\/2020\/10\/09\/prefeita-paula-silencia-sobre-nomeacao-de-genro-de-inaldo-que-mora-no-rj\/","og_locale":"pt_BR","og_type":"article","og_title":"Prefeita Paula silencia sobre nomea\u00e7\u00e3o de genro de Inaldo que mora no RJ - NOT\u00cdCIAS EM TEMPO REAL","og_description":"Candidato a vice Inaldo Pereira (PSDB) nem ganhou a elei\u00e7\u00e3o e j\u00e1 emplaca parentes (at\u00e9 morador de outro Estado) na","og_url":"https:\/\/maranhaotv.com.br\/index.php\/2020\/10\/09\/prefeita-paula-silencia-sobre-nomeacao-de-genro-de-inaldo-que-mora-no-rj\/","og_site_name":"NOT\u00cdCIAS EM TEMPO REAL","article_publisher":"https:\/\/www.facebook.com\/maiobaotv","article_published_time":"2020-10-09T20:47:15+00:00","author":"maranhaotv","twitter_card":"summary_large_image","twitter_creator":"@sitemaranhaotv","twitter_site":"@sitemaranhaotv","twitter_misc":{"Escrito por":"maranhaotv","Est. tempo de leitura":"1 minuto"},"schema":{"@context":"https:\/\/schema.org","@graph":[{"@type":"Article","@id":"https:\/\/maranhaotv.com.br\/index.php\/2020\/10\/09\/prefeita-paula-silencia-sobre-nomeacao-de-genro-de-inaldo-que-mora-no-rj\/#article","isPartOf":{"@id":"https:\/\/maranhaotv.com.br\/index.php\/2020\/10\/09\/prefeita-paula-silencia-sobre-nomeacao-de-genro-de-inaldo-que-mora-no-rj\/"},"author":{"name":"maranhaotv","@id":"https:\/\/maranhaotv.com.br\/#\/schema\/person\/3d54238e86b20bb5c89ab2fdb8f8829a"},"headline":"Prefeita Paula silencia sobre nomea\u00e7\u00e3o de genro de Inaldo que mora no RJ","datePublished":"2020-10-09T20:47:15+00:00","mainEntityOfPage":{"@id":"https:\/\/maranhaotv.com.br\/index.php\/2020\/10\/09\/prefeita-paula-silencia-sobre-nomeacao-de-genro-de-inaldo-que-mora-no-rj\/"},"wordCount":148,"commentCount":0,"publisher":{"@id":"https:\/\/maranhaotv.com.br\/#organization"},"image":{"@id":"https:\/\/maranhaotv.com.br\/index.php\/2020\/10\/09\/prefeita-paula-silencia-sobre-nomeacao-de-genro-de-inaldo-que-mora-no-rj\/#primaryimage"},"thumbnailUrl":"","keywords":["Abner Vellasco","Inaldo Pereira","Paula Azevedo"],"articleSection":["not\u00edcias"],"inLanguage":"pt-BR","potentialAction":[{"@type":"CommentAction","name":"Comment","target":["https:\/\/maranhaotv.com.br\/index.php\/2020\/10\/09\/prefeita-paula-silencia-sobre-nomeacao-de-genro-de-inaldo-que-mora-no-rj\/#respond"]}]},{"@type":"WebPage","@id":"https:\/\/maranhaotv.com.br\/index.php\/2020\/10\/09\/prefeita-paula-silencia-sobre-nomeacao-de-genro-de-inaldo-que-mora-no-rj\/","url":"https:\/\/maranhaotv.com.br\/index.php\/2020\/10\/09\/prefeita-paula-silencia-sobre-nomeacao-de-genro-de-inaldo-que-mora-no-rj\/","name":"Prefeita Paula silencia sobre nomea\u00e7\u00e3o de genro de Inaldo que mora no RJ - NOT\u00cdCIAS EM TEMPO REAL","isPartOf":{"@id":"https:\/\/maranhaotv.com.br\/#website"},"primaryImageOfPage":{"@id":"https:\/\/maranhaotv.com.br\/index.php\/2020\/10\/09\/prefeita-paula-silencia-sobre-nomeacao-de-genro-de-inaldo-que-mora-no-rj\/#primaryimage"},"image":{"@id":"https:\/\/maranhaotv.com.br\/index.php\/2020\/10\/09\/prefeita-paula-silencia-sobre-nomeacao-de-genro-de-inaldo-que-mora-no-rj\/#primaryimage"},"thumbnailUrl":"","datePublished":"2020-10-09T20:47:15+00:00","breadcrumb":{"@id":"https:\/\/maranhaotv.com.br\/index.php\/2020\/10\/09\/prefeita-paula-silencia-sobre-nomeacao-de-genro-de-inaldo-que-mora-no-rj\/#breadcrumb"},"inLanguage":"pt-BR","potentialAction":[{"@type":"ReadAction","target":["https:\/\/maranhaotv.com.br\/index.php\/2020\/10\/09\/prefeita-paula-silencia-sobre-nomeacao-de-genro-de-inaldo-que-mora-no-rj\/"]}]},{"@type":"ImageObject","inLanguage":"pt-BR","@id":"https:\/\/maranhaotv.com.br\/index.php\/2020\/10\/09\/prefeita-paula-silencia-sobre-nomeacao-de-genro-de-inaldo-que-mora-no-rj\/#primaryimage","url":"","contentUrl":""},{"@type":"BreadcrumbList","@id":"https:\/\/maranhaotv.com.br\/index.php\/2020\/10\/09\/prefeita-paula-silencia-sobre-nomeacao-de-genro-de-inaldo-que-mora-no-rj\/#breadcrumb","itemListElement":[{"@type":"ListItem","position":1,"name":"In\u00edcio","item":"https:\/\/maranhaotv.com.br\/"},{"@type":"ListItem","position":2,"name":"Prefeita Paula silencia sobre nomea\u00e7\u00e3o de genro de Inaldo que mora no RJ"}]},{"@type":"WebSite","@id":"https:\/\/maranhaotv.com.br\/#website","url":"https:\/\/maranhaotv.com.br\/","name":"Maranh\u00e3oTV","description":"","publisher":{"@id":"https:\/\/maranhaotv.com.br\/#organization"},"potentialAction":[{"@type":"SearchAction","target":{"@type":"EntryPoint","urlTemplate":"https:\/\/maranhaotv.com.br\/?s={search_term_string}"},"query-input":{"@type":"PropertyValueSpecification","valueRequired":true,"valueName":"search_term_string"}}],"inLanguage":"pt-BR"},{"@type":"Organization","@id":"https:\/\/maranhaotv.com.br\/#organization","name":"Portal de Not\u00edcias","url":"https:\/\/maranhaotv.com.br\/","logo":{"@type":"ImageObject","inLanguage":"pt-BR","@id":"https:\/\/maranhaotv.com.br\/#\/schema\/logo\/image\/","url":"https:\/\/maranhaotv.com.br\/wp-content\/uploads\/2024\/05\/cropped-cropped-avatar-1.png","contentUrl":"https:\/\/maranhaotv.com.br\/wp-content\/uploads\/2024\/05\/cropped-cropped-avatar-1.png","width":792,"height":428,"caption":"Portal de Not\u00edcias"},"image":{"@id":"https:\/\/maranhaotv.com.br\/#\/schema\/logo\/image\/"},"sameAs":["https:\/\/www.facebook.com\/maiobaotv","https:\/\/x.com\/sitemaranhaotv","https:\/\/www.instagram.com\/maranhao.tv","https:\/\/www.threads.net\/@maranhao.tv"]},{"@type":"Person","@id":"https:\/\/maranhaotv.com.br\/#\/schema\/person\/3d54238e86b20bb5c89ab2fdb8f8829a","name":"maranhaotv","image":{"@type":"ImageObject","inLanguage":"pt-BR","@id":"https:\/\/secure.gravatar.com\/avatar\/8fadbca458d4cb68b1dd399ae9a40618d747bb1af65ac9fad21c89220a143eb4?s=96&d=mm&r=g","url":"https:\/\/secure.gravatar.com\/avatar\/8fadbca458d4cb68b1dd399ae9a40618d747bb1af65ac9fad21c89220a143eb4?s=96&d=mm&r=g","contentUrl":"https:\/\/secure.gravatar.com\/avatar\/8fadbca458d4cb68b1dd399ae9a40618d747bb1af65ac9fad21c89220a143eb4?s=96&d=mm&r=g","caption":"maranhaotv"},"sameAs":["https:\/\/maranhaotv.com.br\/"],"url":"https:\/\/maranhaotv.com.br\/index.php\/author\/maranhaotv\/"}]}},"jetpack_featured_media_url":"","jetpack_sharing_enabled":true,"_links":{"self":[{"href":"https:\/\/maranhaotv.com.br\/index.php\/wp-json\/wp\/v2\/posts\/15748","targetHints":{"allow":["GET"]}}],"collection":[{"href":"https:\/\/maranhaotv.com.br\/index.php\/wp-json\/wp\/v2\/posts"}],"about":[{"href":"https:\/\/maranhaotv.com.br\/index.php\/wp-json\/wp\/v2\/types\/post"}],"author":[{"embeddable":true,"href":"https:\/\/maranhaotv.com.br\/index.php\/wp-json\/wp\/v2\/users\/2"}],"replies":[{"embeddable":true,"href":"https:\/\/maranhaotv.com.br\/index.php\/wp-json\/wp\/v2\/comments?post=15748"}],"version-history":[{"count":0,"href":"https:\/\/maranhaotv.com.br\/index.php\/wp-json\/wp\/v2\/posts\/15748\/revisions"}],"wp:featuredmedia":[{"embeddable":true,"href":"https:\/\/maranhaotv.com.br\/index.php\/wp-json\/"}],"wp:attachment":[{"href":"https:\/\/maranhaotv.com.br\/index.php\/wp-json\/wp\/v2\/media?parent=15748"}],"wp:term":[{"taxonomy":"category","embeddable":true,"href":"https:\/\/maranhaotv.com.br\/index.php\/wp-json\/wp\/v2\/categories?post=15748"},{"taxonomy":"post_tag","embeddable":true,"href":"https:\/\/maranhaotv.com.br\/index.php\/wp-json\/wp\/v2\/tags?post=15748"}],"curies":[{"name":"wp","href":"https:\/\/api.w.org\/{rel}","templated":true}]}}