{"id":16018,"date":"2020-10-17T15:52:33","date_gmt":"2020-10-17T18:52:33","guid":{"rendered":"https:\/\/maiobaotv.com.br\/?p=16018"},"modified":"2020-10-17T15:52:33","modified_gmt":"2020-10-17T18:52:33","slug":"ao-lado-do-dep-federal-joao-marcelo-junior-garimpeiro-reune-liderancas-em-centro-novo-do-ma","status":"publish","type":"post","link":"https:\/\/maranhaotv.com.br\/index.php\/2020\/10\/17\/ao-lado-do-dep-federal-joao-marcelo-junior-garimpeiro-reune-liderancas-em-centro-novo-do-ma\/","title":{"rendered":"Ao lado do Dep. Federal Jo\u00e3o Marcelo, J\u00fanior Garimpeiro re\u00fane lideran\u00e7as em Centro Novo do MA"},"content":{"rendered":"<p>No in\u00edcio da tarde deste s\u00e1bado (17), o candidato a prefeito J\u00fanior Garimpeiro (Progressistas) esteve em reuni\u00e3o na resid\u00eancia do Sr\u00b0 Pedro Teixeira, uma das lideran\u00e7as pol\u00edticas mais antigas de Centro Novo do Maranh\u00e3o. Pedro Teixeira j\u00e1 foi vice prefeito, vereador e \u00e9 pai do presidente da C\u00e2mara, o vereador Mazinho. Na ocasi\u00e3o, candidatos a vereador, lideran\u00e7as pol\u00edticas, amigos e vizinhos conversaram sobre alternativas para ajudar a tirar Centro Novo da situa\u00e7\u00e3o ca\u00f3tica que se encontra na administra\u00e7\u00e3o da prefeita Diva Silva (PCdoB), e para todos os presentes, o J\u00fanior Garimpeiro \u00e9 o \u00fanico candidato que representa a esperan\u00e7a de dias melhores aos centronovenses.<\/p>\n<p>Na reuni\u00e3o estiveram presentes o candidato a vice Moab Carrea, o ex-deputado estadual Alberto Marques, o presidente da C\u00e2mara, vereador Mazinho (MDB), a vereadora Cotinha (MDB) e o vereador Adevaldo (Progressistas).<\/p>\n<p>O Deputado Federal Jo\u00e3o Marcelo relembrou a amizade que t\u00eam junto ao seu pai com o Pedro Teixeira e falou sobre a decis\u00e3o do MDB de caminhar com o J\u00fanior Garimpeiro nas elei\u00e7\u00f5es de novembro.<\/p>\n<blockquote><p>&#8220;O MDB se uniu ao seu projeto porque acreditamos que \u00e9 o melhor para Centro Novo do Maranh\u00e3o. Quero lhe afirmar que estamos com voc\u00ea, se o nosso grupo se uniu com voc\u00ea, \u00e9 porque acreditamos que a cidade precisa de voc\u00ea. Pode contar comigo e com tudo que eu puder fazer como deputado federal para ajudar a popula\u00e7\u00e3o t\u00e3o sofrida desta cidade&#8221;, disse Jo\u00e3o Marcelo.<\/p><\/blockquote>\n<p>J\u00fanior Garimpeiro agradeceu a todos os presentes sobre o apoio, e em especial ao Sr Pedro Teixeira e ao Deputado Federal Jo\u00e3o Marcelo.<\/p>\n<p><img loading=\"lazy\" decoding=\"async\" class=\"alignnone size-full wp-image-16021\" src=\"https:\/\/maiobaotv.com.br\/wp-content\/uploads\/2020\/10\/img-20201017-wa02888372825424517180376.jpg\" width=\"1280\" height=\"853\"><\/p>\n<p><img loading=\"lazy\" decoding=\"async\" class=\"alignnone size-full wp-image-16022\" src=\"https:\/\/maiobaotv.com.br\/wp-content\/uploads\/2020\/10\/img-20201017-wa02873255465864800019408.jpg\" width=\"1280\" height=\"1051\"><\/p>\n<p><img loading=\"lazy\" decoding=\"async\" class=\"wp-image-16020 alignnone size-full\" src=\"https:\/\/maiobaotv.com.br\/wp-content\/uploads\/2020\/10\/img-20201017-wa02017416712900105975387.jpg\" width=\"720\" height=\"1280\"><\/p>\n<p>Veja o v\u00eddeo:<\/p>\n<div class=\"jetpack-video-wrapper\"><iframe loading=\"lazy\" title=\"J\u00fanior Garimpeiro e Marcelo\" width=\"800\" height=\"450\" src=\"https:\/\/www.youtube.com\/embed\/iOnC0eVasH0?feature=oembed\" frameborder=\"0\" allow=\"accelerometer; autoplay; clipboard-write; encrypted-media; gyroscope; picture-in-picture; web-share\" referrerpolicy=\"strict-origin-when-cross-origin\" allowfullscreen><\/iframe><\/div>\n","protected":false},"excerpt":{"rendered":"<p>No in\u00edcio da tarde deste s\u00e1bado (17), o candidato a prefeito J\u00fanior Garimpeiro (Progressistas) esteve em reuni\u00e3o na resid\u00eancia do<\/p>\n","protected":false},"author":2,"featured_media":16024,"comment_status":"open","ping_status":"open","sticky":false,"template":"","format":"standard","meta":{"colormag_page_container_layout":"default_layout","colormag_page_sidebar_layout":"default_layout","_jetpack_memberships_contains_paid_content":false,"footnotes":""},"categories":[2,6],"tags":[260,261],"class_list":["post-16018","post","type-post","status-publish","format-standard","has-post-thumbnail","hentry","category-noticias","category-politica","tag-centro-novo","tag-junior-garimpeiro"],"magazineBlocksPostFeaturedMedia":{"thumbnail":false,"medium":false,"medium_large":false,"large":false,"1536x1536":false,"2048x2048":false,"colormag-highlighted-post":false,"colormag-featured-post-medium":false,"colormag-featured-post-small":false,"colormag-featured-image":false,"colormag-default-news":false,"colormag-featured-image-large":false},"magazineBlocksPostAuthor":{"name":"maranhaotv","avatar":"https:\/\/secure.gravatar.com\/avatar\/8fadbca458d4cb68b1dd399ae9a40618d747bb1af65ac9fad21c89220a143eb4?s=96&d=mm&r=g"},"magazineBlocksPostCommentsNumber":"0","magazineBlocksPostExcerpt":"No in\u00edcio da tarde deste s\u00e1bado (17), o candidato a prefeito J\u00fanior Garimpeiro (Progressistas) esteve em reuni\u00e3o na resid\u00eancia do","magazineBlocksPostCategories":["not\u00edcias","pol\u00edtica"],"magazineBlocksPostViewCount":168,"magazineBlocksPostReadTime":2,"magazine_blocks_featured_image_url":{"full":false,"medium":false,"thumbnail":false},"magazine_blocks_author":{"display_name":"maranhaotv","author_link":"https:\/\/maranhaotv.com.br\/index.php\/author\/maranhaotv\/"},"magazine_blocks_comment":0,"magazine_blocks_author_image":"https:\/\/secure.gravatar.com\/avatar\/8fadbca458d4cb68b1dd399ae9a40618d747bb1af65ac9fad21c89220a143eb4?s=96&d=mm&r=g","magazine_blocks_category":"<a href=\"#\" class=\"category-link category-link-2\">not\u00edcias<\/a> <a href=\"#\" class=\"category-link category-link-6\">pol\u00edtica<\/a>","yoast_head":"<!-- This site is optimized with the Yoast SEO plugin v27.4 - https:\/\/yoast.com\/product\/yoast-seo-wordpress\/ -->\n<title>Ao lado do Dep. Federal Jo\u00e3o Marcelo, J\u00fanior Garimpeiro re\u00fane lideran\u00e7as em Centro Novo do MA - NOT\u00cdCIAS EM TEMPO REAL<\/title>\n<meta name=\"robots\" content=\"index, follow, max-snippet:-1, max-image-preview:large, max-video-preview:-1\" \/>\n<link rel=\"canonical\" href=\"https:\/\/maranhaotv.com.br\/index.php\/2020\/10\/17\/ao-lado-do-dep-federal-joao-marcelo-junior-garimpeiro-reune-liderancas-em-centro-novo-do-ma\/\" \/>\n<meta property=\"og:locale\" content=\"pt_BR\" \/>\n<meta property=\"og:type\" content=\"article\" \/>\n<meta property=\"og:title\" content=\"Ao lado do Dep. Federal Jo\u00e3o Marcelo, J\u00fanior Garimpeiro re\u00fane lideran\u00e7as em Centro Novo do MA - NOT\u00cdCIAS EM TEMPO REAL\" \/>\n<meta property=\"og:description\" content=\"No in\u00edcio da tarde deste s\u00e1bado (17), o candidato a prefeito J\u00fanior Garimpeiro (Progressistas) esteve em reuni\u00e3o na resid\u00eancia do\" \/>\n<meta property=\"og:url\" content=\"https:\/\/maranhaotv.com.br\/index.php\/2020\/10\/17\/ao-lado-do-dep-federal-joao-marcelo-junior-garimpeiro-reune-liderancas-em-centro-novo-do-ma\/\" \/>\n<meta property=\"og:site_name\" content=\"NOT\u00cdCIAS EM TEMPO REAL\" \/>\n<meta property=\"article:publisher\" content=\"https:\/\/www.facebook.com\/maiobaotv\" \/>\n<meta property=\"article:published_time\" content=\"2020-10-17T18:52:33+00:00\" \/>\n<meta name=\"author\" content=\"maranhaotv\" \/>\n<meta name=\"twitter:card\" content=\"summary_large_image\" \/>\n<meta name=\"twitter:creator\" content=\"@sitemaranhaotv\" \/>\n<meta name=\"twitter:site\" content=\"@sitemaranhaotv\" \/>\n<meta name=\"twitter:label1\" content=\"Escrito por\" \/>\n\t<meta name=\"twitter:data1\" content=\"maranhaotv\" \/>\n\t<meta name=\"twitter:label2\" content=\"Est. tempo de leitura\" \/>\n\t<meta name=\"twitter:data2\" content=\"1 minuto\" \/>\n<script type=\"application\/ld+json\" class=\"yoast-schema-graph\">{\"@context\":\"https:\\\/\\\/schema.org\",\"@graph\":[{\"@type\":\"Article\",\"@id\":\"https:\\\/\\\/maranhaotv.com.br\\\/index.php\\\/2020\\\/10\\\/17\\\/ao-lado-do-dep-federal-joao-marcelo-junior-garimpeiro-reune-liderancas-em-centro-novo-do-ma\\\/#article\",\"isPartOf\":{\"@id\":\"https:\\\/\\\/maranhaotv.com.br\\\/index.php\\\/2020\\\/10\\\/17\\\/ao-lado-do-dep-federal-joao-marcelo-junior-garimpeiro-reune-liderancas-em-centro-novo-do-ma\\\/\"},\"author\":{\"name\":\"maranhaotv\",\"@id\":\"https:\\\/\\\/maranhaotv.com.br\\\/#\\\/schema\\\/person\\\/3d54238e86b20bb5c89ab2fdb8f8829a\"},\"headline\":\"Ao lado do Dep. Federal Jo\u00e3o Marcelo, J\u00fanior Garimpeiro re\u00fane lideran\u00e7as em Centro Novo do MA\",\"datePublished\":\"2020-10-17T18:52:33+00:00\",\"mainEntityOfPage\":{\"@id\":\"https:\\\/\\\/maranhaotv.com.br\\\/index.php\\\/2020\\\/10\\\/17\\\/ao-lado-do-dep-federal-joao-marcelo-junior-garimpeiro-reune-liderancas-em-centro-novo-do-ma\\\/\"},\"wordCount\":313,\"commentCount\":0,\"publisher\":{\"@id\":\"https:\\\/\\\/maranhaotv.com.br\\\/#organization\"},\"image\":{\"@id\":\"https:\\\/\\\/maranhaotv.com.br\\\/index.php\\\/2020\\\/10\\\/17\\\/ao-lado-do-dep-federal-joao-marcelo-junior-garimpeiro-reune-liderancas-em-centro-novo-do-ma\\\/#primaryimage\"},\"thumbnailUrl\":\"\",\"keywords\":[\"Centro Novo\",\"J\u00fanior Garimpeiro\"],\"articleSection\":[\"not\u00edcias\",\"pol\u00edtica\"],\"inLanguage\":\"pt-BR\",\"potentialAction\":[{\"@type\":\"CommentAction\",\"name\":\"Comment\",\"target\":[\"https:\\\/\\\/maranhaotv.com.br\\\/index.php\\\/2020\\\/10\\\/17\\\/ao-lado-do-dep-federal-joao-marcelo-junior-garimpeiro-reune-liderancas-em-centro-novo-do-ma\\\/#respond\"]}]},{\"@type\":\"WebPage\",\"@id\":\"https:\\\/\\\/maranhaotv.com.br\\\/index.php\\\/2020\\\/10\\\/17\\\/ao-lado-do-dep-federal-joao-marcelo-junior-garimpeiro-reune-liderancas-em-centro-novo-do-ma\\\/\",\"url\":\"https:\\\/\\\/maranhaotv.com.br\\\/index.php\\\/2020\\\/10\\\/17\\\/ao-lado-do-dep-federal-joao-marcelo-junior-garimpeiro-reune-liderancas-em-centro-novo-do-ma\\\/\",\"name\":\"Ao lado do Dep. Federal Jo\u00e3o Marcelo, J\u00fanior Garimpeiro re\u00fane lideran\u00e7as em Centro Novo do MA - NOT\u00cdCIAS EM TEMPO REAL\",\"isPartOf\":{\"@id\":\"https:\\\/\\\/maranhaotv.com.br\\\/#website\"},\"primaryImageOfPage\":{\"@id\":\"https:\\\/\\\/maranhaotv.com.br\\\/index.php\\\/2020\\\/10\\\/17\\\/ao-lado-do-dep-federal-joao-marcelo-junior-garimpeiro-reune-liderancas-em-centro-novo-do-ma\\\/#primaryimage\"},\"image\":{\"@id\":\"https:\\\/\\\/maranhaotv.com.br\\\/index.php\\\/2020\\\/10\\\/17\\\/ao-lado-do-dep-federal-joao-marcelo-junior-garimpeiro-reune-liderancas-em-centro-novo-do-ma\\\/#primaryimage\"},\"thumbnailUrl\":\"\",\"datePublished\":\"2020-10-17T18:52:33+00:00\",\"breadcrumb\":{\"@id\":\"https:\\\/\\\/maranhaotv.com.br\\\/index.php\\\/2020\\\/10\\\/17\\\/ao-lado-do-dep-federal-joao-marcelo-junior-garimpeiro-reune-liderancas-em-centro-novo-do-ma\\\/#breadcrumb\"},\"inLanguage\":\"pt-BR\",\"potentialAction\":[{\"@type\":\"ReadAction\",\"target\":[\"https:\\\/\\\/maranhaotv.com.br\\\/index.php\\\/2020\\\/10\\\/17\\\/ao-lado-do-dep-federal-joao-marcelo-junior-garimpeiro-reune-liderancas-em-centro-novo-do-ma\\\/\"]}]},{\"@type\":\"ImageObject\",\"inLanguage\":\"pt-BR\",\"@id\":\"https:\\\/\\\/maranhaotv.com.br\\\/index.php\\\/2020\\\/10\\\/17\\\/ao-lado-do-dep-federal-joao-marcelo-junior-garimpeiro-reune-liderancas-em-centro-novo-do-ma\\\/#primaryimage\",\"url\":\"\",\"contentUrl\":\"\"},{\"@type\":\"BreadcrumbList\",\"@id\":\"https:\\\/\\\/maranhaotv.com.br\\\/index.php\\\/2020\\\/10\\\/17\\\/ao-lado-do-dep-federal-joao-marcelo-junior-garimpeiro-reune-liderancas-em-centro-novo-do-ma\\\/#breadcrumb\",\"itemListElement\":[{\"@type\":\"ListItem\",\"position\":1,\"name\":\"In\u00edcio\",\"item\":\"https:\\\/\\\/maranhaotv.com.br\\\/\"},{\"@type\":\"ListItem\",\"position\":2,\"name\":\"Ao lado do Dep. Federal Jo\u00e3o Marcelo, J\u00fanior Garimpeiro re\u00fane lideran\u00e7as em Centro Novo do MA\"}]},{\"@type\":\"WebSite\",\"@id\":\"https:\\\/\\\/maranhaotv.com.br\\\/#website\",\"url\":\"https:\\\/\\\/maranhaotv.com.br\\\/\",\"name\":\"Maranh\u00e3oTV\",\"description\":\"\",\"publisher\":{\"@id\":\"https:\\\/\\\/maranhaotv.com.br\\\/#organization\"},\"potentialAction\":[{\"@type\":\"SearchAction\",\"target\":{\"@type\":\"EntryPoint\",\"urlTemplate\":\"https:\\\/\\\/maranhaotv.com.br\\\/?s={search_term_string}\"},\"query-input\":{\"@type\":\"PropertyValueSpecification\",\"valueRequired\":true,\"valueName\":\"search_term_string\"}}],\"inLanguage\":\"pt-BR\"},{\"@type\":\"Organization\",\"@id\":\"https:\\\/\\\/maranhaotv.com.br\\\/#organization\",\"name\":\"Portal de Not\u00edcias\",\"url\":\"https:\\\/\\\/maranhaotv.com.br\\\/\",\"logo\":{\"@type\":\"ImageObject\",\"inLanguage\":\"pt-BR\",\"@id\":\"https:\\\/\\\/maranhaotv.com.br\\\/#\\\/schema\\\/logo\\\/image\\\/\",\"url\":\"https:\\\/\\\/maranhaotv.com.br\\\/wp-content\\\/uploads\\\/2024\\\/05\\\/cropped-cropped-avatar-1.png\",\"contentUrl\":\"https:\\\/\\\/maranhaotv.com.br\\\/wp-content\\\/uploads\\\/2024\\\/05\\\/cropped-cropped-avatar-1.png\",\"width\":792,\"height\":428,\"caption\":\"Portal de Not\u00edcias\"},\"image\":{\"@id\":\"https:\\\/\\\/maranhaotv.com.br\\\/#\\\/schema\\\/logo\\\/image\\\/\"},\"sameAs\":[\"https:\\\/\\\/www.facebook.com\\\/maiobaotv\",\"https:\\\/\\\/x.com\\\/sitemaranhaotv\",\"https:\\\/\\\/www.instagram.com\\\/maranhao.tv\",\"https:\\\/\\\/www.threads.net\\\/@maranhao.tv\"]},{\"@type\":\"Person\",\"@id\":\"https:\\\/\\\/maranhaotv.com.br\\\/#\\\/schema\\\/person\\\/3d54238e86b20bb5c89ab2fdb8f8829a\",\"name\":\"maranhaotv\",\"image\":{\"@type\":\"ImageObject\",\"inLanguage\":\"pt-BR\",\"@id\":\"https:\\\/\\\/secure.gravatar.com\\\/avatar\\\/8fadbca458d4cb68b1dd399ae9a40618d747bb1af65ac9fad21c89220a143eb4?s=96&d=mm&r=g\",\"url\":\"https:\\\/\\\/secure.gravatar.com\\\/avatar\\\/8fadbca458d4cb68b1dd399ae9a40618d747bb1af65ac9fad21c89220a143eb4?s=96&d=mm&r=g\",\"contentUrl\":\"https:\\\/\\\/secure.gravatar.com\\\/avatar\\\/8fadbca458d4cb68b1dd399ae9a40618d747bb1af65ac9fad21c89220a143eb4?s=96&d=mm&r=g\",\"caption\":\"maranhaotv\"},\"sameAs\":[\"https:\\\/\\\/maranhaotv.com.br\\\/\"],\"url\":\"https:\\\/\\\/maranhaotv.com.br\\\/index.php\\\/author\\\/maranhaotv\\\/\"}]}<\/script>\n<!-- \/ Yoast SEO plugin. -->","yoast_head_json":{"title":"Ao lado do Dep. Federal Jo\u00e3o Marcelo, J\u00fanior Garimpeiro re\u00fane lideran\u00e7as em Centro Novo do MA - NOT\u00cdCIAS EM TEMPO REAL","robots":{"index":"index","follow":"follow","max-snippet":"max-snippet:-1","max-image-preview":"max-image-preview:large","max-video-preview":"max-video-preview:-1"},"canonical":"https:\/\/maranhaotv.com.br\/index.php\/2020\/10\/17\/ao-lado-do-dep-federal-joao-marcelo-junior-garimpeiro-reune-liderancas-em-centro-novo-do-ma\/","og_locale":"pt_BR","og_type":"article","og_title":"Ao lado do Dep. Federal Jo\u00e3o Marcelo, J\u00fanior Garimpeiro re\u00fane lideran\u00e7as em Centro Novo do MA - NOT\u00cdCIAS EM TEMPO REAL","og_description":"No in\u00edcio da tarde deste s\u00e1bado (17), o candidato a prefeito J\u00fanior Garimpeiro (Progressistas) esteve em reuni\u00e3o na resid\u00eancia do","og_url":"https:\/\/maranhaotv.com.br\/index.php\/2020\/10\/17\/ao-lado-do-dep-federal-joao-marcelo-junior-garimpeiro-reune-liderancas-em-centro-novo-do-ma\/","og_site_name":"NOT\u00cdCIAS EM TEMPO REAL","article_publisher":"https:\/\/www.facebook.com\/maiobaotv","article_published_time":"2020-10-17T18:52:33+00:00","author":"maranhaotv","twitter_card":"summary_large_image","twitter_creator":"@sitemaranhaotv","twitter_site":"@sitemaranhaotv","twitter_misc":{"Escrito por":"maranhaotv","Est. tempo de leitura":"1 minuto"},"schema":{"@context":"https:\/\/schema.org","@graph":[{"@type":"Article","@id":"https:\/\/maranhaotv.com.br\/index.php\/2020\/10\/17\/ao-lado-do-dep-federal-joao-marcelo-junior-garimpeiro-reune-liderancas-em-centro-novo-do-ma\/#article","isPartOf":{"@id":"https:\/\/maranhaotv.com.br\/index.php\/2020\/10\/17\/ao-lado-do-dep-federal-joao-marcelo-junior-garimpeiro-reune-liderancas-em-centro-novo-do-ma\/"},"author":{"name":"maranhaotv","@id":"https:\/\/maranhaotv.com.br\/#\/schema\/person\/3d54238e86b20bb5c89ab2fdb8f8829a"},"headline":"Ao lado do Dep. Federal Jo\u00e3o Marcelo, J\u00fanior Garimpeiro re\u00fane lideran\u00e7as em Centro Novo do MA","datePublished":"2020-10-17T18:52:33+00:00","mainEntityOfPage":{"@id":"https:\/\/maranhaotv.com.br\/index.php\/2020\/10\/17\/ao-lado-do-dep-federal-joao-marcelo-junior-garimpeiro-reune-liderancas-em-centro-novo-do-ma\/"},"wordCount":313,"commentCount":0,"publisher":{"@id":"https:\/\/maranhaotv.com.br\/#organization"},"image":{"@id":"https:\/\/maranhaotv.com.br\/index.php\/2020\/10\/17\/ao-lado-do-dep-federal-joao-marcelo-junior-garimpeiro-reune-liderancas-em-centro-novo-do-ma\/#primaryimage"},"thumbnailUrl":"","keywords":["Centro Novo","J\u00fanior Garimpeiro"],"articleSection":["not\u00edcias","pol\u00edtica"],"inLanguage":"pt-BR","potentialAction":[{"@type":"CommentAction","name":"Comment","target":["https:\/\/maranhaotv.com.br\/index.php\/2020\/10\/17\/ao-lado-do-dep-federal-joao-marcelo-junior-garimpeiro-reune-liderancas-em-centro-novo-do-ma\/#respond"]}]},{"@type":"WebPage","@id":"https:\/\/maranhaotv.com.br\/index.php\/2020\/10\/17\/ao-lado-do-dep-federal-joao-marcelo-junior-garimpeiro-reune-liderancas-em-centro-novo-do-ma\/","url":"https:\/\/maranhaotv.com.br\/index.php\/2020\/10\/17\/ao-lado-do-dep-federal-joao-marcelo-junior-garimpeiro-reune-liderancas-em-centro-novo-do-ma\/","name":"Ao lado do Dep. Federal Jo\u00e3o Marcelo, J\u00fanior Garimpeiro re\u00fane lideran\u00e7as em Centro Novo do MA - NOT\u00cdCIAS EM TEMPO REAL","isPartOf":{"@id":"https:\/\/maranhaotv.com.br\/#website"},"primaryImageOfPage":{"@id":"https:\/\/maranhaotv.com.br\/index.php\/2020\/10\/17\/ao-lado-do-dep-federal-joao-marcelo-junior-garimpeiro-reune-liderancas-em-centro-novo-do-ma\/#primaryimage"},"image":{"@id":"https:\/\/maranhaotv.com.br\/index.php\/2020\/10\/17\/ao-lado-do-dep-federal-joao-marcelo-junior-garimpeiro-reune-liderancas-em-centro-novo-do-ma\/#primaryimage"},"thumbnailUrl":"","datePublished":"2020-10-17T18:52:33+00:00","breadcrumb":{"@id":"https:\/\/maranhaotv.com.br\/index.php\/2020\/10\/17\/ao-lado-do-dep-federal-joao-marcelo-junior-garimpeiro-reune-liderancas-em-centro-novo-do-ma\/#breadcrumb"},"inLanguage":"pt-BR","potentialAction":[{"@type":"ReadAction","target":["https:\/\/maranhaotv.com.br\/index.php\/2020\/10\/17\/ao-lado-do-dep-federal-joao-marcelo-junior-garimpeiro-reune-liderancas-em-centro-novo-do-ma\/"]}]},{"@type":"ImageObject","inLanguage":"pt-BR","@id":"https:\/\/maranhaotv.com.br\/index.php\/2020\/10\/17\/ao-lado-do-dep-federal-joao-marcelo-junior-garimpeiro-reune-liderancas-em-centro-novo-do-ma\/#primaryimage","url":"","contentUrl":""},{"@type":"BreadcrumbList","@id":"https:\/\/maranhaotv.com.br\/index.php\/2020\/10\/17\/ao-lado-do-dep-federal-joao-marcelo-junior-garimpeiro-reune-liderancas-em-centro-novo-do-ma\/#breadcrumb","itemListElement":[{"@type":"ListItem","position":1,"name":"In\u00edcio","item":"https:\/\/maranhaotv.com.br\/"},{"@type":"ListItem","position":2,"name":"Ao lado do Dep. Federal Jo\u00e3o Marcelo, J\u00fanior Garimpeiro re\u00fane lideran\u00e7as em Centro Novo do MA"}]},{"@type":"WebSite","@id":"https:\/\/maranhaotv.com.br\/#website","url":"https:\/\/maranhaotv.com.br\/","name":"Maranh\u00e3oTV","description":"","publisher":{"@id":"https:\/\/maranhaotv.com.br\/#organization"},"potentialAction":[{"@type":"SearchAction","target":{"@type":"EntryPoint","urlTemplate":"https:\/\/maranhaotv.com.br\/?s={search_term_string}"},"query-input":{"@type":"PropertyValueSpecification","valueRequired":true,"valueName":"search_term_string"}}],"inLanguage":"pt-BR"},{"@type":"Organization","@id":"https:\/\/maranhaotv.com.br\/#organization","name":"Portal de Not\u00edcias","url":"https:\/\/maranhaotv.com.br\/","logo":{"@type":"ImageObject","inLanguage":"pt-BR","@id":"https:\/\/maranhaotv.com.br\/#\/schema\/logo\/image\/","url":"https:\/\/maranhaotv.com.br\/wp-content\/uploads\/2024\/05\/cropped-cropped-avatar-1.png","contentUrl":"https:\/\/maranhaotv.com.br\/wp-content\/uploads\/2024\/05\/cropped-cropped-avatar-1.png","width":792,"height":428,"caption":"Portal de Not\u00edcias"},"image":{"@id":"https:\/\/maranhaotv.com.br\/#\/schema\/logo\/image\/"},"sameAs":["https:\/\/www.facebook.com\/maiobaotv","https:\/\/x.com\/sitemaranhaotv","https:\/\/www.instagram.com\/maranhao.tv","https:\/\/www.threads.net\/@maranhao.tv"]},{"@type":"Person","@id":"https:\/\/maranhaotv.com.br\/#\/schema\/person\/3d54238e86b20bb5c89ab2fdb8f8829a","name":"maranhaotv","image":{"@type":"ImageObject","inLanguage":"pt-BR","@id":"https:\/\/secure.gravatar.com\/avatar\/8fadbca458d4cb68b1dd399ae9a40618d747bb1af65ac9fad21c89220a143eb4?s=96&d=mm&r=g","url":"https:\/\/secure.gravatar.com\/avatar\/8fadbca458d4cb68b1dd399ae9a40618d747bb1af65ac9fad21c89220a143eb4?s=96&d=mm&r=g","contentUrl":"https:\/\/secure.gravatar.com\/avatar\/8fadbca458d4cb68b1dd399ae9a40618d747bb1af65ac9fad21c89220a143eb4?s=96&d=mm&r=g","caption":"maranhaotv"},"sameAs":["https:\/\/maranhaotv.com.br\/"],"url":"https:\/\/maranhaotv.com.br\/index.php\/author\/maranhaotv\/"}]}},"jetpack_featured_media_url":"","jetpack_sharing_enabled":true,"_links":{"self":[{"href":"https:\/\/maranhaotv.com.br\/index.php\/wp-json\/wp\/v2\/posts\/16018","targetHints":{"allow":["GET"]}}],"collection":[{"href":"https:\/\/maranhaotv.com.br\/index.php\/wp-json\/wp\/v2\/posts"}],"about":[{"href":"https:\/\/maranhaotv.com.br\/index.php\/wp-json\/wp\/v2\/types\/post"}],"author":[{"embeddable":true,"href":"https:\/\/maranhaotv.com.br\/index.php\/wp-json\/wp\/v2\/users\/2"}],"replies":[{"embeddable":true,"href":"https:\/\/maranhaotv.com.br\/index.php\/wp-json\/wp\/v2\/comments?post=16018"}],"version-history":[{"count":0,"href":"https:\/\/maranhaotv.com.br\/index.php\/wp-json\/wp\/v2\/posts\/16018\/revisions"}],"wp:featuredmedia":[{"embeddable":true,"href":"https:\/\/maranhaotv.com.br\/index.php\/wp-json\/"}],"wp:attachment":[{"href":"https:\/\/maranhaotv.com.br\/index.php\/wp-json\/wp\/v2\/media?parent=16018"}],"wp:term":[{"taxonomy":"category","embeddable":true,"href":"https:\/\/maranhaotv.com.br\/index.php\/wp-json\/wp\/v2\/categories?post=16018"},{"taxonomy":"post_tag","embeddable":true,"href":"https:\/\/maranhaotv.com.br\/index.php\/wp-json\/wp\/v2\/tags?post=16018"}],"curies":[{"name":"wp","href":"https:\/\/api.w.org\/{rel}","templated":true}]}}