{"id":16038,"date":"2020-10-18T07:24:14","date_gmt":"2020-10-18T10:24:14","guid":{"rendered":"https:\/\/maiobaotv.com.br\/?p=16038"},"modified":"2020-10-18T07:24:14","modified_gmt":"2020-10-18T10:24:14","slug":"aldo-lopes-realiza-a-maior-passeata-da-historia-recente-de-cururupu","status":"publish","type":"post","link":"https:\/\/maranhaotv.com.br\/index.php\/2020\/10\/18\/aldo-lopes-realiza-a-maior-passeata-da-historia-recente-de-cururupu\/","title":{"rendered":"Aldo Lopes realiza a maior passeata da hist\u00f3ria recente de Cururupu"},"content":{"rendered":"<p>Historicamente, a juventude sempre foi considerada um importante agente social, tratada, na maioria das vezes, como rebelde e com vontade de alterar a ordem vigente, lutando contra desigualdades e o autoritarismo. Embora seja uma vis\u00e3o romantizada, presente em obras como \u201cOs Miser\u00e1veis\u201d, de Victor Hugo, n\u00e3o \u00e9 de todo uma mentira, pois neste s\u00e1bado (17), a juventude de Cururupu mostrou sua for\u00e7a e marcou uma nova forma de fazer pol\u00edtica no munic\u00edpio ao realizar a maior manifesta\u00e7\u00e3o democr\u00e1tica j\u00e1 realizada por jovens no munic\u00edpio em d\u00e9cadas, trata-se do \u201cmovimento pump color jovem\u201d [inspirado no festival de Holi, da \u00edndia, a Pump Colors celebra a uni\u00e3o da m\u00fasica e cores], em Cururupu, o movimento nasceu para declarar apoio aos candidatos Aldo Lopes e Gustavo Pestana, e levou milhares de jovens \u00e0s ruas de Cururupu, formando um verdadeiro arcoiris nas ruas da cidade.<\/p>\n<p>Milhares de jovens tomam as ruas de Cururupu em apoio ao candidato Aldo Lopes e Gustavo Pestana.<br \/>\nDenominado de \u201cPasseata#segueolider\u201d, uma alus\u00e3o a lideran\u00e7a de Aldo Lopes nas inten\u00e7\u00f5es de votos realizada por pesquisa eleitoral no munic\u00edpio, o movimento de hoje (17), tomou uma propor\u00e7\u00e3o como nunca vista no munic\u00edpio nos \u00faltimos anos, para os presentes a passeata foi a maior manifesta\u00e7\u00e3o democr\u00e1tica j\u00e1 vista em Cururupu para um candidato de oposi\u00e7\u00e3o.<\/p>\n<p>Para a senhora Jacilene Rabelo, que veio do povoado de Aquiles Lisboa s\u00f3 para acompanhar a passeata, a emo\u00e7\u00e3o foi a maior j\u00e1 vivida em sua vida. \u201d Eu n\u00e3o me aguentei, chorei muito quando vir aquele mar de gente, foi uma festa linda, eu nunca tinha visto isso em nosso munic\u00edpio, e olha que eu tenho 57 anos, n\u00e3o tenho d\u00favida que o povo quer mudan\u00e7a, e a democracia vai sair ganhando\u201d, disse emocionada \u00e0 nossa reportagem.<br \/>\nPara o senhor Francisco Manoel da Silva, 62 anos, ver o movimento dos jovens foi um dos melhores momento do evento, ele afirma que nunca tinha visto a juventude tomar para se a responsabilidade pelo processo pol\u00edtico do munic\u00edpio, e que o momento realmente se difere de tudo que ele j\u00e1 viu em elei\u00e7\u00f5es passada. \u201d Sinceramente quando vir meu neto falar do movimento n\u00e3o tinha a real no\u00e7\u00e3o do que seria, mais quando passaram na minha rua eu fiquei emocionado, pois em nosso munic\u00edpio n\u00e3o \u00e9 comum ver tantos jovens juntos pedindo mudan\u00e7as e acreditando em um candidato, n\u00e3o h\u00e1 d\u00favida que nesse momento o Aldo Lopes representa a vontade desses jovens, e quando isso acontece, n\u00e3o tem o que fazer\u201d, destacou.<\/p>\n<p>Emocionado, Aldo Lopes agradeceu a cada um que direto ou indiretamente contribu\u00edram para o grande \u201csucesso\u201d do evento de hoje, e voltou a afirmar que, se eleito for em 15 de novembro, buscar\u00e1 fazer a melhor gest\u00e3o da hist\u00f3ria do munic\u00edpio. \u201d Eu nasci neste munic\u00edpio, e aqui me criei, nunca deixei minha cidade, conhe\u00e7o a realidade de cada bairro de Cururupu, e compartilho dos mesmo problemas vivido pela popula\u00e7\u00e3o, como falta de saneamento b\u00e1sico, ilumina\u00e7\u00e3o de qualidade, servi\u00e7o de sa\u00fade eficaz, fortalecimento do com\u00e9rcio local, da pesca e tantas outras coisas, n\u00e3o tenham d\u00favida meus irm\u00e3os, se eleito for, com a gra\u00e7a de Deus e ajuda de cada um voc\u00eas, vamos fazer a melhor gest\u00e3o da hist\u00f3ria desse munic\u00edpio\u201d, disse Aldo Lopes.<\/p>\n<p>Milhares de pessoas se concentram no bairro Beira do Campo em Cururupu para passeata com Aldo Lopes.<br \/>\nLopes garantiu ainda que sua candidatura n\u00e3o \u00e9 um projeto pessoal, e sim a necessidade de buscar condi\u00e7\u00f5es melhores de vida para seu povo. \u201d Ao contr\u00e1rio do que possam pensar alguns, esse n\u00e3o \u00e9 um projeto pessoal do Aldo Lopes, ao contr\u00e1rio, o que estamos vivendo agora \u00e9 fruto da vontade popular de um povo que clama por melhorias em suas vidas, por isso conversei muito com meus amigos e familiares, e claro com o meu grupo pol\u00edtico, e s\u00f3 aceitei ser candidato porque tenho a convic\u00e7\u00e3o que fiz a decis\u00e3o correta, quando eu vejo essa multid\u00e3o que nos acompanhou at\u00e9 aqui, e que diariamente nos apoia, s\u00f3 fortalece a certeza que estamos no caminho certo. Quero aqui agradecer a todos voc\u00eas, em especial aqueles que nos acompanham diariamente, a cada candidato a vereador que acreditaram em nosso projeto, bem como aos jovens, que de forma espont\u00e2nea e hist\u00f3rica, realizaram a maior manifesta\u00e7\u00e3o do g\u00eanero vista hoje em nosso munic\u00edpio, eu realmente estou muito feliz, mais principalmente, estou certo que vamos fazer o melhor pelo nosso povo\u201d, disse muito emocionado Aldo Lopes.<\/p>\n<p><img loading=\"lazy\" decoding=\"async\" src=\"https:\/\/maiobaotv.com.br\/wp-content\/uploads\/2020\/10\/img-20201018-wa00327247097035758075634.jpg\" class=\"wp-image-16040 alignnone size-full\" width=\"864\" height=\"1152\"><\/p>\n<p>A PASSEATA<\/p>\n<p>As pessoas vestidas de amarelo come\u00e7aram a se concentrar no bairro \u201cBeira do Campo\u201d, j\u00e1 por volta das 14h30min, os minutos se passaram e milhares de pessoas chegavam de v\u00e1rios pontos da cidade e dos povoados, todos queriam participar da primeira passeata realizada pelo candidato Aldo Lopes, no in\u00edcio da noite n\u00e3o n\u00e3o era mais poss\u00edvel saber onde era o in\u00edcio ou o fim da passeata, um \u201cmar de gente\u201d tomou conta das ruas do munic\u00edpio rumo ao bairro de Areia Branca, onde havia um palco para que os pol\u00edticos pudessem discursas e falar com seu povo. Antes mesmo de se deslocar para Areia Branca o grupo que se concentrou no bairro \u201cBeira do Campo foi recepcionado pelos jovens do \u201cmovimento pump color jovem\u201d, que mais cedo se reuniram no antigo aeroporto da cidade e sa\u00edram em passeata at\u00e9 o encontro de Aldo Lopes, milhares de jovens de diversas regi\u00e3o da cidade estavam presente, de roupa branca e muita anima\u00e7\u00e3o, os jovens realizaram o evento para declarar apoio aos candidatos Aldo Lopes e Gustavo Pestana, que emocionados, agradeceram o apoio dos jovens.<\/p>\n<p><img loading=\"lazy\" decoding=\"async\" src=\"https:\/\/maiobaotv.com.br\/wp-content\/uploads\/2020\/10\/img-20201018-wa00314638625698301010682.jpg\" class=\"wp-image-16042 alignnone size-full\" width=\"960\" height=\"1280\"><\/p>\n<p>AGENDA<\/p>\n<p>Neste domingo (18), por volta das 11h30min Aldo Lopes participa do programa \u201cComando Geral\u201d, comandado pelo radialista Cl\u00e1udio Mendes na R\u00e1dio Alvoda FM onde vai conceder uma entrevista para falar do seu plano de governo para o munic\u00edpio de Cururupu. J\u00e1 no per\u00edodo da tarde, onde estava previsto visitas nas comunidades de Condurus, Santa Rita e Outeiro, ser\u00e3o reagendadas<\/p>\n<div style=\"width: 640px;\" class=\"wp-video\"><video class=\"size-full\" id=\"video-16038-1\" width=\"640\" height=\"360\" preload=\"metadata\" controls=\"controls\"><source type=\"video\/mp4\" src=\"https:\/\/maiobaotv.com.br\/wp-content\/uploads\/2020\/10\/VID-20201018-WA0033-1.mp4?_=1\" \/><a href=\"https:\/\/maiobaotv.com.br\/wp-content\/uploads\/2020\/10\/VID-20201018-WA0033-1.mp4\">https:\/\/maiobaotv.com.br\/wp-content\/uploads\/2020\/10\/VID-20201018-WA0033-1.mp4<\/a><\/video><\/div>\n","protected":false},"excerpt":{"rendered":"<p>Historicamente, a juventude sempre foi considerada um importante agente social, tratada, na maioria das vezes, como rebelde e com vontade<\/p>\n","protected":false},"author":2,"featured_media":16044,"comment_status":"open","ping_status":"open","sticky":false,"template":"","format":"standard","meta":{"colormag_page_container_layout":"default_layout","colormag_page_sidebar_layout":"default_layout","_jetpack_memberships_contains_paid_content":false,"footnotes":""},"categories":[2],"tags":[],"class_list":["post-16038","post","type-post","status-publish","format-standard","has-post-thumbnail","hentry","category-noticias"],"magazineBlocksPostFeaturedMedia":{"thumbnail":false,"medium":false,"medium_large":false,"large":false,"1536x1536":false,"2048x2048":false,"colormag-highlighted-post":false,"colormag-featured-post-medium":false,"colormag-featured-post-small":false,"colormag-featured-image":false,"colormag-default-news":false,"colormag-featured-image-large":false},"magazineBlocksPostAuthor":{"name":"maranhaotv","avatar":"https:\/\/secure.gravatar.com\/avatar\/8fadbca458d4cb68b1dd399ae9a40618d747bb1af65ac9fad21c89220a143eb4?s=96&d=mm&r=g"},"magazineBlocksPostCommentsNumber":"0","magazineBlocksPostExcerpt":"Historicamente, a juventude sempre foi considerada um importante agente social, tratada, na maioria das vezes, como rebelde e com vontade","magazineBlocksPostCategories":["not\u00edcias"],"magazineBlocksPostViewCount":242,"magazineBlocksPostReadTime":6,"magazine_blocks_featured_image_url":{"full":false,"medium":false,"thumbnail":false},"magazine_blocks_author":{"display_name":"maranhaotv","author_link":"https:\/\/maranhaotv.com.br\/index.php\/author\/maranhaotv\/"},"magazine_blocks_comment":0,"magazine_blocks_author_image":"https:\/\/secure.gravatar.com\/avatar\/8fadbca458d4cb68b1dd399ae9a40618d747bb1af65ac9fad21c89220a143eb4?s=96&d=mm&r=g","magazine_blocks_category":"<a href=\"#\" class=\"category-link category-link-2\">not\u00edcias<\/a>","yoast_head":"<!-- This site is optimized with the Yoast SEO plugin v27.4 - https:\/\/yoast.com\/product\/yoast-seo-wordpress\/ -->\n<title>Aldo Lopes realiza a maior passeata da hist\u00f3ria recente de Cururupu - NOT\u00cdCIAS EM TEMPO REAL<\/title>\n<meta name=\"robots\" content=\"index, follow, max-snippet:-1, max-image-preview:large, max-video-preview:-1\" \/>\n<link rel=\"canonical\" href=\"https:\/\/maranhaotv.com.br\/index.php\/2020\/10\/18\/aldo-lopes-realiza-a-maior-passeata-da-historia-recente-de-cururupu\/\" \/>\n<meta property=\"og:locale\" content=\"pt_BR\" \/>\n<meta property=\"og:type\" content=\"article\" \/>\n<meta property=\"og:title\" content=\"Aldo Lopes realiza a maior passeata da hist\u00f3ria recente de Cururupu - NOT\u00cdCIAS EM TEMPO REAL\" \/>\n<meta property=\"og:description\" content=\"Historicamente, a juventude sempre foi considerada um importante agente social, tratada, na maioria das vezes, como rebelde e com vontade\" \/>\n<meta property=\"og:url\" content=\"https:\/\/maranhaotv.com.br\/index.php\/2020\/10\/18\/aldo-lopes-realiza-a-maior-passeata-da-historia-recente-de-cururupu\/\" \/>\n<meta property=\"og:site_name\" content=\"NOT\u00cdCIAS EM TEMPO REAL\" \/>\n<meta property=\"article:publisher\" content=\"https:\/\/www.facebook.com\/maiobaotv\" \/>\n<meta property=\"article:published_time\" content=\"2020-10-18T10:24:14+00:00\" \/>\n<meta name=\"author\" content=\"maranhaotv\" \/>\n<meta name=\"twitter:card\" content=\"summary_large_image\" \/>\n<meta name=\"twitter:creator\" content=\"@sitemaranhaotv\" \/>\n<meta name=\"twitter:site\" content=\"@sitemaranhaotv\" \/>\n<meta name=\"twitter:label1\" content=\"Escrito por\" \/>\n\t<meta name=\"twitter:data1\" content=\"maranhaotv\" \/>\n\t<meta name=\"twitter:label2\" content=\"Est. tempo de leitura\" \/>\n\t<meta name=\"twitter:data2\" content=\"5 minutos\" \/>\n<script type=\"application\/ld+json\" class=\"yoast-schema-graph\">{\"@context\":\"https:\\\/\\\/schema.org\",\"@graph\":[{\"@type\":\"Article\",\"@id\":\"https:\\\/\\\/maranhaotv.com.br\\\/index.php\\\/2020\\\/10\\\/18\\\/aldo-lopes-realiza-a-maior-passeata-da-historia-recente-de-cururupu\\\/#article\",\"isPartOf\":{\"@id\":\"https:\\\/\\\/maranhaotv.com.br\\\/index.php\\\/2020\\\/10\\\/18\\\/aldo-lopes-realiza-a-maior-passeata-da-historia-recente-de-cururupu\\\/\"},\"author\":{\"name\":\"maranhaotv\",\"@id\":\"https:\\\/\\\/maranhaotv.com.br\\\/#\\\/schema\\\/person\\\/3d54238e86b20bb5c89ab2fdb8f8829a\"},\"headline\":\"Aldo Lopes realiza a maior passeata da hist\u00f3ria recente de Cururupu\",\"datePublished\":\"2020-10-18T10:24:14+00:00\",\"mainEntityOfPage\":{\"@id\":\"https:\\\/\\\/maranhaotv.com.br\\\/index.php\\\/2020\\\/10\\\/18\\\/aldo-lopes-realiza-a-maior-passeata-da-historia-recente-de-cururupu\\\/\"},\"wordCount\":1085,\"commentCount\":0,\"publisher\":{\"@id\":\"https:\\\/\\\/maranhaotv.com.br\\\/#organization\"},\"image\":{\"@id\":\"https:\\\/\\\/maranhaotv.com.br\\\/index.php\\\/2020\\\/10\\\/18\\\/aldo-lopes-realiza-a-maior-passeata-da-historia-recente-de-cururupu\\\/#primaryimage\"},\"thumbnailUrl\":\"\",\"articleSection\":[\"not\u00edcias\"],\"inLanguage\":\"pt-BR\",\"potentialAction\":[{\"@type\":\"CommentAction\",\"name\":\"Comment\",\"target\":[\"https:\\\/\\\/maranhaotv.com.br\\\/index.php\\\/2020\\\/10\\\/18\\\/aldo-lopes-realiza-a-maior-passeata-da-historia-recente-de-cururupu\\\/#respond\"]}]},{\"@type\":\"WebPage\",\"@id\":\"https:\\\/\\\/maranhaotv.com.br\\\/index.php\\\/2020\\\/10\\\/18\\\/aldo-lopes-realiza-a-maior-passeata-da-historia-recente-de-cururupu\\\/\",\"url\":\"https:\\\/\\\/maranhaotv.com.br\\\/index.php\\\/2020\\\/10\\\/18\\\/aldo-lopes-realiza-a-maior-passeata-da-historia-recente-de-cururupu\\\/\",\"name\":\"Aldo Lopes realiza a maior passeata da hist\u00f3ria recente de Cururupu - NOT\u00cdCIAS EM TEMPO REAL\",\"isPartOf\":{\"@id\":\"https:\\\/\\\/maranhaotv.com.br\\\/#website\"},\"primaryImageOfPage\":{\"@id\":\"https:\\\/\\\/maranhaotv.com.br\\\/index.php\\\/2020\\\/10\\\/18\\\/aldo-lopes-realiza-a-maior-passeata-da-historia-recente-de-cururupu\\\/#primaryimage\"},\"image\":{\"@id\":\"https:\\\/\\\/maranhaotv.com.br\\\/index.php\\\/2020\\\/10\\\/18\\\/aldo-lopes-realiza-a-maior-passeata-da-historia-recente-de-cururupu\\\/#primaryimage\"},\"thumbnailUrl\":\"\",\"datePublished\":\"2020-10-18T10:24:14+00:00\",\"breadcrumb\":{\"@id\":\"https:\\\/\\\/maranhaotv.com.br\\\/index.php\\\/2020\\\/10\\\/18\\\/aldo-lopes-realiza-a-maior-passeata-da-historia-recente-de-cururupu\\\/#breadcrumb\"},\"inLanguage\":\"pt-BR\",\"potentialAction\":[{\"@type\":\"ReadAction\",\"target\":[\"https:\\\/\\\/maranhaotv.com.br\\\/index.php\\\/2020\\\/10\\\/18\\\/aldo-lopes-realiza-a-maior-passeata-da-historia-recente-de-cururupu\\\/\"]}]},{\"@type\":\"ImageObject\",\"inLanguage\":\"pt-BR\",\"@id\":\"https:\\\/\\\/maranhaotv.com.br\\\/index.php\\\/2020\\\/10\\\/18\\\/aldo-lopes-realiza-a-maior-passeata-da-historia-recente-de-cururupu\\\/#primaryimage\",\"url\":\"\",\"contentUrl\":\"\"},{\"@type\":\"BreadcrumbList\",\"@id\":\"https:\\\/\\\/maranhaotv.com.br\\\/index.php\\\/2020\\\/10\\\/18\\\/aldo-lopes-realiza-a-maior-passeata-da-historia-recente-de-cururupu\\\/#breadcrumb\",\"itemListElement\":[{\"@type\":\"ListItem\",\"position\":1,\"name\":\"In\u00edcio\",\"item\":\"https:\\\/\\\/maranhaotv.com.br\\\/\"},{\"@type\":\"ListItem\",\"position\":2,\"name\":\"Aldo Lopes realiza a maior passeata da hist\u00f3ria recente de Cururupu\"}]},{\"@type\":\"WebSite\",\"@id\":\"https:\\\/\\\/maranhaotv.com.br\\\/#website\",\"url\":\"https:\\\/\\\/maranhaotv.com.br\\\/\",\"name\":\"Maranh\u00e3oTV\",\"description\":\"\",\"publisher\":{\"@id\":\"https:\\\/\\\/maranhaotv.com.br\\\/#organization\"},\"potentialAction\":[{\"@type\":\"SearchAction\",\"target\":{\"@type\":\"EntryPoint\",\"urlTemplate\":\"https:\\\/\\\/maranhaotv.com.br\\\/?s={search_term_string}\"},\"query-input\":{\"@type\":\"PropertyValueSpecification\",\"valueRequired\":true,\"valueName\":\"search_term_string\"}}],\"inLanguage\":\"pt-BR\"},{\"@type\":\"Organization\",\"@id\":\"https:\\\/\\\/maranhaotv.com.br\\\/#organization\",\"name\":\"Portal de Not\u00edcias\",\"url\":\"https:\\\/\\\/maranhaotv.com.br\\\/\",\"logo\":{\"@type\":\"ImageObject\",\"inLanguage\":\"pt-BR\",\"@id\":\"https:\\\/\\\/maranhaotv.com.br\\\/#\\\/schema\\\/logo\\\/image\\\/\",\"url\":\"https:\\\/\\\/maranhaotv.com.br\\\/wp-content\\\/uploads\\\/2024\\\/05\\\/cropped-cropped-avatar-1.png\",\"contentUrl\":\"https:\\\/\\\/maranhaotv.com.br\\\/wp-content\\\/uploads\\\/2024\\\/05\\\/cropped-cropped-avatar-1.png\",\"width\":792,\"height\":428,\"caption\":\"Portal de Not\u00edcias\"},\"image\":{\"@id\":\"https:\\\/\\\/maranhaotv.com.br\\\/#\\\/schema\\\/logo\\\/image\\\/\"},\"sameAs\":[\"https:\\\/\\\/www.facebook.com\\\/maiobaotv\",\"https:\\\/\\\/x.com\\\/sitemaranhaotv\",\"https:\\\/\\\/www.instagram.com\\\/maranhao.tv\",\"https:\\\/\\\/www.threads.net\\\/@maranhao.tv\"]},{\"@type\":\"Person\",\"@id\":\"https:\\\/\\\/maranhaotv.com.br\\\/#\\\/schema\\\/person\\\/3d54238e86b20bb5c89ab2fdb8f8829a\",\"name\":\"maranhaotv\",\"image\":{\"@type\":\"ImageObject\",\"inLanguage\":\"pt-BR\",\"@id\":\"https:\\\/\\\/secure.gravatar.com\\\/avatar\\\/8fadbca458d4cb68b1dd399ae9a40618d747bb1af65ac9fad21c89220a143eb4?s=96&d=mm&r=g\",\"url\":\"https:\\\/\\\/secure.gravatar.com\\\/avatar\\\/8fadbca458d4cb68b1dd399ae9a40618d747bb1af65ac9fad21c89220a143eb4?s=96&d=mm&r=g\",\"contentUrl\":\"https:\\\/\\\/secure.gravatar.com\\\/avatar\\\/8fadbca458d4cb68b1dd399ae9a40618d747bb1af65ac9fad21c89220a143eb4?s=96&d=mm&r=g\",\"caption\":\"maranhaotv\"},\"sameAs\":[\"https:\\\/\\\/maranhaotv.com.br\\\/\"],\"url\":\"https:\\\/\\\/maranhaotv.com.br\\\/index.php\\\/author\\\/maranhaotv\\\/\"}]}<\/script>\n<!-- \/ Yoast SEO plugin. -->","yoast_head_json":{"title":"Aldo Lopes realiza a maior passeata da hist\u00f3ria recente de Cururupu - NOT\u00cdCIAS EM TEMPO REAL","robots":{"index":"index","follow":"follow","max-snippet":"max-snippet:-1","max-image-preview":"max-image-preview:large","max-video-preview":"max-video-preview:-1"},"canonical":"https:\/\/maranhaotv.com.br\/index.php\/2020\/10\/18\/aldo-lopes-realiza-a-maior-passeata-da-historia-recente-de-cururupu\/","og_locale":"pt_BR","og_type":"article","og_title":"Aldo Lopes realiza a maior passeata da hist\u00f3ria recente de Cururupu - NOT\u00cdCIAS EM TEMPO REAL","og_description":"Historicamente, a juventude sempre foi considerada um importante agente social, tratada, na maioria das vezes, como rebelde e com vontade","og_url":"https:\/\/maranhaotv.com.br\/index.php\/2020\/10\/18\/aldo-lopes-realiza-a-maior-passeata-da-historia-recente-de-cururupu\/","og_site_name":"NOT\u00cdCIAS EM TEMPO REAL","article_publisher":"https:\/\/www.facebook.com\/maiobaotv","article_published_time":"2020-10-18T10:24:14+00:00","author":"maranhaotv","twitter_card":"summary_large_image","twitter_creator":"@sitemaranhaotv","twitter_site":"@sitemaranhaotv","twitter_misc":{"Escrito por":"maranhaotv","Est. tempo de leitura":"5 minutos"},"schema":{"@context":"https:\/\/schema.org","@graph":[{"@type":"Article","@id":"https:\/\/maranhaotv.com.br\/index.php\/2020\/10\/18\/aldo-lopes-realiza-a-maior-passeata-da-historia-recente-de-cururupu\/#article","isPartOf":{"@id":"https:\/\/maranhaotv.com.br\/index.php\/2020\/10\/18\/aldo-lopes-realiza-a-maior-passeata-da-historia-recente-de-cururupu\/"},"author":{"name":"maranhaotv","@id":"https:\/\/maranhaotv.com.br\/#\/schema\/person\/3d54238e86b20bb5c89ab2fdb8f8829a"},"headline":"Aldo Lopes realiza a maior passeata da hist\u00f3ria recente de Cururupu","datePublished":"2020-10-18T10:24:14+00:00","mainEntityOfPage":{"@id":"https:\/\/maranhaotv.com.br\/index.php\/2020\/10\/18\/aldo-lopes-realiza-a-maior-passeata-da-historia-recente-de-cururupu\/"},"wordCount":1085,"commentCount":0,"publisher":{"@id":"https:\/\/maranhaotv.com.br\/#organization"},"image":{"@id":"https:\/\/maranhaotv.com.br\/index.php\/2020\/10\/18\/aldo-lopes-realiza-a-maior-passeata-da-historia-recente-de-cururupu\/#primaryimage"},"thumbnailUrl":"","articleSection":["not\u00edcias"],"inLanguage":"pt-BR","potentialAction":[{"@type":"CommentAction","name":"Comment","target":["https:\/\/maranhaotv.com.br\/index.php\/2020\/10\/18\/aldo-lopes-realiza-a-maior-passeata-da-historia-recente-de-cururupu\/#respond"]}]},{"@type":"WebPage","@id":"https:\/\/maranhaotv.com.br\/index.php\/2020\/10\/18\/aldo-lopes-realiza-a-maior-passeata-da-historia-recente-de-cururupu\/","url":"https:\/\/maranhaotv.com.br\/index.php\/2020\/10\/18\/aldo-lopes-realiza-a-maior-passeata-da-historia-recente-de-cururupu\/","name":"Aldo Lopes realiza a maior passeata da hist\u00f3ria recente de Cururupu - NOT\u00cdCIAS EM TEMPO REAL","isPartOf":{"@id":"https:\/\/maranhaotv.com.br\/#website"},"primaryImageOfPage":{"@id":"https:\/\/maranhaotv.com.br\/index.php\/2020\/10\/18\/aldo-lopes-realiza-a-maior-passeata-da-historia-recente-de-cururupu\/#primaryimage"},"image":{"@id":"https:\/\/maranhaotv.com.br\/index.php\/2020\/10\/18\/aldo-lopes-realiza-a-maior-passeata-da-historia-recente-de-cururupu\/#primaryimage"},"thumbnailUrl":"","datePublished":"2020-10-18T10:24:14+00:00","breadcrumb":{"@id":"https:\/\/maranhaotv.com.br\/index.php\/2020\/10\/18\/aldo-lopes-realiza-a-maior-passeata-da-historia-recente-de-cururupu\/#breadcrumb"},"inLanguage":"pt-BR","potentialAction":[{"@type":"ReadAction","target":["https:\/\/maranhaotv.com.br\/index.php\/2020\/10\/18\/aldo-lopes-realiza-a-maior-passeata-da-historia-recente-de-cururupu\/"]}]},{"@type":"ImageObject","inLanguage":"pt-BR","@id":"https:\/\/maranhaotv.com.br\/index.php\/2020\/10\/18\/aldo-lopes-realiza-a-maior-passeata-da-historia-recente-de-cururupu\/#primaryimage","url":"","contentUrl":""},{"@type":"BreadcrumbList","@id":"https:\/\/maranhaotv.com.br\/index.php\/2020\/10\/18\/aldo-lopes-realiza-a-maior-passeata-da-historia-recente-de-cururupu\/#breadcrumb","itemListElement":[{"@type":"ListItem","position":1,"name":"In\u00edcio","item":"https:\/\/maranhaotv.com.br\/"},{"@type":"ListItem","position":2,"name":"Aldo Lopes realiza a maior passeata da hist\u00f3ria recente de Cururupu"}]},{"@type":"WebSite","@id":"https:\/\/maranhaotv.com.br\/#website","url":"https:\/\/maranhaotv.com.br\/","name":"Maranh\u00e3oTV","description":"","publisher":{"@id":"https:\/\/maranhaotv.com.br\/#organization"},"potentialAction":[{"@type":"SearchAction","target":{"@type":"EntryPoint","urlTemplate":"https:\/\/maranhaotv.com.br\/?s={search_term_string}"},"query-input":{"@type":"PropertyValueSpecification","valueRequired":true,"valueName":"search_term_string"}}],"inLanguage":"pt-BR"},{"@type":"Organization","@id":"https:\/\/maranhaotv.com.br\/#organization","name":"Portal de Not\u00edcias","url":"https:\/\/maranhaotv.com.br\/","logo":{"@type":"ImageObject","inLanguage":"pt-BR","@id":"https:\/\/maranhaotv.com.br\/#\/schema\/logo\/image\/","url":"https:\/\/maranhaotv.com.br\/wp-content\/uploads\/2024\/05\/cropped-cropped-avatar-1.png","contentUrl":"https:\/\/maranhaotv.com.br\/wp-content\/uploads\/2024\/05\/cropped-cropped-avatar-1.png","width":792,"height":428,"caption":"Portal de Not\u00edcias"},"image":{"@id":"https:\/\/maranhaotv.com.br\/#\/schema\/logo\/image\/"},"sameAs":["https:\/\/www.facebook.com\/maiobaotv","https:\/\/x.com\/sitemaranhaotv","https:\/\/www.instagram.com\/maranhao.tv","https:\/\/www.threads.net\/@maranhao.tv"]},{"@type":"Person","@id":"https:\/\/maranhaotv.com.br\/#\/schema\/person\/3d54238e86b20bb5c89ab2fdb8f8829a","name":"maranhaotv","image":{"@type":"ImageObject","inLanguage":"pt-BR","@id":"https:\/\/secure.gravatar.com\/avatar\/8fadbca458d4cb68b1dd399ae9a40618d747bb1af65ac9fad21c89220a143eb4?s=96&d=mm&r=g","url":"https:\/\/secure.gravatar.com\/avatar\/8fadbca458d4cb68b1dd399ae9a40618d747bb1af65ac9fad21c89220a143eb4?s=96&d=mm&r=g","contentUrl":"https:\/\/secure.gravatar.com\/avatar\/8fadbca458d4cb68b1dd399ae9a40618d747bb1af65ac9fad21c89220a143eb4?s=96&d=mm&r=g","caption":"maranhaotv"},"sameAs":["https:\/\/maranhaotv.com.br\/"],"url":"https:\/\/maranhaotv.com.br\/index.php\/author\/maranhaotv\/"}]}},"jetpack_featured_media_url":"","jetpack_sharing_enabled":true,"_links":{"self":[{"href":"https:\/\/maranhaotv.com.br\/index.php\/wp-json\/wp\/v2\/posts\/16038","targetHints":{"allow":["GET"]}}],"collection":[{"href":"https:\/\/maranhaotv.com.br\/index.php\/wp-json\/wp\/v2\/posts"}],"about":[{"href":"https:\/\/maranhaotv.com.br\/index.php\/wp-json\/wp\/v2\/types\/post"}],"author":[{"embeddable":true,"href":"https:\/\/maranhaotv.com.br\/index.php\/wp-json\/wp\/v2\/users\/2"}],"replies":[{"embeddable":true,"href":"https:\/\/maranhaotv.com.br\/index.php\/wp-json\/wp\/v2\/comments?post=16038"}],"version-history":[{"count":0,"href":"https:\/\/maranhaotv.com.br\/index.php\/wp-json\/wp\/v2\/posts\/16038\/revisions"}],"wp:featuredmedia":[{"embeddable":true,"href":"https:\/\/maranhaotv.com.br\/index.php\/wp-json\/"}],"wp:attachment":[{"href":"https:\/\/maranhaotv.com.br\/index.php\/wp-json\/wp\/v2\/media?parent=16038"}],"wp:term":[{"taxonomy":"category","embeddable":true,"href":"https:\/\/maranhaotv.com.br\/index.php\/wp-json\/wp\/v2\/categories?post=16038"},{"taxonomy":"post_tag","embeddable":true,"href":"https:\/\/maranhaotv.com.br\/index.php\/wp-json\/wp\/v2\/tags?post=16038"}],"curies":[{"name":"wp","href":"https:\/\/api.w.org\/{rel}","templated":true}]}}