{"id":16966,"date":"2020-11-08T00:00:19","date_gmt":"2020-11-08T03:00:19","guid":{"rendered":"https:\/\/maranhaotv.com.br\/?p=16966"},"modified":"2020-11-08T00:00:19","modified_gmt":"2020-11-08T03:00:19","slug":"afonso-cunha-floriano-sacramenta-vitoria-em-mega-comicio-e-recebe-apoio-de-americo-bacelar","status":"publish","type":"post","link":"https:\/\/maranhaotv.com.br\/index.php\/2020\/11\/08\/afonso-cunha-floriano-sacramenta-vitoria-em-mega-comicio-e-recebe-apoio-de-americo-bacelar\/","title":{"rendered":"Afonso Cunha: Floriano sacramenta vit\u00f3ria em mega com\u00edcio e recebe apoio de Am\u00e9rico Bacelar"},"content":{"rendered":"<p>Sexta-feira, 06 de novembro, o povoado Lol\u00f3ia viveu um momento hist\u00f3rico na pol\u00edtica afonsocunhense. o  candidato \u00e0 prefeito Floriano 90 e sua vice J\u00f4, realizaram um mega ato pol\u00edtico, juntamente com a caravana do bem, que comp\u00f5e os candidatos a vereadores e apoiadores.<\/p>\n<p>O evento contou com a presen\u00e7a de v\u00e1rias lideran\u00e7as pol\u00edticas e tamb\u00e9m do sr. Am\u00e9rico Bacelar, irm\u00e3o do atual prefeito e candidato a reelei\u00e7\u00e3o Arquimedes Bacelar e  v\u00e1rios outros, que juntos sacramentaram a vit\u00f3ria ao realizar o maior com\u00edcio j\u00e1 visto na zona rural.<br \/>\nEm seu discurso, Am\u00e9rico Bacelar fez revela\u00e7\u00f5es bomb\u00e1sticas que envolve o seu irm\u00e3o prefeito e candidato a reelei\u00e7\u00e3o.<\/p>\n<p>Em  discurso, Floriano falou de alguns Projetos, disse que ser\u00e1 a voz do povo afonsocunhense e com a for\u00e7a da popula\u00e7\u00e3o mostrar\u00e1 servi\u00e7os e ir\u00e1 buscar recursos para a realiza\u00e7\u00e3o de projetos  que melhore a vida de cada cidad\u00e3o e cidad\u00e3, principalmente os mais necessitados.<\/p>\n<p>Floriano defendeu ainda,  investimento ao Homem do campo, investimento na sa\u00fade, educa\u00e7\u00e3o e infraestrutura  e agradeceu todas as pessoas que est\u00e3o a frente dessa caminhada e pediu voto para os candidatos a vereadores da coliga\u00e7\u00e3o, para que o povo seja respeitado e tenhamos uma Afonso Cunha sem persegui\u00e7\u00e3o.<\/p>\n<p><img loading=\"lazy\" decoding=\"async\" src=\"https:\/\/maranhaotv.com.br\/wp-content\/uploads\/2020\/11\/img-20201107-wa05301015550791845770820.jpg\" class=\"wp-image-16963 alignnone size-full\" width=\"1280\" height=\"904\"><\/p>\n<p><img loading=\"lazy\" decoding=\"async\" src=\"https:\/\/maranhaotv.com.br\/wp-content\/uploads\/2020\/11\/img-20201107-wa05295586225818538951934.jpg\" class=\"wp-image-16962 alignnone size-full\" width=\"1280\" height=\"742\"><\/p>\n<p><img loading=\"lazy\" decoding=\"async\" src=\"https:\/\/maranhaotv.com.br\/wp-content\/uploads\/2020\/11\/img-20201107-wa05335086982331586889654.jpg\" class=\"wp-image-16965 alignnone size-full\" width=\"1280\" height=\"742\"><\/p>\n<p><img loading=\"lazy\" decoding=\"async\" src=\"https:\/\/maranhaotv.com.br\/wp-content\/uploads\/2020\/11\/img-20201107-wa05315562196875388568315.jpg\" class=\"wp-image-16964 alignnone size-full\" width=\"1280\" height=\"742\"><\/p>\n","protected":false},"excerpt":{"rendered":"<p>Sexta-feira, 06 de novembro, o povoado Lol\u00f3ia viveu um momento hist\u00f3rico na pol\u00edtica afonsocunhense. o candidato \u00e0 prefeito Floriano 90<\/p>\n","protected":false},"author":2,"featured_media":16968,"comment_status":"open","ping_status":"open","sticky":false,"template":"","format":"standard","meta":{"colormag_page_container_layout":"default_layout","colormag_page_sidebar_layout":"default_layout","_jetpack_memberships_contains_paid_content":false,"footnotes":""},"categories":[2,6],"tags":[243],"class_list":["post-16966","post","type-post","status-publish","format-standard","has-post-thumbnail","hentry","category-noticias","category-politica","tag-afonso-cunha"],"magazineBlocksPostFeaturedMedia":{"thumbnail":false,"medium":false,"medium_large":false,"large":false,"1536x1536":false,"2048x2048":false,"colormag-highlighted-post":false,"colormag-featured-post-medium":false,"colormag-featured-post-small":false,"colormag-featured-image":false,"colormag-default-news":false,"colormag-featured-image-large":false},"magazineBlocksPostAuthor":{"name":"maranhaotv","avatar":"https:\/\/secure.gravatar.com\/avatar\/8fadbca458d4cb68b1dd399ae9a40618d747bb1af65ac9fad21c89220a143eb4?s=96&d=mm&r=g"},"magazineBlocksPostCommentsNumber":"0","magazineBlocksPostExcerpt":"Sexta-feira, 06 de novembro, o povoado Lol\u00f3ia viveu um momento hist\u00f3rico na pol\u00edtica afonsocunhense. o candidato \u00e0 prefeito Floriano 90","magazineBlocksPostCategories":["not\u00edcias","pol\u00edtica"],"magazineBlocksPostViewCount":171,"magazineBlocksPostReadTime":2,"magazine_blocks_featured_image_url":{"full":false,"medium":false,"thumbnail":false},"magazine_blocks_author":{"display_name":"maranhaotv","author_link":"https:\/\/maranhaotv.com.br\/index.php\/author\/maranhaotv\/"},"magazine_blocks_comment":0,"magazine_blocks_author_image":"https:\/\/secure.gravatar.com\/avatar\/8fadbca458d4cb68b1dd399ae9a40618d747bb1af65ac9fad21c89220a143eb4?s=96&d=mm&r=g","magazine_blocks_category":"<a href=\"#\" class=\"category-link category-link-2\">not\u00edcias<\/a> <a href=\"#\" class=\"category-link category-link-6\">pol\u00edtica<\/a>","yoast_head":"<!-- This site is optimized with the Yoast SEO plugin v27.4 - https:\/\/yoast.com\/product\/yoast-seo-wordpress\/ -->\n<title>Afonso Cunha: Floriano sacramenta vit\u00f3ria em mega com\u00edcio e recebe apoio de Am\u00e9rico Bacelar - NOT\u00cdCIAS EM TEMPO REAL<\/title>\n<meta name=\"robots\" content=\"index, follow, max-snippet:-1, max-image-preview:large, max-video-preview:-1\" \/>\n<link rel=\"canonical\" href=\"https:\/\/maranhaotv.com.br\/index.php\/2020\/11\/08\/afonso-cunha-floriano-sacramenta-vitoria-em-mega-comicio-e-recebe-apoio-de-americo-bacelar\/\" \/>\n<meta property=\"og:locale\" content=\"pt_BR\" \/>\n<meta property=\"og:type\" content=\"article\" \/>\n<meta property=\"og:title\" content=\"Afonso Cunha: Floriano sacramenta vit\u00f3ria em mega com\u00edcio e recebe apoio de Am\u00e9rico Bacelar - NOT\u00cdCIAS EM TEMPO REAL\" \/>\n<meta property=\"og:description\" content=\"Sexta-feira, 06 de novembro, o povoado Lol\u00f3ia viveu um momento hist\u00f3rico na pol\u00edtica afonsocunhense. o candidato \u00e0 prefeito Floriano 90\" \/>\n<meta property=\"og:url\" content=\"https:\/\/maranhaotv.com.br\/index.php\/2020\/11\/08\/afonso-cunha-floriano-sacramenta-vitoria-em-mega-comicio-e-recebe-apoio-de-americo-bacelar\/\" \/>\n<meta property=\"og:site_name\" content=\"NOT\u00cdCIAS EM TEMPO REAL\" \/>\n<meta property=\"article:publisher\" content=\"https:\/\/www.facebook.com\/maiobaotv\" \/>\n<meta property=\"article:published_time\" content=\"2020-11-08T03:00:19+00:00\" \/>\n<meta name=\"author\" content=\"maranhaotv\" \/>\n<meta name=\"twitter:card\" content=\"summary_large_image\" \/>\n<meta name=\"twitter:creator\" content=\"@sitemaranhaotv\" \/>\n<meta name=\"twitter:site\" content=\"@sitemaranhaotv\" \/>\n<meta name=\"twitter:label1\" content=\"Escrito por\" \/>\n\t<meta name=\"twitter:data1\" content=\"maranhaotv\" \/>\n\t<meta name=\"twitter:label2\" content=\"Est. tempo de leitura\" \/>\n\t<meta name=\"twitter:data2\" content=\"1 minuto\" \/>\n<script type=\"application\/ld+json\" class=\"yoast-schema-graph\">{\"@context\":\"https:\\\/\\\/schema.org\",\"@graph\":[{\"@type\":\"Article\",\"@id\":\"https:\\\/\\\/maranhaotv.com.br\\\/index.php\\\/2020\\\/11\\\/08\\\/afonso-cunha-floriano-sacramenta-vitoria-em-mega-comicio-e-recebe-apoio-de-americo-bacelar\\\/#article\",\"isPartOf\":{\"@id\":\"https:\\\/\\\/maranhaotv.com.br\\\/index.php\\\/2020\\\/11\\\/08\\\/afonso-cunha-floriano-sacramenta-vitoria-em-mega-comicio-e-recebe-apoio-de-americo-bacelar\\\/\"},\"author\":{\"name\":\"maranhaotv\",\"@id\":\"https:\\\/\\\/maranhaotv.com.br\\\/#\\\/schema\\\/person\\\/3d54238e86b20bb5c89ab2fdb8f8829a\"},\"headline\":\"Afonso Cunha: Floriano sacramenta vit\u00f3ria em mega com\u00edcio e recebe apoio de Am\u00e9rico Bacelar\",\"datePublished\":\"2020-11-08T03:00:19+00:00\",\"mainEntityOfPage\":{\"@id\":\"https:\\\/\\\/maranhaotv.com.br\\\/index.php\\\/2020\\\/11\\\/08\\\/afonso-cunha-floriano-sacramenta-vitoria-em-mega-comicio-e-recebe-apoio-de-americo-bacelar\\\/\"},\"wordCount\":243,\"commentCount\":0,\"publisher\":{\"@id\":\"https:\\\/\\\/maranhaotv.com.br\\\/#organization\"},\"image\":{\"@id\":\"https:\\\/\\\/maranhaotv.com.br\\\/index.php\\\/2020\\\/11\\\/08\\\/afonso-cunha-floriano-sacramenta-vitoria-em-mega-comicio-e-recebe-apoio-de-americo-bacelar\\\/#primaryimage\"},\"thumbnailUrl\":\"\",\"keywords\":[\"Afonso Cunha\"],\"articleSection\":[\"not\u00edcias\",\"pol\u00edtica\"],\"inLanguage\":\"pt-BR\",\"potentialAction\":[{\"@type\":\"CommentAction\",\"name\":\"Comment\",\"target\":[\"https:\\\/\\\/maranhaotv.com.br\\\/index.php\\\/2020\\\/11\\\/08\\\/afonso-cunha-floriano-sacramenta-vitoria-em-mega-comicio-e-recebe-apoio-de-americo-bacelar\\\/#respond\"]}]},{\"@type\":\"WebPage\",\"@id\":\"https:\\\/\\\/maranhaotv.com.br\\\/index.php\\\/2020\\\/11\\\/08\\\/afonso-cunha-floriano-sacramenta-vitoria-em-mega-comicio-e-recebe-apoio-de-americo-bacelar\\\/\",\"url\":\"https:\\\/\\\/maranhaotv.com.br\\\/index.php\\\/2020\\\/11\\\/08\\\/afonso-cunha-floriano-sacramenta-vitoria-em-mega-comicio-e-recebe-apoio-de-americo-bacelar\\\/\",\"name\":\"Afonso Cunha: Floriano sacramenta vit\u00f3ria em mega com\u00edcio e recebe apoio de Am\u00e9rico Bacelar - NOT\u00cdCIAS EM TEMPO REAL\",\"isPartOf\":{\"@id\":\"https:\\\/\\\/maranhaotv.com.br\\\/#website\"},\"primaryImageOfPage\":{\"@id\":\"https:\\\/\\\/maranhaotv.com.br\\\/index.php\\\/2020\\\/11\\\/08\\\/afonso-cunha-floriano-sacramenta-vitoria-em-mega-comicio-e-recebe-apoio-de-americo-bacelar\\\/#primaryimage\"},\"image\":{\"@id\":\"https:\\\/\\\/maranhaotv.com.br\\\/index.php\\\/2020\\\/11\\\/08\\\/afonso-cunha-floriano-sacramenta-vitoria-em-mega-comicio-e-recebe-apoio-de-americo-bacelar\\\/#primaryimage\"},\"thumbnailUrl\":\"\",\"datePublished\":\"2020-11-08T03:00:19+00:00\",\"breadcrumb\":{\"@id\":\"https:\\\/\\\/maranhaotv.com.br\\\/index.php\\\/2020\\\/11\\\/08\\\/afonso-cunha-floriano-sacramenta-vitoria-em-mega-comicio-e-recebe-apoio-de-americo-bacelar\\\/#breadcrumb\"},\"inLanguage\":\"pt-BR\",\"potentialAction\":[{\"@type\":\"ReadAction\",\"target\":[\"https:\\\/\\\/maranhaotv.com.br\\\/index.php\\\/2020\\\/11\\\/08\\\/afonso-cunha-floriano-sacramenta-vitoria-em-mega-comicio-e-recebe-apoio-de-americo-bacelar\\\/\"]}]},{\"@type\":\"ImageObject\",\"inLanguage\":\"pt-BR\",\"@id\":\"https:\\\/\\\/maranhaotv.com.br\\\/index.php\\\/2020\\\/11\\\/08\\\/afonso-cunha-floriano-sacramenta-vitoria-em-mega-comicio-e-recebe-apoio-de-americo-bacelar\\\/#primaryimage\",\"url\":\"\",\"contentUrl\":\"\"},{\"@type\":\"BreadcrumbList\",\"@id\":\"https:\\\/\\\/maranhaotv.com.br\\\/index.php\\\/2020\\\/11\\\/08\\\/afonso-cunha-floriano-sacramenta-vitoria-em-mega-comicio-e-recebe-apoio-de-americo-bacelar\\\/#breadcrumb\",\"itemListElement\":[{\"@type\":\"ListItem\",\"position\":1,\"name\":\"In\u00edcio\",\"item\":\"https:\\\/\\\/maranhaotv.com.br\\\/\"},{\"@type\":\"ListItem\",\"position\":2,\"name\":\"Afonso Cunha: Floriano sacramenta vit\u00f3ria em mega com\u00edcio e recebe apoio de Am\u00e9rico Bacelar\"}]},{\"@type\":\"WebSite\",\"@id\":\"https:\\\/\\\/maranhaotv.com.br\\\/#website\",\"url\":\"https:\\\/\\\/maranhaotv.com.br\\\/\",\"name\":\"Maranh\u00e3oTV\",\"description\":\"\",\"publisher\":{\"@id\":\"https:\\\/\\\/maranhaotv.com.br\\\/#organization\"},\"potentialAction\":[{\"@type\":\"SearchAction\",\"target\":{\"@type\":\"EntryPoint\",\"urlTemplate\":\"https:\\\/\\\/maranhaotv.com.br\\\/?s={search_term_string}\"},\"query-input\":{\"@type\":\"PropertyValueSpecification\",\"valueRequired\":true,\"valueName\":\"search_term_string\"}}],\"inLanguage\":\"pt-BR\"},{\"@type\":\"Organization\",\"@id\":\"https:\\\/\\\/maranhaotv.com.br\\\/#organization\",\"name\":\"Portal de Not\u00edcias\",\"url\":\"https:\\\/\\\/maranhaotv.com.br\\\/\",\"logo\":{\"@type\":\"ImageObject\",\"inLanguage\":\"pt-BR\",\"@id\":\"https:\\\/\\\/maranhaotv.com.br\\\/#\\\/schema\\\/logo\\\/image\\\/\",\"url\":\"https:\\\/\\\/maranhaotv.com.br\\\/wp-content\\\/uploads\\\/2024\\\/05\\\/cropped-cropped-avatar-1.png\",\"contentUrl\":\"https:\\\/\\\/maranhaotv.com.br\\\/wp-content\\\/uploads\\\/2024\\\/05\\\/cropped-cropped-avatar-1.png\",\"width\":792,\"height\":428,\"caption\":\"Portal de Not\u00edcias\"},\"image\":{\"@id\":\"https:\\\/\\\/maranhaotv.com.br\\\/#\\\/schema\\\/logo\\\/image\\\/\"},\"sameAs\":[\"https:\\\/\\\/www.facebook.com\\\/maiobaotv\",\"https:\\\/\\\/x.com\\\/sitemaranhaotv\",\"https:\\\/\\\/www.instagram.com\\\/maranhao.tv\",\"https:\\\/\\\/www.threads.net\\\/@maranhao.tv\"]},{\"@type\":\"Person\",\"@id\":\"https:\\\/\\\/maranhaotv.com.br\\\/#\\\/schema\\\/person\\\/3d54238e86b20bb5c89ab2fdb8f8829a\",\"name\":\"maranhaotv\",\"image\":{\"@type\":\"ImageObject\",\"inLanguage\":\"pt-BR\",\"@id\":\"https:\\\/\\\/secure.gravatar.com\\\/avatar\\\/8fadbca458d4cb68b1dd399ae9a40618d747bb1af65ac9fad21c89220a143eb4?s=96&d=mm&r=g\",\"url\":\"https:\\\/\\\/secure.gravatar.com\\\/avatar\\\/8fadbca458d4cb68b1dd399ae9a40618d747bb1af65ac9fad21c89220a143eb4?s=96&d=mm&r=g\",\"contentUrl\":\"https:\\\/\\\/secure.gravatar.com\\\/avatar\\\/8fadbca458d4cb68b1dd399ae9a40618d747bb1af65ac9fad21c89220a143eb4?s=96&d=mm&r=g\",\"caption\":\"maranhaotv\"},\"sameAs\":[\"https:\\\/\\\/maranhaotv.com.br\\\/\"],\"url\":\"https:\\\/\\\/maranhaotv.com.br\\\/index.php\\\/author\\\/maranhaotv\\\/\"}]}<\/script>\n<!-- \/ Yoast SEO plugin. -->","yoast_head_json":{"title":"Afonso Cunha: Floriano sacramenta vit\u00f3ria em mega com\u00edcio e recebe apoio de Am\u00e9rico Bacelar - NOT\u00cdCIAS EM TEMPO REAL","robots":{"index":"index","follow":"follow","max-snippet":"max-snippet:-1","max-image-preview":"max-image-preview:large","max-video-preview":"max-video-preview:-1"},"canonical":"https:\/\/maranhaotv.com.br\/index.php\/2020\/11\/08\/afonso-cunha-floriano-sacramenta-vitoria-em-mega-comicio-e-recebe-apoio-de-americo-bacelar\/","og_locale":"pt_BR","og_type":"article","og_title":"Afonso Cunha: Floriano sacramenta vit\u00f3ria em mega com\u00edcio e recebe apoio de Am\u00e9rico Bacelar - NOT\u00cdCIAS EM TEMPO REAL","og_description":"Sexta-feira, 06 de novembro, o povoado Lol\u00f3ia viveu um momento hist\u00f3rico na pol\u00edtica afonsocunhense. o candidato \u00e0 prefeito Floriano 90","og_url":"https:\/\/maranhaotv.com.br\/index.php\/2020\/11\/08\/afonso-cunha-floriano-sacramenta-vitoria-em-mega-comicio-e-recebe-apoio-de-americo-bacelar\/","og_site_name":"NOT\u00cdCIAS EM TEMPO REAL","article_publisher":"https:\/\/www.facebook.com\/maiobaotv","article_published_time":"2020-11-08T03:00:19+00:00","author":"maranhaotv","twitter_card":"summary_large_image","twitter_creator":"@sitemaranhaotv","twitter_site":"@sitemaranhaotv","twitter_misc":{"Escrito por":"maranhaotv","Est. tempo de leitura":"1 minuto"},"schema":{"@context":"https:\/\/schema.org","@graph":[{"@type":"Article","@id":"https:\/\/maranhaotv.com.br\/index.php\/2020\/11\/08\/afonso-cunha-floriano-sacramenta-vitoria-em-mega-comicio-e-recebe-apoio-de-americo-bacelar\/#article","isPartOf":{"@id":"https:\/\/maranhaotv.com.br\/index.php\/2020\/11\/08\/afonso-cunha-floriano-sacramenta-vitoria-em-mega-comicio-e-recebe-apoio-de-americo-bacelar\/"},"author":{"name":"maranhaotv","@id":"https:\/\/maranhaotv.com.br\/#\/schema\/person\/3d54238e86b20bb5c89ab2fdb8f8829a"},"headline":"Afonso Cunha: Floriano sacramenta vit\u00f3ria em mega com\u00edcio e recebe apoio de Am\u00e9rico Bacelar","datePublished":"2020-11-08T03:00:19+00:00","mainEntityOfPage":{"@id":"https:\/\/maranhaotv.com.br\/index.php\/2020\/11\/08\/afonso-cunha-floriano-sacramenta-vitoria-em-mega-comicio-e-recebe-apoio-de-americo-bacelar\/"},"wordCount":243,"commentCount":0,"publisher":{"@id":"https:\/\/maranhaotv.com.br\/#organization"},"image":{"@id":"https:\/\/maranhaotv.com.br\/index.php\/2020\/11\/08\/afonso-cunha-floriano-sacramenta-vitoria-em-mega-comicio-e-recebe-apoio-de-americo-bacelar\/#primaryimage"},"thumbnailUrl":"","keywords":["Afonso Cunha"],"articleSection":["not\u00edcias","pol\u00edtica"],"inLanguage":"pt-BR","potentialAction":[{"@type":"CommentAction","name":"Comment","target":["https:\/\/maranhaotv.com.br\/index.php\/2020\/11\/08\/afonso-cunha-floriano-sacramenta-vitoria-em-mega-comicio-e-recebe-apoio-de-americo-bacelar\/#respond"]}]},{"@type":"WebPage","@id":"https:\/\/maranhaotv.com.br\/index.php\/2020\/11\/08\/afonso-cunha-floriano-sacramenta-vitoria-em-mega-comicio-e-recebe-apoio-de-americo-bacelar\/","url":"https:\/\/maranhaotv.com.br\/index.php\/2020\/11\/08\/afonso-cunha-floriano-sacramenta-vitoria-em-mega-comicio-e-recebe-apoio-de-americo-bacelar\/","name":"Afonso Cunha: Floriano sacramenta vit\u00f3ria em mega com\u00edcio e recebe apoio de Am\u00e9rico Bacelar - NOT\u00cdCIAS EM TEMPO REAL","isPartOf":{"@id":"https:\/\/maranhaotv.com.br\/#website"},"primaryImageOfPage":{"@id":"https:\/\/maranhaotv.com.br\/index.php\/2020\/11\/08\/afonso-cunha-floriano-sacramenta-vitoria-em-mega-comicio-e-recebe-apoio-de-americo-bacelar\/#primaryimage"},"image":{"@id":"https:\/\/maranhaotv.com.br\/index.php\/2020\/11\/08\/afonso-cunha-floriano-sacramenta-vitoria-em-mega-comicio-e-recebe-apoio-de-americo-bacelar\/#primaryimage"},"thumbnailUrl":"","datePublished":"2020-11-08T03:00:19+00:00","breadcrumb":{"@id":"https:\/\/maranhaotv.com.br\/index.php\/2020\/11\/08\/afonso-cunha-floriano-sacramenta-vitoria-em-mega-comicio-e-recebe-apoio-de-americo-bacelar\/#breadcrumb"},"inLanguage":"pt-BR","potentialAction":[{"@type":"ReadAction","target":["https:\/\/maranhaotv.com.br\/index.php\/2020\/11\/08\/afonso-cunha-floriano-sacramenta-vitoria-em-mega-comicio-e-recebe-apoio-de-americo-bacelar\/"]}]},{"@type":"ImageObject","inLanguage":"pt-BR","@id":"https:\/\/maranhaotv.com.br\/index.php\/2020\/11\/08\/afonso-cunha-floriano-sacramenta-vitoria-em-mega-comicio-e-recebe-apoio-de-americo-bacelar\/#primaryimage","url":"","contentUrl":""},{"@type":"BreadcrumbList","@id":"https:\/\/maranhaotv.com.br\/index.php\/2020\/11\/08\/afonso-cunha-floriano-sacramenta-vitoria-em-mega-comicio-e-recebe-apoio-de-americo-bacelar\/#breadcrumb","itemListElement":[{"@type":"ListItem","position":1,"name":"In\u00edcio","item":"https:\/\/maranhaotv.com.br\/"},{"@type":"ListItem","position":2,"name":"Afonso Cunha: Floriano sacramenta vit\u00f3ria em mega com\u00edcio e recebe apoio de Am\u00e9rico Bacelar"}]},{"@type":"WebSite","@id":"https:\/\/maranhaotv.com.br\/#website","url":"https:\/\/maranhaotv.com.br\/","name":"Maranh\u00e3oTV","description":"","publisher":{"@id":"https:\/\/maranhaotv.com.br\/#organization"},"potentialAction":[{"@type":"SearchAction","target":{"@type":"EntryPoint","urlTemplate":"https:\/\/maranhaotv.com.br\/?s={search_term_string}"},"query-input":{"@type":"PropertyValueSpecification","valueRequired":true,"valueName":"search_term_string"}}],"inLanguage":"pt-BR"},{"@type":"Organization","@id":"https:\/\/maranhaotv.com.br\/#organization","name":"Portal de Not\u00edcias","url":"https:\/\/maranhaotv.com.br\/","logo":{"@type":"ImageObject","inLanguage":"pt-BR","@id":"https:\/\/maranhaotv.com.br\/#\/schema\/logo\/image\/","url":"https:\/\/maranhaotv.com.br\/wp-content\/uploads\/2024\/05\/cropped-cropped-avatar-1.png","contentUrl":"https:\/\/maranhaotv.com.br\/wp-content\/uploads\/2024\/05\/cropped-cropped-avatar-1.png","width":792,"height":428,"caption":"Portal de Not\u00edcias"},"image":{"@id":"https:\/\/maranhaotv.com.br\/#\/schema\/logo\/image\/"},"sameAs":["https:\/\/www.facebook.com\/maiobaotv","https:\/\/x.com\/sitemaranhaotv","https:\/\/www.instagram.com\/maranhao.tv","https:\/\/www.threads.net\/@maranhao.tv"]},{"@type":"Person","@id":"https:\/\/maranhaotv.com.br\/#\/schema\/person\/3d54238e86b20bb5c89ab2fdb8f8829a","name":"maranhaotv","image":{"@type":"ImageObject","inLanguage":"pt-BR","@id":"https:\/\/secure.gravatar.com\/avatar\/8fadbca458d4cb68b1dd399ae9a40618d747bb1af65ac9fad21c89220a143eb4?s=96&d=mm&r=g","url":"https:\/\/secure.gravatar.com\/avatar\/8fadbca458d4cb68b1dd399ae9a40618d747bb1af65ac9fad21c89220a143eb4?s=96&d=mm&r=g","contentUrl":"https:\/\/secure.gravatar.com\/avatar\/8fadbca458d4cb68b1dd399ae9a40618d747bb1af65ac9fad21c89220a143eb4?s=96&d=mm&r=g","caption":"maranhaotv"},"sameAs":["https:\/\/maranhaotv.com.br\/"],"url":"https:\/\/maranhaotv.com.br\/index.php\/author\/maranhaotv\/"}]}},"jetpack_featured_media_url":"","jetpack_sharing_enabled":true,"_links":{"self":[{"href":"https:\/\/maranhaotv.com.br\/index.php\/wp-json\/wp\/v2\/posts\/16966","targetHints":{"allow":["GET"]}}],"collection":[{"href":"https:\/\/maranhaotv.com.br\/index.php\/wp-json\/wp\/v2\/posts"}],"about":[{"href":"https:\/\/maranhaotv.com.br\/index.php\/wp-json\/wp\/v2\/types\/post"}],"author":[{"embeddable":true,"href":"https:\/\/maranhaotv.com.br\/index.php\/wp-json\/wp\/v2\/users\/2"}],"replies":[{"embeddable":true,"href":"https:\/\/maranhaotv.com.br\/index.php\/wp-json\/wp\/v2\/comments?post=16966"}],"version-history":[{"count":0,"href":"https:\/\/maranhaotv.com.br\/index.php\/wp-json\/wp\/v2\/posts\/16966\/revisions"}],"wp:featuredmedia":[{"embeddable":true,"href":"https:\/\/maranhaotv.com.br\/index.php\/wp-json\/"}],"wp:attachment":[{"href":"https:\/\/maranhaotv.com.br\/index.php\/wp-json\/wp\/v2\/media?parent=16966"}],"wp:term":[{"taxonomy":"category","embeddable":true,"href":"https:\/\/maranhaotv.com.br\/index.php\/wp-json\/wp\/v2\/categories?post=16966"},{"taxonomy":"post_tag","embeddable":true,"href":"https:\/\/maranhaotv.com.br\/index.php\/wp-json\/wp\/v2\/tags?post=16966"}],"curies":[{"name":"wp","href":"https:\/\/api.w.org\/{rel}","templated":true}]}}