{"id":17030,"date":"2020-11-10T10:37:55","date_gmt":"2020-11-10T13:37:55","guid":{"rendered":"https:\/\/maranhaotv.com.br\/?p=17030"},"modified":"2020-11-10T10:37:55","modified_gmt":"2020-11-10T13:37:55","slug":"centro-novo-pai-de-candidata-a-vice-de-diva-silva-ja-foi-condenado-por-falta-de-prestacao-de-contas-da-prefeitura","status":"publish","type":"post","link":"https:\/\/maranhaotv.com.br\/index.php\/2020\/11\/10\/centro-novo-pai-de-candidata-a-vice-de-diva-silva-ja-foi-condenado-por-falta-de-prestacao-de-contas-da-prefeitura\/","title":{"rendered":"Centro Novo: Pai de candidata a vice de Diva Silva j\u00e1 foi condenado por falta de presta\u00e7\u00e3o de contas da prefeitura"},"content":{"rendered":"<p>O ex-prefeito do munic\u00edpio de Centro Novo-MA, Arn\u00f3bio Rodrigues dos Santos, foi condenado por omiss\u00e3o no dever legal de presta\u00e7\u00e3o de contas. Arn\u00f3bio tinha como secret\u00e1rio de administra\u00e7\u00e3o p\u00fablica, o candidato Ney Passinho (PL).<\/p>\n<p>Heran\u00e7a Maldita<\/p>\n<p>Arn\u00f3bio que \u00e9 pai da atual candidata a vice-prefeita da Cidade de Centro Novo do Maranh\u00e3o, aliou-se a candidata Diva Silva na inten\u00e7\u00e3o de liquidar sua d\u00edvida junto ao TCE.<\/p>\n<p>Arn\u00f3rbio que em sua gest\u00e3o contraiu dividas milion\u00e1rias nas contas p\u00fablicas prefeitura de Centro Novo-MA colocando sua filha no meio pol\u00edtico na inten\u00e7\u00e3o de liquidar sua d\u00edvida junto a Uni\u00e3o<\/p>\n<p>Os motivos para a instaura\u00e7\u00e3o do presente Tomada de Contas Especial foram as omiss\u00f5es no dever legal de prestar contas para o PEJA\/2013 e para o PDDE\/2016, fatos que se encontram demonstrados no item II do presente Relat\u00f3rio de TCE.<\/p>\n<p>DOCUMENTOS<\/p>\n<p>Diante do exposto e com base nos documentos anteriormente citados, constantes deste processo, entende este Tomador de Contas que o dano aos cofres p\u00fablicos apurado foi de R$ 701.311,20, cujo valor atualizado at\u00e9 30\/01\/2018 \u00e9 de R$ 929.528,61, que somado aos juros at\u00e9 esta data, perfaz R$ 1.048.966,70, sob a responsabilidade do Senhor Arn\u00f3bio Rodrigues dos Santos, Prefeito Municipal de Centro Novo do Maranh\u00e3o &#8211; MA, no per\u00edodo de 2013-2016.<\/p>\n<p>Da an\u00e1lise dos documentos verifica-se que o Senhor Arn\u00f3bio Rodrigues dos Santos, Prefeito Municipal de Centro Novo do Maranh\u00e3o &#8211; MA, no per\u00edodo de 2012-2016, era a pessoa respons\u00e1vel pela gest\u00e3o dos recursos federais recebidos por meio do PEJA\/2013 e PDDE\/2016, no entanto, n\u00e3o tomou as medidas Relat\u00f3rio de TCE 52 (0751425) SEI 23034.003404\/2018-09 \/ pg. 3 para a devida presta\u00e7\u00e3o de contas, sendo, portanto, o respons\u00e1vel pelo preju\u00edzo apurado nesta Tomada de Contas Especial.<\/p>\n<p><img loading=\"lazy\" decoding=\"async\" class=\"wp-image-17026 alignnone size-full\" src=\"https:\/\/maranhaotv.com.br\/wp-content\/uploads\/2020\/11\/img-20201110-wa01851067453190537239063.jpg\" width=\"750\" height=\"1050\"><\/p>\n<p><img loading=\"lazy\" decoding=\"async\" class=\"wp-image-17027 alignnone size-full\" src=\"https:\/\/maranhaotv.com.br\/wp-content\/uploads\/2020\/11\/img-20201110-wa01869143902928423993730.jpg\" width=\"750\" height=\"1021\"><\/p>\n<p><img loading=\"lazy\" decoding=\"async\" class=\"wp-image-17024 alignnone size-full\" src=\"https:\/\/maranhaotv.com.br\/wp-content\/uploads\/2020\/11\/img-20201110-wa01874281809693539447595.jpg\" width=\"750\" height=\"1028\"><\/p>\n<p><img loading=\"lazy\" decoding=\"async\" class=\"wp-image-17025 alignnone size-full\" src=\"https:\/\/maranhaotv.com.br\/wp-content\/uploads\/2020\/11\/img-20201110-wa0188703699471184518123.jpg\" width=\"750\" height=\"1035\"><\/p>\n<p><img loading=\"lazy\" decoding=\"async\" class=\"wp-image-17028 alignnone size-full\" src=\"https:\/\/maranhaotv.com.br\/wp-content\/uploads\/2020\/11\/img-20201110-wa01845724667311129483200.jpg\" width=\"768\" height=\"512\"><\/p>\n<p>Dom\u00edcio (marido da Diva), prefeita Diva Silva, candidata \u00e0 vice Thais e ex-prefeito condenado Arn\u00f3bio<\/p>\n","protected":false},"excerpt":{"rendered":"<p>O ex-prefeito do munic\u00edpio de Centro Novo-MA, Arn\u00f3bio Rodrigues dos Santos, foi condenado por omiss\u00e3o no dever legal de presta\u00e7\u00e3o<\/p>\n","protected":false},"author":2,"featured_media":17029,"comment_status":"open","ping_status":"open","sticky":false,"template":"","format":"standard","meta":{"colormag_page_container_layout":"default_layout","colormag_page_sidebar_layout":"default_layout","_jetpack_memberships_contains_paid_content":false,"footnotes":""},"categories":[2,6],"tags":[],"class_list":["post-17030","post","type-post","status-publish","format-standard","has-post-thumbnail","hentry","category-noticias","category-politica"],"magazineBlocksPostFeaturedMedia":{"thumbnail":false,"medium":false,"medium_large":false,"large":false,"1536x1536":false,"2048x2048":false,"colormag-highlighted-post":false,"colormag-featured-post-medium":false,"colormag-featured-post-small":false,"colormag-featured-image":false,"colormag-default-news":false,"colormag-featured-image-large":false},"magazineBlocksPostAuthor":{"name":"maranhaotv","avatar":"https:\/\/secure.gravatar.com\/avatar\/8fadbca458d4cb68b1dd399ae9a40618d747bb1af65ac9fad21c89220a143eb4?s=96&d=mm&r=g"},"magazineBlocksPostCommentsNumber":"0","magazineBlocksPostExcerpt":"O ex-prefeito do munic\u00edpio de Centro Novo-MA, Arn\u00f3bio Rodrigues dos Santos, foi condenado por omiss\u00e3o no dever legal de presta\u00e7\u00e3o","magazineBlocksPostCategories":["not\u00edcias","pol\u00edtica"],"magazineBlocksPostViewCount":222,"magazineBlocksPostReadTime":2,"magazine_blocks_featured_image_url":{"full":false,"medium":false,"thumbnail":false},"magazine_blocks_author":{"display_name":"maranhaotv","author_link":"https:\/\/maranhaotv.com.br\/index.php\/author\/maranhaotv\/"},"magazine_blocks_comment":0,"magazine_blocks_author_image":"https:\/\/secure.gravatar.com\/avatar\/8fadbca458d4cb68b1dd399ae9a40618d747bb1af65ac9fad21c89220a143eb4?s=96&d=mm&r=g","magazine_blocks_category":"<a href=\"#\" class=\"category-link category-link-2\">not\u00edcias<\/a> <a href=\"#\" class=\"category-link category-link-6\">pol\u00edtica<\/a>","yoast_head":"<!-- This site is optimized with the Yoast SEO plugin v27.4 - https:\/\/yoast.com\/product\/yoast-seo-wordpress\/ -->\n<title>Centro Novo: Pai de candidata a vice de Diva Silva j\u00e1 foi condenado por falta de presta\u00e7\u00e3o de contas da prefeitura - NOT\u00cdCIAS EM TEMPO REAL<\/title>\n<meta name=\"robots\" content=\"index, follow, max-snippet:-1, max-image-preview:large, max-video-preview:-1\" \/>\n<link rel=\"canonical\" href=\"https:\/\/maranhaotv.com.br\/index.php\/2020\/11\/10\/centro-novo-pai-de-candidata-a-vice-de-diva-silva-ja-foi-condenado-por-falta-de-prestacao-de-contas-da-prefeitura\/\" \/>\n<meta property=\"og:locale\" content=\"pt_BR\" \/>\n<meta property=\"og:type\" content=\"article\" \/>\n<meta property=\"og:title\" content=\"Centro Novo: Pai de candidata a vice de Diva Silva j\u00e1 foi condenado por falta de presta\u00e7\u00e3o de contas da prefeitura - NOT\u00cdCIAS EM TEMPO REAL\" \/>\n<meta property=\"og:description\" content=\"O ex-prefeito do munic\u00edpio de Centro Novo-MA, Arn\u00f3bio Rodrigues dos Santos, foi condenado por omiss\u00e3o no dever legal de presta\u00e7\u00e3o\" \/>\n<meta property=\"og:url\" content=\"https:\/\/maranhaotv.com.br\/index.php\/2020\/11\/10\/centro-novo-pai-de-candidata-a-vice-de-diva-silva-ja-foi-condenado-por-falta-de-prestacao-de-contas-da-prefeitura\/\" \/>\n<meta property=\"og:site_name\" content=\"NOT\u00cdCIAS EM TEMPO REAL\" \/>\n<meta property=\"article:publisher\" content=\"https:\/\/www.facebook.com\/maiobaotv\" \/>\n<meta property=\"article:published_time\" content=\"2020-11-10T13:37:55+00:00\" \/>\n<meta name=\"author\" content=\"maranhaotv\" \/>\n<meta name=\"twitter:card\" content=\"summary_large_image\" \/>\n<meta name=\"twitter:creator\" content=\"@sitemaranhaotv\" \/>\n<meta name=\"twitter:site\" content=\"@sitemaranhaotv\" \/>\n<meta name=\"twitter:label1\" content=\"Escrito por\" \/>\n\t<meta name=\"twitter:data1\" content=\"maranhaotv\" \/>\n\t<meta name=\"twitter:label2\" content=\"Est. tempo de leitura\" \/>\n\t<meta name=\"twitter:data2\" content=\"2 minutos\" \/>\n<script type=\"application\/ld+json\" class=\"yoast-schema-graph\">{\"@context\":\"https:\\\/\\\/schema.org\",\"@graph\":[{\"@type\":\"Article\",\"@id\":\"https:\\\/\\\/maranhaotv.com.br\\\/index.php\\\/2020\\\/11\\\/10\\\/centro-novo-pai-de-candidata-a-vice-de-diva-silva-ja-foi-condenado-por-falta-de-prestacao-de-contas-da-prefeitura\\\/#article\",\"isPartOf\":{\"@id\":\"https:\\\/\\\/maranhaotv.com.br\\\/index.php\\\/2020\\\/11\\\/10\\\/centro-novo-pai-de-candidata-a-vice-de-diva-silva-ja-foi-condenado-por-falta-de-prestacao-de-contas-da-prefeitura\\\/\"},\"author\":{\"name\":\"maranhaotv\",\"@id\":\"https:\\\/\\\/maranhaotv.com.br\\\/#\\\/schema\\\/person\\\/3d54238e86b20bb5c89ab2fdb8f8829a\"},\"headline\":\"Centro Novo: Pai de candidata a vice de Diva Silva j\u00e1 foi condenado por falta de presta\u00e7\u00e3o de contas da prefeitura\",\"datePublished\":\"2020-11-10T13:37:55+00:00\",\"mainEntityOfPage\":{\"@id\":\"https:\\\/\\\/maranhaotv.com.br\\\/index.php\\\/2020\\\/11\\\/10\\\/centro-novo-pai-de-candidata-a-vice-de-diva-silva-ja-foi-condenado-por-falta-de-prestacao-de-contas-da-prefeitura\\\/\"},\"wordCount\":349,\"commentCount\":0,\"publisher\":{\"@id\":\"https:\\\/\\\/maranhaotv.com.br\\\/#organization\"},\"image\":{\"@id\":\"https:\\\/\\\/maranhaotv.com.br\\\/index.php\\\/2020\\\/11\\\/10\\\/centro-novo-pai-de-candidata-a-vice-de-diva-silva-ja-foi-condenado-por-falta-de-prestacao-de-contas-da-prefeitura\\\/#primaryimage\"},\"thumbnailUrl\":\"\",\"articleSection\":[\"not\u00edcias\",\"pol\u00edtica\"],\"inLanguage\":\"pt-BR\",\"potentialAction\":[{\"@type\":\"CommentAction\",\"name\":\"Comment\",\"target\":[\"https:\\\/\\\/maranhaotv.com.br\\\/index.php\\\/2020\\\/11\\\/10\\\/centro-novo-pai-de-candidata-a-vice-de-diva-silva-ja-foi-condenado-por-falta-de-prestacao-de-contas-da-prefeitura\\\/#respond\"]}]},{\"@type\":\"WebPage\",\"@id\":\"https:\\\/\\\/maranhaotv.com.br\\\/index.php\\\/2020\\\/11\\\/10\\\/centro-novo-pai-de-candidata-a-vice-de-diva-silva-ja-foi-condenado-por-falta-de-prestacao-de-contas-da-prefeitura\\\/\",\"url\":\"https:\\\/\\\/maranhaotv.com.br\\\/index.php\\\/2020\\\/11\\\/10\\\/centro-novo-pai-de-candidata-a-vice-de-diva-silva-ja-foi-condenado-por-falta-de-prestacao-de-contas-da-prefeitura\\\/\",\"name\":\"Centro Novo: Pai de candidata a vice de Diva Silva j\u00e1 foi condenado por falta de presta\u00e7\u00e3o de contas da prefeitura - NOT\u00cdCIAS EM TEMPO REAL\",\"isPartOf\":{\"@id\":\"https:\\\/\\\/maranhaotv.com.br\\\/#website\"},\"primaryImageOfPage\":{\"@id\":\"https:\\\/\\\/maranhaotv.com.br\\\/index.php\\\/2020\\\/11\\\/10\\\/centro-novo-pai-de-candidata-a-vice-de-diva-silva-ja-foi-condenado-por-falta-de-prestacao-de-contas-da-prefeitura\\\/#primaryimage\"},\"image\":{\"@id\":\"https:\\\/\\\/maranhaotv.com.br\\\/index.php\\\/2020\\\/11\\\/10\\\/centro-novo-pai-de-candidata-a-vice-de-diva-silva-ja-foi-condenado-por-falta-de-prestacao-de-contas-da-prefeitura\\\/#primaryimage\"},\"thumbnailUrl\":\"\",\"datePublished\":\"2020-11-10T13:37:55+00:00\",\"breadcrumb\":{\"@id\":\"https:\\\/\\\/maranhaotv.com.br\\\/index.php\\\/2020\\\/11\\\/10\\\/centro-novo-pai-de-candidata-a-vice-de-diva-silva-ja-foi-condenado-por-falta-de-prestacao-de-contas-da-prefeitura\\\/#breadcrumb\"},\"inLanguage\":\"pt-BR\",\"potentialAction\":[{\"@type\":\"ReadAction\",\"target\":[\"https:\\\/\\\/maranhaotv.com.br\\\/index.php\\\/2020\\\/11\\\/10\\\/centro-novo-pai-de-candidata-a-vice-de-diva-silva-ja-foi-condenado-por-falta-de-prestacao-de-contas-da-prefeitura\\\/\"]}]},{\"@type\":\"ImageObject\",\"inLanguage\":\"pt-BR\",\"@id\":\"https:\\\/\\\/maranhaotv.com.br\\\/index.php\\\/2020\\\/11\\\/10\\\/centro-novo-pai-de-candidata-a-vice-de-diva-silva-ja-foi-condenado-por-falta-de-prestacao-de-contas-da-prefeitura\\\/#primaryimage\",\"url\":\"\",\"contentUrl\":\"\"},{\"@type\":\"BreadcrumbList\",\"@id\":\"https:\\\/\\\/maranhaotv.com.br\\\/index.php\\\/2020\\\/11\\\/10\\\/centro-novo-pai-de-candidata-a-vice-de-diva-silva-ja-foi-condenado-por-falta-de-prestacao-de-contas-da-prefeitura\\\/#breadcrumb\",\"itemListElement\":[{\"@type\":\"ListItem\",\"position\":1,\"name\":\"In\u00edcio\",\"item\":\"https:\\\/\\\/maranhaotv.com.br\\\/\"},{\"@type\":\"ListItem\",\"position\":2,\"name\":\"Centro Novo: Pai de candidata a vice de Diva Silva j\u00e1 foi condenado por falta de presta\u00e7\u00e3o de contas da prefeitura\"}]},{\"@type\":\"WebSite\",\"@id\":\"https:\\\/\\\/maranhaotv.com.br\\\/#website\",\"url\":\"https:\\\/\\\/maranhaotv.com.br\\\/\",\"name\":\"Maranh\u00e3oTV\",\"description\":\"\",\"publisher\":{\"@id\":\"https:\\\/\\\/maranhaotv.com.br\\\/#organization\"},\"potentialAction\":[{\"@type\":\"SearchAction\",\"target\":{\"@type\":\"EntryPoint\",\"urlTemplate\":\"https:\\\/\\\/maranhaotv.com.br\\\/?s={search_term_string}\"},\"query-input\":{\"@type\":\"PropertyValueSpecification\",\"valueRequired\":true,\"valueName\":\"search_term_string\"}}],\"inLanguage\":\"pt-BR\"},{\"@type\":\"Organization\",\"@id\":\"https:\\\/\\\/maranhaotv.com.br\\\/#organization\",\"name\":\"Portal de Not\u00edcias\",\"url\":\"https:\\\/\\\/maranhaotv.com.br\\\/\",\"logo\":{\"@type\":\"ImageObject\",\"inLanguage\":\"pt-BR\",\"@id\":\"https:\\\/\\\/maranhaotv.com.br\\\/#\\\/schema\\\/logo\\\/image\\\/\",\"url\":\"https:\\\/\\\/maranhaotv.com.br\\\/wp-content\\\/uploads\\\/2024\\\/05\\\/cropped-cropped-avatar-1.png\",\"contentUrl\":\"https:\\\/\\\/maranhaotv.com.br\\\/wp-content\\\/uploads\\\/2024\\\/05\\\/cropped-cropped-avatar-1.png\",\"width\":792,\"height\":428,\"caption\":\"Portal de Not\u00edcias\"},\"image\":{\"@id\":\"https:\\\/\\\/maranhaotv.com.br\\\/#\\\/schema\\\/logo\\\/image\\\/\"},\"sameAs\":[\"https:\\\/\\\/www.facebook.com\\\/maiobaotv\",\"https:\\\/\\\/x.com\\\/sitemaranhaotv\",\"https:\\\/\\\/www.instagram.com\\\/maranhao.tv\",\"https:\\\/\\\/www.threads.net\\\/@maranhao.tv\"]},{\"@type\":\"Person\",\"@id\":\"https:\\\/\\\/maranhaotv.com.br\\\/#\\\/schema\\\/person\\\/3d54238e86b20bb5c89ab2fdb8f8829a\",\"name\":\"maranhaotv\",\"image\":{\"@type\":\"ImageObject\",\"inLanguage\":\"pt-BR\",\"@id\":\"https:\\\/\\\/secure.gravatar.com\\\/avatar\\\/8fadbca458d4cb68b1dd399ae9a40618d747bb1af65ac9fad21c89220a143eb4?s=96&d=mm&r=g\",\"url\":\"https:\\\/\\\/secure.gravatar.com\\\/avatar\\\/8fadbca458d4cb68b1dd399ae9a40618d747bb1af65ac9fad21c89220a143eb4?s=96&d=mm&r=g\",\"contentUrl\":\"https:\\\/\\\/secure.gravatar.com\\\/avatar\\\/8fadbca458d4cb68b1dd399ae9a40618d747bb1af65ac9fad21c89220a143eb4?s=96&d=mm&r=g\",\"caption\":\"maranhaotv\"},\"sameAs\":[\"https:\\\/\\\/maranhaotv.com.br\\\/\"],\"url\":\"https:\\\/\\\/maranhaotv.com.br\\\/index.php\\\/author\\\/maranhaotv\\\/\"}]}<\/script>\n<!-- \/ Yoast SEO plugin. -->","yoast_head_json":{"title":"Centro Novo: Pai de candidata a vice de Diva Silva j\u00e1 foi condenado por falta de presta\u00e7\u00e3o de contas da prefeitura - NOT\u00cdCIAS EM TEMPO REAL","robots":{"index":"index","follow":"follow","max-snippet":"max-snippet:-1","max-image-preview":"max-image-preview:large","max-video-preview":"max-video-preview:-1"},"canonical":"https:\/\/maranhaotv.com.br\/index.php\/2020\/11\/10\/centro-novo-pai-de-candidata-a-vice-de-diva-silva-ja-foi-condenado-por-falta-de-prestacao-de-contas-da-prefeitura\/","og_locale":"pt_BR","og_type":"article","og_title":"Centro Novo: Pai de candidata a vice de Diva Silva j\u00e1 foi condenado por falta de presta\u00e7\u00e3o de contas da prefeitura - NOT\u00cdCIAS EM TEMPO REAL","og_description":"O ex-prefeito do munic\u00edpio de Centro Novo-MA, Arn\u00f3bio Rodrigues dos Santos, foi condenado por omiss\u00e3o no dever legal de presta\u00e7\u00e3o","og_url":"https:\/\/maranhaotv.com.br\/index.php\/2020\/11\/10\/centro-novo-pai-de-candidata-a-vice-de-diva-silva-ja-foi-condenado-por-falta-de-prestacao-de-contas-da-prefeitura\/","og_site_name":"NOT\u00cdCIAS EM TEMPO REAL","article_publisher":"https:\/\/www.facebook.com\/maiobaotv","article_published_time":"2020-11-10T13:37:55+00:00","author":"maranhaotv","twitter_card":"summary_large_image","twitter_creator":"@sitemaranhaotv","twitter_site":"@sitemaranhaotv","twitter_misc":{"Escrito por":"maranhaotv","Est. tempo de leitura":"2 minutos"},"schema":{"@context":"https:\/\/schema.org","@graph":[{"@type":"Article","@id":"https:\/\/maranhaotv.com.br\/index.php\/2020\/11\/10\/centro-novo-pai-de-candidata-a-vice-de-diva-silva-ja-foi-condenado-por-falta-de-prestacao-de-contas-da-prefeitura\/#article","isPartOf":{"@id":"https:\/\/maranhaotv.com.br\/index.php\/2020\/11\/10\/centro-novo-pai-de-candidata-a-vice-de-diva-silva-ja-foi-condenado-por-falta-de-prestacao-de-contas-da-prefeitura\/"},"author":{"name":"maranhaotv","@id":"https:\/\/maranhaotv.com.br\/#\/schema\/person\/3d54238e86b20bb5c89ab2fdb8f8829a"},"headline":"Centro Novo: Pai de candidata a vice de Diva Silva j\u00e1 foi condenado por falta de presta\u00e7\u00e3o de contas da prefeitura","datePublished":"2020-11-10T13:37:55+00:00","mainEntityOfPage":{"@id":"https:\/\/maranhaotv.com.br\/index.php\/2020\/11\/10\/centro-novo-pai-de-candidata-a-vice-de-diva-silva-ja-foi-condenado-por-falta-de-prestacao-de-contas-da-prefeitura\/"},"wordCount":349,"commentCount":0,"publisher":{"@id":"https:\/\/maranhaotv.com.br\/#organization"},"image":{"@id":"https:\/\/maranhaotv.com.br\/index.php\/2020\/11\/10\/centro-novo-pai-de-candidata-a-vice-de-diva-silva-ja-foi-condenado-por-falta-de-prestacao-de-contas-da-prefeitura\/#primaryimage"},"thumbnailUrl":"","articleSection":["not\u00edcias","pol\u00edtica"],"inLanguage":"pt-BR","potentialAction":[{"@type":"CommentAction","name":"Comment","target":["https:\/\/maranhaotv.com.br\/index.php\/2020\/11\/10\/centro-novo-pai-de-candidata-a-vice-de-diva-silva-ja-foi-condenado-por-falta-de-prestacao-de-contas-da-prefeitura\/#respond"]}]},{"@type":"WebPage","@id":"https:\/\/maranhaotv.com.br\/index.php\/2020\/11\/10\/centro-novo-pai-de-candidata-a-vice-de-diva-silva-ja-foi-condenado-por-falta-de-prestacao-de-contas-da-prefeitura\/","url":"https:\/\/maranhaotv.com.br\/index.php\/2020\/11\/10\/centro-novo-pai-de-candidata-a-vice-de-diva-silva-ja-foi-condenado-por-falta-de-prestacao-de-contas-da-prefeitura\/","name":"Centro Novo: Pai de candidata a vice de Diva Silva j\u00e1 foi condenado por falta de presta\u00e7\u00e3o de contas da prefeitura - NOT\u00cdCIAS EM TEMPO REAL","isPartOf":{"@id":"https:\/\/maranhaotv.com.br\/#website"},"primaryImageOfPage":{"@id":"https:\/\/maranhaotv.com.br\/index.php\/2020\/11\/10\/centro-novo-pai-de-candidata-a-vice-de-diva-silva-ja-foi-condenado-por-falta-de-prestacao-de-contas-da-prefeitura\/#primaryimage"},"image":{"@id":"https:\/\/maranhaotv.com.br\/index.php\/2020\/11\/10\/centro-novo-pai-de-candidata-a-vice-de-diva-silva-ja-foi-condenado-por-falta-de-prestacao-de-contas-da-prefeitura\/#primaryimage"},"thumbnailUrl":"","datePublished":"2020-11-10T13:37:55+00:00","breadcrumb":{"@id":"https:\/\/maranhaotv.com.br\/index.php\/2020\/11\/10\/centro-novo-pai-de-candidata-a-vice-de-diva-silva-ja-foi-condenado-por-falta-de-prestacao-de-contas-da-prefeitura\/#breadcrumb"},"inLanguage":"pt-BR","potentialAction":[{"@type":"ReadAction","target":["https:\/\/maranhaotv.com.br\/index.php\/2020\/11\/10\/centro-novo-pai-de-candidata-a-vice-de-diva-silva-ja-foi-condenado-por-falta-de-prestacao-de-contas-da-prefeitura\/"]}]},{"@type":"ImageObject","inLanguage":"pt-BR","@id":"https:\/\/maranhaotv.com.br\/index.php\/2020\/11\/10\/centro-novo-pai-de-candidata-a-vice-de-diva-silva-ja-foi-condenado-por-falta-de-prestacao-de-contas-da-prefeitura\/#primaryimage","url":"","contentUrl":""},{"@type":"BreadcrumbList","@id":"https:\/\/maranhaotv.com.br\/index.php\/2020\/11\/10\/centro-novo-pai-de-candidata-a-vice-de-diva-silva-ja-foi-condenado-por-falta-de-prestacao-de-contas-da-prefeitura\/#breadcrumb","itemListElement":[{"@type":"ListItem","position":1,"name":"In\u00edcio","item":"https:\/\/maranhaotv.com.br\/"},{"@type":"ListItem","position":2,"name":"Centro Novo: Pai de candidata a vice de Diva Silva j\u00e1 foi condenado por falta de presta\u00e7\u00e3o de contas da prefeitura"}]},{"@type":"WebSite","@id":"https:\/\/maranhaotv.com.br\/#website","url":"https:\/\/maranhaotv.com.br\/","name":"Maranh\u00e3oTV","description":"","publisher":{"@id":"https:\/\/maranhaotv.com.br\/#organization"},"potentialAction":[{"@type":"SearchAction","target":{"@type":"EntryPoint","urlTemplate":"https:\/\/maranhaotv.com.br\/?s={search_term_string}"},"query-input":{"@type":"PropertyValueSpecification","valueRequired":true,"valueName":"search_term_string"}}],"inLanguage":"pt-BR"},{"@type":"Organization","@id":"https:\/\/maranhaotv.com.br\/#organization","name":"Portal de Not\u00edcias","url":"https:\/\/maranhaotv.com.br\/","logo":{"@type":"ImageObject","inLanguage":"pt-BR","@id":"https:\/\/maranhaotv.com.br\/#\/schema\/logo\/image\/","url":"https:\/\/maranhaotv.com.br\/wp-content\/uploads\/2024\/05\/cropped-cropped-avatar-1.png","contentUrl":"https:\/\/maranhaotv.com.br\/wp-content\/uploads\/2024\/05\/cropped-cropped-avatar-1.png","width":792,"height":428,"caption":"Portal de Not\u00edcias"},"image":{"@id":"https:\/\/maranhaotv.com.br\/#\/schema\/logo\/image\/"},"sameAs":["https:\/\/www.facebook.com\/maiobaotv","https:\/\/x.com\/sitemaranhaotv","https:\/\/www.instagram.com\/maranhao.tv","https:\/\/www.threads.net\/@maranhao.tv"]},{"@type":"Person","@id":"https:\/\/maranhaotv.com.br\/#\/schema\/person\/3d54238e86b20bb5c89ab2fdb8f8829a","name":"maranhaotv","image":{"@type":"ImageObject","inLanguage":"pt-BR","@id":"https:\/\/secure.gravatar.com\/avatar\/8fadbca458d4cb68b1dd399ae9a40618d747bb1af65ac9fad21c89220a143eb4?s=96&d=mm&r=g","url":"https:\/\/secure.gravatar.com\/avatar\/8fadbca458d4cb68b1dd399ae9a40618d747bb1af65ac9fad21c89220a143eb4?s=96&d=mm&r=g","contentUrl":"https:\/\/secure.gravatar.com\/avatar\/8fadbca458d4cb68b1dd399ae9a40618d747bb1af65ac9fad21c89220a143eb4?s=96&d=mm&r=g","caption":"maranhaotv"},"sameAs":["https:\/\/maranhaotv.com.br\/"],"url":"https:\/\/maranhaotv.com.br\/index.php\/author\/maranhaotv\/"}]}},"jetpack_featured_media_url":"","jetpack_sharing_enabled":true,"_links":{"self":[{"href":"https:\/\/maranhaotv.com.br\/index.php\/wp-json\/wp\/v2\/posts\/17030","targetHints":{"allow":["GET"]}}],"collection":[{"href":"https:\/\/maranhaotv.com.br\/index.php\/wp-json\/wp\/v2\/posts"}],"about":[{"href":"https:\/\/maranhaotv.com.br\/index.php\/wp-json\/wp\/v2\/types\/post"}],"author":[{"embeddable":true,"href":"https:\/\/maranhaotv.com.br\/index.php\/wp-json\/wp\/v2\/users\/2"}],"replies":[{"embeddable":true,"href":"https:\/\/maranhaotv.com.br\/index.php\/wp-json\/wp\/v2\/comments?post=17030"}],"version-history":[{"count":0,"href":"https:\/\/maranhaotv.com.br\/index.php\/wp-json\/wp\/v2\/posts\/17030\/revisions"}],"wp:featuredmedia":[{"embeddable":true,"href":"https:\/\/maranhaotv.com.br\/index.php\/wp-json\/"}],"wp:attachment":[{"href":"https:\/\/maranhaotv.com.br\/index.php\/wp-json\/wp\/v2\/media?parent=17030"}],"wp:term":[{"taxonomy":"category","embeddable":true,"href":"https:\/\/maranhaotv.com.br\/index.php\/wp-json\/wp\/v2\/categories?post=17030"},{"taxonomy":"post_tag","embeddable":true,"href":"https:\/\/maranhaotv.com.br\/index.php\/wp-json\/wp\/v2\/tags?post=17030"}],"curies":[{"name":"wp","href":"https:\/\/api.w.org\/{rel}","templated":true}]}}