{"id":17043,"date":"2020-11-10T12:07:34","date_gmt":"2020-11-10T15:07:34","guid":{"rendered":"https:\/\/maranhaotv.com.br\/?p=17043"},"modified":"2020-11-10T12:07:34","modified_gmt":"2020-11-10T15:07:34","slug":"quem-conhece-braide-nao-vota-nele-diz-wellington-do-curso-sobre-investigacao-do-coaf","status":"publish","type":"post","link":"https:\/\/maranhaotv.com.br\/index.php\/2020\/11\/10\/quem-conhece-braide-nao-vota-nele-diz-wellington-do-curso-sobre-investigacao-do-coaf\/","title":{"rendered":"\u201cQuem conhece Braide n\u00e3o vota nele\u201d, diz Wellington do Curso sobre investiga\u00e7\u00e3o do Coaf"},"content":{"rendered":"<p>Nesta ter\u00e7a-feira (10), o deputado estadual Wellington do Curso se pronunciou para mostrar quem verdadei mente \u00e9 Eduardo Braide. Um dos pontos citados \u00e9 quanto as movimenta\u00e7\u00f5es financeiras at\u00edpicas identificadas pelo Conselho de Controle de Atividades Financeiras \u2013 Coaf, j\u00e1 objeto de investiga\u00e7\u00e3o pelo Minist\u00e9rio P\u00fablico Federal.<\/p>\n<p>Wellington ressaltou que embora Braide tenha mentido ao dizer que n\u00e3o era investigado, ele estava ciente de todo o inqu\u00e9rito, vez que em setembro do ano passado assinou at\u00e9 procura\u00e7\u00e3o com advogados para defend\u00ea-lo.<\/p>\n<p>\u201cUma das caracter\u00edsticas de Braide \u00e9 ser mentiroso. Agora, n\u00e3o foi diferente. Mentiu ao dizer que n\u00e3o era investigado, mesmo sabendo do inqu\u00e9rito que buscava apurar as movimenta\u00e7\u00f5es financeiras at\u00edpicas. Essa n\u00e3o \u00e9 a primeira vez que a\u00e7\u00f5es de Braide s\u00e3o investigadas. Em 2016, Braide foi investigado pela Pol\u00edcia Federal por suposta apropria\u00e7\u00e3o indevida de recursos p\u00fablicos e lavagem de dinheiro, na m\u00e1fia de Anajutuba. Quem conhece Braide n\u00e3o vota nele\u201d, disse Wellington do Curso.<\/p>\n<p><img loading=\"lazy\" decoding=\"async\" src=\"https:\/\/maranhaotv.com.br\/wp-content\/uploads\/2020\/11\/img-20201110-wa02341173318378349203142.jpg\" class=\"wp-image-17041 alignnone size-full\" width=\"1174\" height=\"783\"><\/p>\n","protected":false},"excerpt":{"rendered":"<p>Nesta ter\u00e7a-feira (10), o deputado estadual Wellington do Curso se pronunciou para mostrar quem verdadei mente \u00e9 Eduardo Braide. Um<\/p>\n","protected":false},"author":2,"featured_media":17042,"comment_status":"open","ping_status":"open","sticky":false,"template":"","format":"standard","meta":{"colormag_page_container_layout":"default_layout","colormag_page_sidebar_layout":"default_layout","_jetpack_memberships_contains_paid_content":false,"footnotes":""},"categories":[2,6],"tags":[77],"class_list":["post-17043","post","type-post","status-publish","format-standard","has-post-thumbnail","hentry","category-noticias","category-politica","tag-eduardo-braide"],"magazineBlocksPostFeaturedMedia":{"thumbnail":false,"medium":false,"medium_large":false,"large":false,"1536x1536":false,"2048x2048":false,"colormag-highlighted-post":false,"colormag-featured-post-medium":false,"colormag-featured-post-small":false,"colormag-featured-image":false,"colormag-default-news":false,"colormag-featured-image-large":false},"magazineBlocksPostAuthor":{"name":"maranhaotv","avatar":"https:\/\/secure.gravatar.com\/avatar\/8fadbca458d4cb68b1dd399ae9a40618d747bb1af65ac9fad21c89220a143eb4?s=96&d=mm&r=g"},"magazineBlocksPostCommentsNumber":"0","magazineBlocksPostExcerpt":"Nesta ter\u00e7a-feira (10), o deputado estadual Wellington do Curso se pronunciou para mostrar quem verdadei mente \u00e9 Eduardo Braide. Um","magazineBlocksPostCategories":["not\u00edcias","pol\u00edtica"],"magazineBlocksPostViewCount":192,"magazineBlocksPostReadTime":1,"magazine_blocks_featured_image_url":{"full":false,"medium":false,"thumbnail":false},"magazine_blocks_author":{"display_name":"maranhaotv","author_link":"https:\/\/maranhaotv.com.br\/index.php\/author\/maranhaotv\/"},"magazine_blocks_comment":0,"magazine_blocks_author_image":"https:\/\/secure.gravatar.com\/avatar\/8fadbca458d4cb68b1dd399ae9a40618d747bb1af65ac9fad21c89220a143eb4?s=96&d=mm&r=g","magazine_blocks_category":"<a href=\"#\" class=\"category-link category-link-2\">not\u00edcias<\/a> <a href=\"#\" class=\"category-link category-link-6\">pol\u00edtica<\/a>","yoast_head":"<!-- This site is optimized with the Yoast SEO plugin v27.4 - https:\/\/yoast.com\/product\/yoast-seo-wordpress\/ -->\n<title>\u201cQuem conhece Braide n\u00e3o vota nele\u201d, diz Wellington do Curso sobre investiga\u00e7\u00e3o do Coaf - NOT\u00cdCIAS EM TEMPO REAL<\/title>\n<meta name=\"robots\" content=\"index, follow, max-snippet:-1, max-image-preview:large, max-video-preview:-1\" \/>\n<link rel=\"canonical\" href=\"https:\/\/maranhaotv.com.br\/index.php\/2020\/11\/10\/quem-conhece-braide-nao-vota-nele-diz-wellington-do-curso-sobre-investigacao-do-coaf\/\" \/>\n<meta property=\"og:locale\" content=\"pt_BR\" \/>\n<meta property=\"og:type\" content=\"article\" \/>\n<meta property=\"og:title\" content=\"\u201cQuem conhece Braide n\u00e3o vota nele\u201d, diz Wellington do Curso sobre investiga\u00e7\u00e3o do Coaf - NOT\u00cdCIAS EM TEMPO REAL\" \/>\n<meta property=\"og:description\" content=\"Nesta ter\u00e7a-feira (10), o deputado estadual Wellington do Curso se pronunciou para mostrar quem verdadei mente \u00e9 Eduardo Braide. Um\" \/>\n<meta property=\"og:url\" content=\"https:\/\/maranhaotv.com.br\/index.php\/2020\/11\/10\/quem-conhece-braide-nao-vota-nele-diz-wellington-do-curso-sobre-investigacao-do-coaf\/\" \/>\n<meta property=\"og:site_name\" content=\"NOT\u00cdCIAS EM TEMPO REAL\" \/>\n<meta property=\"article:publisher\" content=\"https:\/\/www.facebook.com\/maiobaotv\" \/>\n<meta property=\"article:published_time\" content=\"2020-11-10T15:07:34+00:00\" \/>\n<meta name=\"author\" content=\"maranhaotv\" \/>\n<meta name=\"twitter:card\" content=\"summary_large_image\" \/>\n<meta name=\"twitter:creator\" content=\"@sitemaranhaotv\" \/>\n<meta name=\"twitter:site\" content=\"@sitemaranhaotv\" \/>\n<meta name=\"twitter:label1\" content=\"Escrito por\" \/>\n\t<meta name=\"twitter:data1\" content=\"maranhaotv\" \/>\n\t<meta name=\"twitter:label2\" content=\"Est. tempo de leitura\" \/>\n\t<meta name=\"twitter:data2\" content=\"1 minuto\" \/>\n<script type=\"application\/ld+json\" class=\"yoast-schema-graph\">{\"@context\":\"https:\\\/\\\/schema.org\",\"@graph\":[{\"@type\":\"Article\",\"@id\":\"https:\\\/\\\/maranhaotv.com.br\\\/index.php\\\/2020\\\/11\\\/10\\\/quem-conhece-braide-nao-vota-nele-diz-wellington-do-curso-sobre-investigacao-do-coaf\\\/#article\",\"isPartOf\":{\"@id\":\"https:\\\/\\\/maranhaotv.com.br\\\/index.php\\\/2020\\\/11\\\/10\\\/quem-conhece-braide-nao-vota-nele-diz-wellington-do-curso-sobre-investigacao-do-coaf\\\/\"},\"author\":{\"name\":\"maranhaotv\",\"@id\":\"https:\\\/\\\/maranhaotv.com.br\\\/#\\\/schema\\\/person\\\/3d54238e86b20bb5c89ab2fdb8f8829a\"},\"headline\":\"\u201cQuem conhece Braide n\u00e3o vota nele\u201d, diz Wellington do Curso sobre investiga\u00e7\u00e3o do Coaf\",\"datePublished\":\"2020-11-10T15:07:34+00:00\",\"mainEntityOfPage\":{\"@id\":\"https:\\\/\\\/maranhaotv.com.br\\\/index.php\\\/2020\\\/11\\\/10\\\/quem-conhece-braide-nao-vota-nele-diz-wellington-do-curso-sobre-investigacao-do-coaf\\\/\"},\"wordCount\":189,\"commentCount\":0,\"publisher\":{\"@id\":\"https:\\\/\\\/maranhaotv.com.br\\\/#organization\"},\"image\":{\"@id\":\"https:\\\/\\\/maranhaotv.com.br\\\/index.php\\\/2020\\\/11\\\/10\\\/quem-conhece-braide-nao-vota-nele-diz-wellington-do-curso-sobre-investigacao-do-coaf\\\/#primaryimage\"},\"thumbnailUrl\":\"\",\"keywords\":[\"Eduardo Braide\"],\"articleSection\":[\"not\u00edcias\",\"pol\u00edtica\"],\"inLanguage\":\"pt-BR\",\"potentialAction\":[{\"@type\":\"CommentAction\",\"name\":\"Comment\",\"target\":[\"https:\\\/\\\/maranhaotv.com.br\\\/index.php\\\/2020\\\/11\\\/10\\\/quem-conhece-braide-nao-vota-nele-diz-wellington-do-curso-sobre-investigacao-do-coaf\\\/#respond\"]}]},{\"@type\":\"WebPage\",\"@id\":\"https:\\\/\\\/maranhaotv.com.br\\\/index.php\\\/2020\\\/11\\\/10\\\/quem-conhece-braide-nao-vota-nele-diz-wellington-do-curso-sobre-investigacao-do-coaf\\\/\",\"url\":\"https:\\\/\\\/maranhaotv.com.br\\\/index.php\\\/2020\\\/11\\\/10\\\/quem-conhece-braide-nao-vota-nele-diz-wellington-do-curso-sobre-investigacao-do-coaf\\\/\",\"name\":\"\u201cQuem conhece Braide n\u00e3o vota nele\u201d, diz Wellington do Curso sobre investiga\u00e7\u00e3o do Coaf - NOT\u00cdCIAS EM TEMPO REAL\",\"isPartOf\":{\"@id\":\"https:\\\/\\\/maranhaotv.com.br\\\/#website\"},\"primaryImageOfPage\":{\"@id\":\"https:\\\/\\\/maranhaotv.com.br\\\/index.php\\\/2020\\\/11\\\/10\\\/quem-conhece-braide-nao-vota-nele-diz-wellington-do-curso-sobre-investigacao-do-coaf\\\/#primaryimage\"},\"image\":{\"@id\":\"https:\\\/\\\/maranhaotv.com.br\\\/index.php\\\/2020\\\/11\\\/10\\\/quem-conhece-braide-nao-vota-nele-diz-wellington-do-curso-sobre-investigacao-do-coaf\\\/#primaryimage\"},\"thumbnailUrl\":\"\",\"datePublished\":\"2020-11-10T15:07:34+00:00\",\"breadcrumb\":{\"@id\":\"https:\\\/\\\/maranhaotv.com.br\\\/index.php\\\/2020\\\/11\\\/10\\\/quem-conhece-braide-nao-vota-nele-diz-wellington-do-curso-sobre-investigacao-do-coaf\\\/#breadcrumb\"},\"inLanguage\":\"pt-BR\",\"potentialAction\":[{\"@type\":\"ReadAction\",\"target\":[\"https:\\\/\\\/maranhaotv.com.br\\\/index.php\\\/2020\\\/11\\\/10\\\/quem-conhece-braide-nao-vota-nele-diz-wellington-do-curso-sobre-investigacao-do-coaf\\\/\"]}]},{\"@type\":\"ImageObject\",\"inLanguage\":\"pt-BR\",\"@id\":\"https:\\\/\\\/maranhaotv.com.br\\\/index.php\\\/2020\\\/11\\\/10\\\/quem-conhece-braide-nao-vota-nele-diz-wellington-do-curso-sobre-investigacao-do-coaf\\\/#primaryimage\",\"url\":\"\",\"contentUrl\":\"\"},{\"@type\":\"BreadcrumbList\",\"@id\":\"https:\\\/\\\/maranhaotv.com.br\\\/index.php\\\/2020\\\/11\\\/10\\\/quem-conhece-braide-nao-vota-nele-diz-wellington-do-curso-sobre-investigacao-do-coaf\\\/#breadcrumb\",\"itemListElement\":[{\"@type\":\"ListItem\",\"position\":1,\"name\":\"In\u00edcio\",\"item\":\"https:\\\/\\\/maranhaotv.com.br\\\/\"},{\"@type\":\"ListItem\",\"position\":2,\"name\":\"\u201cQuem conhece Braide n\u00e3o vota nele\u201d, diz Wellington do Curso sobre investiga\u00e7\u00e3o do Coaf\"}]},{\"@type\":\"WebSite\",\"@id\":\"https:\\\/\\\/maranhaotv.com.br\\\/#website\",\"url\":\"https:\\\/\\\/maranhaotv.com.br\\\/\",\"name\":\"Maranh\u00e3oTV\",\"description\":\"\",\"publisher\":{\"@id\":\"https:\\\/\\\/maranhaotv.com.br\\\/#organization\"},\"potentialAction\":[{\"@type\":\"SearchAction\",\"target\":{\"@type\":\"EntryPoint\",\"urlTemplate\":\"https:\\\/\\\/maranhaotv.com.br\\\/?s={search_term_string}\"},\"query-input\":{\"@type\":\"PropertyValueSpecification\",\"valueRequired\":true,\"valueName\":\"search_term_string\"}}],\"inLanguage\":\"pt-BR\"},{\"@type\":\"Organization\",\"@id\":\"https:\\\/\\\/maranhaotv.com.br\\\/#organization\",\"name\":\"Portal de Not\u00edcias\",\"url\":\"https:\\\/\\\/maranhaotv.com.br\\\/\",\"logo\":{\"@type\":\"ImageObject\",\"inLanguage\":\"pt-BR\",\"@id\":\"https:\\\/\\\/maranhaotv.com.br\\\/#\\\/schema\\\/logo\\\/image\\\/\",\"url\":\"https:\\\/\\\/maranhaotv.com.br\\\/wp-content\\\/uploads\\\/2024\\\/05\\\/cropped-cropped-avatar-1.png\",\"contentUrl\":\"https:\\\/\\\/maranhaotv.com.br\\\/wp-content\\\/uploads\\\/2024\\\/05\\\/cropped-cropped-avatar-1.png\",\"width\":792,\"height\":428,\"caption\":\"Portal de Not\u00edcias\"},\"image\":{\"@id\":\"https:\\\/\\\/maranhaotv.com.br\\\/#\\\/schema\\\/logo\\\/image\\\/\"},\"sameAs\":[\"https:\\\/\\\/www.facebook.com\\\/maiobaotv\",\"https:\\\/\\\/x.com\\\/sitemaranhaotv\",\"https:\\\/\\\/www.instagram.com\\\/maranhao.tv\",\"https:\\\/\\\/www.threads.net\\\/@maranhao.tv\"]},{\"@type\":\"Person\",\"@id\":\"https:\\\/\\\/maranhaotv.com.br\\\/#\\\/schema\\\/person\\\/3d54238e86b20bb5c89ab2fdb8f8829a\",\"name\":\"maranhaotv\",\"image\":{\"@type\":\"ImageObject\",\"inLanguage\":\"pt-BR\",\"@id\":\"https:\\\/\\\/secure.gravatar.com\\\/avatar\\\/8fadbca458d4cb68b1dd399ae9a40618d747bb1af65ac9fad21c89220a143eb4?s=96&d=mm&r=g\",\"url\":\"https:\\\/\\\/secure.gravatar.com\\\/avatar\\\/8fadbca458d4cb68b1dd399ae9a40618d747bb1af65ac9fad21c89220a143eb4?s=96&d=mm&r=g\",\"contentUrl\":\"https:\\\/\\\/secure.gravatar.com\\\/avatar\\\/8fadbca458d4cb68b1dd399ae9a40618d747bb1af65ac9fad21c89220a143eb4?s=96&d=mm&r=g\",\"caption\":\"maranhaotv\"},\"sameAs\":[\"https:\\\/\\\/maranhaotv.com.br\\\/\"],\"url\":\"https:\\\/\\\/maranhaotv.com.br\\\/index.php\\\/author\\\/maranhaotv\\\/\"}]}<\/script>\n<!-- \/ Yoast SEO plugin. -->","yoast_head_json":{"title":"\u201cQuem conhece Braide n\u00e3o vota nele\u201d, diz Wellington do Curso sobre investiga\u00e7\u00e3o do Coaf - NOT\u00cdCIAS EM TEMPO REAL","robots":{"index":"index","follow":"follow","max-snippet":"max-snippet:-1","max-image-preview":"max-image-preview:large","max-video-preview":"max-video-preview:-1"},"canonical":"https:\/\/maranhaotv.com.br\/index.php\/2020\/11\/10\/quem-conhece-braide-nao-vota-nele-diz-wellington-do-curso-sobre-investigacao-do-coaf\/","og_locale":"pt_BR","og_type":"article","og_title":"\u201cQuem conhece Braide n\u00e3o vota nele\u201d, diz Wellington do Curso sobre investiga\u00e7\u00e3o do Coaf - NOT\u00cdCIAS EM TEMPO REAL","og_description":"Nesta ter\u00e7a-feira (10), o deputado estadual Wellington do Curso se pronunciou para mostrar quem verdadei mente \u00e9 Eduardo Braide. Um","og_url":"https:\/\/maranhaotv.com.br\/index.php\/2020\/11\/10\/quem-conhece-braide-nao-vota-nele-diz-wellington-do-curso-sobre-investigacao-do-coaf\/","og_site_name":"NOT\u00cdCIAS EM TEMPO REAL","article_publisher":"https:\/\/www.facebook.com\/maiobaotv","article_published_time":"2020-11-10T15:07:34+00:00","author":"maranhaotv","twitter_card":"summary_large_image","twitter_creator":"@sitemaranhaotv","twitter_site":"@sitemaranhaotv","twitter_misc":{"Escrito por":"maranhaotv","Est. tempo de leitura":"1 minuto"},"schema":{"@context":"https:\/\/schema.org","@graph":[{"@type":"Article","@id":"https:\/\/maranhaotv.com.br\/index.php\/2020\/11\/10\/quem-conhece-braide-nao-vota-nele-diz-wellington-do-curso-sobre-investigacao-do-coaf\/#article","isPartOf":{"@id":"https:\/\/maranhaotv.com.br\/index.php\/2020\/11\/10\/quem-conhece-braide-nao-vota-nele-diz-wellington-do-curso-sobre-investigacao-do-coaf\/"},"author":{"name":"maranhaotv","@id":"https:\/\/maranhaotv.com.br\/#\/schema\/person\/3d54238e86b20bb5c89ab2fdb8f8829a"},"headline":"\u201cQuem conhece Braide n\u00e3o vota nele\u201d, diz Wellington do Curso sobre investiga\u00e7\u00e3o do Coaf","datePublished":"2020-11-10T15:07:34+00:00","mainEntityOfPage":{"@id":"https:\/\/maranhaotv.com.br\/index.php\/2020\/11\/10\/quem-conhece-braide-nao-vota-nele-diz-wellington-do-curso-sobre-investigacao-do-coaf\/"},"wordCount":189,"commentCount":0,"publisher":{"@id":"https:\/\/maranhaotv.com.br\/#organization"},"image":{"@id":"https:\/\/maranhaotv.com.br\/index.php\/2020\/11\/10\/quem-conhece-braide-nao-vota-nele-diz-wellington-do-curso-sobre-investigacao-do-coaf\/#primaryimage"},"thumbnailUrl":"","keywords":["Eduardo Braide"],"articleSection":["not\u00edcias","pol\u00edtica"],"inLanguage":"pt-BR","potentialAction":[{"@type":"CommentAction","name":"Comment","target":["https:\/\/maranhaotv.com.br\/index.php\/2020\/11\/10\/quem-conhece-braide-nao-vota-nele-diz-wellington-do-curso-sobre-investigacao-do-coaf\/#respond"]}]},{"@type":"WebPage","@id":"https:\/\/maranhaotv.com.br\/index.php\/2020\/11\/10\/quem-conhece-braide-nao-vota-nele-diz-wellington-do-curso-sobre-investigacao-do-coaf\/","url":"https:\/\/maranhaotv.com.br\/index.php\/2020\/11\/10\/quem-conhece-braide-nao-vota-nele-diz-wellington-do-curso-sobre-investigacao-do-coaf\/","name":"\u201cQuem conhece Braide n\u00e3o vota nele\u201d, diz Wellington do Curso sobre investiga\u00e7\u00e3o do Coaf - NOT\u00cdCIAS EM TEMPO REAL","isPartOf":{"@id":"https:\/\/maranhaotv.com.br\/#website"},"primaryImageOfPage":{"@id":"https:\/\/maranhaotv.com.br\/index.php\/2020\/11\/10\/quem-conhece-braide-nao-vota-nele-diz-wellington-do-curso-sobre-investigacao-do-coaf\/#primaryimage"},"image":{"@id":"https:\/\/maranhaotv.com.br\/index.php\/2020\/11\/10\/quem-conhece-braide-nao-vota-nele-diz-wellington-do-curso-sobre-investigacao-do-coaf\/#primaryimage"},"thumbnailUrl":"","datePublished":"2020-11-10T15:07:34+00:00","breadcrumb":{"@id":"https:\/\/maranhaotv.com.br\/index.php\/2020\/11\/10\/quem-conhece-braide-nao-vota-nele-diz-wellington-do-curso-sobre-investigacao-do-coaf\/#breadcrumb"},"inLanguage":"pt-BR","potentialAction":[{"@type":"ReadAction","target":["https:\/\/maranhaotv.com.br\/index.php\/2020\/11\/10\/quem-conhece-braide-nao-vota-nele-diz-wellington-do-curso-sobre-investigacao-do-coaf\/"]}]},{"@type":"ImageObject","inLanguage":"pt-BR","@id":"https:\/\/maranhaotv.com.br\/index.php\/2020\/11\/10\/quem-conhece-braide-nao-vota-nele-diz-wellington-do-curso-sobre-investigacao-do-coaf\/#primaryimage","url":"","contentUrl":""},{"@type":"BreadcrumbList","@id":"https:\/\/maranhaotv.com.br\/index.php\/2020\/11\/10\/quem-conhece-braide-nao-vota-nele-diz-wellington-do-curso-sobre-investigacao-do-coaf\/#breadcrumb","itemListElement":[{"@type":"ListItem","position":1,"name":"In\u00edcio","item":"https:\/\/maranhaotv.com.br\/"},{"@type":"ListItem","position":2,"name":"\u201cQuem conhece Braide n\u00e3o vota nele\u201d, diz Wellington do Curso sobre investiga\u00e7\u00e3o do Coaf"}]},{"@type":"WebSite","@id":"https:\/\/maranhaotv.com.br\/#website","url":"https:\/\/maranhaotv.com.br\/","name":"Maranh\u00e3oTV","description":"","publisher":{"@id":"https:\/\/maranhaotv.com.br\/#organization"},"potentialAction":[{"@type":"SearchAction","target":{"@type":"EntryPoint","urlTemplate":"https:\/\/maranhaotv.com.br\/?s={search_term_string}"},"query-input":{"@type":"PropertyValueSpecification","valueRequired":true,"valueName":"search_term_string"}}],"inLanguage":"pt-BR"},{"@type":"Organization","@id":"https:\/\/maranhaotv.com.br\/#organization","name":"Portal de Not\u00edcias","url":"https:\/\/maranhaotv.com.br\/","logo":{"@type":"ImageObject","inLanguage":"pt-BR","@id":"https:\/\/maranhaotv.com.br\/#\/schema\/logo\/image\/","url":"https:\/\/maranhaotv.com.br\/wp-content\/uploads\/2024\/05\/cropped-cropped-avatar-1.png","contentUrl":"https:\/\/maranhaotv.com.br\/wp-content\/uploads\/2024\/05\/cropped-cropped-avatar-1.png","width":792,"height":428,"caption":"Portal de Not\u00edcias"},"image":{"@id":"https:\/\/maranhaotv.com.br\/#\/schema\/logo\/image\/"},"sameAs":["https:\/\/www.facebook.com\/maiobaotv","https:\/\/x.com\/sitemaranhaotv","https:\/\/www.instagram.com\/maranhao.tv","https:\/\/www.threads.net\/@maranhao.tv"]},{"@type":"Person","@id":"https:\/\/maranhaotv.com.br\/#\/schema\/person\/3d54238e86b20bb5c89ab2fdb8f8829a","name":"maranhaotv","image":{"@type":"ImageObject","inLanguage":"pt-BR","@id":"https:\/\/secure.gravatar.com\/avatar\/8fadbca458d4cb68b1dd399ae9a40618d747bb1af65ac9fad21c89220a143eb4?s=96&d=mm&r=g","url":"https:\/\/secure.gravatar.com\/avatar\/8fadbca458d4cb68b1dd399ae9a40618d747bb1af65ac9fad21c89220a143eb4?s=96&d=mm&r=g","contentUrl":"https:\/\/secure.gravatar.com\/avatar\/8fadbca458d4cb68b1dd399ae9a40618d747bb1af65ac9fad21c89220a143eb4?s=96&d=mm&r=g","caption":"maranhaotv"},"sameAs":["https:\/\/maranhaotv.com.br\/"],"url":"https:\/\/maranhaotv.com.br\/index.php\/author\/maranhaotv\/"}]}},"jetpack_featured_media_url":"","jetpack_sharing_enabled":true,"_links":{"self":[{"href":"https:\/\/maranhaotv.com.br\/index.php\/wp-json\/wp\/v2\/posts\/17043","targetHints":{"allow":["GET"]}}],"collection":[{"href":"https:\/\/maranhaotv.com.br\/index.php\/wp-json\/wp\/v2\/posts"}],"about":[{"href":"https:\/\/maranhaotv.com.br\/index.php\/wp-json\/wp\/v2\/types\/post"}],"author":[{"embeddable":true,"href":"https:\/\/maranhaotv.com.br\/index.php\/wp-json\/wp\/v2\/users\/2"}],"replies":[{"embeddable":true,"href":"https:\/\/maranhaotv.com.br\/index.php\/wp-json\/wp\/v2\/comments?post=17043"}],"version-history":[{"count":0,"href":"https:\/\/maranhaotv.com.br\/index.php\/wp-json\/wp\/v2\/posts\/17043\/revisions"}],"wp:featuredmedia":[{"embeddable":true,"href":"https:\/\/maranhaotv.com.br\/index.php\/wp-json\/"}],"wp:attachment":[{"href":"https:\/\/maranhaotv.com.br\/index.php\/wp-json\/wp\/v2\/media?parent=17043"}],"wp:term":[{"taxonomy":"category","embeddable":true,"href":"https:\/\/maranhaotv.com.br\/index.php\/wp-json\/wp\/v2\/categories?post=17043"},{"taxonomy":"post_tag","embeddable":true,"href":"https:\/\/maranhaotv.com.br\/index.php\/wp-json\/wp\/v2\/tags?post=17043"}],"curies":[{"name":"wp","href":"https:\/\/api.w.org\/{rel}","templated":true}]}}