{"id":17436,"date":"2020-12-03T14:56:41","date_gmt":"2020-12-03T17:56:41","guid":{"rendered":"https:\/\/maranhaotv.com.br\/?p=17436"},"modified":"2020-12-03T14:56:41","modified_gmt":"2020-12-03T17:56:41","slug":"esperteza-prefeito-de-olinda-nova-quer-a-todo-custo-fazer-um-concurso-suspenso-pelo-tce","status":"publish","type":"post","link":"https:\/\/maranhaotv.com.br\/index.php\/2020\/12\/03\/esperteza-prefeito-de-olinda-nova-quer-a-todo-custo-fazer-um-concurso-suspenso-pelo-tce\/","title":{"rendered":"Esperteza: Prefeito de Olinda Nova, quer a todo custo fazer um concurso suspenso pelo TCE"},"content":{"rendered":"<p>A menos de 30 dias para encerrar sua gest\u00e3o como Prefeito de Olinda Nova, Costinha, derrotado nas urnas nas \u00faltimas elei\u00e7\u00f5es ao apoiar Mo\u00e7a de Riba, tenta uma manobra para a todo custo e de qualquer forma realizar um Concurso P\u00fablico.<\/p>\n<p>Costinha que foi prefeito por dois mandatos n\u00e3o se preocupou em fazer tal processo durante seus 8 anos de gest\u00e3o. E agora, ap\u00f3s ser derrotado, quer, desesperadamente fazer o concurso.<\/p>\n<p>Na decis\u00e3o os Conselheiros deixa claro sobre o ato equivocado de Costinha:<\/p>\n<p><em>Os Conselheiros do Tribunal de Contas do Estado do Maranh\u00e3o, no uso de suas atribui\u00e7\u00f5es constitucionais e legais, ap\u00f3s voto do conselheiro revisor acompanhando o relator original, por unanimidade, nos termos do relat\u00f3rio e voto do Relator original, acolhendo o Parecer n\u00ba 840\/2020 GPROC3\/PHAR,do Minist\u00e9rio P\u00fablico de Contas, observado o art. 104, caput, da Lei n\u00ba 8.258, de 6 de junho de 2005, decidem:a) conhecer a representa\u00e7\u00e3o, por preencher os requisitos de admissibilidade, fundado no art. 43, inciso VII, da Lei n\u00ba 8.258, de 6 de junho de 2005(LOTCE\/MA);b) deferir a medida cautelar, inaudita altera pars, nos termos do art. 75, caput, da Lei n\u00ba 8.258, de 6 de junho de 2005 e determinar ao Senhor \u00c9dsonBarros Costa J\u00fanior, Prefeito de Olinda Nova do Maranh\u00e3o\/MA, que:b1) realize a suspens\u00e3o dos efeitos da licita\u00e7\u00e3o Tomada de Pre\u00e7os n\u00ba 01\/2020 na fase em que se encontrar e, no caso de j\u00e1 ter sido formalizado contrato, asuspens\u00e3o do pagamento;b2) se abstenha de realizar quaisquer medidas administrativas decorrentes dessa licita\u00e7\u00e3o que sejam incompat\u00edveis com a cautelar deferida por esta Cortede Contas at\u00e9 que as falhas apontadas sejam sanadas, ou at\u00e9 a aprecia\u00e7\u00e3o do m\u00e9rito desta representa\u00e7\u00e3o.<\/em><\/p>\n<p>A Prefeitura de Olinda tinha a inten\u00e7\u00e3o de realizar o Concurso ainda no m\u00eas de Dezembro, no dia 13.<\/p>\n<p>O prefeito Costinha est\u00e1 analisando com sua assessoria sobre uma nova suspens\u00e3o das provas do concurso p\u00fablico da prefeitura de Olinda Nova do Maranh\u00e3o. As provas est\u00e3o marcadas para serem realizadas no dia 13 deste m\u00eas.<\/p>\n<p>O concurso deveria ser realizado para preencher 162 vagas para a Prefeitura Municipal para cargos dos n\u00edveis de escolaridade fundamental, m\u00e9dio e superior. Os vencimentos b\u00e1sicos iniciais v\u00e3o de R$ 1.045 a R$ 6.000, para uma jornada semanal de trabalho de 20 a 40 horas.<\/p>\n<p>Certamente, ficar\u00e1 para a pr\u00f3xima prefeita Concei\u00e7\u00e3o, eleita com 60,06% dos votos.<\/p>\n<p><img loading=\"lazy\" decoding=\"async\" class=\"wp-image-17435 alignnone size-full\" src=\"https:\/\/maranhaotv.com.br\/wp-content\/uploads\/2020\/12\/img-20201203-wa02566543528567216698898.jpg\" width=\"916\" height=\"1280\"><img loading=\"lazy\" decoding=\"async\" class=\"wp-image-17434 alignnone size-full\" src=\"https:\/\/maranhaotv.com.br\/wp-content\/uploads\/2020\/12\/img-20201203-wa0255218337912453814113.jpg\" width=\"905\" height=\"1280\"><img decoding=\"async\" class=\"size-full\" data-wpid=\"96\" src=\"https:\/\/maranhaotv.com.br\/wp-content\/uploads\/2020\/12\/img_20201203_1454338683413685621001508.jpg\">Derrota de Costinha ficar\u00e1 na hist\u00f3ria<\/p>\n","protected":false},"excerpt":{"rendered":"<p>A menos de 30 dias para encerrar sua gest\u00e3o como Prefeito de Olinda Nova, Costinha, derrotado nas urnas nas \u00faltimas<\/p>\n","protected":false},"author":2,"featured_media":17439,"comment_status":"open","ping_status":"open","sticky":false,"template":"","format":"standard","meta":{"colormag_page_container_layout":"default_layout","colormag_page_sidebar_layout":"default_layout","_jetpack_memberships_contains_paid_content":false,"footnotes":""},"categories":[2],"tags":[],"class_list":["post-17436","post","type-post","status-publish","format-standard","has-post-thumbnail","hentry","category-noticias"],"magazineBlocksPostFeaturedMedia":{"thumbnail":false,"medium":false,"medium_large":false,"large":false,"1536x1536":false,"2048x2048":false,"colormag-highlighted-post":false,"colormag-featured-post-medium":false,"colormag-featured-post-small":false,"colormag-featured-image":false,"colormag-default-news":false,"colormag-featured-image-large":false},"magazineBlocksPostAuthor":{"name":"maranhaotv","avatar":"https:\/\/secure.gravatar.com\/avatar\/8fadbca458d4cb68b1dd399ae9a40618d747bb1af65ac9fad21c89220a143eb4?s=96&d=mm&r=g"},"magazineBlocksPostCommentsNumber":"0","magazineBlocksPostExcerpt":"A menos de 30 dias para encerrar sua gest\u00e3o como Prefeito de Olinda Nova, Costinha, derrotado nas urnas nas \u00faltimas","magazineBlocksPostCategories":["not\u00edcias"],"magazineBlocksPostViewCount":217,"magazineBlocksPostReadTime":3,"magazine_blocks_featured_image_url":{"full":false,"medium":false,"thumbnail":false},"magazine_blocks_author":{"display_name":"maranhaotv","author_link":"https:\/\/maranhaotv.com.br\/index.php\/author\/maranhaotv\/"},"magazine_blocks_comment":0,"magazine_blocks_author_image":"https:\/\/secure.gravatar.com\/avatar\/8fadbca458d4cb68b1dd399ae9a40618d747bb1af65ac9fad21c89220a143eb4?s=96&d=mm&r=g","magazine_blocks_category":"<a href=\"#\" class=\"category-link category-link-2\">not\u00edcias<\/a>","yoast_head":"<!-- This site is optimized with the Yoast SEO plugin v27.4 - https:\/\/yoast.com\/product\/yoast-seo-wordpress\/ -->\n<title>Esperteza: Prefeito de Olinda Nova, quer a todo custo fazer um concurso suspenso pelo TCE - NOT\u00cdCIAS EM TEMPO REAL<\/title>\n<meta name=\"robots\" content=\"index, follow, max-snippet:-1, max-image-preview:large, max-video-preview:-1\" \/>\n<link rel=\"canonical\" href=\"https:\/\/maranhaotv.com.br\/index.php\/2020\/12\/03\/esperteza-prefeito-de-olinda-nova-quer-a-todo-custo-fazer-um-concurso-suspenso-pelo-tce\/\" \/>\n<meta property=\"og:locale\" content=\"pt_BR\" \/>\n<meta property=\"og:type\" content=\"article\" \/>\n<meta property=\"og:title\" content=\"Esperteza: Prefeito de Olinda Nova, quer a todo custo fazer um concurso suspenso pelo TCE - NOT\u00cdCIAS EM TEMPO REAL\" \/>\n<meta property=\"og:description\" content=\"A menos de 30 dias para encerrar sua gest\u00e3o como Prefeito de Olinda Nova, Costinha, derrotado nas urnas nas \u00faltimas\" \/>\n<meta property=\"og:url\" content=\"https:\/\/maranhaotv.com.br\/index.php\/2020\/12\/03\/esperteza-prefeito-de-olinda-nova-quer-a-todo-custo-fazer-um-concurso-suspenso-pelo-tce\/\" \/>\n<meta property=\"og:site_name\" content=\"NOT\u00cdCIAS EM TEMPO REAL\" \/>\n<meta property=\"article:publisher\" content=\"https:\/\/www.facebook.com\/maiobaotv\" \/>\n<meta property=\"article:published_time\" content=\"2020-12-03T17:56:41+00:00\" \/>\n<meta name=\"author\" content=\"maranhaotv\" \/>\n<meta name=\"twitter:card\" content=\"summary_large_image\" \/>\n<meta name=\"twitter:creator\" content=\"@sitemaranhaotv\" \/>\n<meta name=\"twitter:site\" content=\"@sitemaranhaotv\" \/>\n<meta name=\"twitter:label1\" content=\"Escrito por\" \/>\n\t<meta name=\"twitter:data1\" content=\"maranhaotv\" \/>\n\t<meta name=\"twitter:label2\" content=\"Est. tempo de leitura\" \/>\n\t<meta name=\"twitter:data2\" content=\"2 minutos\" \/>\n<script type=\"application\/ld+json\" class=\"yoast-schema-graph\">{\"@context\":\"https:\\\/\\\/schema.org\",\"@graph\":[{\"@type\":\"Article\",\"@id\":\"https:\\\/\\\/maranhaotv.com.br\\\/index.php\\\/2020\\\/12\\\/03\\\/esperteza-prefeito-de-olinda-nova-quer-a-todo-custo-fazer-um-concurso-suspenso-pelo-tce\\\/#article\",\"isPartOf\":{\"@id\":\"https:\\\/\\\/maranhaotv.com.br\\\/index.php\\\/2020\\\/12\\\/03\\\/esperteza-prefeito-de-olinda-nova-quer-a-todo-custo-fazer-um-concurso-suspenso-pelo-tce\\\/\"},\"author\":{\"name\":\"maranhaotv\",\"@id\":\"https:\\\/\\\/maranhaotv.com.br\\\/#\\\/schema\\\/person\\\/3d54238e86b20bb5c89ab2fdb8f8829a\"},\"headline\":\"Esperteza: Prefeito de Olinda Nova, quer a todo custo fazer um concurso suspenso pelo TCE\",\"datePublished\":\"2020-12-03T17:56:41+00:00\",\"mainEntityOfPage\":{\"@id\":\"https:\\\/\\\/maranhaotv.com.br\\\/index.php\\\/2020\\\/12\\\/03\\\/esperteza-prefeito-de-olinda-nova-quer-a-todo-custo-fazer-um-concurso-suspenso-pelo-tce\\\/\"},\"wordCount\":433,\"commentCount\":0,\"publisher\":{\"@id\":\"https:\\\/\\\/maranhaotv.com.br\\\/#organization\"},\"image\":{\"@id\":\"https:\\\/\\\/maranhaotv.com.br\\\/index.php\\\/2020\\\/12\\\/03\\\/esperteza-prefeito-de-olinda-nova-quer-a-todo-custo-fazer-um-concurso-suspenso-pelo-tce\\\/#primaryimage\"},\"thumbnailUrl\":\"\",\"articleSection\":[\"not\u00edcias\"],\"inLanguage\":\"pt-BR\",\"potentialAction\":[{\"@type\":\"CommentAction\",\"name\":\"Comment\",\"target\":[\"https:\\\/\\\/maranhaotv.com.br\\\/index.php\\\/2020\\\/12\\\/03\\\/esperteza-prefeito-de-olinda-nova-quer-a-todo-custo-fazer-um-concurso-suspenso-pelo-tce\\\/#respond\"]}]},{\"@type\":\"WebPage\",\"@id\":\"https:\\\/\\\/maranhaotv.com.br\\\/index.php\\\/2020\\\/12\\\/03\\\/esperteza-prefeito-de-olinda-nova-quer-a-todo-custo-fazer-um-concurso-suspenso-pelo-tce\\\/\",\"url\":\"https:\\\/\\\/maranhaotv.com.br\\\/index.php\\\/2020\\\/12\\\/03\\\/esperteza-prefeito-de-olinda-nova-quer-a-todo-custo-fazer-um-concurso-suspenso-pelo-tce\\\/\",\"name\":\"Esperteza: Prefeito de Olinda Nova, quer a todo custo fazer um concurso suspenso pelo TCE - NOT\u00cdCIAS EM TEMPO REAL\",\"isPartOf\":{\"@id\":\"https:\\\/\\\/maranhaotv.com.br\\\/#website\"},\"primaryImageOfPage\":{\"@id\":\"https:\\\/\\\/maranhaotv.com.br\\\/index.php\\\/2020\\\/12\\\/03\\\/esperteza-prefeito-de-olinda-nova-quer-a-todo-custo-fazer-um-concurso-suspenso-pelo-tce\\\/#primaryimage\"},\"image\":{\"@id\":\"https:\\\/\\\/maranhaotv.com.br\\\/index.php\\\/2020\\\/12\\\/03\\\/esperteza-prefeito-de-olinda-nova-quer-a-todo-custo-fazer-um-concurso-suspenso-pelo-tce\\\/#primaryimage\"},\"thumbnailUrl\":\"\",\"datePublished\":\"2020-12-03T17:56:41+00:00\",\"breadcrumb\":{\"@id\":\"https:\\\/\\\/maranhaotv.com.br\\\/index.php\\\/2020\\\/12\\\/03\\\/esperteza-prefeito-de-olinda-nova-quer-a-todo-custo-fazer-um-concurso-suspenso-pelo-tce\\\/#breadcrumb\"},\"inLanguage\":\"pt-BR\",\"potentialAction\":[{\"@type\":\"ReadAction\",\"target\":[\"https:\\\/\\\/maranhaotv.com.br\\\/index.php\\\/2020\\\/12\\\/03\\\/esperteza-prefeito-de-olinda-nova-quer-a-todo-custo-fazer-um-concurso-suspenso-pelo-tce\\\/\"]}]},{\"@type\":\"ImageObject\",\"inLanguage\":\"pt-BR\",\"@id\":\"https:\\\/\\\/maranhaotv.com.br\\\/index.php\\\/2020\\\/12\\\/03\\\/esperteza-prefeito-de-olinda-nova-quer-a-todo-custo-fazer-um-concurso-suspenso-pelo-tce\\\/#primaryimage\",\"url\":\"\",\"contentUrl\":\"\"},{\"@type\":\"BreadcrumbList\",\"@id\":\"https:\\\/\\\/maranhaotv.com.br\\\/index.php\\\/2020\\\/12\\\/03\\\/esperteza-prefeito-de-olinda-nova-quer-a-todo-custo-fazer-um-concurso-suspenso-pelo-tce\\\/#breadcrumb\",\"itemListElement\":[{\"@type\":\"ListItem\",\"position\":1,\"name\":\"In\u00edcio\",\"item\":\"https:\\\/\\\/maranhaotv.com.br\\\/\"},{\"@type\":\"ListItem\",\"position\":2,\"name\":\"Esperteza: Prefeito de Olinda Nova, quer a todo custo fazer um concurso suspenso pelo TCE\"}]},{\"@type\":\"WebSite\",\"@id\":\"https:\\\/\\\/maranhaotv.com.br\\\/#website\",\"url\":\"https:\\\/\\\/maranhaotv.com.br\\\/\",\"name\":\"Maranh\u00e3oTV\",\"description\":\"\",\"publisher\":{\"@id\":\"https:\\\/\\\/maranhaotv.com.br\\\/#organization\"},\"potentialAction\":[{\"@type\":\"SearchAction\",\"target\":{\"@type\":\"EntryPoint\",\"urlTemplate\":\"https:\\\/\\\/maranhaotv.com.br\\\/?s={search_term_string}\"},\"query-input\":{\"@type\":\"PropertyValueSpecification\",\"valueRequired\":true,\"valueName\":\"search_term_string\"}}],\"inLanguage\":\"pt-BR\"},{\"@type\":\"Organization\",\"@id\":\"https:\\\/\\\/maranhaotv.com.br\\\/#organization\",\"name\":\"Portal de Not\u00edcias\",\"url\":\"https:\\\/\\\/maranhaotv.com.br\\\/\",\"logo\":{\"@type\":\"ImageObject\",\"inLanguage\":\"pt-BR\",\"@id\":\"https:\\\/\\\/maranhaotv.com.br\\\/#\\\/schema\\\/logo\\\/image\\\/\",\"url\":\"https:\\\/\\\/maranhaotv.com.br\\\/wp-content\\\/uploads\\\/2024\\\/05\\\/cropped-cropped-avatar-1.png\",\"contentUrl\":\"https:\\\/\\\/maranhaotv.com.br\\\/wp-content\\\/uploads\\\/2024\\\/05\\\/cropped-cropped-avatar-1.png\",\"width\":792,\"height\":428,\"caption\":\"Portal de Not\u00edcias\"},\"image\":{\"@id\":\"https:\\\/\\\/maranhaotv.com.br\\\/#\\\/schema\\\/logo\\\/image\\\/\"},\"sameAs\":[\"https:\\\/\\\/www.facebook.com\\\/maiobaotv\",\"https:\\\/\\\/x.com\\\/sitemaranhaotv\",\"https:\\\/\\\/www.instagram.com\\\/maranhao.tv\",\"https:\\\/\\\/www.threads.net\\\/@maranhao.tv\"]},{\"@type\":\"Person\",\"@id\":\"https:\\\/\\\/maranhaotv.com.br\\\/#\\\/schema\\\/person\\\/3d54238e86b20bb5c89ab2fdb8f8829a\",\"name\":\"maranhaotv\",\"image\":{\"@type\":\"ImageObject\",\"inLanguage\":\"pt-BR\",\"@id\":\"https:\\\/\\\/secure.gravatar.com\\\/avatar\\\/8fadbca458d4cb68b1dd399ae9a40618d747bb1af65ac9fad21c89220a143eb4?s=96&d=mm&r=g\",\"url\":\"https:\\\/\\\/secure.gravatar.com\\\/avatar\\\/8fadbca458d4cb68b1dd399ae9a40618d747bb1af65ac9fad21c89220a143eb4?s=96&d=mm&r=g\",\"contentUrl\":\"https:\\\/\\\/secure.gravatar.com\\\/avatar\\\/8fadbca458d4cb68b1dd399ae9a40618d747bb1af65ac9fad21c89220a143eb4?s=96&d=mm&r=g\",\"caption\":\"maranhaotv\"},\"sameAs\":[\"https:\\\/\\\/maranhaotv.com.br\\\/\"],\"url\":\"https:\\\/\\\/maranhaotv.com.br\\\/index.php\\\/author\\\/maranhaotv\\\/\"}]}<\/script>\n<!-- \/ Yoast SEO plugin. -->","yoast_head_json":{"title":"Esperteza: Prefeito de Olinda Nova, quer a todo custo fazer um concurso suspenso pelo TCE - NOT\u00cdCIAS EM TEMPO REAL","robots":{"index":"index","follow":"follow","max-snippet":"max-snippet:-1","max-image-preview":"max-image-preview:large","max-video-preview":"max-video-preview:-1"},"canonical":"https:\/\/maranhaotv.com.br\/index.php\/2020\/12\/03\/esperteza-prefeito-de-olinda-nova-quer-a-todo-custo-fazer-um-concurso-suspenso-pelo-tce\/","og_locale":"pt_BR","og_type":"article","og_title":"Esperteza: Prefeito de Olinda Nova, quer a todo custo fazer um concurso suspenso pelo TCE - NOT\u00cdCIAS EM TEMPO REAL","og_description":"A menos de 30 dias para encerrar sua gest\u00e3o como Prefeito de Olinda Nova, Costinha, derrotado nas urnas nas \u00faltimas","og_url":"https:\/\/maranhaotv.com.br\/index.php\/2020\/12\/03\/esperteza-prefeito-de-olinda-nova-quer-a-todo-custo-fazer-um-concurso-suspenso-pelo-tce\/","og_site_name":"NOT\u00cdCIAS EM TEMPO REAL","article_publisher":"https:\/\/www.facebook.com\/maiobaotv","article_published_time":"2020-12-03T17:56:41+00:00","author":"maranhaotv","twitter_card":"summary_large_image","twitter_creator":"@sitemaranhaotv","twitter_site":"@sitemaranhaotv","twitter_misc":{"Escrito por":"maranhaotv","Est. tempo de leitura":"2 minutos"},"schema":{"@context":"https:\/\/schema.org","@graph":[{"@type":"Article","@id":"https:\/\/maranhaotv.com.br\/index.php\/2020\/12\/03\/esperteza-prefeito-de-olinda-nova-quer-a-todo-custo-fazer-um-concurso-suspenso-pelo-tce\/#article","isPartOf":{"@id":"https:\/\/maranhaotv.com.br\/index.php\/2020\/12\/03\/esperteza-prefeito-de-olinda-nova-quer-a-todo-custo-fazer-um-concurso-suspenso-pelo-tce\/"},"author":{"name":"maranhaotv","@id":"https:\/\/maranhaotv.com.br\/#\/schema\/person\/3d54238e86b20bb5c89ab2fdb8f8829a"},"headline":"Esperteza: Prefeito de Olinda Nova, quer a todo custo fazer um concurso suspenso pelo TCE","datePublished":"2020-12-03T17:56:41+00:00","mainEntityOfPage":{"@id":"https:\/\/maranhaotv.com.br\/index.php\/2020\/12\/03\/esperteza-prefeito-de-olinda-nova-quer-a-todo-custo-fazer-um-concurso-suspenso-pelo-tce\/"},"wordCount":433,"commentCount":0,"publisher":{"@id":"https:\/\/maranhaotv.com.br\/#organization"},"image":{"@id":"https:\/\/maranhaotv.com.br\/index.php\/2020\/12\/03\/esperteza-prefeito-de-olinda-nova-quer-a-todo-custo-fazer-um-concurso-suspenso-pelo-tce\/#primaryimage"},"thumbnailUrl":"","articleSection":["not\u00edcias"],"inLanguage":"pt-BR","potentialAction":[{"@type":"CommentAction","name":"Comment","target":["https:\/\/maranhaotv.com.br\/index.php\/2020\/12\/03\/esperteza-prefeito-de-olinda-nova-quer-a-todo-custo-fazer-um-concurso-suspenso-pelo-tce\/#respond"]}]},{"@type":"WebPage","@id":"https:\/\/maranhaotv.com.br\/index.php\/2020\/12\/03\/esperteza-prefeito-de-olinda-nova-quer-a-todo-custo-fazer-um-concurso-suspenso-pelo-tce\/","url":"https:\/\/maranhaotv.com.br\/index.php\/2020\/12\/03\/esperteza-prefeito-de-olinda-nova-quer-a-todo-custo-fazer-um-concurso-suspenso-pelo-tce\/","name":"Esperteza: Prefeito de Olinda Nova, quer a todo custo fazer um concurso suspenso pelo TCE - NOT\u00cdCIAS EM TEMPO REAL","isPartOf":{"@id":"https:\/\/maranhaotv.com.br\/#website"},"primaryImageOfPage":{"@id":"https:\/\/maranhaotv.com.br\/index.php\/2020\/12\/03\/esperteza-prefeito-de-olinda-nova-quer-a-todo-custo-fazer-um-concurso-suspenso-pelo-tce\/#primaryimage"},"image":{"@id":"https:\/\/maranhaotv.com.br\/index.php\/2020\/12\/03\/esperteza-prefeito-de-olinda-nova-quer-a-todo-custo-fazer-um-concurso-suspenso-pelo-tce\/#primaryimage"},"thumbnailUrl":"","datePublished":"2020-12-03T17:56:41+00:00","breadcrumb":{"@id":"https:\/\/maranhaotv.com.br\/index.php\/2020\/12\/03\/esperteza-prefeito-de-olinda-nova-quer-a-todo-custo-fazer-um-concurso-suspenso-pelo-tce\/#breadcrumb"},"inLanguage":"pt-BR","potentialAction":[{"@type":"ReadAction","target":["https:\/\/maranhaotv.com.br\/index.php\/2020\/12\/03\/esperteza-prefeito-de-olinda-nova-quer-a-todo-custo-fazer-um-concurso-suspenso-pelo-tce\/"]}]},{"@type":"ImageObject","inLanguage":"pt-BR","@id":"https:\/\/maranhaotv.com.br\/index.php\/2020\/12\/03\/esperteza-prefeito-de-olinda-nova-quer-a-todo-custo-fazer-um-concurso-suspenso-pelo-tce\/#primaryimage","url":"","contentUrl":""},{"@type":"BreadcrumbList","@id":"https:\/\/maranhaotv.com.br\/index.php\/2020\/12\/03\/esperteza-prefeito-de-olinda-nova-quer-a-todo-custo-fazer-um-concurso-suspenso-pelo-tce\/#breadcrumb","itemListElement":[{"@type":"ListItem","position":1,"name":"In\u00edcio","item":"https:\/\/maranhaotv.com.br\/"},{"@type":"ListItem","position":2,"name":"Esperteza: Prefeito de Olinda Nova, quer a todo custo fazer um concurso suspenso pelo TCE"}]},{"@type":"WebSite","@id":"https:\/\/maranhaotv.com.br\/#website","url":"https:\/\/maranhaotv.com.br\/","name":"Maranh\u00e3oTV","description":"","publisher":{"@id":"https:\/\/maranhaotv.com.br\/#organization"},"potentialAction":[{"@type":"SearchAction","target":{"@type":"EntryPoint","urlTemplate":"https:\/\/maranhaotv.com.br\/?s={search_term_string}"},"query-input":{"@type":"PropertyValueSpecification","valueRequired":true,"valueName":"search_term_string"}}],"inLanguage":"pt-BR"},{"@type":"Organization","@id":"https:\/\/maranhaotv.com.br\/#organization","name":"Portal de Not\u00edcias","url":"https:\/\/maranhaotv.com.br\/","logo":{"@type":"ImageObject","inLanguage":"pt-BR","@id":"https:\/\/maranhaotv.com.br\/#\/schema\/logo\/image\/","url":"https:\/\/maranhaotv.com.br\/wp-content\/uploads\/2024\/05\/cropped-cropped-avatar-1.png","contentUrl":"https:\/\/maranhaotv.com.br\/wp-content\/uploads\/2024\/05\/cropped-cropped-avatar-1.png","width":792,"height":428,"caption":"Portal de Not\u00edcias"},"image":{"@id":"https:\/\/maranhaotv.com.br\/#\/schema\/logo\/image\/"},"sameAs":["https:\/\/www.facebook.com\/maiobaotv","https:\/\/x.com\/sitemaranhaotv","https:\/\/www.instagram.com\/maranhao.tv","https:\/\/www.threads.net\/@maranhao.tv"]},{"@type":"Person","@id":"https:\/\/maranhaotv.com.br\/#\/schema\/person\/3d54238e86b20bb5c89ab2fdb8f8829a","name":"maranhaotv","image":{"@type":"ImageObject","inLanguage":"pt-BR","@id":"https:\/\/secure.gravatar.com\/avatar\/8fadbca458d4cb68b1dd399ae9a40618d747bb1af65ac9fad21c89220a143eb4?s=96&d=mm&r=g","url":"https:\/\/secure.gravatar.com\/avatar\/8fadbca458d4cb68b1dd399ae9a40618d747bb1af65ac9fad21c89220a143eb4?s=96&d=mm&r=g","contentUrl":"https:\/\/secure.gravatar.com\/avatar\/8fadbca458d4cb68b1dd399ae9a40618d747bb1af65ac9fad21c89220a143eb4?s=96&d=mm&r=g","caption":"maranhaotv"},"sameAs":["https:\/\/maranhaotv.com.br\/"],"url":"https:\/\/maranhaotv.com.br\/index.php\/author\/maranhaotv\/"}]}},"jetpack_featured_media_url":"","jetpack_sharing_enabled":true,"_links":{"self":[{"href":"https:\/\/maranhaotv.com.br\/index.php\/wp-json\/wp\/v2\/posts\/17436","targetHints":{"allow":["GET"]}}],"collection":[{"href":"https:\/\/maranhaotv.com.br\/index.php\/wp-json\/wp\/v2\/posts"}],"about":[{"href":"https:\/\/maranhaotv.com.br\/index.php\/wp-json\/wp\/v2\/types\/post"}],"author":[{"embeddable":true,"href":"https:\/\/maranhaotv.com.br\/index.php\/wp-json\/wp\/v2\/users\/2"}],"replies":[{"embeddable":true,"href":"https:\/\/maranhaotv.com.br\/index.php\/wp-json\/wp\/v2\/comments?post=17436"}],"version-history":[{"count":0,"href":"https:\/\/maranhaotv.com.br\/index.php\/wp-json\/wp\/v2\/posts\/17436\/revisions"}],"wp:featuredmedia":[{"embeddable":true,"href":"https:\/\/maranhaotv.com.br\/index.php\/wp-json\/"}],"wp:attachment":[{"href":"https:\/\/maranhaotv.com.br\/index.php\/wp-json\/wp\/v2\/media?parent=17436"}],"wp:term":[{"taxonomy":"category","embeddable":true,"href":"https:\/\/maranhaotv.com.br\/index.php\/wp-json\/wp\/v2\/categories?post=17436"},{"taxonomy":"post_tag","embeddable":true,"href":"https:\/\/maranhaotv.com.br\/index.php\/wp-json\/wp\/v2\/tags?post=17436"}],"curies":[{"name":"wp","href":"https:\/\/api.w.org\/{rel}","templated":true}]}}