{"id":17455,"date":"2020-12-04T11:53:11","date_gmt":"2020-12-04T14:53:11","guid":{"rendered":"https:\/\/maranhaotv.com.br\/?p=17455"},"modified":"2020-12-04T11:53:11","modified_gmt":"2020-12-04T14:53:11","slug":"wellington-do-curso-volta-as-ruas-para-agradecer-votos-da-populacao-a-candidatos-que-apoiou-em-sao-luis","status":"publish","type":"post","link":"https:\/\/maranhaotv.com.br\/index.php\/2020\/12\/04\/wellington-do-curso-volta-as-ruas-para-agradecer-votos-da-populacao-a-candidatos-que-apoiou-em-sao-luis\/","title":{"rendered":"Wellington do Curso volta \u00e0s ruas para agradecer votos da popula\u00e7\u00e3o a candidatos que apoiou em S\u00e3o Lu\u00eds"},"content":{"rendered":"<p>Com muita simplicidade, o deputado estadual Wellington do Curso voltou a percorrer as ruas, bairros, e feiras em S\u00e3o Lu\u00eds, desde o in\u00edcio da semana, logo ap\u00f3s o 2\u00ba turno, para agradecer aos votos da popula\u00e7\u00e3o nos candidatos por ele apoiados, especificamente, Eduardo Braide, na capital. Durante a campanha, Wellington esteve nas ruas mostrando propostas de governo e convencendo as pessoas a escolherem o melhor para S\u00e3o Lu\u00eds.<\/p>\n<p>Ao ser questionado sobre o motivo pelo qual retornou \u00e0s ruas, mesmo ap\u00f3s as elei\u00e7\u00f5es, Wellington disse ser o m\u00ednimo que se pode fazer para agradecer a confian\u00e7a e o carinho que sempre recebeu por parte da popula\u00e7\u00e3o.<\/p>\n<blockquote><p>\u201cEstive inicialmente nas ruas para ouvir a popula\u00e7\u00e3o, como pr\u00e9-candidato a prefeito. Como fui impedido de ser candidato, voltei novamente para pedir votos no 1\u00ba e 2\u00ba turno e, agora, retorno para agradecer por eles. Embora n\u00e3o fosse candidato, passei por cima das diferen\u00e7as e busquei o melhor para S\u00e3o Lu\u00eds. Agrade\u00e7o a popula\u00e7\u00e3o pela confian\u00e7a em me apoiar nas decis\u00f5es que tomei. Cada palavra de incentivo que ouvi por parte das pessoas segue guardada em meu cora\u00e7\u00e3o. \u00c9 exatamente por isso que fiz quest\u00e3o de estar nas ruas e agradecer pessoalmente pelo carinho. S\u00e3o Lu\u00eds, seguimos juntos\u201d, disse Wellington do Curso.<\/p><\/blockquote>\n<p><img loading=\"lazy\" decoding=\"async\" src=\"https:\/\/maranhaotv.com.br\/wp-content\/uploads\/2020\/12\/img-20201204-wa00765123366547399618662.jpg\" class=\"failed wp-image-17454 alignnone size-full\" width=\"922\" height=\"885\"><\/p>\n","protected":false},"excerpt":{"rendered":"<p>Com muita simplicidade, o deputado estadual Wellington do Curso voltou a percorrer as ruas, bairros, e feiras em S\u00e3o Lu\u00eds,<\/p>\n","protected":false},"author":2,"featured_media":17456,"comment_status":"open","ping_status":"open","sticky":false,"template":"","format":"standard","meta":{"colormag_page_container_layout":"default_layout","colormag_page_sidebar_layout":"default_layout","_jetpack_memberships_contains_paid_content":false,"footnotes":""},"categories":[2],"tags":[22],"class_list":["post-17455","post","type-post","status-publish","format-standard","has-post-thumbnail","hentry","category-noticias","tag-wellington-do-curso"],"magazineBlocksPostFeaturedMedia":{"thumbnail":false,"medium":false,"medium_large":false,"large":false,"1536x1536":false,"2048x2048":false,"colormag-highlighted-post":false,"colormag-featured-post-medium":false,"colormag-featured-post-small":false,"colormag-featured-image":false,"colormag-default-news":false,"colormag-featured-image-large":false},"magazineBlocksPostAuthor":{"name":"maranhaotv","avatar":"https:\/\/secure.gravatar.com\/avatar\/8fadbca458d4cb68b1dd399ae9a40618d747bb1af65ac9fad21c89220a143eb4?s=96&d=mm&r=g"},"magazineBlocksPostCommentsNumber":"0","magazineBlocksPostExcerpt":"Com muita simplicidade, o deputado estadual Wellington do Curso voltou a percorrer as ruas, bairros, e feiras em S\u00e3o Lu\u00eds,","magazineBlocksPostCategories":["not\u00edcias"],"magazineBlocksPostViewCount":381,"magazineBlocksPostReadTime":2,"magazine_blocks_featured_image_url":{"full":false,"medium":false,"thumbnail":false},"magazine_blocks_author":{"display_name":"maranhaotv","author_link":"https:\/\/maranhaotv.com.br\/index.php\/author\/maranhaotv\/"},"magazine_blocks_comment":0,"magazine_blocks_author_image":"https:\/\/secure.gravatar.com\/avatar\/8fadbca458d4cb68b1dd399ae9a40618d747bb1af65ac9fad21c89220a143eb4?s=96&d=mm&r=g","magazine_blocks_category":"<a href=\"#\" class=\"category-link category-link-2\">not\u00edcias<\/a>","yoast_head":"<!-- This site is optimized with the Yoast SEO plugin v27.4 - https:\/\/yoast.com\/product\/yoast-seo-wordpress\/ -->\n<title>Wellington do Curso volta \u00e0s ruas para agradecer votos da popula\u00e7\u00e3o a candidatos que apoiou em S\u00e3o Lu\u00eds - NOT\u00cdCIAS EM TEMPO REAL<\/title>\n<meta name=\"robots\" content=\"index, follow, max-snippet:-1, max-image-preview:large, max-video-preview:-1\" \/>\n<link rel=\"canonical\" href=\"https:\/\/maranhaotv.com.br\/index.php\/2020\/12\/04\/wellington-do-curso-volta-as-ruas-para-agradecer-votos-da-populacao-a-candidatos-que-apoiou-em-sao-luis\/\" \/>\n<meta property=\"og:locale\" content=\"pt_BR\" \/>\n<meta property=\"og:type\" content=\"article\" \/>\n<meta property=\"og:title\" content=\"Wellington do Curso volta \u00e0s ruas para agradecer votos da popula\u00e7\u00e3o a candidatos que apoiou em S\u00e3o Lu\u00eds - NOT\u00cdCIAS EM TEMPO REAL\" \/>\n<meta property=\"og:description\" content=\"Com muita simplicidade, o deputado estadual Wellington do Curso voltou a percorrer as ruas, bairros, e feiras em S\u00e3o Lu\u00eds,\" \/>\n<meta property=\"og:url\" content=\"https:\/\/maranhaotv.com.br\/index.php\/2020\/12\/04\/wellington-do-curso-volta-as-ruas-para-agradecer-votos-da-populacao-a-candidatos-que-apoiou-em-sao-luis\/\" \/>\n<meta property=\"og:site_name\" content=\"NOT\u00cdCIAS EM TEMPO REAL\" \/>\n<meta property=\"article:publisher\" content=\"https:\/\/www.facebook.com\/maiobaotv\" \/>\n<meta property=\"article:published_time\" content=\"2020-12-04T14:53:11+00:00\" \/>\n<meta name=\"author\" content=\"maranhaotv\" \/>\n<meta name=\"twitter:card\" content=\"summary_large_image\" \/>\n<meta name=\"twitter:creator\" content=\"@sitemaranhaotv\" \/>\n<meta name=\"twitter:site\" content=\"@sitemaranhaotv\" \/>\n<meta name=\"twitter:label1\" content=\"Escrito por\" \/>\n\t<meta name=\"twitter:data1\" content=\"maranhaotv\" \/>\n\t<meta name=\"twitter:label2\" content=\"Est. tempo de leitura\" \/>\n\t<meta name=\"twitter:data2\" content=\"1 minuto\" \/>\n<script type=\"application\/ld+json\" class=\"yoast-schema-graph\">{\"@context\":\"https:\\\/\\\/schema.org\",\"@graph\":[{\"@type\":\"Article\",\"@id\":\"https:\\\/\\\/maranhaotv.com.br\\\/index.php\\\/2020\\\/12\\\/04\\\/wellington-do-curso-volta-as-ruas-para-agradecer-votos-da-populacao-a-candidatos-que-apoiou-em-sao-luis\\\/#article\",\"isPartOf\":{\"@id\":\"https:\\\/\\\/maranhaotv.com.br\\\/index.php\\\/2020\\\/12\\\/04\\\/wellington-do-curso-volta-as-ruas-para-agradecer-votos-da-populacao-a-candidatos-que-apoiou-em-sao-luis\\\/\"},\"author\":{\"name\":\"maranhaotv\",\"@id\":\"https:\\\/\\\/maranhaotv.com.br\\\/#\\\/schema\\\/person\\\/3d54238e86b20bb5c89ab2fdb8f8829a\"},\"headline\":\"Wellington do Curso volta \u00e0s ruas para agradecer votos da popula\u00e7\u00e3o a candidatos que apoiou em S\u00e3o Lu\u00eds\",\"datePublished\":\"2020-12-04T14:53:11+00:00\",\"mainEntityOfPage\":{\"@id\":\"https:\\\/\\\/maranhaotv.com.br\\\/index.php\\\/2020\\\/12\\\/04\\\/wellington-do-curso-volta-as-ruas-para-agradecer-votos-da-populacao-a-candidatos-que-apoiou-em-sao-luis\\\/\"},\"wordCount\":251,\"commentCount\":0,\"publisher\":{\"@id\":\"https:\\\/\\\/maranhaotv.com.br\\\/#organization\"},\"image\":{\"@id\":\"https:\\\/\\\/maranhaotv.com.br\\\/index.php\\\/2020\\\/12\\\/04\\\/wellington-do-curso-volta-as-ruas-para-agradecer-votos-da-populacao-a-candidatos-que-apoiou-em-sao-luis\\\/#primaryimage\"},\"thumbnailUrl\":\"\",\"keywords\":[\"Wellington do Curso\"],\"articleSection\":[\"not\u00edcias\"],\"inLanguage\":\"pt-BR\",\"potentialAction\":[{\"@type\":\"CommentAction\",\"name\":\"Comment\",\"target\":[\"https:\\\/\\\/maranhaotv.com.br\\\/index.php\\\/2020\\\/12\\\/04\\\/wellington-do-curso-volta-as-ruas-para-agradecer-votos-da-populacao-a-candidatos-que-apoiou-em-sao-luis\\\/#respond\"]}]},{\"@type\":\"WebPage\",\"@id\":\"https:\\\/\\\/maranhaotv.com.br\\\/index.php\\\/2020\\\/12\\\/04\\\/wellington-do-curso-volta-as-ruas-para-agradecer-votos-da-populacao-a-candidatos-que-apoiou-em-sao-luis\\\/\",\"url\":\"https:\\\/\\\/maranhaotv.com.br\\\/index.php\\\/2020\\\/12\\\/04\\\/wellington-do-curso-volta-as-ruas-para-agradecer-votos-da-populacao-a-candidatos-que-apoiou-em-sao-luis\\\/\",\"name\":\"Wellington do Curso volta \u00e0s ruas para agradecer votos da popula\u00e7\u00e3o a candidatos que apoiou em S\u00e3o Lu\u00eds - NOT\u00cdCIAS EM TEMPO REAL\",\"isPartOf\":{\"@id\":\"https:\\\/\\\/maranhaotv.com.br\\\/#website\"},\"primaryImageOfPage\":{\"@id\":\"https:\\\/\\\/maranhaotv.com.br\\\/index.php\\\/2020\\\/12\\\/04\\\/wellington-do-curso-volta-as-ruas-para-agradecer-votos-da-populacao-a-candidatos-que-apoiou-em-sao-luis\\\/#primaryimage\"},\"image\":{\"@id\":\"https:\\\/\\\/maranhaotv.com.br\\\/index.php\\\/2020\\\/12\\\/04\\\/wellington-do-curso-volta-as-ruas-para-agradecer-votos-da-populacao-a-candidatos-que-apoiou-em-sao-luis\\\/#primaryimage\"},\"thumbnailUrl\":\"\",\"datePublished\":\"2020-12-04T14:53:11+00:00\",\"breadcrumb\":{\"@id\":\"https:\\\/\\\/maranhaotv.com.br\\\/index.php\\\/2020\\\/12\\\/04\\\/wellington-do-curso-volta-as-ruas-para-agradecer-votos-da-populacao-a-candidatos-que-apoiou-em-sao-luis\\\/#breadcrumb\"},\"inLanguage\":\"pt-BR\",\"potentialAction\":[{\"@type\":\"ReadAction\",\"target\":[\"https:\\\/\\\/maranhaotv.com.br\\\/index.php\\\/2020\\\/12\\\/04\\\/wellington-do-curso-volta-as-ruas-para-agradecer-votos-da-populacao-a-candidatos-que-apoiou-em-sao-luis\\\/\"]}]},{\"@type\":\"ImageObject\",\"inLanguage\":\"pt-BR\",\"@id\":\"https:\\\/\\\/maranhaotv.com.br\\\/index.php\\\/2020\\\/12\\\/04\\\/wellington-do-curso-volta-as-ruas-para-agradecer-votos-da-populacao-a-candidatos-que-apoiou-em-sao-luis\\\/#primaryimage\",\"url\":\"\",\"contentUrl\":\"\"},{\"@type\":\"BreadcrumbList\",\"@id\":\"https:\\\/\\\/maranhaotv.com.br\\\/index.php\\\/2020\\\/12\\\/04\\\/wellington-do-curso-volta-as-ruas-para-agradecer-votos-da-populacao-a-candidatos-que-apoiou-em-sao-luis\\\/#breadcrumb\",\"itemListElement\":[{\"@type\":\"ListItem\",\"position\":1,\"name\":\"In\u00edcio\",\"item\":\"https:\\\/\\\/maranhaotv.com.br\\\/\"},{\"@type\":\"ListItem\",\"position\":2,\"name\":\"Wellington do Curso volta \u00e0s ruas para agradecer votos da popula\u00e7\u00e3o a candidatos que apoiou em S\u00e3o Lu\u00eds\"}]},{\"@type\":\"WebSite\",\"@id\":\"https:\\\/\\\/maranhaotv.com.br\\\/#website\",\"url\":\"https:\\\/\\\/maranhaotv.com.br\\\/\",\"name\":\"Maranh\u00e3oTV\",\"description\":\"\",\"publisher\":{\"@id\":\"https:\\\/\\\/maranhaotv.com.br\\\/#organization\"},\"potentialAction\":[{\"@type\":\"SearchAction\",\"target\":{\"@type\":\"EntryPoint\",\"urlTemplate\":\"https:\\\/\\\/maranhaotv.com.br\\\/?s={search_term_string}\"},\"query-input\":{\"@type\":\"PropertyValueSpecification\",\"valueRequired\":true,\"valueName\":\"search_term_string\"}}],\"inLanguage\":\"pt-BR\"},{\"@type\":\"Organization\",\"@id\":\"https:\\\/\\\/maranhaotv.com.br\\\/#organization\",\"name\":\"Portal de Not\u00edcias\",\"url\":\"https:\\\/\\\/maranhaotv.com.br\\\/\",\"logo\":{\"@type\":\"ImageObject\",\"inLanguage\":\"pt-BR\",\"@id\":\"https:\\\/\\\/maranhaotv.com.br\\\/#\\\/schema\\\/logo\\\/image\\\/\",\"url\":\"https:\\\/\\\/maranhaotv.com.br\\\/wp-content\\\/uploads\\\/2024\\\/05\\\/cropped-cropped-avatar-1.png\",\"contentUrl\":\"https:\\\/\\\/maranhaotv.com.br\\\/wp-content\\\/uploads\\\/2024\\\/05\\\/cropped-cropped-avatar-1.png\",\"width\":792,\"height\":428,\"caption\":\"Portal de Not\u00edcias\"},\"image\":{\"@id\":\"https:\\\/\\\/maranhaotv.com.br\\\/#\\\/schema\\\/logo\\\/image\\\/\"},\"sameAs\":[\"https:\\\/\\\/www.facebook.com\\\/maiobaotv\",\"https:\\\/\\\/x.com\\\/sitemaranhaotv\",\"https:\\\/\\\/www.instagram.com\\\/maranhao.tv\",\"https:\\\/\\\/www.threads.net\\\/@maranhao.tv\"]},{\"@type\":\"Person\",\"@id\":\"https:\\\/\\\/maranhaotv.com.br\\\/#\\\/schema\\\/person\\\/3d54238e86b20bb5c89ab2fdb8f8829a\",\"name\":\"maranhaotv\",\"image\":{\"@type\":\"ImageObject\",\"inLanguage\":\"pt-BR\",\"@id\":\"https:\\\/\\\/secure.gravatar.com\\\/avatar\\\/8fadbca458d4cb68b1dd399ae9a40618d747bb1af65ac9fad21c89220a143eb4?s=96&d=mm&r=g\",\"url\":\"https:\\\/\\\/secure.gravatar.com\\\/avatar\\\/8fadbca458d4cb68b1dd399ae9a40618d747bb1af65ac9fad21c89220a143eb4?s=96&d=mm&r=g\",\"contentUrl\":\"https:\\\/\\\/secure.gravatar.com\\\/avatar\\\/8fadbca458d4cb68b1dd399ae9a40618d747bb1af65ac9fad21c89220a143eb4?s=96&d=mm&r=g\",\"caption\":\"maranhaotv\"},\"sameAs\":[\"https:\\\/\\\/maranhaotv.com.br\\\/\"],\"url\":\"https:\\\/\\\/maranhaotv.com.br\\\/index.php\\\/author\\\/maranhaotv\\\/\"}]}<\/script>\n<!-- \/ Yoast SEO plugin. -->","yoast_head_json":{"title":"Wellington do Curso volta \u00e0s ruas para agradecer votos da popula\u00e7\u00e3o a candidatos que apoiou em S\u00e3o Lu\u00eds - NOT\u00cdCIAS EM TEMPO REAL","robots":{"index":"index","follow":"follow","max-snippet":"max-snippet:-1","max-image-preview":"max-image-preview:large","max-video-preview":"max-video-preview:-1"},"canonical":"https:\/\/maranhaotv.com.br\/index.php\/2020\/12\/04\/wellington-do-curso-volta-as-ruas-para-agradecer-votos-da-populacao-a-candidatos-que-apoiou-em-sao-luis\/","og_locale":"pt_BR","og_type":"article","og_title":"Wellington do Curso volta \u00e0s ruas para agradecer votos da popula\u00e7\u00e3o a candidatos que apoiou em S\u00e3o Lu\u00eds - NOT\u00cdCIAS EM TEMPO REAL","og_description":"Com muita simplicidade, o deputado estadual Wellington do Curso voltou a percorrer as ruas, bairros, e feiras em S\u00e3o Lu\u00eds,","og_url":"https:\/\/maranhaotv.com.br\/index.php\/2020\/12\/04\/wellington-do-curso-volta-as-ruas-para-agradecer-votos-da-populacao-a-candidatos-que-apoiou-em-sao-luis\/","og_site_name":"NOT\u00cdCIAS EM TEMPO REAL","article_publisher":"https:\/\/www.facebook.com\/maiobaotv","article_published_time":"2020-12-04T14:53:11+00:00","author":"maranhaotv","twitter_card":"summary_large_image","twitter_creator":"@sitemaranhaotv","twitter_site":"@sitemaranhaotv","twitter_misc":{"Escrito por":"maranhaotv","Est. tempo de leitura":"1 minuto"},"schema":{"@context":"https:\/\/schema.org","@graph":[{"@type":"Article","@id":"https:\/\/maranhaotv.com.br\/index.php\/2020\/12\/04\/wellington-do-curso-volta-as-ruas-para-agradecer-votos-da-populacao-a-candidatos-que-apoiou-em-sao-luis\/#article","isPartOf":{"@id":"https:\/\/maranhaotv.com.br\/index.php\/2020\/12\/04\/wellington-do-curso-volta-as-ruas-para-agradecer-votos-da-populacao-a-candidatos-que-apoiou-em-sao-luis\/"},"author":{"name":"maranhaotv","@id":"https:\/\/maranhaotv.com.br\/#\/schema\/person\/3d54238e86b20bb5c89ab2fdb8f8829a"},"headline":"Wellington do Curso volta \u00e0s ruas para agradecer votos da popula\u00e7\u00e3o a candidatos que apoiou em S\u00e3o Lu\u00eds","datePublished":"2020-12-04T14:53:11+00:00","mainEntityOfPage":{"@id":"https:\/\/maranhaotv.com.br\/index.php\/2020\/12\/04\/wellington-do-curso-volta-as-ruas-para-agradecer-votos-da-populacao-a-candidatos-que-apoiou-em-sao-luis\/"},"wordCount":251,"commentCount":0,"publisher":{"@id":"https:\/\/maranhaotv.com.br\/#organization"},"image":{"@id":"https:\/\/maranhaotv.com.br\/index.php\/2020\/12\/04\/wellington-do-curso-volta-as-ruas-para-agradecer-votos-da-populacao-a-candidatos-que-apoiou-em-sao-luis\/#primaryimage"},"thumbnailUrl":"","keywords":["Wellington do Curso"],"articleSection":["not\u00edcias"],"inLanguage":"pt-BR","potentialAction":[{"@type":"CommentAction","name":"Comment","target":["https:\/\/maranhaotv.com.br\/index.php\/2020\/12\/04\/wellington-do-curso-volta-as-ruas-para-agradecer-votos-da-populacao-a-candidatos-que-apoiou-em-sao-luis\/#respond"]}]},{"@type":"WebPage","@id":"https:\/\/maranhaotv.com.br\/index.php\/2020\/12\/04\/wellington-do-curso-volta-as-ruas-para-agradecer-votos-da-populacao-a-candidatos-que-apoiou-em-sao-luis\/","url":"https:\/\/maranhaotv.com.br\/index.php\/2020\/12\/04\/wellington-do-curso-volta-as-ruas-para-agradecer-votos-da-populacao-a-candidatos-que-apoiou-em-sao-luis\/","name":"Wellington do Curso volta \u00e0s ruas para agradecer votos da popula\u00e7\u00e3o a candidatos que apoiou em S\u00e3o Lu\u00eds - NOT\u00cdCIAS EM TEMPO REAL","isPartOf":{"@id":"https:\/\/maranhaotv.com.br\/#website"},"primaryImageOfPage":{"@id":"https:\/\/maranhaotv.com.br\/index.php\/2020\/12\/04\/wellington-do-curso-volta-as-ruas-para-agradecer-votos-da-populacao-a-candidatos-que-apoiou-em-sao-luis\/#primaryimage"},"image":{"@id":"https:\/\/maranhaotv.com.br\/index.php\/2020\/12\/04\/wellington-do-curso-volta-as-ruas-para-agradecer-votos-da-populacao-a-candidatos-que-apoiou-em-sao-luis\/#primaryimage"},"thumbnailUrl":"","datePublished":"2020-12-04T14:53:11+00:00","breadcrumb":{"@id":"https:\/\/maranhaotv.com.br\/index.php\/2020\/12\/04\/wellington-do-curso-volta-as-ruas-para-agradecer-votos-da-populacao-a-candidatos-que-apoiou-em-sao-luis\/#breadcrumb"},"inLanguage":"pt-BR","potentialAction":[{"@type":"ReadAction","target":["https:\/\/maranhaotv.com.br\/index.php\/2020\/12\/04\/wellington-do-curso-volta-as-ruas-para-agradecer-votos-da-populacao-a-candidatos-que-apoiou-em-sao-luis\/"]}]},{"@type":"ImageObject","inLanguage":"pt-BR","@id":"https:\/\/maranhaotv.com.br\/index.php\/2020\/12\/04\/wellington-do-curso-volta-as-ruas-para-agradecer-votos-da-populacao-a-candidatos-que-apoiou-em-sao-luis\/#primaryimage","url":"","contentUrl":""},{"@type":"BreadcrumbList","@id":"https:\/\/maranhaotv.com.br\/index.php\/2020\/12\/04\/wellington-do-curso-volta-as-ruas-para-agradecer-votos-da-populacao-a-candidatos-que-apoiou-em-sao-luis\/#breadcrumb","itemListElement":[{"@type":"ListItem","position":1,"name":"In\u00edcio","item":"https:\/\/maranhaotv.com.br\/"},{"@type":"ListItem","position":2,"name":"Wellington do Curso volta \u00e0s ruas para agradecer votos da popula\u00e7\u00e3o a candidatos que apoiou em S\u00e3o Lu\u00eds"}]},{"@type":"WebSite","@id":"https:\/\/maranhaotv.com.br\/#website","url":"https:\/\/maranhaotv.com.br\/","name":"Maranh\u00e3oTV","description":"","publisher":{"@id":"https:\/\/maranhaotv.com.br\/#organization"},"potentialAction":[{"@type":"SearchAction","target":{"@type":"EntryPoint","urlTemplate":"https:\/\/maranhaotv.com.br\/?s={search_term_string}"},"query-input":{"@type":"PropertyValueSpecification","valueRequired":true,"valueName":"search_term_string"}}],"inLanguage":"pt-BR"},{"@type":"Organization","@id":"https:\/\/maranhaotv.com.br\/#organization","name":"Portal de Not\u00edcias","url":"https:\/\/maranhaotv.com.br\/","logo":{"@type":"ImageObject","inLanguage":"pt-BR","@id":"https:\/\/maranhaotv.com.br\/#\/schema\/logo\/image\/","url":"https:\/\/maranhaotv.com.br\/wp-content\/uploads\/2024\/05\/cropped-cropped-avatar-1.png","contentUrl":"https:\/\/maranhaotv.com.br\/wp-content\/uploads\/2024\/05\/cropped-cropped-avatar-1.png","width":792,"height":428,"caption":"Portal de Not\u00edcias"},"image":{"@id":"https:\/\/maranhaotv.com.br\/#\/schema\/logo\/image\/"},"sameAs":["https:\/\/www.facebook.com\/maiobaotv","https:\/\/x.com\/sitemaranhaotv","https:\/\/www.instagram.com\/maranhao.tv","https:\/\/www.threads.net\/@maranhao.tv"]},{"@type":"Person","@id":"https:\/\/maranhaotv.com.br\/#\/schema\/person\/3d54238e86b20bb5c89ab2fdb8f8829a","name":"maranhaotv","image":{"@type":"ImageObject","inLanguage":"pt-BR","@id":"https:\/\/secure.gravatar.com\/avatar\/8fadbca458d4cb68b1dd399ae9a40618d747bb1af65ac9fad21c89220a143eb4?s=96&d=mm&r=g","url":"https:\/\/secure.gravatar.com\/avatar\/8fadbca458d4cb68b1dd399ae9a40618d747bb1af65ac9fad21c89220a143eb4?s=96&d=mm&r=g","contentUrl":"https:\/\/secure.gravatar.com\/avatar\/8fadbca458d4cb68b1dd399ae9a40618d747bb1af65ac9fad21c89220a143eb4?s=96&d=mm&r=g","caption":"maranhaotv"},"sameAs":["https:\/\/maranhaotv.com.br\/"],"url":"https:\/\/maranhaotv.com.br\/index.php\/author\/maranhaotv\/"}]}},"jetpack_featured_media_url":"","jetpack_sharing_enabled":true,"_links":{"self":[{"href":"https:\/\/maranhaotv.com.br\/index.php\/wp-json\/wp\/v2\/posts\/17455","targetHints":{"allow":["GET"]}}],"collection":[{"href":"https:\/\/maranhaotv.com.br\/index.php\/wp-json\/wp\/v2\/posts"}],"about":[{"href":"https:\/\/maranhaotv.com.br\/index.php\/wp-json\/wp\/v2\/types\/post"}],"author":[{"embeddable":true,"href":"https:\/\/maranhaotv.com.br\/index.php\/wp-json\/wp\/v2\/users\/2"}],"replies":[{"embeddable":true,"href":"https:\/\/maranhaotv.com.br\/index.php\/wp-json\/wp\/v2\/comments?post=17455"}],"version-history":[{"count":0,"href":"https:\/\/maranhaotv.com.br\/index.php\/wp-json\/wp\/v2\/posts\/17455\/revisions"}],"wp:featuredmedia":[{"embeddable":true,"href":"https:\/\/maranhaotv.com.br\/index.php\/wp-json\/"}],"wp:attachment":[{"href":"https:\/\/maranhaotv.com.br\/index.php\/wp-json\/wp\/v2\/media?parent=17455"}],"wp:term":[{"taxonomy":"category","embeddable":true,"href":"https:\/\/maranhaotv.com.br\/index.php\/wp-json\/wp\/v2\/categories?post=17455"},{"taxonomy":"post_tag","embeddable":true,"href":"https:\/\/maranhaotv.com.br\/index.php\/wp-json\/wp\/v2\/tags?post=17455"}],"curies":[{"name":"wp","href":"https:\/\/api.w.org\/{rel}","templated":true}]}}