{"id":17506,"date":"2020-12-06T11:01:28","date_gmt":"2020-12-06T14:01:28","guid":{"rendered":"https:\/\/maranhaotv.com.br\/?p=17506"},"modified":"2020-12-06T11:01:28","modified_gmt":"2020-12-06T14:01:28","slug":"marieta-severo-e-internada-com-covid-e-quadro-de-pneumonia","status":"publish","type":"post","link":"https:\/\/maranhaotv.com.br\/index.php\/2020\/12\/06\/marieta-severo-e-internada-com-covid-e-quadro-de-pneumonia\/","title":{"rendered":"Marieta Severo \u00e9 internada com covid e quadro de pneumonia"},"content":{"rendered":"<p>Marieta Severo, de 74 anos,  foi internada no Hospital Copa Star, em Copacabana, no Rio de Janeiro, ap\u00f3s ser diagnosticada com o novo coronav\u00edrus. A atriz deu entrada no hospital na sexta-feira (4), para fazer alguns exames relacionados \u00e0 doen\u00e7a, quando foi constatado um quadro de pneumonia. <\/p>\n<p>De acordo com a assessoria da atriz, o quadro \u00e9 bem leve, mas por precau\u00e7\u00e3o e pela idade decidiu-se pela interna\u00e7\u00e3o.<\/p>\n<p>Ela est\u00e1 com \u201cuma pneumonia bem leve, mas por precau\u00e7\u00e3o e seguran\u00e7a, devido \u00e0 idade, \u00e9 mais seguro ficar no hospital\u201d. Aos 74 anos, ela faz parte do grupo que tem maior risco de desenvolver um quadro mais grave da covid-19, informa a assessoria de imprensa da artista.<\/p>\n","protected":false},"excerpt":{"rendered":"<p>Marieta Severo, de 74 anos, foi internada no Hospital Copa Star, em Copacabana, no Rio de Janeiro, ap\u00f3s ser diagnosticada<\/p>\n","protected":false},"author":2,"featured_media":17507,"comment_status":"open","ping_status":"open","sticky":false,"template":"","format":"standard","meta":{"colormag_page_container_layout":"default_layout","colormag_page_sidebar_layout":"default_layout","_jetpack_memberships_contains_paid_content":false,"footnotes":""},"categories":[2,54],"tags":[146,286],"class_list":["post-17506","post","type-post","status-publish","format-standard","has-post-thumbnail","hentry","category-noticias","category-saude","tag-covid-19","tag-marieta-severo"],"magazineBlocksPostFeaturedMedia":{"thumbnail":false,"medium":false,"medium_large":false,"large":false,"1536x1536":false,"2048x2048":false,"colormag-highlighted-post":false,"colormag-featured-post-medium":false,"colormag-featured-post-small":false,"colormag-featured-image":false,"colormag-default-news":false,"colormag-featured-image-large":false},"magazineBlocksPostAuthor":{"name":"maranhaotv","avatar":"https:\/\/secure.gravatar.com\/avatar\/8fadbca458d4cb68b1dd399ae9a40618d747bb1af65ac9fad21c89220a143eb4?s=96&d=mm&r=g"},"magazineBlocksPostCommentsNumber":"0","magazineBlocksPostExcerpt":"Marieta Severo, de 74 anos, foi internada no Hospital Copa Star, em Copacabana, no Rio de Janeiro, ap\u00f3s ser diagnosticada","magazineBlocksPostCategories":["not\u00edcias","sa\u00fade"],"magazineBlocksPostViewCount":237,"magazineBlocksPostReadTime":1,"magazine_blocks_featured_image_url":{"full":false,"medium":false,"thumbnail":false},"magazine_blocks_author":{"display_name":"maranhaotv","author_link":"https:\/\/maranhaotv.com.br\/index.php\/author\/maranhaotv\/"},"magazine_blocks_comment":0,"magazine_blocks_author_image":"https:\/\/secure.gravatar.com\/avatar\/8fadbca458d4cb68b1dd399ae9a40618d747bb1af65ac9fad21c89220a143eb4?s=96&d=mm&r=g","magazine_blocks_category":"<a href=\"#\" class=\"category-link category-link-2\">not\u00edcias<\/a> <a href=\"#\" class=\"category-link category-link-54\">sa\u00fade<\/a>","jetpack_featured_media_url":"","jetpack_sharing_enabled":true,"_links":{"self":[{"href":"https:\/\/maranhaotv.com.br\/index.php\/wp-json\/wp\/v2\/posts\/17506","targetHints":{"allow":["GET"]}}],"collection":[{"href":"https:\/\/maranhaotv.com.br\/index.php\/wp-json\/wp\/v2\/posts"}],"about":[{"href":"https:\/\/maranhaotv.com.br\/index.php\/wp-json\/wp\/v2\/types\/post"}],"author":[{"embeddable":true,"href":"https:\/\/maranhaotv.com.br\/index.php\/wp-json\/wp\/v2\/users\/2"}],"replies":[{"embeddable":true,"href":"https:\/\/maranhaotv.com.br\/index.php\/wp-json\/wp\/v2\/comments?post=17506"}],"version-history":[{"count":0,"href":"https:\/\/maranhaotv.com.br\/index.php\/wp-json\/wp\/v2\/posts\/17506\/revisions"}],"wp:featuredmedia":[{"embeddable":true,"href":"https:\/\/maranhaotv.com.br\/index.php\/wp-json\/"}],"wp:attachment":[{"href":"https:\/\/maranhaotv.com.br\/index.php\/wp-json\/wp\/v2\/media?parent=17506"}],"wp:term":[{"taxonomy":"category","embeddable":true,"href":"https:\/\/maranhaotv.com.br\/index.php\/wp-json\/wp\/v2\/categories?post=17506"},{"taxonomy":"post_tag","embeddable":true,"href":"https:\/\/maranhaotv.com.br\/index.php\/wp-json\/wp\/v2\/tags?post=17506"}],"curies":[{"name":"wp","href":"https:\/\/api.w.org\/{rel}","templated":true}]}}